{"id":10374,"date":"2023-08-11T11:35:48","date_gmt":"2023-08-11T09:35:48","guid":{"rendered":"https:\/\/www.interreg6a.net\/?p=10374"},"modified":"2023-12-01T13:17:04","modified_gmt":"2023-12-01T12:17:04","slug":"nabor-ekspertow-do-opiniowania-projektow-interreg","status":"publish","type":"post","link":"https:\/\/www.interreg6a.net\/pl\/nabor-ekspertow-do-opiniowania-projektow-interreg\/","title":{"rendered":"Nab\u00f3r ekspert\u00f3w do opiniowania projekt\u00f3w INTERREG"},"content":{"rendered":"<div class=\"fusion-fullwidth fullwidth-box fusion-builder-row-1 fusion-flex-container has-pattern-background has-mask-background nonhundred-percent-fullwidth non-hundred-percent-height-scrolling\" style=\"--awb-border-radius-top-left:0px;--awb-border-radius-top-right:0px;--awb-border-radius-bottom-right:0px;--awb-border-radius-bottom-left:0px;--awb-flex-wrap:wrap;\" ><div class=\"fusion-builder-row fusion-row fusion-flex-align-items-flex-start fusion-flex-content-wrap\" style=\"max-width:1586px;margin-left: calc(-4% \/ 2 );margin-right: calc(-4% \/ 2 );\"><div class=\"fusion-layout-column fusion_builder_column fusion-builder-column-0 fusion_builder_column_1_1 1_1 fusion-flex-column\" style=\"--awb-bg-size:cover;--awb-width-large:100%;--awb-margin-top-large:0px;--awb-spacing-right-large:1.92%;--awb-margin-bottom-large:20px;--awb-spacing-left-large:1.92%;--awb-width-medium:100%;--awb-order-medium:0;--awb-spacing-right-medium:1.92%;--awb-spacing-left-medium:1.92%;--awb-width-small:100%;--awb-order-small:0;--awb-spacing-right-small:1.92%;--awb-spacing-left-small:1.92%;\"><div class=\"fusion-column-wrapper fusion-column-has-shadow fusion-flex-justify-content-flex-start fusion-content-layout-column\"><div class=\"fusion-title title fusion-title-1 fusion-sep-none fusion-title-text fusion-title-size-one\" style=\"--awb-margin-top-small:10px;--awb-margin-right-small:0px;--awb-margin-bottom-small:10px;--awb-margin-left-small:0px;\"><h1 class=\"fusion-title-heading title-heading-left\" style=\"margin:0;\">Nab\u00f3r ekspert\u00f3w do opiniowania projekt\u00f3w INTERREG<\/h1><\/div><div class=\"fusion-text fusion-text-1\"><p>Ministerstwo Gospodarki, Infrastruktury, Turystyki i Pracy pe\u0142ni\u0105ce funkcj\u0119 Instytucji Zarz\u0105dzaj\u0105cej i Wsp\u00f3lnego Sekretariatu Programu Wsp\u00f3\u0142pracy Interreg VI A Meklemburgia-Pomorze Przednie \/ Brandenburgia \/ Polska 2021-2027 poszukuje ekspert\u00f3w do opiniowania wniosk\u00f3w o dofinansowanie, w szczeg\u00f3lno\u015bci w odniesieniu do dzia\u0142a\u0144 realizowanych w Polsce w nast\u0119puj\u0105cych obszarach:<\/p>\n<ol>\n<li>innowacje, zw\u0142aszcza w obszarach dotycz\u0105cych systemu gospodarczego i zdrowia,<br \/>\na tak\u017ce mobilno\u015bci, odnawialnych \u017ar\u00f3de\u0142 energii i efektywno\u015bci energetycznej<\/li>\n<li>\u015brodowisko i zmiana klimatu<\/li>\n<li>transgraniczne zarz\u0105dzanie kryzysowe<\/li>\n<li>r\u00f3\u017cnorodno\u015b\u0107 biologiczna<\/li>\n<li>rozwi\u0105zania cyfrowe, np. w dziedzinie edukacji, turystyki i administracji<\/li>\n<li>prawo budowlane, zasada DNSH.<\/li>\n<\/ol>\n<p>Szczeg\u00f3\u0142owe informacje na temat wymaga\u0144 dotycz\u0105cych procesu sk\u0142adania wniosk\u00f3w i zasad wsp\u00f3\u0142pracy mo\u017cna znale\u017a\u0107 w Regulaminie naboru i wsp\u00f3\u0142pracy z ekspertami przy ocenie wniosk\u00f3w o dofinansowanie w ramach Programu Wsp\u00f3\u0142pracy Interreg VI A Meklemburgia-Pomorze Przednie \/ Brandenburgia \/ Polska 2021-2027.<\/p>\n<p>Osoby zainteresowane pe\u0142nieniem funkcji eksperta w Programie Wsp\u00f3\u0142pracy prosimy<br \/>\no przes\u0142anie wniosku do Wsp\u00f3lnego Sekretariatu na adres <a href=\"mailto:info@interreg6a.net\">info@interreg6a.net<\/a> do dnia <strong>25.08.2023 r.<\/strong><\/p>\n<p>Dokumenty potrzebne do z\u0142o\u017cenia wniosku to:<\/p>\n<ul>\n<li>Regulamin naboru polskich ekspert\u00f3w<\/li>\n<li>Za\u0142\u0105cznik nr 1 \u2013 Wniosek o umieszczenie w wykazie ekspert\u00f3w<\/li>\n<li>Za\u0142\u0105cznik nr 2 \u2013 Lista sprawdzaj\u0105ca &#8211; opinia ekspert\u00f3w bran\u017cowych<\/li>\n<li>Za\u0142\u0105cznik nr 3 \u2013 Formularz weryfikacji eksperta<\/li>\n<\/ul>\n<\/div><div class='w3eden'>\n<!-- WPDM Link Template: Default Template -->\n\n<div class=\"link-template-default card mb-2\">\n    <div class=\"card-body\">\n        <div class=\"media\">\n            <div class=\"media-pic-icon\">\n                <a class='wpdm-download-link download-on-click btn btn-primary ' rel='nofollow' href='#' data-downloadurl=\"https:\/\/www.interreg6a.net\/pl\/download\/ogloszenie-naboru-ekspertow\/?wpdmdl=10375&refresh=69f310624999b1777537122\">Pobierz<\/a>\n            <\/div>\n            <div class=\"media-body\">\n                <h3 class=\"package-title\">Og\u0142oszenie naboru ekspert\u00f3w<\/h3>\n                <div class=\"text-muted text-small\">\n                    <span class=\"wpdm_file_ext\">pdf<\/span> | <span class=\"wpdm_file_size\">209.72 KB<\/span> | <span class=\"wpdm_update_date\">11. sierpnia 2023<\/span> <!-- 11. sierpnia 2023 -->\n                <\/div>\n            <\/div>\n\n        <\/div>\n    <\/div>\n<\/div>\n\n<\/div><div class='w3eden'>\n<!-- WPDM Link Template: Default Template -->\n\n<div class=\"link-template-default card mb-2\">\n    <div class=\"card-body\">\n        <div class=\"media\">\n            <div class=\"media-pic-icon\">\n                <a class='wpdm-download-link download-on-click btn btn-primary ' rel='nofollow' href='#' data-downloadurl=\"https:\/\/www.interreg6a.net\/pl\/download\/regulamin-naboru-i-wspolpracy-z-ekpertami\/?wpdmdl=10379&refresh=69f3106250db31777537122\">Pobierz<\/a>\n            <\/div>\n            <div class=\"media-body\">\n                <h3 class=\"package-title\">Regulamin naboru i wsp\u00f3\u0142pracy z ekpertami<\/h3>\n                <div class=\"text-muted text-small\">\n                    <span class=\"wpdm_file_ext\">pdf<\/span> | <span class=\"wpdm_file_size\">240.91 KB<\/span> | <span class=\"wpdm_update_date\">11. sierpnia 2023<\/span> <!-- 11. sierpnia 2023 -->\n                <\/div>\n            <\/div>\n\n        <\/div>\n    <\/div>\n<\/div>\n\n<\/div><div class='w3eden'>\n<!-- WPDM Link Template: Default Template -->\n\n<div class=\"link-template-default card mb-2\">\n    <div class=\"card-body\">\n        <div class=\"media\">\n            <div class=\"media-pic-icon\">\n                <a class='wpdm-download-link download-on-click btn btn-primary ' rel='nofollow' href='#' data-downloadurl=\"https:\/\/www.interreg6a.net\/pl\/download\/wniosek-o-umieszczenie-w-wykazie-ekspertow\/?wpdmdl=10383&refresh=69f310625604e1777537122\">Pobierz<\/a>\n            <\/div>\n            <div class=\"media-body\">\n                <h3 class=\"package-title\">wniosek o umieszczenie w wykazie ekspert\u00f3w<\/h3>\n                <div class=\"text-muted text-small\">\n                    <span class=\"wpdm_file_ext\">docx<\/span> | <span class=\"wpdm_file_size\">278.90 KB<\/span> | <span class=\"wpdm_update_date\">11. sierpnia 2023<\/span> <!-- 11. sierpnia 2023 -->\n                <\/div>\n            <\/div>\n\n        <\/div>\n    <\/div>\n<\/div>\n\n<\/div><div class='w3eden'>\n<!-- WPDM Link Template: Default Template -->\n\n<div class=\"link-template-default card mb-2\">\n    <div class=\"card-body\">\n        <div class=\"media\">\n            <div class=\"media-pic-icon\">\n                <a class='wpdm-download-link download-on-click btn btn-primary ' rel='nofollow' href='#' data-downloadurl=\"https:\/\/www.interreg6a.net\/pl\/download\/lista-sprawdzajaca-opinia-ekspertow-branzowych\/?wpdmdl=10384&refresh=69f310625b1001777537122\">Pobierz<\/a>\n            <\/div>\n            <div class=\"media-body\">\n                <h3 class=\"package-title\">Lista sprawdzaj\u0105ca opinia ekspert\u00f3w bran\u017cowych<\/h3>\n                <div class=\"text-muted text-small\">\n                    <span class=\"wpdm_file_ext\">docx<\/span> | <span class=\"wpdm_file_size\">39.61 KB<\/span> | <span class=\"wpdm_update_date\">11. sierpnia 2023<\/span> <!-- 11. sierpnia 2023 -->\n                <\/div>\n            <\/div>\n\n        <\/div>\n    <\/div>\n<\/div>\n\n<\/div><div class='w3eden'>\n<!-- WPDM Link Template: Default Template -->\n\n<div class=\"link-template-default card mb-2\">\n    <div class=\"card-body\">\n        <div class=\"media\">\n            <div class=\"media-pic-icon\">\n                <a class='wpdm-download-link download-on-click btn btn-primary ' rel='nofollow' href='#' data-downloadurl=\"https:\/\/www.interreg6a.net\/pl\/download\/formularz-weryfikacji-eksperta\/?wpdmdl=10385&refresh=69f3106260a631777537122\">Pobierz<\/a>\n            <\/div>\n            <div class=\"media-body\">\n                <h3 class=\"package-title\">Formularz weryfikacji eksperta<\/h3>\n                <div class=\"text-muted text-small\">\n                    <span class=\"wpdm_file_ext\">docx<\/span> | <span class=\"wpdm_file_size\">277.56 KB<\/span> | <span class=\"wpdm_update_date\">11. sierpnia 2023<\/span> <!-- 11. sierpnia 2023 -->\n                <\/div>\n            <\/div>\n\n        <\/div>\n    <\/div>\n<\/div>\n\n<\/div><div class=\"fusion-text fusion-text-2\" style=\"--awb-margin-top:30px;\"><p>Wykaz ekspert\u00f3w wy\u0142onionych w naborze:<\/p>\n<\/div><div class='w3eden'>\n<!-- WPDM Link Template: Default Template -->\n\n<div class=\"link-template-default card mb-2\">\n    <div class=\"card-body\">\n        <div class=\"media\">\n            <div class=\"media-pic-icon\">\n                <a class='wpdm-download-link download-on-click btn btn-primary ' rel='nofollow' href='#' data-downloadurl=\"https:\/\/www.interreg6a.net\/pl\/download\/lista-ekspertow\/?wpdmdl=10728&refresh=69f31062673c61777537122\">Pobierz<\/a>\n            <\/div>\n            <div class=\"media-body\">\n                <h3 class=\"package-title\">Lista ekspert\u00f3w<\/h3>\n                <div class=\"text-muted text-small\">\n                    <span class=\"wpdm_file_ext\">pdf<\/span> | <span class=\"wpdm_file_size\">457.87 KB<\/span> | <span class=\"wpdm_update_date\">2. listopada 2023<\/span> <!-- 1. grudnia 2023 -->\n                <\/div>\n            <\/div>\n\n        <\/div>\n    <\/div>\n<\/div>\n\n<\/div><\/div><\/div><\/div><\/div>\n","protected":false},"excerpt":{"rendered":"","protected":false},"author":24,"featured_media":10363,"comment_status":"closed","ping_status":"closed","sticky":false,"template":"","format":"standard","meta":{"_price":"","_stock":"","_tribe_ticket_header":"","_tribe_default_ticket_provider":"","_tribe_ticket_capacity":"0","_ticket_start_date":"","_ticket_end_date":"","_tribe_ticket_show_description":"","_tribe_ticket_show_not_going":false,"_tribe_ticket_use_global_stock":"","_tribe_ticket_global_stock_level":"","_global_stock_mode":"","_global_stock_cap":"","_tribe_rsvp_for_event":"","_tribe_ticket_going_count":"","_tribe_ticket_not_going_count":"","_tribe_tickets_list":"[]","_tribe_ticket_has_attendee_info_fields":false,"footnotes":""},"categories":[20],"tags":[],"class_list":["post-10374","post","type-post","status-publish","format-standard","has-post-thumbnail","hentry","category-aktualnosci"],"yoast_head":"<!-- This site is optimized with the Yoast SEO plugin v27.3 - https:\/\/yoast.com\/product\/yoast-seo-wordpress\/ -->\n<title>Nab\u00f3r ekspert\u00f3w do opiniowania projekt\u00f3w INTERREG - Interreg VI A MV\/BB\/PL<\/title>\n<meta name=\"robots\" content=\"index, follow, max-snippet:-1, max-image-preview:large, max-video-preview:-1\" \/>\n<link rel=\"canonical\" href=\"https:\/\/www.interreg6a.net\/pl\/nabor-ekspertow-do-opiniowania-projektow-interreg\/\" \/>\n<meta property=\"og:locale\" content=\"pl_PL\" \/>\n<meta property=\"og:type\" content=\"article\" \/>\n<meta property=\"og:title\" content=\"Nab\u00f3r ekspert\u00f3w do opiniowania projekt\u00f3w INTERREG - Interreg VI A MV\/BB\/PL\" \/>\n<meta property=\"og:url\" content=\"https:\/\/www.interreg6a.net\/pl\/nabor-ekspertow-do-opiniowania-projektow-interreg\/\" \/>\n<meta property=\"og:site_name\" content=\"Interreg VI A MV\/BB\/PL\" \/>\n<meta property=\"article:published_time\" content=\"2023-08-11T09:35:48+00:00\" \/>\n<meta property=\"article:modified_time\" content=\"2023-12-01T12:17:04+00:00\" \/>\n<meta property=\"og:image\" content=\"https:\/\/www.interreg6a.net\/wp-content\/uploads\/2023\/08\/Experten_Aufruf.jpg\" \/>\n\t<meta property=\"og:image:width\" content=\"1200\" \/>\n\t<meta property=\"og:image:height\" content=\"1199\" \/>\n\t<meta property=\"og:image:type\" content=\"image\/jpeg\" \/>\n<meta name=\"author\" content=\"hanf\" \/>\n<meta name=\"twitter:card\" content=\"summary_large_image\" \/>\n<meta name=\"twitter:label1\" content=\"Napisane przez\" \/>\n\t<meta name=\"twitter:data1\" content=\"hanf\" \/>\n\t<meta name=\"twitter:label2\" content=\"Szacowany czas czytania\" \/>\n\t<meta name=\"twitter:data2\" content=\"4 minuty\" \/>\n<script type=\"application\/ld+json\" class=\"yoast-schema-graph\">{\"@context\":\"https:\\\/\\\/schema.org\",\"@graph\":[{\"@type\":\"Article\",\"@id\":\"https:\\\/\\\/www.interreg6a.net\\\/pl\\\/nabor-ekspertow-do-opiniowania-projektow-interreg\\\/#article\",\"isPartOf\":{\"@id\":\"https:\\\/\\\/www.interreg6a.net\\\/pl\\\/nabor-ekspertow-do-opiniowania-projektow-interreg\\\/\"},\"author\":{\"name\":\"hanf\",\"@id\":\"https:\\\/\\\/www.interreg6a.net\\\/pl\\\/#\\\/schema\\\/person\\\/bf54e97bef8fe206155b3b870f285092\"},\"headline\":\"Nab\u00f3r ekspert\u00f3w do opiniowania projekt\u00f3w INTERREG\",\"datePublished\":\"2023-08-11T09:35:48+00:00\",\"dateModified\":\"2023-12-01T12:17:04+00:00\",\"mainEntityOfPage\":{\"@id\":\"https:\\\/\\\/www.interreg6a.net\\\/pl\\\/nabor-ekspertow-do-opiniowania-projektow-interreg\\\/\"},\"wordCount\":1321,\"image\":{\"@id\":\"https:\\\/\\\/www.interreg6a.net\\\/pl\\\/nabor-ekspertow-do-opiniowania-projektow-interreg\\\/#primaryimage\"},\"thumbnailUrl\":\"https:\\\/\\\/www.interreg6a.net\\\/wp-content\\\/uploads\\\/2023\\\/08\\\/Experten_Aufruf-e1723206032690.jpg\",\"articleSection\":[\"Aktualno\u015bci\"],\"inLanguage\":\"pl-PL\"},{\"@type\":\"WebPage\",\"@id\":\"https:\\\/\\\/www.interreg6a.net\\\/pl\\\/nabor-ekspertow-do-opiniowania-projektow-interreg\\\/\",\"url\":\"https:\\\/\\\/www.interreg6a.net\\\/pl\\\/nabor-ekspertow-do-opiniowania-projektow-interreg\\\/\",\"name\":\"Nab\u00f3r ekspert\u00f3w do opiniowania projekt\u00f3w INTERREG - Interreg VI A MV\\\/BB\\\/PL\",\"isPartOf\":{\"@id\":\"https:\\\/\\\/www.interreg6a.net\\\/pl\\\/#website\"},\"primaryImageOfPage\":{\"@id\":\"https:\\\/\\\/www.interreg6a.net\\\/pl\\\/nabor-ekspertow-do-opiniowania-projektow-interreg\\\/#primaryimage\"},\"image\":{\"@id\":\"https:\\\/\\\/www.interreg6a.net\\\/pl\\\/nabor-ekspertow-do-opiniowania-projektow-interreg\\\/#primaryimage\"},\"thumbnailUrl\":\"https:\\\/\\\/www.interreg6a.net\\\/wp-content\\\/uploads\\\/2023\\\/08\\\/Experten_Aufruf-e1723206032690.jpg\",\"datePublished\":\"2023-08-11T09:35:48+00:00\",\"dateModified\":\"2023-12-01T12:17:04+00:00\",\"author\":{\"@id\":\"https:\\\/\\\/www.interreg6a.net\\\/pl\\\/#\\\/schema\\\/person\\\/bf54e97bef8fe206155b3b870f285092\"},\"breadcrumb\":{\"@id\":\"https:\\\/\\\/www.interreg6a.net\\\/pl\\\/nabor-ekspertow-do-opiniowania-projektow-interreg\\\/#breadcrumb\"},\"inLanguage\":\"pl-PL\",\"potentialAction\":[{\"@type\":\"ReadAction\",\"target\":[\"https:\\\/\\\/www.interreg6a.net\\\/pl\\\/nabor-ekspertow-do-opiniowania-projektow-interreg\\\/\"]}]},{\"@type\":\"ImageObject\",\"inLanguage\":\"pl-PL\",\"@id\":\"https:\\\/\\\/www.interreg6a.net\\\/pl\\\/nabor-ekspertow-do-opiniowania-projektow-interreg\\\/#primaryimage\",\"url\":\"https:\\\/\\\/www.interreg6a.net\\\/wp-content\\\/uploads\\\/2023\\\/08\\\/Experten_Aufruf-e1723206032690.jpg\",\"contentUrl\":\"https:\\\/\\\/www.interreg6a.net\\\/wp-content\\\/uploads\\\/2023\\\/08\\\/Experten_Aufruf-e1723206032690.jpg\",\"width\":1200,\"height\":1199},{\"@type\":\"BreadcrumbList\",\"@id\":\"https:\\\/\\\/www.interreg6a.net\\\/pl\\\/nabor-ekspertow-do-opiniowania-projektow-interreg\\\/#breadcrumb\",\"itemListElement\":[{\"@type\":\"ListItem\",\"position\":1,\"name\":\"Strona g\u0142\u00f3wna\",\"item\":\"https:\\\/\\\/www.interreg6a.net\\\/pl\\\/\"},{\"@type\":\"ListItem\",\"position\":2,\"name\":\"Nab\u00f3r ekspert\u00f3w do opiniowania projekt\u00f3w INTERREG\"}]},{\"@type\":\"WebSite\",\"@id\":\"https:\\\/\\\/www.interreg6a.net\\\/pl\\\/#website\",\"url\":\"https:\\\/\\\/www.interreg6a.net\\\/pl\\\/\",\"name\":\"Interreg VI A MV\\\/BB\\\/PL\",\"description\":\"\",\"potentialAction\":[{\"@type\":\"SearchAction\",\"target\":{\"@type\":\"EntryPoint\",\"urlTemplate\":\"https:\\\/\\\/www.interreg6a.net\\\/pl\\\/?s={search_term_string}\"},\"query-input\":{\"@type\":\"PropertyValueSpecification\",\"valueRequired\":true,\"valueName\":\"search_term_string\"}}],\"inLanguage\":\"pl-PL\"},{\"@type\":\"Person\",\"@id\":\"https:\\\/\\\/www.interreg6a.net\\\/pl\\\/#\\\/schema\\\/person\\\/bf54e97bef8fe206155b3b870f285092\",\"name\":\"hanf\",\"image\":{\"@type\":\"ImageObject\",\"inLanguage\":\"pl-PL\",\"@id\":\"https:\\\/\\\/secure.gravatar.com\\\/avatar\\\/8a25d3707e534eca298416780e87c8d6bd2fc4451515bdc7cc4242b4d274168c?s=96&d=mm&r=g\",\"url\":\"https:\\\/\\\/secure.gravatar.com\\\/avatar\\\/8a25d3707e534eca298416780e87c8d6bd2fc4451515bdc7cc4242b4d274168c?s=96&d=mm&r=g\",\"contentUrl\":\"https:\\\/\\\/secure.gravatar.com\\\/avatar\\\/8a25d3707e534eca298416780e87c8d6bd2fc4451515bdc7cc4242b4d274168c?s=96&d=mm&r=g\",\"caption\":\"hanf\"},\"url\":\"https:\\\/\\\/www.interreg6a.net\\\/pl\\\/author\\\/hanf\\\/\"}]}<\/script>\n<!-- \/ Yoast SEO plugin. -->","yoast_head_json":{"title":"Nab\u00f3r ekspert\u00f3w do opiniowania projekt\u00f3w INTERREG - Interreg VI A MV\/BB\/PL","robots":{"index":"index","follow":"follow","max-snippet":"max-snippet:-1","max-image-preview":"max-image-preview:large","max-video-preview":"max-video-preview:-1"},"canonical":"https:\/\/www.interreg6a.net\/pl\/nabor-ekspertow-do-opiniowania-projektow-interreg\/","og_locale":"pl_PL","og_type":"article","og_title":"Nab\u00f3r ekspert\u00f3w do opiniowania projekt\u00f3w INTERREG - Interreg VI A MV\/BB\/PL","og_url":"https:\/\/www.interreg6a.net\/pl\/nabor-ekspertow-do-opiniowania-projektow-interreg\/","og_site_name":"Interreg VI A MV\/BB\/PL","article_published_time":"2023-08-11T09:35:48+00:00","article_modified_time":"2023-12-01T12:17:04+00:00","og_image":[{"width":1200,"height":1199,"url":"https:\/\/www.interreg6a.net\/wp-content\/uploads\/2023\/08\/Experten_Aufruf.jpg","type":"image\/jpeg"}],"author":"hanf","twitter_card":"summary_large_image","twitter_misc":{"Napisane przez":"hanf","Szacowany czas czytania":"4 minuty"},"schema":{"@context":"https:\/\/schema.org","@graph":[{"@type":"Article","@id":"https:\/\/www.interreg6a.net\/pl\/nabor-ekspertow-do-opiniowania-projektow-interreg\/#article","isPartOf":{"@id":"https:\/\/www.interreg6a.net\/pl\/nabor-ekspertow-do-opiniowania-projektow-interreg\/"},"author":{"name":"hanf","@id":"https:\/\/www.interreg6a.net\/pl\/#\/schema\/person\/bf54e97bef8fe206155b3b870f285092"},"headline":"Nab\u00f3r ekspert\u00f3w do opiniowania projekt\u00f3w INTERREG","datePublished":"2023-08-11T09:35:48+00:00","dateModified":"2023-12-01T12:17:04+00:00","mainEntityOfPage":{"@id":"https:\/\/www.interreg6a.net\/pl\/nabor-ekspertow-do-opiniowania-projektow-interreg\/"},"wordCount":1321,"image":{"@id":"https:\/\/www.interreg6a.net\/pl\/nabor-ekspertow-do-opiniowania-projektow-interreg\/#primaryimage"},"thumbnailUrl":"https:\/\/www.interreg6a.net\/wp-content\/uploads\/2023\/08\/Experten_Aufruf-e1723206032690.jpg","articleSection":["Aktualno\u015bci"],"inLanguage":"pl-PL"},{"@type":"WebPage","@id":"https:\/\/www.interreg6a.net\/pl\/nabor-ekspertow-do-opiniowania-projektow-interreg\/","url":"https:\/\/www.interreg6a.net\/pl\/nabor-ekspertow-do-opiniowania-projektow-interreg\/","name":"Nab\u00f3r ekspert\u00f3w do opiniowania projekt\u00f3w INTERREG - Interreg VI A MV\/BB\/PL","isPartOf":{"@id":"https:\/\/www.interreg6a.net\/pl\/#website"},"primaryImageOfPage":{"@id":"https:\/\/www.interreg6a.net\/pl\/nabor-ekspertow-do-opiniowania-projektow-interreg\/#primaryimage"},"image":{"@id":"https:\/\/www.interreg6a.net\/pl\/nabor-ekspertow-do-opiniowania-projektow-interreg\/#primaryimage"},"thumbnailUrl":"https:\/\/www.interreg6a.net\/wp-content\/uploads\/2023\/08\/Experten_Aufruf-e1723206032690.jpg","datePublished":"2023-08-11T09:35:48+00:00","dateModified":"2023-12-01T12:17:04+00:00","author":{"@id":"https:\/\/www.interreg6a.net\/pl\/#\/schema\/person\/bf54e97bef8fe206155b3b870f285092"},"breadcrumb":{"@id":"https:\/\/www.interreg6a.net\/pl\/nabor-ekspertow-do-opiniowania-projektow-interreg\/#breadcrumb"},"inLanguage":"pl-PL","potentialAction":[{"@type":"ReadAction","target":["https:\/\/www.interreg6a.net\/pl\/nabor-ekspertow-do-opiniowania-projektow-interreg\/"]}]},{"@type":"ImageObject","inLanguage":"pl-PL","@id":"https:\/\/www.interreg6a.net\/pl\/nabor-ekspertow-do-opiniowania-projektow-interreg\/#primaryimage","url":"https:\/\/www.interreg6a.net\/wp-content\/uploads\/2023\/08\/Experten_Aufruf-e1723206032690.jpg","contentUrl":"https:\/\/www.interreg6a.net\/wp-content\/uploads\/2023\/08\/Experten_Aufruf-e1723206032690.jpg","width":1200,"height":1199},{"@type":"BreadcrumbList","@id":"https:\/\/www.interreg6a.net\/pl\/nabor-ekspertow-do-opiniowania-projektow-interreg\/#breadcrumb","itemListElement":[{"@type":"ListItem","position":1,"name":"Strona g\u0142\u00f3wna","item":"https:\/\/www.interreg6a.net\/pl\/"},{"@type":"ListItem","position":2,"name":"Nab\u00f3r ekspert\u00f3w do opiniowania projekt\u00f3w INTERREG"}]},{"@type":"WebSite","@id":"https:\/\/www.interreg6a.net\/pl\/#website","url":"https:\/\/www.interreg6a.net\/pl\/","name":"Interreg VI A MV\/BB\/PL","description":"","potentialAction":[{"@type":"SearchAction","target":{"@type":"EntryPoint","urlTemplate":"https:\/\/www.interreg6a.net\/pl\/?s={search_term_string}"},"query-input":{"@type":"PropertyValueSpecification","valueRequired":true,"valueName":"search_term_string"}}],"inLanguage":"pl-PL"},{"@type":"Person","@id":"https:\/\/www.interreg6a.net\/pl\/#\/schema\/person\/bf54e97bef8fe206155b3b870f285092","name":"hanf","image":{"@type":"ImageObject","inLanguage":"pl-PL","@id":"https:\/\/secure.gravatar.com\/avatar\/8a25d3707e534eca298416780e87c8d6bd2fc4451515bdc7cc4242b4d274168c?s=96&d=mm&r=g","url":"https:\/\/secure.gravatar.com\/avatar\/8a25d3707e534eca298416780e87c8d6bd2fc4451515bdc7cc4242b4d274168c?s=96&d=mm&r=g","contentUrl":"https:\/\/secure.gravatar.com\/avatar\/8a25d3707e534eca298416780e87c8d6bd2fc4451515bdc7cc4242b4d274168c?s=96&d=mm&r=g","caption":"hanf"},"url":"https:\/\/www.interreg6a.net\/pl\/author\/hanf\/"}]}},"_links":{"self":[{"href":"https:\/\/www.interreg6a.net\/pl\/wp-json\/wp\/v2\/posts\/10374","targetHints":{"allow":["GET"]}}],"collection":[{"href":"https:\/\/www.interreg6a.net\/pl\/wp-json\/wp\/v2\/posts"}],"about":[{"href":"https:\/\/www.interreg6a.net\/pl\/wp-json\/wp\/v2\/types\/post"}],"author":[{"embeddable":true,"href":"https:\/\/www.interreg6a.net\/pl\/wp-json\/wp\/v2\/users\/24"}],"replies":[{"embeddable":true,"href":"https:\/\/www.interreg6a.net\/pl\/wp-json\/wp\/v2\/comments?post=10374"}],"version-history":[{"count":9,"href":"https:\/\/www.interreg6a.net\/pl\/wp-json\/wp\/v2\/posts\/10374\/revisions"}],"predecessor-version":[{"id":10730,"href":"https:\/\/www.interreg6a.net\/pl\/wp-json\/wp\/v2\/posts\/10374\/revisions\/10730"}],"wp:featuredmedia":[{"embeddable":true,"href":"https:\/\/www.interreg6a.net\/pl\/wp-json\/wp\/v2\/media\/10363"}],"wp:attachment":[{"href":"https:\/\/www.interreg6a.net\/pl\/wp-json\/wp\/v2\/media?parent=10374"}],"wp:term":[{"taxonomy":"category","embeddable":true,"href":"https:\/\/www.interreg6a.net\/pl\/wp-json\/wp\/v2\/categories?post=10374"},{"taxonomy":"post_tag","embeddable":true,"href":"https:\/\/www.interreg6a.net\/pl\/wp-json\/wp\/v2\/tags?post=10374"}],"curies":[{"name":"wp","href":"https:\/\/api.w.org\/{rel}","templated":true}]}}