{"id":10388,"date":"2023-08-15T09:59:37","date_gmt":"2023-08-15T07:59:37","guid":{"rendered":"https:\/\/www.interreg6a.net\/?p=10388"},"modified":"2023-09-22T11:58:32","modified_gmt":"2023-09-22T09:58:32","slug":"ocena-formalna-wnioskow-zakonczona","status":"publish","type":"post","link":"https:\/\/www.interreg6a.net\/pl\/ocena-formalna-wnioskow-zakonczona\/","title":{"rendered":"Ocena formalna wniosk\u00f3w zako\u0144czona"},"content":{"rendered":"<div class=\"fusion-fullwidth fullwidth-box fusion-builder-row-1 fusion-flex-container has-pattern-background has-mask-background nonhundred-percent-fullwidth non-hundred-percent-height-scrolling\" style=\"--awb-border-radius-top-left:0px;--awb-border-radius-top-right:0px;--awb-border-radius-bottom-right:0px;--awb-border-radius-bottom-left:0px;--awb-flex-wrap:wrap;\" ><div class=\"fusion-builder-row fusion-row fusion-flex-align-items-flex-start fusion-flex-content-wrap\" style=\"max-width:1586px;margin-left: calc(-4% \/ 2 );margin-right: calc(-4% \/ 2 );\"><div class=\"fusion-layout-column fusion_builder_column fusion-builder-column-0 fusion_builder_column_1_1 1_1 fusion-flex-column\" style=\"--awb-bg-size:cover;--awb-width-large:100%;--awb-margin-top-large:0px;--awb-spacing-right-large:1.92%;--awb-margin-bottom-large:20px;--awb-spacing-left-large:1.92%;--awb-width-medium:100%;--awb-order-medium:0;--awb-spacing-right-medium:1.92%;--awb-spacing-left-medium:1.92%;--awb-width-small:100%;--awb-order-small:0;--awb-spacing-right-small:1.92%;--awb-spacing-left-small:1.92%;\"><div class=\"fusion-column-wrapper fusion-column-has-shadow fusion-flex-justify-content-flex-start fusion-content-layout-column\"><div class=\"fusion-title title fusion-title-1 fusion-sep-none fusion-title-text fusion-title-size-one\" style=\"--awb-margin-top-small:10px;--awb-margin-right-small:0px;--awb-margin-bottom-small:10px;--awb-margin-left-small:0px;\"><h1 class=\"fusion-title-heading title-heading-left\" style=\"margin:0;\">Ocena formalna wniosk\u00f3w zako\u0144czona<\/h1><\/div><div class=\"fusion-text fusion-text-1\"><p>Kolejny etap oceny projekt\u00f3w za nami. W dniu 9 sierpnia Wsp\u00f3lny Sekretariat zako\u0144czy\u0142 ocen\u0119 formaln\u0105 wniosk\u00f3w o dofinansowanie. Wszyscy wnioskodawcy otrzymali ju\u017c stosowne informacje. Po zako\u0144czeniu oceny jako\u015bciowej projekty zostan\u0105 przed\u0142o\u017cone Komitetowi Monitoruj\u0105cemu, kt\u00f3rego posiedzenie zaplanowano na 7 listopada 2023 r. Cz\u0142onkowie Komitetu Monitoruj\u0105cego podejm\u0105 na nim decyzj\u0119 o wyborze projekt\u00f3w do dofinansowania.<\/p>\n<\/div><\/div><\/div><\/div><\/div>\n","protected":false},"excerpt":{"rendered":"","protected":false},"author":24,"featured_media":10389,"comment_status":"closed","ping_status":"closed","sticky":false,"template":"","format":"standard","meta":{"_price":"","_stock":"","_tribe_ticket_header":"","_tribe_default_ticket_provider":"","_tribe_ticket_capacity":"0","_ticket_start_date":"","_ticket_end_date":"","_tribe_ticket_show_description":"","_tribe_ticket_show_not_going":false,"_tribe_ticket_use_global_stock":"","_tribe_ticket_global_stock_level":"","_global_stock_mode":"","_global_stock_cap":"","_tribe_rsvp_for_event":"","_tribe_ticket_going_count":"","_tribe_ticket_not_going_count":"","_tribe_tickets_list":"[]","_tribe_ticket_has_attendee_info_fields":false,"footnotes":""},"categories":[20],"tags":[],"class_list":["post-10388","post","type-post","status-publish","format-standard","has-post-thumbnail","hentry","category-aktualnosci"],"yoast_head":"<!-- This site is optimized with the Yoast SEO plugin v27.3 - https:\/\/yoast.com\/product\/yoast-seo-wordpress\/ -->\n<title>Ocena formalna wniosk\u00f3w zako\u0144czona - Interreg VI A MV\/BB\/PL<\/title>\n<meta name=\"robots\" content=\"index, follow, max-snippet:-1, max-image-preview:large, max-video-preview:-1\" \/>\n<link rel=\"canonical\" href=\"https:\/\/www.interreg6a.net\/pl\/ocena-formalna-wnioskow-zakonczona\/\" \/>\n<meta property=\"og:locale\" content=\"pl_PL\" \/>\n<meta property=\"og:type\" content=\"article\" \/>\n<meta property=\"og:title\" content=\"Ocena formalna wniosk\u00f3w zako\u0144czona - Interreg VI A MV\/BB\/PL\" \/>\n<meta property=\"og:url\" content=\"https:\/\/www.interreg6a.net\/pl\/ocena-formalna-wnioskow-zakonczona\/\" \/>\n<meta property=\"og:site_name\" content=\"Interreg VI A MV\/BB\/PL\" \/>\n<meta property=\"article:published_time\" content=\"2023-08-15T07:59:37+00:00\" \/>\n<meta property=\"article:modified_time\" content=\"2023-09-22T09:58:32+00:00\" \/>\n<meta property=\"og:image\" content=\"https:\/\/www.interreg6a.net\/wp-content\/uploads\/2023\/08\/Abschluss-der-formalen-Bewertung-002.jpg\" \/>\n\t<meta property=\"og:image:width\" content=\"940\" \/>\n\t<meta property=\"og:image:height\" content=\"788\" \/>\n\t<meta property=\"og:image:type\" content=\"image\/jpeg\" \/>\n<meta name=\"author\" content=\"hanf\" \/>\n<meta name=\"twitter:card\" content=\"summary_large_image\" \/>\n<meta name=\"twitter:label1\" content=\"Napisane przez\" \/>\n\t<meta name=\"twitter:data1\" content=\"hanf\" \/>\n\t<meta name=\"twitter:label2\" content=\"Szacowany czas czytania\" \/>\n\t<meta name=\"twitter:data2\" content=\"3 minuty\" \/>\n<script type=\"application\/ld+json\" class=\"yoast-schema-graph\">{\"@context\":\"https:\\\/\\\/schema.org\",\"@graph\":[{\"@type\":\"Article\",\"@id\":\"https:\\\/\\\/www.interreg6a.net\\\/pl\\\/ocena-formalna-wnioskow-zakonczona\\\/#article\",\"isPartOf\":{\"@id\":\"https:\\\/\\\/www.interreg6a.net\\\/pl\\\/ocena-formalna-wnioskow-zakonczona\\\/\"},\"author\":{\"name\":\"hanf\",\"@id\":\"https:\\\/\\\/www.interreg6a.net\\\/pl\\\/#\\\/schema\\\/person\\\/bf54e97bef8fe206155b3b870f285092\"},\"headline\":\"Ocena formalna wniosk\u00f3w zako\u0144czona\",\"datePublished\":\"2023-08-15T07:59:37+00:00\",\"dateModified\":\"2023-09-22T09:58:32+00:00\",\"mainEntityOfPage\":{\"@id\":\"https:\\\/\\\/www.interreg6a.net\\\/pl\\\/ocena-formalna-wnioskow-zakonczona\\\/\"},\"wordCount\":1018,\"image\":{\"@id\":\"https:\\\/\\\/www.interreg6a.net\\\/pl\\\/ocena-formalna-wnioskow-zakonczona\\\/#primaryimage\"},\"thumbnailUrl\":\"https:\\\/\\\/www.interreg6a.net\\\/wp-content\\\/uploads\\\/2023\\\/08\\\/Abschluss-der-formalen-Bewertung-002.jpg\",\"articleSection\":[\"Aktualno\u015bci\"],\"inLanguage\":\"pl-PL\"},{\"@type\":\"WebPage\",\"@id\":\"https:\\\/\\\/www.interreg6a.net\\\/pl\\\/ocena-formalna-wnioskow-zakonczona\\\/\",\"url\":\"https:\\\/\\\/www.interreg6a.net\\\/pl\\\/ocena-formalna-wnioskow-zakonczona\\\/\",\"name\":\"Ocena formalna wniosk\u00f3w zako\u0144czona - Interreg VI A MV\\\/BB\\\/PL\",\"isPartOf\":{\"@id\":\"https:\\\/\\\/www.interreg6a.net\\\/pl\\\/#website\"},\"primaryImageOfPage\":{\"@id\":\"https:\\\/\\\/www.interreg6a.net\\\/pl\\\/ocena-formalna-wnioskow-zakonczona\\\/#primaryimage\"},\"image\":{\"@id\":\"https:\\\/\\\/www.interreg6a.net\\\/pl\\\/ocena-formalna-wnioskow-zakonczona\\\/#primaryimage\"},\"thumbnailUrl\":\"https:\\\/\\\/www.interreg6a.net\\\/wp-content\\\/uploads\\\/2023\\\/08\\\/Abschluss-der-formalen-Bewertung-002.jpg\",\"datePublished\":\"2023-08-15T07:59:37+00:00\",\"dateModified\":\"2023-09-22T09:58:32+00:00\",\"author\":{\"@id\":\"https:\\\/\\\/www.interreg6a.net\\\/pl\\\/#\\\/schema\\\/person\\\/bf54e97bef8fe206155b3b870f285092\"},\"breadcrumb\":{\"@id\":\"https:\\\/\\\/www.interreg6a.net\\\/pl\\\/ocena-formalna-wnioskow-zakonczona\\\/#breadcrumb\"},\"inLanguage\":\"pl-PL\",\"potentialAction\":[{\"@type\":\"ReadAction\",\"target\":[\"https:\\\/\\\/www.interreg6a.net\\\/pl\\\/ocena-formalna-wnioskow-zakonczona\\\/\"]}]},{\"@type\":\"ImageObject\",\"inLanguage\":\"pl-PL\",\"@id\":\"https:\\\/\\\/www.interreg6a.net\\\/pl\\\/ocena-formalna-wnioskow-zakonczona\\\/#primaryimage\",\"url\":\"https:\\\/\\\/www.interreg6a.net\\\/wp-content\\\/uploads\\\/2023\\\/08\\\/Abschluss-der-formalen-Bewertung-002.jpg\",\"contentUrl\":\"https:\\\/\\\/www.interreg6a.net\\\/wp-content\\\/uploads\\\/2023\\\/08\\\/Abschluss-der-formalen-Bewertung-002.jpg\",\"width\":940,\"height\":788,\"caption\":\"Abschluss formale Bewertung\"},{\"@type\":\"BreadcrumbList\",\"@id\":\"https:\\\/\\\/www.interreg6a.net\\\/pl\\\/ocena-formalna-wnioskow-zakonczona\\\/#breadcrumb\",\"itemListElement\":[{\"@type\":\"ListItem\",\"position\":1,\"name\":\"Strona g\u0142\u00f3wna\",\"item\":\"https:\\\/\\\/www.interreg6a.net\\\/pl\\\/\"},{\"@type\":\"ListItem\",\"position\":2,\"name\":\"Ocena formalna wniosk\u00f3w zako\u0144czona\"}]},{\"@type\":\"WebSite\",\"@id\":\"https:\\\/\\\/www.interreg6a.net\\\/pl\\\/#website\",\"url\":\"https:\\\/\\\/www.interreg6a.net\\\/pl\\\/\",\"name\":\"Interreg VI A MV\\\/BB\\\/PL\",\"description\":\"\",\"potentialAction\":[{\"@type\":\"SearchAction\",\"target\":{\"@type\":\"EntryPoint\",\"urlTemplate\":\"https:\\\/\\\/www.interreg6a.net\\\/pl\\\/?s={search_term_string}\"},\"query-input\":{\"@type\":\"PropertyValueSpecification\",\"valueRequired\":true,\"valueName\":\"search_term_string\"}}],\"inLanguage\":\"pl-PL\"},{\"@type\":\"Person\",\"@id\":\"https:\\\/\\\/www.interreg6a.net\\\/pl\\\/#\\\/schema\\\/person\\\/bf54e97bef8fe206155b3b870f285092\",\"name\":\"hanf\",\"image\":{\"@type\":\"ImageObject\",\"inLanguage\":\"pl-PL\",\"@id\":\"https:\\\/\\\/secure.gravatar.com\\\/avatar\\\/8a25d3707e534eca298416780e87c8d6bd2fc4451515bdc7cc4242b4d274168c?s=96&d=mm&r=g\",\"url\":\"https:\\\/\\\/secure.gravatar.com\\\/avatar\\\/8a25d3707e534eca298416780e87c8d6bd2fc4451515bdc7cc4242b4d274168c?s=96&d=mm&r=g\",\"contentUrl\":\"https:\\\/\\\/secure.gravatar.com\\\/avatar\\\/8a25d3707e534eca298416780e87c8d6bd2fc4451515bdc7cc4242b4d274168c?s=96&d=mm&r=g\",\"caption\":\"hanf\"},\"url\":\"https:\\\/\\\/www.interreg6a.net\\\/pl\\\/author\\\/hanf\\\/\"}]}<\/script>\n<!-- \/ Yoast SEO plugin. -->","yoast_head_json":{"title":"Ocena formalna wniosk\u00f3w zako\u0144czona - Interreg VI A MV\/BB\/PL","robots":{"index":"index","follow":"follow","max-snippet":"max-snippet:-1","max-image-preview":"max-image-preview:large","max-video-preview":"max-video-preview:-1"},"canonical":"https:\/\/www.interreg6a.net\/pl\/ocena-formalna-wnioskow-zakonczona\/","og_locale":"pl_PL","og_type":"article","og_title":"Ocena formalna wniosk\u00f3w zako\u0144czona - Interreg VI A MV\/BB\/PL","og_url":"https:\/\/www.interreg6a.net\/pl\/ocena-formalna-wnioskow-zakonczona\/","og_site_name":"Interreg VI A MV\/BB\/PL","article_published_time":"2023-08-15T07:59:37+00:00","article_modified_time":"2023-09-22T09:58:32+00:00","og_image":[{"width":940,"height":788,"url":"https:\/\/www.interreg6a.net\/wp-content\/uploads\/2023\/08\/Abschluss-der-formalen-Bewertung-002.jpg","type":"image\/jpeg"}],"author":"hanf","twitter_card":"summary_large_image","twitter_misc":{"Napisane przez":"hanf","Szacowany czas czytania":"3 minuty"},"schema":{"@context":"https:\/\/schema.org","@graph":[{"@type":"Article","@id":"https:\/\/www.interreg6a.net\/pl\/ocena-formalna-wnioskow-zakonczona\/#article","isPartOf":{"@id":"https:\/\/www.interreg6a.net\/pl\/ocena-formalna-wnioskow-zakonczona\/"},"author":{"name":"hanf","@id":"https:\/\/www.interreg6a.net\/pl\/#\/schema\/person\/bf54e97bef8fe206155b3b870f285092"},"headline":"Ocena formalna wniosk\u00f3w zako\u0144czona","datePublished":"2023-08-15T07:59:37+00:00","dateModified":"2023-09-22T09:58:32+00:00","mainEntityOfPage":{"@id":"https:\/\/www.interreg6a.net\/pl\/ocena-formalna-wnioskow-zakonczona\/"},"wordCount":1018,"image":{"@id":"https:\/\/www.interreg6a.net\/pl\/ocena-formalna-wnioskow-zakonczona\/#primaryimage"},"thumbnailUrl":"https:\/\/www.interreg6a.net\/wp-content\/uploads\/2023\/08\/Abschluss-der-formalen-Bewertung-002.jpg","articleSection":["Aktualno\u015bci"],"inLanguage":"pl-PL"},{"@type":"WebPage","@id":"https:\/\/www.interreg6a.net\/pl\/ocena-formalna-wnioskow-zakonczona\/","url":"https:\/\/www.interreg6a.net\/pl\/ocena-formalna-wnioskow-zakonczona\/","name":"Ocena formalna wniosk\u00f3w zako\u0144czona - Interreg VI A MV\/BB\/PL","isPartOf":{"@id":"https:\/\/www.interreg6a.net\/pl\/#website"},"primaryImageOfPage":{"@id":"https:\/\/www.interreg6a.net\/pl\/ocena-formalna-wnioskow-zakonczona\/#primaryimage"},"image":{"@id":"https:\/\/www.interreg6a.net\/pl\/ocena-formalna-wnioskow-zakonczona\/#primaryimage"},"thumbnailUrl":"https:\/\/www.interreg6a.net\/wp-content\/uploads\/2023\/08\/Abschluss-der-formalen-Bewertung-002.jpg","datePublished":"2023-08-15T07:59:37+00:00","dateModified":"2023-09-22T09:58:32+00:00","author":{"@id":"https:\/\/www.interreg6a.net\/pl\/#\/schema\/person\/bf54e97bef8fe206155b3b870f285092"},"breadcrumb":{"@id":"https:\/\/www.interreg6a.net\/pl\/ocena-formalna-wnioskow-zakonczona\/#breadcrumb"},"inLanguage":"pl-PL","potentialAction":[{"@type":"ReadAction","target":["https:\/\/www.interreg6a.net\/pl\/ocena-formalna-wnioskow-zakonczona\/"]}]},{"@type":"ImageObject","inLanguage":"pl-PL","@id":"https:\/\/www.interreg6a.net\/pl\/ocena-formalna-wnioskow-zakonczona\/#primaryimage","url":"https:\/\/www.interreg6a.net\/wp-content\/uploads\/2023\/08\/Abschluss-der-formalen-Bewertung-002.jpg","contentUrl":"https:\/\/www.interreg6a.net\/wp-content\/uploads\/2023\/08\/Abschluss-der-formalen-Bewertung-002.jpg","width":940,"height":788,"caption":"Abschluss formale Bewertung"},{"@type":"BreadcrumbList","@id":"https:\/\/www.interreg6a.net\/pl\/ocena-formalna-wnioskow-zakonczona\/#breadcrumb","itemListElement":[{"@type":"ListItem","position":1,"name":"Strona g\u0142\u00f3wna","item":"https:\/\/www.interreg6a.net\/pl\/"},{"@type":"ListItem","position":2,"name":"Ocena formalna wniosk\u00f3w zako\u0144czona"}]},{"@type":"WebSite","@id":"https:\/\/www.interreg6a.net\/pl\/#website","url":"https:\/\/www.interreg6a.net\/pl\/","name":"Interreg VI A MV\/BB\/PL","description":"","potentialAction":[{"@type":"SearchAction","target":{"@type":"EntryPoint","urlTemplate":"https:\/\/www.interreg6a.net\/pl\/?s={search_term_string}"},"query-input":{"@type":"PropertyValueSpecification","valueRequired":true,"valueName":"search_term_string"}}],"inLanguage":"pl-PL"},{"@type":"Person","@id":"https:\/\/www.interreg6a.net\/pl\/#\/schema\/person\/bf54e97bef8fe206155b3b870f285092","name":"hanf","image":{"@type":"ImageObject","inLanguage":"pl-PL","@id":"https:\/\/secure.gravatar.com\/avatar\/8a25d3707e534eca298416780e87c8d6bd2fc4451515bdc7cc4242b4d274168c?s=96&d=mm&r=g","url":"https:\/\/secure.gravatar.com\/avatar\/8a25d3707e534eca298416780e87c8d6bd2fc4451515bdc7cc4242b4d274168c?s=96&d=mm&r=g","contentUrl":"https:\/\/secure.gravatar.com\/avatar\/8a25d3707e534eca298416780e87c8d6bd2fc4451515bdc7cc4242b4d274168c?s=96&d=mm&r=g","caption":"hanf"},"url":"https:\/\/www.interreg6a.net\/pl\/author\/hanf\/"}]}},"_links":{"self":[{"href":"https:\/\/www.interreg6a.net\/pl\/wp-json\/wp\/v2\/posts\/10388","targetHints":{"allow":["GET"]}}],"collection":[{"href":"https:\/\/www.interreg6a.net\/pl\/wp-json\/wp\/v2\/posts"}],"about":[{"href":"https:\/\/www.interreg6a.net\/pl\/wp-json\/wp\/v2\/types\/post"}],"author":[{"embeddable":true,"href":"https:\/\/www.interreg6a.net\/pl\/wp-json\/wp\/v2\/users\/24"}],"replies":[{"embeddable":true,"href":"https:\/\/www.interreg6a.net\/pl\/wp-json\/wp\/v2\/comments?post=10388"}],"version-history":[{"count":7,"href":"https:\/\/www.interreg6a.net\/pl\/wp-json\/wp\/v2\/posts\/10388\/revisions"}],"predecessor-version":[{"id":10487,"href":"https:\/\/www.interreg6a.net\/pl\/wp-json\/wp\/v2\/posts\/10388\/revisions\/10487"}],"wp:featuredmedia":[{"embeddable":true,"href":"https:\/\/www.interreg6a.net\/pl\/wp-json\/wp\/v2\/media\/10389"}],"wp:attachment":[{"href":"https:\/\/www.interreg6a.net\/pl\/wp-json\/wp\/v2\/media?parent=10388"}],"wp:term":[{"taxonomy":"category","embeddable":true,"href":"https:\/\/www.interreg6a.net\/pl\/wp-json\/wp\/v2\/categories?post=10388"},{"taxonomy":"post_tag","embeddable":true,"href":"https:\/\/www.interreg6a.net\/pl\/wp-json\/wp\/v2\/tags?post=10388"}],"curies":[{"name":"wp","href":"https:\/\/api.w.org\/{rel}","templated":true}]}}