{"id":10474,"date":"2023-09-22T10:17:08","date_gmt":"2023-09-22T08:17:08","guid":{"rendered":"https:\/\/www.interreg6a.net\/polsko-niemieckie-dni-wspolpracy-2023\/"},"modified":"2023-10-06T15:03:56","modified_gmt":"2023-10-06T13:03:56","slug":"polsko-niemieckie-dni-wspolpracy-2023","status":"publish","type":"post","link":"https:\/\/www.interreg6a.net\/pl\/polsko-niemieckie-dni-wspolpracy-2023\/","title":{"rendered":"Polsko-Niemieckie Dni Wsp\u00f3\u0142pracy 2023"},"content":{"rendered":"<div class=\"fusion-fullwidth fullwidth-box fusion-builder-row-1 fusion-flex-container has-pattern-background has-mask-background nonhundred-percent-fullwidth non-hundred-percent-height-scrolling\" style=\"--awb-border-radius-top-left:0px;--awb-border-radius-top-right:0px;--awb-border-radius-bottom-right:0px;--awb-border-radius-bottom-left:0px;--awb-flex-wrap:wrap;\" ><div class=\"fusion-builder-row fusion-row fusion-flex-align-items-flex-start fusion-flex-content-wrap\" style=\"max-width:1586px;margin-left: calc(-4% \/ 2 );margin-right: calc(-4% \/ 2 );\"><div class=\"fusion-layout-column fusion_builder_column fusion-builder-column-0 fusion_builder_column_1_1 1_1 fusion-flex-column\" style=\"--awb-bg-size:cover;--awb-width-large:100%;--awb-margin-top-large:0px;--awb-spacing-right-large:1.92%;--awb-margin-bottom-large:20px;--awb-spacing-left-large:1.92%;--awb-width-medium:100%;--awb-order-medium:0;--awb-spacing-right-medium:1.92%;--awb-spacing-left-medium:1.92%;--awb-width-small:100%;--awb-order-small:0;--awb-spacing-right-small:1.92%;--awb-spacing-left-small:1.92%;\"><div class=\"fusion-column-wrapper fusion-column-has-shadow fusion-flex-justify-content-flex-start fusion-content-layout-column\"><div class=\"fusion-title title fusion-title-1 fusion-sep-none fusion-title-text fusion-title-size-one\" style=\"--awb-margin-top-small:10px;--awb-margin-right-small:0px;--awb-margin-bottom-small:10px;--awb-margin-left-small:0px;\"><h1 class=\"fusion-title-heading title-heading-left\" style=\"margin:0;\">Polsko-Niemieckie Dni Wsp\u00f3\u0142pracy 2023<\/h1><\/div><div class=\"fusion-text fusion-text-1\"><p>W dniach <strong>27 i 28 wrze\u015bnia 2023 <\/strong>odb\u0119d\u0105 si\u0119 <strong>w Szczecinie Polsko-Niemieckie Dni Wsp\u00f3\u0142pracy<\/strong>.<\/p>\n<p>Wydarzenie organizowane jest przez Miasto Szczecin we wsp\u00f3\u0142pracy ze Stowarzyszeniem Gmin Polskich Euroregionu Pomerania oraz Kommunalgemeinschaft Europaregion Pomerania e.V.<\/p>\n<p>Tematem przewodnim tegorocznych dni wsp\u00f3\u0142pracy jest <strong>&#8222;Silny region &#8211; wsp\u00f3lne cele&#8221;<\/strong>.<\/p>\n<p>G\u0142\u00f3wn\u0105 ide\u0105 wydarzenia jest:<\/p>\n<ul>\n<li>podkre\u015blenie znaczenia polsko-niemieckiej wsp\u00f3\u0142pracy na poziomie regionalnym,<\/li>\n<li>identyfikacja wsp\u00f3lnych cel\u00f3w i projekt\u00f3w ,<\/li>\n<li>rozwijanie i wzmacnianie relacji mi\u0119dzy naszymi krajami.<\/li>\n<\/ul>\n<\/div><div class=\"fusion-text fusion-text-2\"><p>W dniu 27.09.2023 r. maj\u0105 miejsce dwa wa\u017cne zdarzenia dla naszego Programu:<\/p>\n<ul>\n<li>przekazanie um\u00f3w o dofinansowanie dla <a href=\"https:\/\/www.interreg6a.net\/pl\/zatwierdzenie-funduszy-malych-projektow\/\">Funduszy Ma\u0142ych Projekt\u00f3w<\/a><\/li>\n<\/ul>\n<\/div><div class=\"fusion-image-element \" style=\"--awb-caption-title-font-family:var(--h2_typography-font-family);--awb-caption-title-font-weight:var(--h2_typography-font-weight);--awb-caption-title-font-style:var(--h2_typography-font-style);--awb-caption-title-size:var(--h2_typography-font-size);--awb-caption-title-transform:var(--h2_typography-text-transform);--awb-caption-title-line-height:var(--h2_typography-line-height);--awb-caption-title-letter-spacing:var(--h2_typography-letter-spacing);\"><span class=\" fusion-imageframe imageframe-none imageframe-1 hover-type-none\"><img decoding=\"async\" width=\"1024\" height=\"717\" title=\"KPF_Vertrag\" src=\"https:\/\/www.interreg6a.net\/wp-content\/uploads\/2023\/09\/KPF_Vertrag-1024x717.jpg\" alt class=\"img-responsive wp-image-10630\" srcset=\"https:\/\/www.interreg6a.net\/wp-content\/uploads\/2023\/09\/KPF_Vertrag-200x140.jpg 200w, https:\/\/www.interreg6a.net\/wp-content\/uploads\/2023\/09\/KPF_Vertrag-400x280.jpg 400w, https:\/\/www.interreg6a.net\/wp-content\/uploads\/2023\/09\/KPF_Vertrag-600x420.jpg 600w, https:\/\/www.interreg6a.net\/wp-content\/uploads\/2023\/09\/KPF_Vertrag-800x561.jpg 800w, https:\/\/www.interreg6a.net\/wp-content\/uploads\/2023\/09\/KPF_Vertrag-1200x841.jpg 1200w\" sizes=\"(max-width: 575px) 100vw, 1024px\" \/><\/span><\/div><div class=\"fusion-text fusion-text-3\" style=\"--awb-margin-top:30px;\"><ul>\n<li>wr\u0119czenie nagr\u00f3d w <a href=\"https:\/\/www.interreg6a.net\/pl\/konkurs-fotograficzny\/\">konkursie fotograficznym<\/a> zorganizowanym przez Wsp\u00f3lny Sekretariat z okazji Interreg Cooperation Day 2023.<\/li>\n<\/ul>\n<\/div><div class=\"fusion-image-element \" style=\"--awb-caption-title-font-family:var(--h2_typography-font-family);--awb-caption-title-font-weight:var(--h2_typography-font-weight);--awb-caption-title-font-style:var(--h2_typography-font-style);--awb-caption-title-size:var(--h2_typography-font-size);--awb-caption-title-transform:var(--h2_typography-text-transform);--awb-caption-title-line-height:var(--h2_typography-line-height);--awb-caption-title-letter-spacing:var(--h2_typography-letter-spacing);\"><span class=\" fusion-imageframe imageframe-none imageframe-2 hover-type-none\"><img decoding=\"async\" width=\"1024\" height=\"725\" title=\"Foto-Wettbwerb_Ergebnisse\" src=\"https:\/\/www.interreg6a.net\/wp-content\/uploads\/2023\/09\/Foto-Wettbwerb_Ergebnisse-1024x725.jpeg\" alt class=\"img-responsive wp-image-10632\" srcset=\"https:\/\/www.interreg6a.net\/wp-content\/uploads\/2023\/09\/Foto-Wettbwerb_Ergebnisse-200x142.jpeg 200w, https:\/\/www.interreg6a.net\/wp-content\/uploads\/2023\/09\/Foto-Wettbwerb_Ergebnisse-400x283.jpeg 400w, https:\/\/www.interreg6a.net\/wp-content\/uploads\/2023\/09\/Foto-Wettbwerb_Ergebnisse-600x425.jpeg 600w, https:\/\/www.interreg6a.net\/wp-content\/uploads\/2023\/09\/Foto-Wettbwerb_Ergebnisse-800x566.jpeg 800w, https:\/\/www.interreg6a.net\/wp-content\/uploads\/2023\/09\/Foto-Wettbwerb_Ergebnisse-1200x850.jpeg 1200w, https:\/\/www.interreg6a.net\/wp-content\/uploads\/2023\/09\/Foto-Wettbwerb_Ergebnisse.jpeg 1233w\" sizes=\"(max-width: 575px) 100vw, 1024px\" \/><\/span><\/div><div class=\"fusion-text fusion-text-4\" style=\"--awb-margin-top:30px;\"><p>Szczeg\u00f3\u0142owy program wydarzenia znajd\u0105 Pa\u0144stwo poni\u017cej.<\/p>\n<p>W imieniu organizator\u00f3w serdecznie zapraszamy do udzia\u0142u!<\/p>\n<\/div><div class='w3eden'>\n<!-- WPDM Link Template: Default Template -->\n\n<div class=\"link-template-default card mb-2\">\n    <div class=\"card-body\">\n        <div class=\"media\">\n            <div class=\"media-pic-icon\">\n                <a class='wpdm-download-link download-on-click btn btn-primary ' rel='nofollow' href='#' data-downloadurl=\"https:\/\/www.interreg6a.net\/pl\/download\/program-dni-wspolpracy-polsko-niemieckiej-2023\/?wpdmdl=10449&refresh=69f362cc6a8211777558220\">Pobierz<\/a>\n            <\/div>\n            <div class=\"media-body\">\n                <h3 class=\"package-title\">Program Dni Wsp\u00f3\u0142pracy Polsko-Niemieckiej 2023<\/h3>\n                <div class=\"text-muted text-small\">\n                    <span class=\"wpdm_file_ext\">pdf<\/span> | <span class=\"wpdm_file_size\">215.99 KB<\/span> | <span class=\"wpdm_update_date\">21. wrze\u015bnia 2023<\/span> <!-- 21. wrze\u015bnia 2023 -->\n                <\/div>\n            <\/div>\n\n        <\/div>\n    <\/div>\n<\/div>\n\n<\/div><\/div><\/div><\/div><\/div>\n","protected":false},"excerpt":{"rendered":"","protected":false},"author":25,"featured_media":10544,"comment_status":"closed","ping_status":"closed","sticky":false,"template":"","format":"standard","meta":{"_price":"","_stock":"","_tribe_ticket_header":"","_tribe_default_ticket_provider":"","_tribe_ticket_capacity":"0","_ticket_start_date":"","_ticket_end_date":"","_tribe_ticket_show_description":"","_tribe_ticket_show_not_going":false,"_tribe_ticket_use_global_stock":"","_tribe_ticket_global_stock_level":"","_global_stock_mode":"","_global_stock_cap":"","_tribe_rsvp_for_event":"","_tribe_ticket_going_count":"","_tribe_ticket_not_going_count":"","_tribe_tickets_list":"[]","_tribe_ticket_has_attendee_info_fields":false,"footnotes":""},"categories":[20],"tags":[],"class_list":["post-10474","post","type-post","status-publish","format-standard","has-post-thumbnail","hentry","category-aktualnosci"],"yoast_head":"<!-- This site is optimized with the Yoast SEO plugin v27.3 - https:\/\/yoast.com\/product\/yoast-seo-wordpress\/ -->\n<title>Polsko-Niemieckie Dni Wsp\u00f3\u0142pracy 2023 - Interreg VI A MV\/BB\/PL<\/title>\n<meta name=\"robots\" content=\"index, follow, max-snippet:-1, max-image-preview:large, max-video-preview:-1\" \/>\n<link rel=\"canonical\" href=\"https:\/\/www.interreg6a.net\/pl\/polsko-niemieckie-dni-wspolpracy-2023\/\" \/>\n<meta property=\"og:locale\" content=\"pl_PL\" \/>\n<meta property=\"og:type\" content=\"article\" \/>\n<meta property=\"og:title\" content=\"Polsko-Niemieckie Dni Wsp\u00f3\u0142pracy 2023 - Interreg VI A MV\/BB\/PL\" \/>\n<meta property=\"og:url\" content=\"https:\/\/www.interreg6a.net\/pl\/polsko-niemieckie-dni-wspolpracy-2023\/\" \/>\n<meta property=\"og:site_name\" content=\"Interreg VI A MV\/BB\/PL\" \/>\n<meta property=\"article:published_time\" content=\"2023-09-22T08:17:08+00:00\" \/>\n<meta property=\"article:modified_time\" content=\"2023-10-06T13:03:56+00:00\" \/>\n<meta property=\"og:image\" content=\"https:\/\/www.interreg6a.net\/wp-content\/uploads\/2023\/09\/DWPL-1.jpg\" \/>\n\t<meta property=\"og:image:width\" content=\"475\" \/>\n\t<meta property=\"og:image:height\" content=\"355\" \/>\n\t<meta property=\"og:image:type\" content=\"image\/jpeg\" \/>\n<meta name=\"author\" content=\"semeniuk\" \/>\n<meta name=\"twitter:card\" content=\"summary_large_image\" \/>\n<meta name=\"twitter:label1\" content=\"Napisane przez\" \/>\n\t<meta name=\"twitter:data1\" content=\"semeniuk\" \/>\n\t<meta name=\"twitter:label2\" content=\"Szacowany czas czytania\" \/>\n\t<meta name=\"twitter:data2\" content=\"5 minut\" \/>\n<script type=\"application\/ld+json\" class=\"yoast-schema-graph\">{\"@context\":\"https:\\\/\\\/schema.org\",\"@graph\":[{\"@type\":\"Article\",\"@id\":\"https:\\\/\\\/www.interreg6a.net\\\/pl\\\/polsko-niemieckie-dni-wspolpracy-2023\\\/#article\",\"isPartOf\":{\"@id\":\"https:\\\/\\\/www.interreg6a.net\\\/pl\\\/polsko-niemieckie-dni-wspolpracy-2023\\\/\"},\"author\":{\"name\":\"semeniuk\",\"@id\":\"https:\\\/\\\/www.interreg6a.net\\\/pl\\\/#\\\/schema\\\/person\\\/4c87761287b75456c2ed5cfbf95e4e8b\"},\"headline\":\"Polsko-Niemieckie Dni Wsp\u00f3\u0142pracy 2023\",\"datePublished\":\"2023-09-22T08:17:08+00:00\",\"dateModified\":\"2023-10-06T13:03:56+00:00\",\"mainEntityOfPage\":{\"@id\":\"https:\\\/\\\/www.interreg6a.net\\\/pl\\\/polsko-niemieckie-dni-wspolpracy-2023\\\/\"},\"wordCount\":1886,\"image\":{\"@id\":\"https:\\\/\\\/www.interreg6a.net\\\/pl\\\/polsko-niemieckie-dni-wspolpracy-2023\\\/#primaryimage\"},\"thumbnailUrl\":\"https:\\\/\\\/www.interreg6a.net\\\/wp-content\\\/uploads\\\/2023\\\/09\\\/DWPL-1.jpg\",\"articleSection\":[\"Aktualno\u015bci\"],\"inLanguage\":\"pl-PL\"},{\"@type\":\"WebPage\",\"@id\":\"https:\\\/\\\/www.interreg6a.net\\\/pl\\\/polsko-niemieckie-dni-wspolpracy-2023\\\/\",\"url\":\"https:\\\/\\\/www.interreg6a.net\\\/pl\\\/polsko-niemieckie-dni-wspolpracy-2023\\\/\",\"name\":\"Polsko-Niemieckie Dni Wsp\u00f3\u0142pracy 2023 - Interreg VI A MV\\\/BB\\\/PL\",\"isPartOf\":{\"@id\":\"https:\\\/\\\/www.interreg6a.net\\\/pl\\\/#website\"},\"primaryImageOfPage\":{\"@id\":\"https:\\\/\\\/www.interreg6a.net\\\/pl\\\/polsko-niemieckie-dni-wspolpracy-2023\\\/#primaryimage\"},\"image\":{\"@id\":\"https:\\\/\\\/www.interreg6a.net\\\/pl\\\/polsko-niemieckie-dni-wspolpracy-2023\\\/#primaryimage\"},\"thumbnailUrl\":\"https:\\\/\\\/www.interreg6a.net\\\/wp-content\\\/uploads\\\/2023\\\/09\\\/DWPL-1.jpg\",\"datePublished\":\"2023-09-22T08:17:08+00:00\",\"dateModified\":\"2023-10-06T13:03:56+00:00\",\"author\":{\"@id\":\"https:\\\/\\\/www.interreg6a.net\\\/pl\\\/#\\\/schema\\\/person\\\/4c87761287b75456c2ed5cfbf95e4e8b\"},\"breadcrumb\":{\"@id\":\"https:\\\/\\\/www.interreg6a.net\\\/pl\\\/polsko-niemieckie-dni-wspolpracy-2023\\\/#breadcrumb\"},\"inLanguage\":\"pl-PL\",\"potentialAction\":[{\"@type\":\"ReadAction\",\"target\":[\"https:\\\/\\\/www.interreg6a.net\\\/pl\\\/polsko-niemieckie-dni-wspolpracy-2023\\\/\"]}]},{\"@type\":\"ImageObject\",\"inLanguage\":\"pl-PL\",\"@id\":\"https:\\\/\\\/www.interreg6a.net\\\/pl\\\/polsko-niemieckie-dni-wspolpracy-2023\\\/#primaryimage\",\"url\":\"https:\\\/\\\/www.interreg6a.net\\\/wp-content\\\/uploads\\\/2023\\\/09\\\/DWPL-1.jpg\",\"contentUrl\":\"https:\\\/\\\/www.interreg6a.net\\\/wp-content\\\/uploads\\\/2023\\\/09\\\/DWPL-1.jpg\",\"width\":475,\"height\":355},{\"@type\":\"BreadcrumbList\",\"@id\":\"https:\\\/\\\/www.interreg6a.net\\\/pl\\\/polsko-niemieckie-dni-wspolpracy-2023\\\/#breadcrumb\",\"itemListElement\":[{\"@type\":\"ListItem\",\"position\":1,\"name\":\"Strona g\u0142\u00f3wna\",\"item\":\"https:\\\/\\\/www.interreg6a.net\\\/pl\\\/\"},{\"@type\":\"ListItem\",\"position\":2,\"name\":\"Polsko-Niemieckie Dni Wsp\u00f3\u0142pracy 2023\"}]},{\"@type\":\"WebSite\",\"@id\":\"https:\\\/\\\/www.interreg6a.net\\\/pl\\\/#website\",\"url\":\"https:\\\/\\\/www.interreg6a.net\\\/pl\\\/\",\"name\":\"Interreg VI A MV\\\/BB\\\/PL\",\"description\":\"\",\"potentialAction\":[{\"@type\":\"SearchAction\",\"target\":{\"@type\":\"EntryPoint\",\"urlTemplate\":\"https:\\\/\\\/www.interreg6a.net\\\/pl\\\/?s={search_term_string}\"},\"query-input\":{\"@type\":\"PropertyValueSpecification\",\"valueRequired\":true,\"valueName\":\"search_term_string\"}}],\"inLanguage\":\"pl-PL\"},{\"@type\":\"Person\",\"@id\":\"https:\\\/\\\/www.interreg6a.net\\\/pl\\\/#\\\/schema\\\/person\\\/4c87761287b75456c2ed5cfbf95e4e8b\",\"name\":\"semeniuk\",\"image\":{\"@type\":\"ImageObject\",\"inLanguage\":\"pl-PL\",\"@id\":\"https:\\\/\\\/secure.gravatar.com\\\/avatar\\\/2aab4d2ca365cd79a4eb712e81052078a3fa7ddccf6c3d13d25230ebeeea8344?s=96&d=mm&r=g\",\"url\":\"https:\\\/\\\/secure.gravatar.com\\\/avatar\\\/2aab4d2ca365cd79a4eb712e81052078a3fa7ddccf6c3d13d25230ebeeea8344?s=96&d=mm&r=g\",\"contentUrl\":\"https:\\\/\\\/secure.gravatar.com\\\/avatar\\\/2aab4d2ca365cd79a4eb712e81052078a3fa7ddccf6c3d13d25230ebeeea8344?s=96&d=mm&r=g\",\"caption\":\"semeniuk\"},\"url\":\"https:\\\/\\\/www.interreg6a.net\\\/pl\\\/author\\\/semeniuk\\\/\"}]}<\/script>\n<!-- \/ Yoast SEO plugin. -->","yoast_head_json":{"title":"Polsko-Niemieckie Dni Wsp\u00f3\u0142pracy 2023 - Interreg VI A MV\/BB\/PL","robots":{"index":"index","follow":"follow","max-snippet":"max-snippet:-1","max-image-preview":"max-image-preview:large","max-video-preview":"max-video-preview:-1"},"canonical":"https:\/\/www.interreg6a.net\/pl\/polsko-niemieckie-dni-wspolpracy-2023\/","og_locale":"pl_PL","og_type":"article","og_title":"Polsko-Niemieckie Dni Wsp\u00f3\u0142pracy 2023 - Interreg VI A MV\/BB\/PL","og_url":"https:\/\/www.interreg6a.net\/pl\/polsko-niemieckie-dni-wspolpracy-2023\/","og_site_name":"Interreg VI A MV\/BB\/PL","article_published_time":"2023-09-22T08:17:08+00:00","article_modified_time":"2023-10-06T13:03:56+00:00","og_image":[{"width":475,"height":355,"url":"https:\/\/www.interreg6a.net\/wp-content\/uploads\/2023\/09\/DWPL-1.jpg","type":"image\/jpeg"}],"author":"semeniuk","twitter_card":"summary_large_image","twitter_misc":{"Napisane przez":"semeniuk","Szacowany czas czytania":"5 minut"},"schema":{"@context":"https:\/\/schema.org","@graph":[{"@type":"Article","@id":"https:\/\/www.interreg6a.net\/pl\/polsko-niemieckie-dni-wspolpracy-2023\/#article","isPartOf":{"@id":"https:\/\/www.interreg6a.net\/pl\/polsko-niemieckie-dni-wspolpracy-2023\/"},"author":{"name":"semeniuk","@id":"https:\/\/www.interreg6a.net\/pl\/#\/schema\/person\/4c87761287b75456c2ed5cfbf95e4e8b"},"headline":"Polsko-Niemieckie Dni Wsp\u00f3\u0142pracy 2023","datePublished":"2023-09-22T08:17:08+00:00","dateModified":"2023-10-06T13:03:56+00:00","mainEntityOfPage":{"@id":"https:\/\/www.interreg6a.net\/pl\/polsko-niemieckie-dni-wspolpracy-2023\/"},"wordCount":1886,"image":{"@id":"https:\/\/www.interreg6a.net\/pl\/polsko-niemieckie-dni-wspolpracy-2023\/#primaryimage"},"thumbnailUrl":"https:\/\/www.interreg6a.net\/wp-content\/uploads\/2023\/09\/DWPL-1.jpg","articleSection":["Aktualno\u015bci"],"inLanguage":"pl-PL"},{"@type":"WebPage","@id":"https:\/\/www.interreg6a.net\/pl\/polsko-niemieckie-dni-wspolpracy-2023\/","url":"https:\/\/www.interreg6a.net\/pl\/polsko-niemieckie-dni-wspolpracy-2023\/","name":"Polsko-Niemieckie Dni Wsp\u00f3\u0142pracy 2023 - Interreg VI A MV\/BB\/PL","isPartOf":{"@id":"https:\/\/www.interreg6a.net\/pl\/#website"},"primaryImageOfPage":{"@id":"https:\/\/www.interreg6a.net\/pl\/polsko-niemieckie-dni-wspolpracy-2023\/#primaryimage"},"image":{"@id":"https:\/\/www.interreg6a.net\/pl\/polsko-niemieckie-dni-wspolpracy-2023\/#primaryimage"},"thumbnailUrl":"https:\/\/www.interreg6a.net\/wp-content\/uploads\/2023\/09\/DWPL-1.jpg","datePublished":"2023-09-22T08:17:08+00:00","dateModified":"2023-10-06T13:03:56+00:00","author":{"@id":"https:\/\/www.interreg6a.net\/pl\/#\/schema\/person\/4c87761287b75456c2ed5cfbf95e4e8b"},"breadcrumb":{"@id":"https:\/\/www.interreg6a.net\/pl\/polsko-niemieckie-dni-wspolpracy-2023\/#breadcrumb"},"inLanguage":"pl-PL","potentialAction":[{"@type":"ReadAction","target":["https:\/\/www.interreg6a.net\/pl\/polsko-niemieckie-dni-wspolpracy-2023\/"]}]},{"@type":"ImageObject","inLanguage":"pl-PL","@id":"https:\/\/www.interreg6a.net\/pl\/polsko-niemieckie-dni-wspolpracy-2023\/#primaryimage","url":"https:\/\/www.interreg6a.net\/wp-content\/uploads\/2023\/09\/DWPL-1.jpg","contentUrl":"https:\/\/www.interreg6a.net\/wp-content\/uploads\/2023\/09\/DWPL-1.jpg","width":475,"height":355},{"@type":"BreadcrumbList","@id":"https:\/\/www.interreg6a.net\/pl\/polsko-niemieckie-dni-wspolpracy-2023\/#breadcrumb","itemListElement":[{"@type":"ListItem","position":1,"name":"Strona g\u0142\u00f3wna","item":"https:\/\/www.interreg6a.net\/pl\/"},{"@type":"ListItem","position":2,"name":"Polsko-Niemieckie Dni Wsp\u00f3\u0142pracy 2023"}]},{"@type":"WebSite","@id":"https:\/\/www.interreg6a.net\/pl\/#website","url":"https:\/\/www.interreg6a.net\/pl\/","name":"Interreg VI A MV\/BB\/PL","description":"","potentialAction":[{"@type":"SearchAction","target":{"@type":"EntryPoint","urlTemplate":"https:\/\/www.interreg6a.net\/pl\/?s={search_term_string}"},"query-input":{"@type":"PropertyValueSpecification","valueRequired":true,"valueName":"search_term_string"}}],"inLanguage":"pl-PL"},{"@type":"Person","@id":"https:\/\/www.interreg6a.net\/pl\/#\/schema\/person\/4c87761287b75456c2ed5cfbf95e4e8b","name":"semeniuk","image":{"@type":"ImageObject","inLanguage":"pl-PL","@id":"https:\/\/secure.gravatar.com\/avatar\/2aab4d2ca365cd79a4eb712e81052078a3fa7ddccf6c3d13d25230ebeeea8344?s=96&d=mm&r=g","url":"https:\/\/secure.gravatar.com\/avatar\/2aab4d2ca365cd79a4eb712e81052078a3fa7ddccf6c3d13d25230ebeeea8344?s=96&d=mm&r=g","contentUrl":"https:\/\/secure.gravatar.com\/avatar\/2aab4d2ca365cd79a4eb712e81052078a3fa7ddccf6c3d13d25230ebeeea8344?s=96&d=mm&r=g","caption":"semeniuk"},"url":"https:\/\/www.interreg6a.net\/pl\/author\/semeniuk\/"}]}},"_links":{"self":[{"href":"https:\/\/www.interreg6a.net\/pl\/wp-json\/wp\/v2\/posts\/10474","targetHints":{"allow":["GET"]}}],"collection":[{"href":"https:\/\/www.interreg6a.net\/pl\/wp-json\/wp\/v2\/posts"}],"about":[{"href":"https:\/\/www.interreg6a.net\/pl\/wp-json\/wp\/v2\/types\/post"}],"author":[{"embeddable":true,"href":"https:\/\/www.interreg6a.net\/pl\/wp-json\/wp\/v2\/users\/25"}],"replies":[{"embeddable":true,"href":"https:\/\/www.interreg6a.net\/pl\/wp-json\/wp\/v2\/comments?post=10474"}],"version-history":[{"count":10,"href":"https:\/\/www.interreg6a.net\/pl\/wp-json\/wp\/v2\/posts\/10474\/revisions"}],"predecessor-version":[{"id":10636,"href":"https:\/\/www.interreg6a.net\/pl\/wp-json\/wp\/v2\/posts\/10474\/revisions\/10636"}],"wp:featuredmedia":[{"embeddable":true,"href":"https:\/\/www.interreg6a.net\/pl\/wp-json\/wp\/v2\/media\/10544"}],"wp:attachment":[{"href":"https:\/\/www.interreg6a.net\/pl\/wp-json\/wp\/v2\/media?parent=10474"}],"wp:term":[{"taxonomy":"category","embeddable":true,"href":"https:\/\/www.interreg6a.net\/pl\/wp-json\/wp\/v2\/categories?post=10474"},{"taxonomy":"post_tag","embeddable":true,"href":"https:\/\/www.interreg6a.net\/pl\/wp-json\/wp\/v2\/tags?post=10474"}],"curies":[{"name":"wp","href":"https:\/\/api.w.org\/{rel}","templated":true}]}}