{"id":10540,"date":"2023-10-02T13:06:52","date_gmt":"2023-10-02T11:06:52","guid":{"rendered":"https:\/\/www.interreg6a.net\/wyniki-konkursu-fotograficznego-interreg-cooperation-day-2023\/"},"modified":"2023-12-01T13:45:17","modified_gmt":"2023-12-01T12:45:17","slug":"wyniki-konkursu-fotograficznego-interreg-cooperation-day-2023","status":"publish","type":"post","link":"https:\/\/www.interreg6a.net\/pl\/wyniki-konkursu-fotograficznego-interreg-cooperation-day-2023\/","title":{"rendered":"Wyniki konkursu fotograficznego &#8211; Interreg Cooperation Day 2023"},"content":{"rendered":"<div class=\"fusion-fullwidth fullwidth-box fusion-builder-row-1 fusion-flex-container has-pattern-background has-mask-background nonhundred-percent-fullwidth non-hundred-percent-height-scrolling\" style=\"--awb-border-radius-top-left:0px;--awb-border-radius-top-right:0px;--awb-border-radius-bottom-right:0px;--awb-border-radius-bottom-left:0px;--awb-flex-wrap:wrap;\" ><div class=\"fusion-builder-row fusion-row fusion-flex-align-items-flex-start fusion-flex-content-wrap\" style=\"max-width:1586px;margin-left: calc(-4% \/ 2 );margin-right: calc(-4% \/ 2 );\"><div class=\"fusion-layout-column fusion_builder_column fusion-builder-column-0 fusion_builder_column_1_1 1_1 fusion-flex-column\" style=\"--awb-bg-size:cover;--awb-width-large:100%;--awb-margin-top-large:0px;--awb-spacing-right-large:1.92%;--awb-margin-bottom-large:20px;--awb-spacing-left-large:1.92%;--awb-width-medium:100%;--awb-order-medium:0;--awb-spacing-right-medium:1.92%;--awb-spacing-left-medium:1.92%;--awb-width-small:100%;--awb-order-small:0;--awb-spacing-right-small:1.92%;--awb-spacing-left-small:1.92%;\"><div class=\"fusion-column-wrapper fusion-column-has-shadow fusion-flex-justify-content-flex-start fusion-content-layout-column\"><div class=\"fusion-title title fusion-title-1 fusion-sep-none fusion-title-text fusion-title-size-one\" style=\"--awb-margin-top-small:10px;--awb-margin-right-small:0px;--awb-margin-bottom-small:10px;--awb-margin-left-small:0px;\"><h1 class=\"fusion-title-heading title-heading-left\" style=\"margin:0;\">Wyniki konkursu fotograficznego &#8211; Interreg Cooperation Day 2023<\/h1><\/div><div class=\"fusion-text fusion-text-1\"><p>Dzie\u0144 Wsp\u00f3\u0142pracy Program\u00f3w Interreg jest \u015bwi\u0119tem program\u00f3w transgranicznych i transnarodowych w ca\u0142ej Europie.<\/p>\n<p>W ramach obchod\u00f3w IC-Day 2023, Wsp\u00f3lny Sekretariat zorganizowa\u0142 <a href=\"https:\/\/www.interreg6a.net\/pl\/konkurs-fotograficzny\/\">konkurs fotograficzny<\/a>, kt\u00f3ry trwa\u0142 od 9 maja do 21 wrze\u015bnia 2023 r.<\/p>\n<p>Ka\u017cdego dnia otrzymujemy pozytywne przyk\u0142ady zaanga\u017cowania partner\u00f3w projekt\u00f3w. Chcieliby\u015bmy pokaza\u0107 sukcesy i zakres dzia\u0142ania Programu Interreg. Dzi\u0119ki nades\u0142anym zdj\u0119ciom uda\u0142o si\u0119 to we wspania\u0142y spos\u00f3b. Dzi\u0119ki zg\u0142oszonym zdj\u0119ciom wspaniale si\u0119 to uda\u0142o. Komisja polsko-niemiecka wybra\u0142a 3 najlepsze prace:<\/p>\n<\/div><div class=\"fusion-image-element \" style=\"--awb-margin-top:15px;--awb-caption-title-font-family:var(--h2_typography-font-family);--awb-caption-title-font-weight:var(--h2_typography-font-weight);--awb-caption-title-font-style:var(--h2_typography-font-style);--awb-caption-title-size:var(--h2_typography-font-size);--awb-caption-title-transform:var(--h2_typography-text-transform);--awb-caption-title-line-height:var(--h2_typography-line-height);--awb-caption-title-letter-spacing:var(--h2_typography-letter-spacing);\"><span class=\" fusion-imageframe imageframe-none imageframe-1 hover-type-none\"><img decoding=\"async\" width=\"1024\" height=\"683\" title=\"1\" src=\"https:\/\/www.interreg6a.net\/wp-content\/uploads\/2023\/10\/1-1024x683.jpg\" alt class=\"img-responsive wp-image-10521\" srcset=\"https:\/\/www.interreg6a.net\/wp-content\/uploads\/2023\/10\/1-200x133.jpg 200w, https:\/\/www.interreg6a.net\/wp-content\/uploads\/2023\/10\/1-400x267.jpg 400w, https:\/\/www.interreg6a.net\/wp-content\/uploads\/2023\/10\/1-600x400.jpg 600w, https:\/\/www.interreg6a.net\/wp-content\/uploads\/2023\/10\/1-800x533.jpg 800w, https:\/\/www.interreg6a.net\/wp-content\/uploads\/2023\/10\/1-1200x800.jpg 1200w\" sizes=\"(max-width: 575px) 100vw, 1024px\" \/><\/span><\/div><div class=\"fusion-text fusion-text-2\"><p>Amt Gartz (Oder) &#8211; Projekt Funduszu Ma\u0142ych Projekt\u00f3w Interreg V A: Polsko-niemiecki festyn przy mo\u015bcie w Mescherin<\/p>\n<\/div><div class=\"fusion-image-element \" style=\"--awb-margin-top:30px;--awb-caption-title-font-family:var(--h2_typography-font-family);--awb-caption-title-font-weight:var(--h2_typography-font-weight);--awb-caption-title-font-style:var(--h2_typography-font-style);--awb-caption-title-size:var(--h2_typography-font-size);--awb-caption-title-transform:var(--h2_typography-text-transform);--awb-caption-title-line-height:var(--h2_typography-line-height);--awb-caption-title-letter-spacing:var(--h2_typography-letter-spacing);\"><span class=\" fusion-imageframe imageframe-none imageframe-2 hover-type-none\"><img decoding=\"async\" width=\"1024\" height=\"683\" title=\"2\" src=\"https:\/\/www.interreg6a.net\/wp-content\/uploads\/2023\/10\/2-1024x683.jpg\" alt class=\"img-responsive wp-image-10523\" srcset=\"https:\/\/www.interreg6a.net\/wp-content\/uploads\/2023\/10\/2-200x133.jpg 200w, https:\/\/www.interreg6a.net\/wp-content\/uploads\/2023\/10\/2-400x267.jpg 400w, https:\/\/www.interreg6a.net\/wp-content\/uploads\/2023\/10\/2-600x400.jpg 600w, https:\/\/www.interreg6a.net\/wp-content\/uploads\/2023\/10\/2-800x533.jpg 800w, https:\/\/www.interreg6a.net\/wp-content\/uploads\/2023\/10\/2-1200x800.jpg 1200w\" sizes=\"(max-width: 575px) 100vw, 1024px\" \/><\/span><\/div><div class=\"fusion-text fusion-text-3\"><p>Gmina Miasto Szczecin &#8211; Nauczanie j\u0119zyka s\u0105siada od przedszkola do zako\u0144czenia edukacji \u2013 kluczem do komunikacji w Euroregionie Pomerania<\/p>\n<\/div><div class=\"fusion-image-element \" style=\"--awb-margin-top:30px;--awb-caption-title-font-family:var(--h2_typography-font-family);--awb-caption-title-font-weight:var(--h2_typography-font-weight);--awb-caption-title-font-style:var(--h2_typography-font-style);--awb-caption-title-size:var(--h2_typography-font-size);--awb-caption-title-transform:var(--h2_typography-text-transform);--awb-caption-title-line-height:var(--h2_typography-line-height);--awb-caption-title-letter-spacing:var(--h2_typography-letter-spacing);\"><span class=\" fusion-imageframe imageframe-none imageframe-3 hover-type-none\"><img decoding=\"async\" width=\"1024\" height=\"643\" title=\"3\" src=\"https:\/\/www.interreg6a.net\/wp-content\/uploads\/2023\/10\/3-1024x643.jpg\" alt class=\"img-responsive wp-image-10525\" srcset=\"https:\/\/www.interreg6a.net\/wp-content\/uploads\/2023\/10\/3-200x126.jpg 200w, https:\/\/www.interreg6a.net\/wp-content\/uploads\/2023\/10\/3-400x251.jpg 400w, https:\/\/www.interreg6a.net\/wp-content\/uploads\/2023\/10\/3-600x377.jpg 600w, https:\/\/www.interreg6a.net\/wp-content\/uploads\/2023\/10\/3-800x502.jpg 800w, https:\/\/www.interreg6a.net\/wp-content\/uploads\/2023\/10\/3-1200x754.jpg 1200w\" sizes=\"(max-width: 575px) 100vw, 1024px\" \/><\/span><\/div><div class=\"fusion-text fusion-text-4 fusion-text-no-margin\" style=\"--awb-margin-bottom:30px;\"><p>Komenda Miejska Policji w Szczecinie &#8211; Monitoring akwen\u00f3w wodnych na terenie Pomorza Zachodniego i Meklemburgii Pomorza Przedniego<\/p>\n<\/div><div class=\"fusion-text fusion-text-5\"><p>Dzi\u0119kujemy wszystkim uczestnikom konkursu.<\/p>\n<p><strong>Zwyci\u0119zcom gratulujemy!<\/strong><\/p>\n<\/div><\/div><\/div><\/div><\/div>\n","protected":false},"excerpt":{"rendered":"","protected":false},"author":25,"featured_media":10531,"comment_status":"closed","ping_status":"closed","sticky":false,"template":"","format":"standard","meta":{"_price":"","_stock":"","_tribe_ticket_header":"","_tribe_default_ticket_provider":"","_tribe_ticket_capacity":"0","_ticket_start_date":"","_ticket_end_date":"","_tribe_ticket_show_description":"","_tribe_ticket_show_not_going":false,"_tribe_ticket_use_global_stock":"","_tribe_ticket_global_stock_level":"","_global_stock_mode":"","_global_stock_cap":"","_tribe_rsvp_for_event":"","_tribe_ticket_going_count":"","_tribe_ticket_not_going_count":"","_tribe_tickets_list":"[]","_tribe_ticket_has_attendee_info_fields":false,"footnotes":""},"categories":[20,70],"tags":[],"class_list":["post-10540","post","type-post","status-publish","format-standard","has-post-thumbnail","hentry","category-aktualnosci","category-ec-day_pl"],"yoast_head":"<!-- This site is optimized with the Yoast SEO plugin v27.3 - https:\/\/yoast.com\/product\/yoast-seo-wordpress\/ -->\n<title>Wyniki konkursu fotograficznego - Interreg Cooperation Day 2023 - Interreg VI A MV\/BB\/PL<\/title>\n<meta name=\"robots\" content=\"index, follow, max-snippet:-1, max-image-preview:large, max-video-preview:-1\" \/>\n<link rel=\"canonical\" href=\"https:\/\/www.interreg6a.net\/pl\/wyniki-konkursu-fotograficznego-interreg-cooperation-day-2023\/\" \/>\n<meta property=\"og:locale\" content=\"pl_PL\" \/>\n<meta property=\"og:type\" content=\"article\" \/>\n<meta property=\"og:title\" content=\"Wyniki konkursu fotograficznego - Interreg Cooperation Day 2023 - Interreg VI A MV\/BB\/PL\" \/>\n<meta property=\"og:url\" content=\"https:\/\/www.interreg6a.net\/pl\/wyniki-konkursu-fotograficznego-interreg-cooperation-day-2023\/\" \/>\n<meta property=\"og:site_name\" content=\"Interreg VI A MV\/BB\/PL\" \/>\n<meta property=\"article:published_time\" content=\"2023-10-02T11:06:52+00:00\" \/>\n<meta property=\"article:modified_time\" content=\"2023-12-01T12:45:17+00:00\" \/>\n<meta property=\"og:image\" content=\"https:\/\/www.interreg6a.net\/wp-content\/uploads\/2023\/10\/Fotowettbewerb_Results.png\" \/>\n\t<meta property=\"og:image:width\" content=\"604\" \/>\n\t<meta property=\"og:image:height\" content=\"445\" \/>\n\t<meta property=\"og:image:type\" content=\"image\/png\" \/>\n<meta name=\"author\" content=\"semeniuk\" \/>\n<meta name=\"twitter:card\" content=\"summary_large_image\" \/>\n<meta name=\"twitter:label1\" content=\"Napisane przez\" \/>\n\t<meta name=\"twitter:data1\" content=\"semeniuk\" \/>\n\t<meta name=\"twitter:label2\" content=\"Szacowany czas czytania\" \/>\n\t<meta name=\"twitter:data2\" content=\"6 minut\" \/>\n<script type=\"application\/ld+json\" class=\"yoast-schema-graph\">{\"@context\":\"https:\\\/\\\/schema.org\",\"@graph\":[{\"@type\":\"Article\",\"@id\":\"https:\\\/\\\/www.interreg6a.net\\\/pl\\\/wyniki-konkursu-fotograficznego-interreg-cooperation-day-2023\\\/#article\",\"isPartOf\":{\"@id\":\"https:\\\/\\\/www.interreg6a.net\\\/pl\\\/wyniki-konkursu-fotograficznego-interreg-cooperation-day-2023\\\/\"},\"author\":{\"name\":\"semeniuk\",\"@id\":\"https:\\\/\\\/www.interreg6a.net\\\/pl\\\/#\\\/schema\\\/person\\\/4c87761287b75456c2ed5cfbf95e4e8b\"},\"headline\":\"Wyniki konkursu fotograficznego &#8211; Interreg Cooperation Day 2023\",\"datePublished\":\"2023-10-02T11:06:52+00:00\",\"dateModified\":\"2023-12-01T12:45:17+00:00\",\"mainEntityOfPage\":{\"@id\":\"https:\\\/\\\/www.interreg6a.net\\\/pl\\\/wyniki-konkursu-fotograficznego-interreg-cooperation-day-2023\\\/\"},\"wordCount\":2260,\"image\":{\"@id\":\"https:\\\/\\\/www.interreg6a.net\\\/pl\\\/wyniki-konkursu-fotograficznego-interreg-cooperation-day-2023\\\/#primaryimage\"},\"thumbnailUrl\":\"https:\\\/\\\/www.interreg6a.net\\\/wp-content\\\/uploads\\\/2023\\\/10\\\/Fotowettbewerb_Results.png\",\"articleSection\":[\"Aktualno\u015bci\",\"EC Day_pl\"],\"inLanguage\":\"pl-PL\"},{\"@type\":\"WebPage\",\"@id\":\"https:\\\/\\\/www.interreg6a.net\\\/pl\\\/wyniki-konkursu-fotograficznego-interreg-cooperation-day-2023\\\/\",\"url\":\"https:\\\/\\\/www.interreg6a.net\\\/pl\\\/wyniki-konkursu-fotograficznego-interreg-cooperation-day-2023\\\/\",\"name\":\"Wyniki konkursu fotograficznego - Interreg Cooperation Day 2023 - Interreg VI A MV\\\/BB\\\/PL\",\"isPartOf\":{\"@id\":\"https:\\\/\\\/www.interreg6a.net\\\/pl\\\/#website\"},\"primaryImageOfPage\":{\"@id\":\"https:\\\/\\\/www.interreg6a.net\\\/pl\\\/wyniki-konkursu-fotograficznego-interreg-cooperation-day-2023\\\/#primaryimage\"},\"image\":{\"@id\":\"https:\\\/\\\/www.interreg6a.net\\\/pl\\\/wyniki-konkursu-fotograficznego-interreg-cooperation-day-2023\\\/#primaryimage\"},\"thumbnailUrl\":\"https:\\\/\\\/www.interreg6a.net\\\/wp-content\\\/uploads\\\/2023\\\/10\\\/Fotowettbewerb_Results.png\",\"datePublished\":\"2023-10-02T11:06:52+00:00\",\"dateModified\":\"2023-12-01T12:45:17+00:00\",\"author\":{\"@id\":\"https:\\\/\\\/www.interreg6a.net\\\/pl\\\/#\\\/schema\\\/person\\\/4c87761287b75456c2ed5cfbf95e4e8b\"},\"breadcrumb\":{\"@id\":\"https:\\\/\\\/www.interreg6a.net\\\/pl\\\/wyniki-konkursu-fotograficznego-interreg-cooperation-day-2023\\\/#breadcrumb\"},\"inLanguage\":\"pl-PL\",\"potentialAction\":[{\"@type\":\"ReadAction\",\"target\":[\"https:\\\/\\\/www.interreg6a.net\\\/pl\\\/wyniki-konkursu-fotograficznego-interreg-cooperation-day-2023\\\/\"]}]},{\"@type\":\"ImageObject\",\"inLanguage\":\"pl-PL\",\"@id\":\"https:\\\/\\\/www.interreg6a.net\\\/pl\\\/wyniki-konkursu-fotograficznego-interreg-cooperation-day-2023\\\/#primaryimage\",\"url\":\"https:\\\/\\\/www.interreg6a.net\\\/wp-content\\\/uploads\\\/2023\\\/10\\\/Fotowettbewerb_Results.png\",\"contentUrl\":\"https:\\\/\\\/www.interreg6a.net\\\/wp-content\\\/uploads\\\/2023\\\/10\\\/Fotowettbewerb_Results.png\",\"width\":604,\"height\":445},{\"@type\":\"BreadcrumbList\",\"@id\":\"https:\\\/\\\/www.interreg6a.net\\\/pl\\\/wyniki-konkursu-fotograficznego-interreg-cooperation-day-2023\\\/#breadcrumb\",\"itemListElement\":[{\"@type\":\"ListItem\",\"position\":1,\"name\":\"Strona g\u0142\u00f3wna\",\"item\":\"https:\\\/\\\/www.interreg6a.net\\\/pl\\\/\"},{\"@type\":\"ListItem\",\"position\":2,\"name\":\"Wyniki konkursu fotograficznego &#8211; Interreg Cooperation Day 2023\"}]},{\"@type\":\"WebSite\",\"@id\":\"https:\\\/\\\/www.interreg6a.net\\\/pl\\\/#website\",\"url\":\"https:\\\/\\\/www.interreg6a.net\\\/pl\\\/\",\"name\":\"Interreg VI A MV\\\/BB\\\/PL\",\"description\":\"\",\"potentialAction\":[{\"@type\":\"SearchAction\",\"target\":{\"@type\":\"EntryPoint\",\"urlTemplate\":\"https:\\\/\\\/www.interreg6a.net\\\/pl\\\/?s={search_term_string}\"},\"query-input\":{\"@type\":\"PropertyValueSpecification\",\"valueRequired\":true,\"valueName\":\"search_term_string\"}}],\"inLanguage\":\"pl-PL\"},{\"@type\":\"Person\",\"@id\":\"https:\\\/\\\/www.interreg6a.net\\\/pl\\\/#\\\/schema\\\/person\\\/4c87761287b75456c2ed5cfbf95e4e8b\",\"name\":\"semeniuk\",\"image\":{\"@type\":\"ImageObject\",\"inLanguage\":\"pl-PL\",\"@id\":\"https:\\\/\\\/secure.gravatar.com\\\/avatar\\\/2aab4d2ca365cd79a4eb712e81052078a3fa7ddccf6c3d13d25230ebeeea8344?s=96&d=mm&r=g\",\"url\":\"https:\\\/\\\/secure.gravatar.com\\\/avatar\\\/2aab4d2ca365cd79a4eb712e81052078a3fa7ddccf6c3d13d25230ebeeea8344?s=96&d=mm&r=g\",\"contentUrl\":\"https:\\\/\\\/secure.gravatar.com\\\/avatar\\\/2aab4d2ca365cd79a4eb712e81052078a3fa7ddccf6c3d13d25230ebeeea8344?s=96&d=mm&r=g\",\"caption\":\"semeniuk\"},\"url\":\"https:\\\/\\\/www.interreg6a.net\\\/pl\\\/author\\\/semeniuk\\\/\"}]}<\/script>\n<!-- \/ Yoast SEO plugin. -->","yoast_head_json":{"title":"Wyniki konkursu fotograficznego - Interreg Cooperation Day 2023 - Interreg VI A MV\/BB\/PL","robots":{"index":"index","follow":"follow","max-snippet":"max-snippet:-1","max-image-preview":"max-image-preview:large","max-video-preview":"max-video-preview:-1"},"canonical":"https:\/\/www.interreg6a.net\/pl\/wyniki-konkursu-fotograficznego-interreg-cooperation-day-2023\/","og_locale":"pl_PL","og_type":"article","og_title":"Wyniki konkursu fotograficznego - Interreg Cooperation Day 2023 - Interreg VI A MV\/BB\/PL","og_url":"https:\/\/www.interreg6a.net\/pl\/wyniki-konkursu-fotograficznego-interreg-cooperation-day-2023\/","og_site_name":"Interreg VI A MV\/BB\/PL","article_published_time":"2023-10-02T11:06:52+00:00","article_modified_time":"2023-12-01T12:45:17+00:00","og_image":[{"width":604,"height":445,"url":"https:\/\/www.interreg6a.net\/wp-content\/uploads\/2023\/10\/Fotowettbewerb_Results.png","type":"image\/png"}],"author":"semeniuk","twitter_card":"summary_large_image","twitter_misc":{"Napisane przez":"semeniuk","Szacowany czas czytania":"6 minut"},"schema":{"@context":"https:\/\/schema.org","@graph":[{"@type":"Article","@id":"https:\/\/www.interreg6a.net\/pl\/wyniki-konkursu-fotograficznego-interreg-cooperation-day-2023\/#article","isPartOf":{"@id":"https:\/\/www.interreg6a.net\/pl\/wyniki-konkursu-fotograficznego-interreg-cooperation-day-2023\/"},"author":{"name":"semeniuk","@id":"https:\/\/www.interreg6a.net\/pl\/#\/schema\/person\/4c87761287b75456c2ed5cfbf95e4e8b"},"headline":"Wyniki konkursu fotograficznego &#8211; Interreg Cooperation Day 2023","datePublished":"2023-10-02T11:06:52+00:00","dateModified":"2023-12-01T12:45:17+00:00","mainEntityOfPage":{"@id":"https:\/\/www.interreg6a.net\/pl\/wyniki-konkursu-fotograficznego-interreg-cooperation-day-2023\/"},"wordCount":2260,"image":{"@id":"https:\/\/www.interreg6a.net\/pl\/wyniki-konkursu-fotograficznego-interreg-cooperation-day-2023\/#primaryimage"},"thumbnailUrl":"https:\/\/www.interreg6a.net\/wp-content\/uploads\/2023\/10\/Fotowettbewerb_Results.png","articleSection":["Aktualno\u015bci","EC Day_pl"],"inLanguage":"pl-PL"},{"@type":"WebPage","@id":"https:\/\/www.interreg6a.net\/pl\/wyniki-konkursu-fotograficznego-interreg-cooperation-day-2023\/","url":"https:\/\/www.interreg6a.net\/pl\/wyniki-konkursu-fotograficznego-interreg-cooperation-day-2023\/","name":"Wyniki konkursu fotograficznego - Interreg Cooperation Day 2023 - Interreg VI A MV\/BB\/PL","isPartOf":{"@id":"https:\/\/www.interreg6a.net\/pl\/#website"},"primaryImageOfPage":{"@id":"https:\/\/www.interreg6a.net\/pl\/wyniki-konkursu-fotograficznego-interreg-cooperation-day-2023\/#primaryimage"},"image":{"@id":"https:\/\/www.interreg6a.net\/pl\/wyniki-konkursu-fotograficznego-interreg-cooperation-day-2023\/#primaryimage"},"thumbnailUrl":"https:\/\/www.interreg6a.net\/wp-content\/uploads\/2023\/10\/Fotowettbewerb_Results.png","datePublished":"2023-10-02T11:06:52+00:00","dateModified":"2023-12-01T12:45:17+00:00","author":{"@id":"https:\/\/www.interreg6a.net\/pl\/#\/schema\/person\/4c87761287b75456c2ed5cfbf95e4e8b"},"breadcrumb":{"@id":"https:\/\/www.interreg6a.net\/pl\/wyniki-konkursu-fotograficznego-interreg-cooperation-day-2023\/#breadcrumb"},"inLanguage":"pl-PL","potentialAction":[{"@type":"ReadAction","target":["https:\/\/www.interreg6a.net\/pl\/wyniki-konkursu-fotograficznego-interreg-cooperation-day-2023\/"]}]},{"@type":"ImageObject","inLanguage":"pl-PL","@id":"https:\/\/www.interreg6a.net\/pl\/wyniki-konkursu-fotograficznego-interreg-cooperation-day-2023\/#primaryimage","url":"https:\/\/www.interreg6a.net\/wp-content\/uploads\/2023\/10\/Fotowettbewerb_Results.png","contentUrl":"https:\/\/www.interreg6a.net\/wp-content\/uploads\/2023\/10\/Fotowettbewerb_Results.png","width":604,"height":445},{"@type":"BreadcrumbList","@id":"https:\/\/www.interreg6a.net\/pl\/wyniki-konkursu-fotograficznego-interreg-cooperation-day-2023\/#breadcrumb","itemListElement":[{"@type":"ListItem","position":1,"name":"Strona g\u0142\u00f3wna","item":"https:\/\/www.interreg6a.net\/pl\/"},{"@type":"ListItem","position":2,"name":"Wyniki konkursu fotograficznego &#8211; Interreg Cooperation Day 2023"}]},{"@type":"WebSite","@id":"https:\/\/www.interreg6a.net\/pl\/#website","url":"https:\/\/www.interreg6a.net\/pl\/","name":"Interreg VI A MV\/BB\/PL","description":"","potentialAction":[{"@type":"SearchAction","target":{"@type":"EntryPoint","urlTemplate":"https:\/\/www.interreg6a.net\/pl\/?s={search_term_string}"},"query-input":{"@type":"PropertyValueSpecification","valueRequired":true,"valueName":"search_term_string"}}],"inLanguage":"pl-PL"},{"@type":"Person","@id":"https:\/\/www.interreg6a.net\/pl\/#\/schema\/person\/4c87761287b75456c2ed5cfbf95e4e8b","name":"semeniuk","image":{"@type":"ImageObject","inLanguage":"pl-PL","@id":"https:\/\/secure.gravatar.com\/avatar\/2aab4d2ca365cd79a4eb712e81052078a3fa7ddccf6c3d13d25230ebeeea8344?s=96&d=mm&r=g","url":"https:\/\/secure.gravatar.com\/avatar\/2aab4d2ca365cd79a4eb712e81052078a3fa7ddccf6c3d13d25230ebeeea8344?s=96&d=mm&r=g","contentUrl":"https:\/\/secure.gravatar.com\/avatar\/2aab4d2ca365cd79a4eb712e81052078a3fa7ddccf6c3d13d25230ebeeea8344?s=96&d=mm&r=g","caption":"semeniuk"},"url":"https:\/\/www.interreg6a.net\/pl\/author\/semeniuk\/"}]}},"_links":{"self":[{"href":"https:\/\/www.interreg6a.net\/pl\/wp-json\/wp\/v2\/posts\/10540","targetHints":{"allow":["GET"]}}],"collection":[{"href":"https:\/\/www.interreg6a.net\/pl\/wp-json\/wp\/v2\/posts"}],"about":[{"href":"https:\/\/www.interreg6a.net\/pl\/wp-json\/wp\/v2\/types\/post"}],"author":[{"embeddable":true,"href":"https:\/\/www.interreg6a.net\/pl\/wp-json\/wp\/v2\/users\/25"}],"replies":[{"embeddable":true,"href":"https:\/\/www.interreg6a.net\/pl\/wp-json\/wp\/v2\/comments?post=10540"}],"version-history":[{"count":5,"href":"https:\/\/www.interreg6a.net\/pl\/wp-json\/wp\/v2\/posts\/10540\/revisions"}],"predecessor-version":[{"id":11171,"href":"https:\/\/www.interreg6a.net\/pl\/wp-json\/wp\/v2\/posts\/10540\/revisions\/11171"}],"wp:featuredmedia":[{"embeddable":true,"href":"https:\/\/www.interreg6a.net\/pl\/wp-json\/wp\/v2\/media\/10531"}],"wp:attachment":[{"href":"https:\/\/www.interreg6a.net\/pl\/wp-json\/wp\/v2\/media?parent=10540"}],"wp:term":[{"taxonomy":"category","embeddable":true,"href":"https:\/\/www.interreg6a.net\/pl\/wp-json\/wp\/v2\/categories?post=10540"},{"taxonomy":"post_tag","embeddable":true,"href":"https:\/\/www.interreg6a.net\/pl\/wp-json\/wp\/v2\/tags?post=10540"}],"curies":[{"name":"wp","href":"https:\/\/api.w.org\/{rel}","templated":true}]}}