{"id":10795,"date":"2023-11-03T13:38:01","date_gmt":"2023-11-03T12:38:01","guid":{"rendered":"https:\/\/www.interreg6a.net\/?p=10795"},"modified":"2023-11-10T09:11:14","modified_gmt":"2023-11-10T08:11:14","slug":"konferencja-roczna-interreg-2023","status":"publish","type":"post","link":"https:\/\/www.interreg6a.net\/pl\/konferencja-roczna-interreg-2023\/","title":{"rendered":"Konferencja roczna Interreg 2023"},"content":{"rendered":"<p><div class=\"fusion-fullwidth fullwidth-box fusion-builder-row-1 fusion-flex-container has-pattern-background has-mask-background nonhundred-percent-fullwidth non-hundred-percent-height-scrolling\" style=\"--awb-border-radius-top-left:0px;--awb-border-radius-top-right:0px;--awb-border-radius-bottom-right:0px;--awb-border-radius-bottom-left:0px;--awb-flex-wrap:wrap;\" ><div class=\"fusion-builder-row fusion-row fusion-flex-align-items-flex-start fusion-flex-content-wrap\" style=\"max-width:1586px;margin-left: calc(-4% \/ 2 );margin-right: calc(-4% \/ 2 );\"><div class=\"fusion-layout-column fusion_builder_column fusion-builder-column-0 fusion_builder_column_1_1 1_1 fusion-flex-column\" style=\"--awb-bg-size:cover;--awb-width-large:100%;--awb-margin-top-large:0px;--awb-spacing-right-large:1.92%;--awb-margin-bottom-large:20px;--awb-spacing-left-large:1.92%;--awb-width-medium:100%;--awb-order-medium:0;--awb-spacing-right-medium:1.92%;--awb-spacing-left-medium:1.92%;--awb-width-small:100%;--awb-order-small:0;--awb-spacing-right-small:1.92%;--awb-spacing-left-small:1.92%;\"><div class=\"fusion-column-wrapper fusion-column-has-shadow fusion-flex-justify-content-flex-start fusion-content-layout-column\"><div class=\"fusion-title title fusion-title-1 fusion-sep-none fusion-title-text fusion-title-size-one\" style=\"--awb-margin-top-small:10px;--awb-margin-right-small:0px;--awb-margin-bottom-small:10px;--awb-margin-left-small:0px;\"><h1 class=\"fusion-title-heading title-heading-left\" style=\"margin:0;\">Konferencja roczna Interreg 2023<\/h1><\/div><div class=\"fusion-text fusion-text-1\"><p>W dniach 25-27 pa\u017adziernika w Santiago de Compostela w Hiszpanii odby\u0142o si\u0119 coroczne wydarzenie Komisji Europejskiej, kt\u00f3re po 3 latach ponownie zgromadzi\u0142o wszystkie programy Interreg z ca\u0142ej Europy.<\/p>\n<p>By\u0142a to okazja dla program\u00f3w Interreg do wymiany pogl\u0105d\u00f3w na temat bie\u017c\u0105cej realizacji program\u00f3w, a tak\u017ce do wsp\u00f3lnego zastanowienia si\u0119 nad przysz\u0142o\u015bci\u0105 Interreg po 2027 roku.<\/p>\n<\/div><div class=\"fusion-text fusion-text-2\"><p>Uczestnicy mogli aktywnie uczestniczy\u0107 i dzieli\u0107 si\u0119 swoimi odpowiedziami na pytania takie jak np.:<\/p>\n<ul>\n<li>Co dzia\u0142a dobrze?<\/li>\n<li>Co mo\u017cna zorganizowa\u0107 jeszcze lepiej?<\/li>\n<li>Jak &#8222;Interreg&#8221; mo\u017ce sta\u0107 si\u0119 bardziej widoczny?<\/li>\n<li>Czy &#8222;Interreg&#8221; jest wystarczaj\u0105co elastyczny w czasach kryzysu?<\/li>\n<\/ul>\n<\/div><div class=\"fusion-text fusion-text-3\"><p><a href=\"https:\/\/interreg-annual-event.regio-events.eu\/en\/programme\">Wydarzenie<\/a> by\u0142o r\u00f3wnie\u017c dobr\u0105 okazj\u0105 do spotkania i wymiany do\u015bwiadcze\u0144 podczas wielu bezpo\u015brednich rozm\u00f3w z pracownikami z licznych Wsp\u00f3lnych Sekretariat\u00f3w i Instancji Zarz\u0105dzaj\u0105cych, z Dyrekcji Generalnej ds. Polityki Regionalnej i Rozwoju Miast (DG REGIO) oraz z Interactu.<\/p>\n<\/div><div class=\"fusion-text fusion-text-4\" style=\"--awb-margin-top:20px;\"><p>Nasze dwie kole\u017canki ze Wsp\u00f3lnego Sekretariatu mia\u0142y r\u00f3wnie\u017c okazj\u0119, aby dowiedzie\u0107 si\u0119 na miejscu o projektach finansowanych z programu Interreg POCTEP 2021-2027 (Hiszpania &#8211; Portugalia).<\/p>\n<ul>\n<li>\u2022 Wizyta na miejscu projektu <a href=\"http:\/\/migraminho.org\/\">MIGRA MI\u00d1O MINHO<\/a>: projekt ma na celu popraw\u0119 warunk\u00f3w siedliskowych rzeki MI\u00d1O, kt\u00f3ra przep\u0142ywa zar\u00f3wno przez terytorium Hiszpanii, jak i Portugalii. Projekt wdra\u017ca mi\u0119dzy innymi \u015brodki maj\u0105ce na celu zachowanie populacji ryb w\u0119drownych w celu utrzymania podstaw tradycyjnego rybo\u0142\u00f3wstwa.<\/li>\n<li>\u2022 Wizyta na miejscu projektu EUWT Galicja &#8211; P\u00f3\u0142nocna Portugalia: EUWT zosta\u0142o za\u0142o\u017cone w celu wzmocnienia sp\u00f3jno\u015bci spo\u0142ecznej we wsp\u00f3lnym regionie. Jest inicjatorem projekt\u00f3w, kt\u00f3re \u0142\u0105cz\u0105 odpowiednich partner\u00f3w z ca\u0142ego regionu w celu sprostania wsp\u00f3lnym wyzwaniom w regionie i zapewnienia trwa\u0142o\u015bci rezultat\u00f3w. Zaprezentowano mi\u0119dzy innymi nast\u0119puj\u0105ce <a href=\"https:\/\/www.gnpaect.eu\/portal-transfronterizo\/\">projekty<\/a>:\n<ul>\n<li>NORTEAR: coroczny konkurs literacki<\/li>\n<li>IACOBUS: projekt promuj\u0105cy wsp\u00f3\u0142prac\u0119 mi\u0119dzy naukowcami poprzez finansowanie wizyt badawczych, opracowywanie wsp\u00f3lnych artyku\u0142\u00f3w naukowych i wspieranie wniosk\u00f3w patentowych.<\/li>\n<\/ul>\n<\/li>\n<\/ul>\n<\/div><div class=\"fusion-text fusion-text-5\"><p>Szczeg\u00f3ln\u0105 atrakcj\u0105 by\u0142o wr\u0119czenie nagrody tegorocznemu zwyci\u0119zcy &#8222;Interreg Slam 2023&#8221; w drugim dniu konferencji. 5 finalist\u00f3w zaprezentowa\u0142o na scenie indywidualne projekty ze swoich obszar\u00f3w programowych. Konkurs jest organizowany corocznie w mediach spo\u0142eczno\u015bciowych przez Interact z okazji <a href=\"https:\/\/interregcooperationday.eu\/event\/interreg-slam-2023-social-media-competition\/\">Dnia Wsp\u00f3\u0142pracy Interreg<\/a>.<\/p>\n<\/div><div class=\"fusion-text fusion-text-6\"><p><a href=\"https:\/\/interreg-annual-event.regio-events.eu\/en\/video-recordings\">Materia\u0142y wideo z wydarzenia<\/a><\/p>\n<\/div><div class=\"fusion-text fusion-text-7\" style=\"--awb-margin-top:20px;\"><p>Kilka <strong>wa\u017cnych przes\u0142a\u0144<\/strong>, kt\u00f3re prelegenci przekazali kolegom i kole\u017cankom z Komisji Europejskiej i z program\u00f3w Interreg:<\/p>\n<\/div><div class=\"fusion-text fusion-text-8\"><h5><strong>Elisa FERREIRA<\/strong>, Komisarz UE ds. sp\u00f3jno\u015bci i reform<\/h5>\n<p>&#8222;Wsp\u00f3\u0142praca transgraniczna to jednak znacznie wi\u0119cej ni\u017c tylko instrument czy program. Jest ona istot\u0105 tego, co oznacza bycie Europejczykiem. Nasza Unia opiera si\u0119 na zasadzie, \u017ce narody i regiony nie spotykaj\u0105 si\u0119 ju\u017c na polu walki, ale przy stole wsp\u00f3\u0142pracy. Jako przyjaciele i partnerzy. &#8230; Jeste\u015bmy rodzin\u0105 86 program\u00f3w [Interreg], umo\u017cliwiaj\u0105cych 2 milionom ludzi i 40 tysi\u0105com instytucji w ca\u0142ej Europie wsp\u00f3\u0142prac\u0119 transgraniczn\u0105, budowanie zaufania i popraw\u0119 zdolno\u015bci wsp\u00f3\u0142pracy&#8221;. <a href=\"https:\/\/ec.europa.eu\/commission\/presscorner\/detail\/en\/SPEECH_23_5321\">SPEECH<\/a><\/p>\n<\/div><div class=\"fusion-text fusion-text-9\"><h5><strong>Karl-Heinz LAMBERTZ<\/strong>, przewodnicz\u0105cy Parlamentu Wsp\u00f3lnoty Niemieckoj\u0119zycznej w Belgii<\/h5>\n<p>&#8222;Interreg nie jest rozwi\u0105zaniem uniwersalnym. Wymaga \u015bcis\u0142ej wsp\u00f3\u0142pracy i harmonizacji w zakresie, w jakim zachowana jest wyj\u0105tkowo\u015b\u0107 region\u00f3w, a w programach dla poszczeg\u00f3lnych region\u00f3w mo\u017cna ustali\u0107 w\u0142a\u015bciwe priorytety. Konieczna jest r\u00f3wnie\u017c mo\u017cliwo\u015b\u0107 otwartej dyskusji na temat tego, co jeszcze nie dzia\u0142a, aby wsp\u00f3lnie znale\u017a\u0107 rozwi\u0105zania&#8221;.<\/p>\n<\/div><div class=\"fusion-text fusion-text-10\"><h5><strong>S\u0142awomir TOKARSKI<\/strong>, Dyrektor ds. Europejskiej Wsp\u00f3\u0142pracy Terytorialnej, Makroregion\u00f3w, Interreg i Wdra\u017cania Program\u00f3w I &#8211; DG REGIO<\/h5>\n<p>&#8222;Interreg jest instrumentem wsparcia s\u0105siedztwa. Potrzebujemy dobrych historii, kt\u00f3re nios\u0105 nadziej\u0119 i optymizm!&#8221;<\/p>\n<\/div><\/div><\/div><\/div><\/div><div class=\"fusion-fullwidth fullwidth-box fusion-builder-row-2 fusion-flex-container has-pattern-background has-mask-background nonhundred-percent-fullwidth non-hundred-percent-height-scrolling\" style=\"--awb-border-radius-top-left:0px;--awb-border-radius-top-right:0px;--awb-border-radius-bottom-right:0px;--awb-border-radius-bottom-left:0px;--awb-flex-wrap:wrap;\" ><div class=\"fusion-builder-row fusion-row fusion-flex-align-items-flex-start fusion-flex-content-wrap\" style=\"max-width:1586px;margin-left: calc(-4% \/ 2 );margin-right: calc(-4% \/ 2 );\"><div class=\"fusion-layout-column fusion_builder_column fusion-builder-column-1 fusion_builder_column_1_2 1_2 fusion-flex-column\" style=\"--awb-bg-size:cover;--awb-width-large:50%;--awb-margin-top-large:0px;--awb-spacing-right-large:3.84%;--awb-margin-bottom-large:20px;--awb-spacing-left-large:3.84%;--awb-width-medium:50%;--awb-order-medium:0;--awb-spacing-right-medium:3.84%;--awb-spacing-left-medium:3.84%;--awb-width-small:100%;--awb-order-small:0;--awb-spacing-right-small:1.92%;--awb-spacing-left-small:1.92%;\"><div class=\"fusion-column-wrapper fusion-column-has-shadow fusion-flex-justify-content-flex-start fusion-content-layout-column\"><div class=\"fusion-image-element \" style=\"--awb-margin-bottom:20px;--awb-caption-title-font-family:var(--h2_typography-font-family);--awb-caption-title-font-weight:var(--h2_typography-font-weight);--awb-caption-title-font-style:var(--h2_typography-font-style);--awb-caption-title-size:var(--h2_typography-font-size);--awb-caption-title-transform:var(--h2_typography-text-transform);--awb-caption-title-line-height:var(--h2_typography-line-height);--awb-caption-title-letter-spacing:var(--h2_typography-letter-spacing);\"><span class=\" fusion-imageframe imageframe-none imageframe-1 hover-type-none\"><img decoding=\"async\" width=\"1024\" height=\"573\" title=\"20231026_120922\" src=\"https:\/\/www.interreg6a.net\/wp-content\/uploads\/2023\/11\/20231026_120922-1-1024x573.jpg\" alt class=\"img-responsive wp-image-10764\" srcset=\"https:\/\/www.interreg6a.net\/wp-content\/uploads\/2023\/11\/20231026_120922-1-200x112.jpg 200w, https:\/\/www.interreg6a.net\/wp-content\/uploads\/2023\/11\/20231026_120922-1-400x224.jpg 400w, https:\/\/www.interreg6a.net\/wp-content\/uploads\/2023\/11\/20231026_120922-1-600x336.jpg 600w, https:\/\/www.interreg6a.net\/wp-content\/uploads\/2023\/11\/20231026_120922-1-800x448.jpg 800w, https:\/\/www.interreg6a.net\/wp-content\/uploads\/2023\/11\/20231026_120922-1-1200x672.jpg 1200w\" sizes=\"(max-width: 575px) 100vw, 800px\" \/><\/span><\/div><div class=\"fusion-image-element \" style=\"--awb-margin-bottom:20px;--awb-caption-title-font-family:var(--h2_typography-font-family);--awb-caption-title-font-weight:var(--h2_typography-font-weight);--awb-caption-title-font-style:var(--h2_typography-font-style);--awb-caption-title-size:var(--h2_typography-font-size);--awb-caption-title-transform:var(--h2_typography-text-transform);--awb-caption-title-line-height:var(--h2_typography-line-height);--awb-caption-title-letter-spacing:var(--h2_typography-letter-spacing);\"><span class=\" fusion-imageframe imageframe-none imageframe-2 hover-type-none\"><img decoding=\"async\" width=\"1024\" height=\"590\" title=\"20231025_094110\" src=\"https:\/\/www.interreg6a.net\/wp-content\/uploads\/2023\/11\/20231025_094110-1-1024x590.jpg\" alt class=\"img-responsive wp-image-10762\" srcset=\"https:\/\/www.interreg6a.net\/wp-content\/uploads\/2023\/11\/20231025_094110-1-200x115.jpg 200w, https:\/\/www.interreg6a.net\/wp-content\/uploads\/2023\/11\/20231025_094110-1-400x230.jpg 400w, https:\/\/www.interreg6a.net\/wp-content\/uploads\/2023\/11\/20231025_094110-1-600x346.jpg 600w, https:\/\/www.interreg6a.net\/wp-content\/uploads\/2023\/11\/20231025_094110-1-800x461.jpg 800w, https:\/\/www.interreg6a.net\/wp-content\/uploads\/2023\/11\/20231025_094110-1-1200x691.jpg 1200w\" sizes=\"(max-width: 575px) 100vw, 800px\" \/><\/span><\/div><div class=\"fusion-image-element \" style=\"--awb-caption-title-font-family:var(--h2_typography-font-family);--awb-caption-title-font-weight:var(--h2_typography-font-weight);--awb-caption-title-font-style:var(--h2_typography-font-style);--awb-caption-title-size:var(--h2_typography-font-size);--awb-caption-title-transform:var(--h2_typography-text-transform);--awb-caption-title-line-height:var(--h2_typography-line-height);--awb-caption-title-letter-spacing:var(--h2_typography-letter-spacing);\"><span class=\" fusion-imageframe imageframe-none imageframe-3 hover-type-none\"><img decoding=\"async\" width=\"768\" height=\"1024\" title=\"04DE9837-E7FF-44A5-BB50-04580529909A\" src=\"https:\/\/www.interreg6a.net\/wp-content\/uploads\/2023\/11\/04DE9837-E7FF-44A5-BB50-04580529909A-1-768x1024.jpeg\" alt class=\"img-responsive wp-image-10769\" srcset=\"https:\/\/www.interreg6a.net\/wp-content\/uploads\/2023\/11\/04DE9837-E7FF-44A5-BB50-04580529909A-1-200x267.jpeg 200w, https:\/\/www.interreg6a.net\/wp-content\/uploads\/2023\/11\/04DE9837-E7FF-44A5-BB50-04580529909A-1-400x533.jpeg 400w, https:\/\/www.interreg6a.net\/wp-content\/uploads\/2023\/11\/04DE9837-E7FF-44A5-BB50-04580529909A-1-600x800.jpeg 600w, https:\/\/www.interreg6a.net\/wp-content\/uploads\/2023\/11\/04DE9837-E7FF-44A5-BB50-04580529909A-1-800x1067.jpeg 800w, https:\/\/www.interreg6a.net\/wp-content\/uploads\/2023\/11\/04DE9837-E7FF-44A5-BB50-04580529909A-1-1200x1600.jpeg 1200w, https:\/\/www.interreg6a.net\/wp-content\/uploads\/2023\/11\/04DE9837-E7FF-44A5-BB50-04580529909A-1-scaled.jpeg 1920w\" sizes=\"(max-width: 575px) 100vw, 800px\" \/><\/span><\/div><\/div><\/div><div class=\"fusion-layout-column fusion_builder_column fusion-builder-column-2 fusion_builder_column_1_2 1_2 fusion-flex-column\" style=\"--awb-bg-size:cover;--awb-width-large:50%;--awb-margin-top-large:0px;--awb-spacing-right-large:3.84%;--awb-margin-bottom-large:20px;--awb-spacing-left-large:3.84%;--awb-width-medium:50%;--awb-order-medium:0;--awb-spacing-right-medium:3.84%;--awb-spacing-left-medium:3.84%;--awb-width-small:100%;--awb-order-small:0;--awb-spacing-right-small:1.92%;--awb-spacing-left-small:1.92%;\"><div class=\"fusion-column-wrapper fusion-column-has-shadow fusion-flex-justify-content-flex-start fusion-content-layout-column\"><div class=\"fusion-image-element \" style=\"--awb-margin-bottom:20px;--awb-caption-title-font-family:var(--h2_typography-font-family);--awb-caption-title-font-weight:var(--h2_typography-font-weight);--awb-caption-title-font-style:var(--h2_typography-font-style);--awb-caption-title-size:var(--h2_typography-font-size);--awb-caption-title-transform:var(--h2_typography-text-transform);--awb-caption-title-line-height:var(--h2_typography-line-height);--awb-caption-title-letter-spacing:var(--h2_typography-letter-spacing);\"><span class=\" fusion-imageframe imageframe-none imageframe-4 hover-type-none\"><img decoding=\"async\" width=\"1024\" height=\"549\" title=\"20231025_094537\" src=\"https:\/\/www.interreg6a.net\/wp-content\/uploads\/2023\/11\/20231025_094537-1024x549.jpg\" alt class=\"img-responsive wp-image-10747\" srcset=\"https:\/\/www.interreg6a.net\/wp-content\/uploads\/2023\/11\/20231025_094537-200x107.jpg 200w, https:\/\/www.interreg6a.net\/wp-content\/uploads\/2023\/11\/20231025_094537-400x214.jpg 400w, https:\/\/www.interreg6a.net\/wp-content\/uploads\/2023\/11\/20231025_094537-600x322.jpg 600w, https:\/\/www.interreg6a.net\/wp-content\/uploads\/2023\/11\/20231025_094537-800x429.jpg 800w, https:\/\/www.interreg6a.net\/wp-content\/uploads\/2023\/11\/20231025_094537-1200x643.jpg 1200w\" sizes=\"(max-width: 575px) 100vw, 800px\" \/><\/span><\/div><div class=\"fusion-image-element \" style=\"--awb-margin-bottom:20px;--awb-caption-title-font-family:var(--h2_typography-font-family);--awb-caption-title-font-weight:var(--h2_typography-font-weight);--awb-caption-title-font-style:var(--h2_typography-font-style);--awb-caption-title-size:var(--h2_typography-font-size);--awb-caption-title-transform:var(--h2_typography-text-transform);--awb-caption-title-line-height:var(--h2_typography-line-height);--awb-caption-title-letter-spacing:var(--h2_typography-letter-spacing);\"><span class=\" fusion-imageframe imageframe-none imageframe-5 hover-type-none\"><img decoding=\"async\" width=\"1024\" height=\"618\" title=\"20231026_091744\" src=\"https:\/\/www.interreg6a.net\/wp-content\/uploads\/2023\/11\/20231026_091744-1024x618.jpg\" alt class=\"img-responsive wp-image-10743\" srcset=\"https:\/\/www.interreg6a.net\/wp-content\/uploads\/2023\/11\/20231026_091744-200x121.jpg 200w, https:\/\/www.interreg6a.net\/wp-content\/uploads\/2023\/11\/20231026_091744-400x241.jpg 400w, https:\/\/www.interreg6a.net\/wp-content\/uploads\/2023\/11\/20231026_091744-600x362.jpg 600w, https:\/\/www.interreg6a.net\/wp-content\/uploads\/2023\/11\/20231026_091744-800x483.jpg 800w, https:\/\/www.interreg6a.net\/wp-content\/uploads\/2023\/11\/20231026_091744-1200x724.jpg 1200w\" sizes=\"(max-width: 575px) 100vw, 800px\" \/><\/span><\/div><div class=\"fusion-image-element \" style=\"--awb-caption-title-font-family:var(--h2_typography-font-family);--awb-caption-title-font-weight:var(--h2_typography-font-weight);--awb-caption-title-font-style:var(--h2_typography-font-style);--awb-caption-title-size:var(--h2_typography-font-size);--awb-caption-title-transform:var(--h2_typography-text-transform);--awb-caption-title-line-height:var(--h2_typography-line-height);--awb-caption-title-letter-spacing:var(--h2_typography-letter-spacing);\"><span class=\" fusion-imageframe imageframe-none imageframe-6 hover-type-none\"><img decoding=\"async\" width=\"768\" height=\"1024\" title=\"A4FEDEE4-3792-4333-8E8F-C4223A0C21B8\" src=\"https:\/\/www.interreg6a.net\/wp-content\/uploads\/2023\/11\/A4FEDEE4-3792-4333-8E8F-C4223A0C21B8-768x1024.jpeg\" alt class=\"img-responsive wp-image-10751\" srcset=\"https:\/\/www.interreg6a.net\/wp-content\/uploads\/2023\/11\/A4FEDEE4-3792-4333-8E8F-C4223A0C21B8-200x267.jpeg 200w, https:\/\/www.interreg6a.net\/wp-content\/uploads\/2023\/11\/A4FEDEE4-3792-4333-8E8F-C4223A0C21B8-400x533.jpeg 400w, https:\/\/www.interreg6a.net\/wp-content\/uploads\/2023\/11\/A4FEDEE4-3792-4333-8E8F-C4223A0C21B8-600x800.jpeg 600w, https:\/\/www.interreg6a.net\/wp-content\/uploads\/2023\/11\/A4FEDEE4-3792-4333-8E8F-C4223A0C21B8-800x1067.jpeg 800w, https:\/\/www.interreg6a.net\/wp-content\/uploads\/2023\/11\/A4FEDEE4-3792-4333-8E8F-C4223A0C21B8-1200x1600.jpeg 1200w, https:\/\/www.interreg6a.net\/wp-content\/uploads\/2023\/11\/A4FEDEE4-3792-4333-8E8F-C4223A0C21B8-scaled.jpeg 1920w\" sizes=\"(max-width: 575px) 100vw, 800px\" \/><\/span><\/div><\/div><\/div><\/div><\/div><\/p>\n","protected":false},"excerpt":{"rendered":"","protected":false},"author":25,"featured_media":10735,"comment_status":"closed","ping_status":"closed","sticky":false,"template":"","format":"standard","meta":{"_price":"","_stock":"","_tribe_ticket_header":"","_tribe_default_ticket_provider":"","_tribe_ticket_capacity":"0","_ticket_start_date":"","_ticket_end_date":"","_tribe_ticket_show_description":"","_tribe_ticket_show_not_going":false,"_tribe_ticket_use_global_stock":"","_tribe_ticket_global_stock_level":"","_global_stock_mode":"","_global_stock_cap":"","_tribe_rsvp_for_event":"","_tribe_ticket_going_count":"","_tribe_ticket_not_going_count":"","_tribe_tickets_list":"[]","_tribe_ticket_has_attendee_info_fields":false,"footnotes":""},"categories":[20],"tags":[],"class_list":["post-10795","post","type-post","status-publish","format-standard","has-post-thumbnail","hentry","category-aktualnosci"],"yoast_head":"<!-- This site is optimized with the Yoast SEO plugin v27.3 - https:\/\/yoast.com\/product\/yoast-seo-wordpress\/ -->\n<title>Konferencja roczna Interreg 2023 - Interreg VI A MV\/BB\/PL<\/title>\n<meta name=\"robots\" content=\"index, follow, max-snippet:-1, max-image-preview:large, max-video-preview:-1\" \/>\n<link rel=\"canonical\" href=\"https:\/\/www.interreg6a.net\/pl\/konferencja-roczna-interreg-2023\/\" \/>\n<meta property=\"og:locale\" content=\"pl_PL\" \/>\n<meta property=\"og:type\" content=\"article\" \/>\n<meta property=\"og:title\" content=\"Konferencja roczna Interreg 2023 - Interreg VI A MV\/BB\/PL\" \/>\n<meta property=\"og:url\" content=\"https:\/\/www.interreg6a.net\/pl\/konferencja-roczna-interreg-2023\/\" \/>\n<meta property=\"og:site_name\" content=\"Interreg VI A MV\/BB\/PL\" \/>\n<meta property=\"article:published_time\" content=\"2023-11-03T12:38:01+00:00\" \/>\n<meta property=\"article:modified_time\" content=\"2023-11-10T08:11:14+00:00\" \/>\n<meta property=\"og:image\" content=\"https:\/\/www.interreg6a.net\/wp-content\/uploads\/2023\/11\/Interreg_Annual_Event_2023.png\" \/>\n\t<meta property=\"og:image:width\" content=\"890\" \/>\n\t<meta property=\"og:image:height\" content=\"500\" \/>\n\t<meta property=\"og:image:type\" content=\"image\/png\" \/>\n<meta name=\"author\" content=\"semeniuk\" \/>\n<meta name=\"twitter:card\" content=\"summary_large_image\" \/>\n<meta name=\"twitter:label1\" content=\"Napisane przez\" \/>\n\t<meta name=\"twitter:data1\" content=\"semeniuk\" \/>\n\t<meta name=\"twitter:label2\" content=\"Szacowany czas czytania\" \/>\n\t<meta name=\"twitter:data2\" content=\"12 minut\" \/>\n<script type=\"application\/ld+json\" class=\"yoast-schema-graph\">{\"@context\":\"https:\\\/\\\/schema.org\",\"@graph\":[{\"@type\":\"Article\",\"@id\":\"https:\\\/\\\/www.interreg6a.net\\\/pl\\\/konferencja-roczna-interreg-2023\\\/#article\",\"isPartOf\":{\"@id\":\"https:\\\/\\\/www.interreg6a.net\\\/pl\\\/konferencja-roczna-interreg-2023\\\/\"},\"author\":{\"name\":\"semeniuk\",\"@id\":\"https:\\\/\\\/www.interreg6a.net\\\/pl\\\/#\\\/schema\\\/person\\\/4c87761287b75456c2ed5cfbf95e4e8b\"},\"headline\":\"Konferencja roczna Interreg 2023\",\"datePublished\":\"2023-11-03T12:38:01+00:00\",\"dateModified\":\"2023-11-10T08:11:14+00:00\",\"mainEntityOfPage\":{\"@id\":\"https:\\\/\\\/www.interreg6a.net\\\/pl\\\/konferencja-roczna-interreg-2023\\\/\"},\"wordCount\":4903,\"image\":{\"@id\":\"https:\\\/\\\/www.interreg6a.net\\\/pl\\\/konferencja-roczna-interreg-2023\\\/#primaryimage\"},\"thumbnailUrl\":\"https:\\\/\\\/www.interreg6a.net\\\/wp-content\\\/uploads\\\/2023\\\/11\\\/Interreg_Annual_Event_2023.png\",\"articleSection\":[\"Aktualno\u015bci\"],\"inLanguage\":\"pl-PL\"},{\"@type\":\"WebPage\",\"@id\":\"https:\\\/\\\/www.interreg6a.net\\\/pl\\\/konferencja-roczna-interreg-2023\\\/\",\"url\":\"https:\\\/\\\/www.interreg6a.net\\\/pl\\\/konferencja-roczna-interreg-2023\\\/\",\"name\":\"Konferencja roczna Interreg 2023 - Interreg VI A MV\\\/BB\\\/PL\",\"isPartOf\":{\"@id\":\"https:\\\/\\\/www.interreg6a.net\\\/pl\\\/#website\"},\"primaryImageOfPage\":{\"@id\":\"https:\\\/\\\/www.interreg6a.net\\\/pl\\\/konferencja-roczna-interreg-2023\\\/#primaryimage\"},\"image\":{\"@id\":\"https:\\\/\\\/www.interreg6a.net\\\/pl\\\/konferencja-roczna-interreg-2023\\\/#primaryimage\"},\"thumbnailUrl\":\"https:\\\/\\\/www.interreg6a.net\\\/wp-content\\\/uploads\\\/2023\\\/11\\\/Interreg_Annual_Event_2023.png\",\"datePublished\":\"2023-11-03T12:38:01+00:00\",\"dateModified\":\"2023-11-10T08:11:14+00:00\",\"author\":{\"@id\":\"https:\\\/\\\/www.interreg6a.net\\\/pl\\\/#\\\/schema\\\/person\\\/4c87761287b75456c2ed5cfbf95e4e8b\"},\"breadcrumb\":{\"@id\":\"https:\\\/\\\/www.interreg6a.net\\\/pl\\\/konferencja-roczna-interreg-2023\\\/#breadcrumb\"},\"inLanguage\":\"pl-PL\",\"potentialAction\":[{\"@type\":\"ReadAction\",\"target\":[\"https:\\\/\\\/www.interreg6a.net\\\/pl\\\/konferencja-roczna-interreg-2023\\\/\"]}]},{\"@type\":\"ImageObject\",\"inLanguage\":\"pl-PL\",\"@id\":\"https:\\\/\\\/www.interreg6a.net\\\/pl\\\/konferencja-roczna-interreg-2023\\\/#primaryimage\",\"url\":\"https:\\\/\\\/www.interreg6a.net\\\/wp-content\\\/uploads\\\/2023\\\/11\\\/Interreg_Annual_Event_2023.png\",\"contentUrl\":\"https:\\\/\\\/www.interreg6a.net\\\/wp-content\\\/uploads\\\/2023\\\/11\\\/Interreg_Annual_Event_2023.png\",\"width\":890,\"height\":500},{\"@type\":\"BreadcrumbList\",\"@id\":\"https:\\\/\\\/www.interreg6a.net\\\/pl\\\/konferencja-roczna-interreg-2023\\\/#breadcrumb\",\"itemListElement\":[{\"@type\":\"ListItem\",\"position\":1,\"name\":\"Strona g\u0142\u00f3wna\",\"item\":\"https:\\\/\\\/www.interreg6a.net\\\/pl\\\/\"},{\"@type\":\"ListItem\",\"position\":2,\"name\":\"Konferencja roczna Interreg 2023\"}]},{\"@type\":\"WebSite\",\"@id\":\"https:\\\/\\\/www.interreg6a.net\\\/pl\\\/#website\",\"url\":\"https:\\\/\\\/www.interreg6a.net\\\/pl\\\/\",\"name\":\"Interreg VI A MV\\\/BB\\\/PL\",\"description\":\"\",\"potentialAction\":[{\"@type\":\"SearchAction\",\"target\":{\"@type\":\"EntryPoint\",\"urlTemplate\":\"https:\\\/\\\/www.interreg6a.net\\\/pl\\\/?s={search_term_string}\"},\"query-input\":{\"@type\":\"PropertyValueSpecification\",\"valueRequired\":true,\"valueName\":\"search_term_string\"}}],\"inLanguage\":\"pl-PL\"},{\"@type\":\"Person\",\"@id\":\"https:\\\/\\\/www.interreg6a.net\\\/pl\\\/#\\\/schema\\\/person\\\/4c87761287b75456c2ed5cfbf95e4e8b\",\"name\":\"semeniuk\",\"image\":{\"@type\":\"ImageObject\",\"inLanguage\":\"pl-PL\",\"@id\":\"https:\\\/\\\/secure.gravatar.com\\\/avatar\\\/2aab4d2ca365cd79a4eb712e81052078a3fa7ddccf6c3d13d25230ebeeea8344?s=96&d=mm&r=g\",\"url\":\"https:\\\/\\\/secure.gravatar.com\\\/avatar\\\/2aab4d2ca365cd79a4eb712e81052078a3fa7ddccf6c3d13d25230ebeeea8344?s=96&d=mm&r=g\",\"contentUrl\":\"https:\\\/\\\/secure.gravatar.com\\\/avatar\\\/2aab4d2ca365cd79a4eb712e81052078a3fa7ddccf6c3d13d25230ebeeea8344?s=96&d=mm&r=g\",\"caption\":\"semeniuk\"},\"url\":\"https:\\\/\\\/www.interreg6a.net\\\/pl\\\/author\\\/semeniuk\\\/\"}]}<\/script>\n<!-- \/ Yoast SEO plugin. -->","yoast_head_json":{"title":"Konferencja roczna Interreg 2023 - Interreg VI A MV\/BB\/PL","robots":{"index":"index","follow":"follow","max-snippet":"max-snippet:-1","max-image-preview":"max-image-preview:large","max-video-preview":"max-video-preview:-1"},"canonical":"https:\/\/www.interreg6a.net\/pl\/konferencja-roczna-interreg-2023\/","og_locale":"pl_PL","og_type":"article","og_title":"Konferencja roczna Interreg 2023 - Interreg VI A MV\/BB\/PL","og_url":"https:\/\/www.interreg6a.net\/pl\/konferencja-roczna-interreg-2023\/","og_site_name":"Interreg VI A MV\/BB\/PL","article_published_time":"2023-11-03T12:38:01+00:00","article_modified_time":"2023-11-10T08:11:14+00:00","og_image":[{"width":890,"height":500,"url":"https:\/\/www.interreg6a.net\/wp-content\/uploads\/2023\/11\/Interreg_Annual_Event_2023.png","type":"image\/png"}],"author":"semeniuk","twitter_card":"summary_large_image","twitter_misc":{"Napisane przez":"semeniuk","Szacowany czas czytania":"12 minut"},"schema":{"@context":"https:\/\/schema.org","@graph":[{"@type":"Article","@id":"https:\/\/www.interreg6a.net\/pl\/konferencja-roczna-interreg-2023\/#article","isPartOf":{"@id":"https:\/\/www.interreg6a.net\/pl\/konferencja-roczna-interreg-2023\/"},"author":{"name":"semeniuk","@id":"https:\/\/www.interreg6a.net\/pl\/#\/schema\/person\/4c87761287b75456c2ed5cfbf95e4e8b"},"headline":"Konferencja roczna Interreg 2023","datePublished":"2023-11-03T12:38:01+00:00","dateModified":"2023-11-10T08:11:14+00:00","mainEntityOfPage":{"@id":"https:\/\/www.interreg6a.net\/pl\/konferencja-roczna-interreg-2023\/"},"wordCount":4903,"image":{"@id":"https:\/\/www.interreg6a.net\/pl\/konferencja-roczna-interreg-2023\/#primaryimage"},"thumbnailUrl":"https:\/\/www.interreg6a.net\/wp-content\/uploads\/2023\/11\/Interreg_Annual_Event_2023.png","articleSection":["Aktualno\u015bci"],"inLanguage":"pl-PL"},{"@type":"WebPage","@id":"https:\/\/www.interreg6a.net\/pl\/konferencja-roczna-interreg-2023\/","url":"https:\/\/www.interreg6a.net\/pl\/konferencja-roczna-interreg-2023\/","name":"Konferencja roczna Interreg 2023 - Interreg VI A MV\/BB\/PL","isPartOf":{"@id":"https:\/\/www.interreg6a.net\/pl\/#website"},"primaryImageOfPage":{"@id":"https:\/\/www.interreg6a.net\/pl\/konferencja-roczna-interreg-2023\/#primaryimage"},"image":{"@id":"https:\/\/www.interreg6a.net\/pl\/konferencja-roczna-interreg-2023\/#primaryimage"},"thumbnailUrl":"https:\/\/www.interreg6a.net\/wp-content\/uploads\/2023\/11\/Interreg_Annual_Event_2023.png","datePublished":"2023-11-03T12:38:01+00:00","dateModified":"2023-11-10T08:11:14+00:00","author":{"@id":"https:\/\/www.interreg6a.net\/pl\/#\/schema\/person\/4c87761287b75456c2ed5cfbf95e4e8b"},"breadcrumb":{"@id":"https:\/\/www.interreg6a.net\/pl\/konferencja-roczna-interreg-2023\/#breadcrumb"},"inLanguage":"pl-PL","potentialAction":[{"@type":"ReadAction","target":["https:\/\/www.interreg6a.net\/pl\/konferencja-roczna-interreg-2023\/"]}]},{"@type":"ImageObject","inLanguage":"pl-PL","@id":"https:\/\/www.interreg6a.net\/pl\/konferencja-roczna-interreg-2023\/#primaryimage","url":"https:\/\/www.interreg6a.net\/wp-content\/uploads\/2023\/11\/Interreg_Annual_Event_2023.png","contentUrl":"https:\/\/www.interreg6a.net\/wp-content\/uploads\/2023\/11\/Interreg_Annual_Event_2023.png","width":890,"height":500},{"@type":"BreadcrumbList","@id":"https:\/\/www.interreg6a.net\/pl\/konferencja-roczna-interreg-2023\/#breadcrumb","itemListElement":[{"@type":"ListItem","position":1,"name":"Strona g\u0142\u00f3wna","item":"https:\/\/www.interreg6a.net\/pl\/"},{"@type":"ListItem","position":2,"name":"Konferencja roczna Interreg 2023"}]},{"@type":"WebSite","@id":"https:\/\/www.interreg6a.net\/pl\/#website","url":"https:\/\/www.interreg6a.net\/pl\/","name":"Interreg VI A MV\/BB\/PL","description":"","potentialAction":[{"@type":"SearchAction","target":{"@type":"EntryPoint","urlTemplate":"https:\/\/www.interreg6a.net\/pl\/?s={search_term_string}"},"query-input":{"@type":"PropertyValueSpecification","valueRequired":true,"valueName":"search_term_string"}}],"inLanguage":"pl-PL"},{"@type":"Person","@id":"https:\/\/www.interreg6a.net\/pl\/#\/schema\/person\/4c87761287b75456c2ed5cfbf95e4e8b","name":"semeniuk","image":{"@type":"ImageObject","inLanguage":"pl-PL","@id":"https:\/\/secure.gravatar.com\/avatar\/2aab4d2ca365cd79a4eb712e81052078a3fa7ddccf6c3d13d25230ebeeea8344?s=96&d=mm&r=g","url":"https:\/\/secure.gravatar.com\/avatar\/2aab4d2ca365cd79a4eb712e81052078a3fa7ddccf6c3d13d25230ebeeea8344?s=96&d=mm&r=g","contentUrl":"https:\/\/secure.gravatar.com\/avatar\/2aab4d2ca365cd79a4eb712e81052078a3fa7ddccf6c3d13d25230ebeeea8344?s=96&d=mm&r=g","caption":"semeniuk"},"url":"https:\/\/www.interreg6a.net\/pl\/author\/semeniuk\/"}]}},"_links":{"self":[{"href":"https:\/\/www.interreg6a.net\/pl\/wp-json\/wp\/v2\/posts\/10795","targetHints":{"allow":["GET"]}}],"collection":[{"href":"https:\/\/www.interreg6a.net\/pl\/wp-json\/wp\/v2\/posts"}],"about":[{"href":"https:\/\/www.interreg6a.net\/pl\/wp-json\/wp\/v2\/types\/post"}],"author":[{"embeddable":true,"href":"https:\/\/www.interreg6a.net\/pl\/wp-json\/wp\/v2\/users\/25"}],"replies":[{"embeddable":true,"href":"https:\/\/www.interreg6a.net\/pl\/wp-json\/wp\/v2\/comments?post=10795"}],"version-history":[{"count":6,"href":"https:\/\/www.interreg6a.net\/pl\/wp-json\/wp\/v2\/posts\/10795\/revisions"}],"predecessor-version":[{"id":10851,"href":"https:\/\/www.interreg6a.net\/pl\/wp-json\/wp\/v2\/posts\/10795\/revisions\/10851"}],"wp:featuredmedia":[{"embeddable":true,"href":"https:\/\/www.interreg6a.net\/pl\/wp-json\/wp\/v2\/media\/10735"}],"wp:attachment":[{"href":"https:\/\/www.interreg6a.net\/pl\/wp-json\/wp\/v2\/media?parent=10795"}],"wp:term":[{"taxonomy":"category","embeddable":true,"href":"https:\/\/www.interreg6a.net\/pl\/wp-json\/wp\/v2\/categories?post=10795"},{"taxonomy":"post_tag","embeddable":true,"href":"https:\/\/www.interreg6a.net\/pl\/wp-json\/wp\/v2\/tags?post=10795"}],"curies":[{"name":"wp","href":"https:\/\/api.w.org\/{rel}","templated":true}]}}