{"id":11166,"date":"2023-12-04T07:51:25","date_gmt":"2023-12-04T06:51:25","guid":{"rendered":"https:\/\/www.interreg6a.net\/?p=11166"},"modified":"2023-12-04T09:01:01","modified_gmt":"2023-12-04T08:01:01","slug":"rusza-nabor-wnioskow-o-dofinansowanie","status":"publish","type":"post","link":"https:\/\/www.interreg6a.net\/pl\/rusza-nabor-wnioskow-o-dofinansowanie\/","title":{"rendered":"Rusza nab\u00f3r wniosk\u00f3w o dofinansowanie"},"content":{"rendered":"<div class=\"fusion-fullwidth fullwidth-box fusion-builder-row-1 fusion-flex-container has-pattern-background has-mask-background nonhundred-percent-fullwidth non-hundred-percent-height-scrolling\" style=\"--awb-border-radius-top-left:0px;--awb-border-radius-top-right:0px;--awb-border-radius-bottom-right:0px;--awb-border-radius-bottom-left:0px;--awb-flex-wrap:wrap;\" ><div class=\"fusion-builder-row fusion-row fusion-flex-align-items-flex-start fusion-flex-content-wrap\" style=\"max-width:1586px;margin-left: calc(-4% \/ 2 );margin-right: calc(-4% \/ 2 );\"><div class=\"fusion-layout-column fusion_builder_column fusion-builder-column-0 fusion_builder_column_1_1 1_1 fusion-flex-column\" style=\"--awb-bg-size:cover;--awb-width-large:100%;--awb-margin-top-large:0px;--awb-spacing-right-large:1.92%;--awb-margin-bottom-large:20px;--awb-spacing-left-large:1.92%;--awb-width-medium:100%;--awb-order-medium:0;--awb-spacing-right-medium:1.92%;--awb-spacing-left-medium:1.92%;--awb-width-small:100%;--awb-order-small:0;--awb-spacing-right-small:1.92%;--awb-spacing-left-small:1.92%;\"><div class=\"fusion-column-wrapper fusion-column-has-shadow fusion-flex-justify-content-flex-start fusion-content-layout-column\"><div class=\"fusion-title title fusion-title-1 fusion-sep-none fusion-title-center fusion-title-text fusion-title-size-one\" style=\"--awb-margin-top-small:10px;--awb-margin-right-small:0px;--awb-margin-bottom-small:10px;--awb-margin-left-small:0px;\"><h1 class=\"fusion-title-heading title-heading-center\" style=\"margin:0;\"><p style=\"text-align: center;\">Rusza nab\u00f3r wniosk\u00f3w o dofinansowanie<\/p><\/h1><\/div><div class=\"fusion-text fusion-text-1\"><p>Program Wsp\u00f3\u0142pracy Interreg VI A Mecklenburg-Vorpommern \/ Brandenburg \/ Polska 2021-2027 otwiera kolejny nab\u00f3r wniosk\u00f3w!<\/p>\n<p><strong>Nab\u00f3r dotyczy priorytetu 3: Umo\u017cliwienie lepszego uczestnictwa w transgranicznym \u017cyciu codziennym poprzez j\u0119zyk, kultur\u0119 i turystyk\u0119<\/strong><\/p>\n<p>Cele szczeg\u00f3\u0142owe:<\/p>\n<ul>\n<li>4.2 &#8211; Edukacja<\/li>\n<li>4.6 &#8211; Kultura i zr\u00f3wnowa\u017cona turystyka<\/li>\n<\/ul>\n<p><strong>Nab\u00f3r trwa od 4.12.2023 r. do 29.02.2024 r.<\/strong><\/p>\n<p>Szczeg\u00f3\u0142owe informacje <a href=\"https:\/\/www.interreg6a.net\/pl\/3-nabor\/\">3. Nab\u00f3r: INT03\/2023<\/a><\/p>\n<p>Przed z\u0142o\u017ceniem wniosku zalecamy zapoznanie si\u0119 z naszym <a href=\"https:\/\/www.interreg6a.net\/pl\/podrecznik-programu\/\">Podr\u0119cznikiem Programu<\/a> oraz kontakt z <a href=\"https:\/\/www.interreg6a.net\/pl\/osoby-do-kontaktu\/\">pracownikami Wsp\u00f3lnego Sekretariatu<\/a>.<\/p>\n<\/div><\/div><\/div><\/div><\/div>\n","protected":false},"excerpt":{"rendered":"","protected":false},"author":25,"featured_media":12877,"comment_status":"closed","ping_status":"closed","sticky":false,"template":"","format":"standard","meta":{"_price":"","_stock":"","_tribe_ticket_header":"","_tribe_default_ticket_provider":"","_tribe_ticket_capacity":"0","_ticket_start_date":"","_ticket_end_date":"","_tribe_ticket_show_description":"","_tribe_ticket_show_not_going":false,"_tribe_ticket_use_global_stock":"","_tribe_ticket_global_stock_level":"","_global_stock_mode":"","_global_stock_cap":"","_tribe_rsvp_for_event":"","_tribe_ticket_going_count":"","_tribe_ticket_not_going_count":"","_tribe_tickets_list":"[]","_tribe_ticket_has_attendee_info_fields":false,"footnotes":""},"categories":[20,109],"tags":[],"class_list":["post-11166","post","type-post","status-publish","format-standard","has-post-thumbnail","hentry","category-aktualnosci","category-nabory"],"yoast_head":"<!-- This site is optimized with the Yoast SEO plugin v27.3 - https:\/\/yoast.com\/product\/yoast-seo-wordpress\/ -->\n<title>Rusza nab\u00f3r wniosk\u00f3w o dofinansowanie - Interreg VI A MV\/BB\/PL<\/title>\n<meta name=\"robots\" content=\"index, follow, max-snippet:-1, max-image-preview:large, max-video-preview:-1\" \/>\n<link rel=\"canonical\" href=\"https:\/\/www.interreg6a.net\/pl\/rusza-nabor-wnioskow-o-dofinansowanie\/\" \/>\n<meta property=\"og:locale\" content=\"pl_PL\" \/>\n<meta property=\"og:type\" content=\"article\" \/>\n<meta property=\"og:title\" content=\"Rusza nab\u00f3r wniosk\u00f3w o dofinansowanie - Interreg VI A MV\/BB\/PL\" \/>\n<meta property=\"og:url\" content=\"https:\/\/www.interreg6a.net\/pl\/rusza-nabor-wnioskow-o-dofinansowanie\/\" \/>\n<meta property=\"og:site_name\" content=\"Interreg VI A MV\/BB\/PL\" \/>\n<meta property=\"article:published_time\" content=\"2023-12-04T06:51:25+00:00\" \/>\n<meta property=\"article:modified_time\" content=\"2023-12-04T08:01:01+00:00\" \/>\n<meta property=\"og:image\" content=\"https:\/\/www.interreg6a.net\/wp-content\/uploads\/2023\/12\/P3.png\" \/>\n\t<meta property=\"og:image:width\" content=\"498\" \/>\n\t<meta property=\"og:image:height\" content=\"378\" \/>\n\t<meta property=\"og:image:type\" content=\"image\/png\" \/>\n<meta name=\"author\" content=\"semeniuk\" \/>\n<meta name=\"twitter:card\" content=\"summary_large_image\" \/>\n<meta name=\"twitter:label1\" content=\"Napisane przez\" \/>\n\t<meta name=\"twitter:data1\" content=\"semeniuk\" \/>\n\t<meta name=\"twitter:label2\" content=\"Szacowany czas czytania\" \/>\n\t<meta name=\"twitter:data2\" content=\"3 minuty\" \/>\n<script type=\"application\/ld+json\" class=\"yoast-schema-graph\">{\"@context\":\"https:\\\/\\\/schema.org\",\"@graph\":[{\"@type\":\"Article\",\"@id\":\"https:\\\/\\\/www.interreg6a.net\\\/pl\\\/rusza-nabor-wnioskow-o-dofinansowanie\\\/#article\",\"isPartOf\":{\"@id\":\"https:\\\/\\\/www.interreg6a.net\\\/pl\\\/rusza-nabor-wnioskow-o-dofinansowanie\\\/\"},\"author\":{\"name\":\"semeniuk\",\"@id\":\"https:\\\/\\\/www.interreg6a.net\\\/pl\\\/#\\\/schema\\\/person\\\/4c87761287b75456c2ed5cfbf95e4e8b\"},\"headline\":\"Rusza nab\u00f3r wniosk\u00f3w o dofinansowanie\",\"datePublished\":\"2023-12-04T06:51:25+00:00\",\"dateModified\":\"2023-12-04T08:01:01+00:00\",\"mainEntityOfPage\":{\"@id\":\"https:\\\/\\\/www.interreg6a.net\\\/pl\\\/rusza-nabor-wnioskow-o-dofinansowanie\\\/\"},\"wordCount\":1036,\"image\":{\"@id\":\"https:\\\/\\\/www.interreg6a.net\\\/pl\\\/rusza-nabor-wnioskow-o-dofinansowanie\\\/#primaryimage\"},\"thumbnailUrl\":\"https:\\\/\\\/www.interreg6a.net\\\/wp-content\\\/uploads\\\/2023\\\/12\\\/P3.png\",\"articleSection\":[\"Aktualno\u015bci\",\"Nabory\"],\"inLanguage\":\"pl-PL\"},{\"@type\":\"WebPage\",\"@id\":\"https:\\\/\\\/www.interreg6a.net\\\/pl\\\/rusza-nabor-wnioskow-o-dofinansowanie\\\/\",\"url\":\"https:\\\/\\\/www.interreg6a.net\\\/pl\\\/rusza-nabor-wnioskow-o-dofinansowanie\\\/\",\"name\":\"Rusza nab\u00f3r wniosk\u00f3w o dofinansowanie - Interreg VI A MV\\\/BB\\\/PL\",\"isPartOf\":{\"@id\":\"https:\\\/\\\/www.interreg6a.net\\\/pl\\\/#website\"},\"primaryImageOfPage\":{\"@id\":\"https:\\\/\\\/www.interreg6a.net\\\/pl\\\/rusza-nabor-wnioskow-o-dofinansowanie\\\/#primaryimage\"},\"image\":{\"@id\":\"https:\\\/\\\/www.interreg6a.net\\\/pl\\\/rusza-nabor-wnioskow-o-dofinansowanie\\\/#primaryimage\"},\"thumbnailUrl\":\"https:\\\/\\\/www.interreg6a.net\\\/wp-content\\\/uploads\\\/2023\\\/12\\\/P3.png\",\"datePublished\":\"2023-12-04T06:51:25+00:00\",\"dateModified\":\"2023-12-04T08:01:01+00:00\",\"author\":{\"@id\":\"https:\\\/\\\/www.interreg6a.net\\\/pl\\\/#\\\/schema\\\/person\\\/4c87761287b75456c2ed5cfbf95e4e8b\"},\"breadcrumb\":{\"@id\":\"https:\\\/\\\/www.interreg6a.net\\\/pl\\\/rusza-nabor-wnioskow-o-dofinansowanie\\\/#breadcrumb\"},\"inLanguage\":\"pl-PL\",\"potentialAction\":[{\"@type\":\"ReadAction\",\"target\":[\"https:\\\/\\\/www.interreg6a.net\\\/pl\\\/rusza-nabor-wnioskow-o-dofinansowanie\\\/\"]}]},{\"@type\":\"ImageObject\",\"inLanguage\":\"pl-PL\",\"@id\":\"https:\\\/\\\/www.interreg6a.net\\\/pl\\\/rusza-nabor-wnioskow-o-dofinansowanie\\\/#primaryimage\",\"url\":\"https:\\\/\\\/www.interreg6a.net\\\/wp-content\\\/uploads\\\/2023\\\/12\\\/P3.png\",\"contentUrl\":\"https:\\\/\\\/www.interreg6a.net\\\/wp-content\\\/uploads\\\/2023\\\/12\\\/P3.png\",\"width\":498,\"height\":378},{\"@type\":\"BreadcrumbList\",\"@id\":\"https:\\\/\\\/www.interreg6a.net\\\/pl\\\/rusza-nabor-wnioskow-o-dofinansowanie\\\/#breadcrumb\",\"itemListElement\":[{\"@type\":\"ListItem\",\"position\":1,\"name\":\"Strona g\u0142\u00f3wna\",\"item\":\"https:\\\/\\\/www.interreg6a.net\\\/pl\\\/\"},{\"@type\":\"ListItem\",\"position\":2,\"name\":\"Rusza nab\u00f3r wniosk\u00f3w o dofinansowanie\"}]},{\"@type\":\"WebSite\",\"@id\":\"https:\\\/\\\/www.interreg6a.net\\\/pl\\\/#website\",\"url\":\"https:\\\/\\\/www.interreg6a.net\\\/pl\\\/\",\"name\":\"Interreg VI A MV\\\/BB\\\/PL\",\"description\":\"\",\"potentialAction\":[{\"@type\":\"SearchAction\",\"target\":{\"@type\":\"EntryPoint\",\"urlTemplate\":\"https:\\\/\\\/www.interreg6a.net\\\/pl\\\/?s={search_term_string}\"},\"query-input\":{\"@type\":\"PropertyValueSpecification\",\"valueRequired\":true,\"valueName\":\"search_term_string\"}}],\"inLanguage\":\"pl-PL\"},{\"@type\":\"Person\",\"@id\":\"https:\\\/\\\/www.interreg6a.net\\\/pl\\\/#\\\/schema\\\/person\\\/4c87761287b75456c2ed5cfbf95e4e8b\",\"name\":\"semeniuk\",\"image\":{\"@type\":\"ImageObject\",\"inLanguage\":\"pl-PL\",\"@id\":\"https:\\\/\\\/secure.gravatar.com\\\/avatar\\\/2aab4d2ca365cd79a4eb712e81052078a3fa7ddccf6c3d13d25230ebeeea8344?s=96&d=mm&r=g\",\"url\":\"https:\\\/\\\/secure.gravatar.com\\\/avatar\\\/2aab4d2ca365cd79a4eb712e81052078a3fa7ddccf6c3d13d25230ebeeea8344?s=96&d=mm&r=g\",\"contentUrl\":\"https:\\\/\\\/secure.gravatar.com\\\/avatar\\\/2aab4d2ca365cd79a4eb712e81052078a3fa7ddccf6c3d13d25230ebeeea8344?s=96&d=mm&r=g\",\"caption\":\"semeniuk\"},\"url\":\"https:\\\/\\\/www.interreg6a.net\\\/pl\\\/author\\\/semeniuk\\\/\"}]}<\/script>\n<!-- \/ Yoast SEO plugin. -->","yoast_head_json":{"title":"Rusza nab\u00f3r wniosk\u00f3w o dofinansowanie - Interreg VI A MV\/BB\/PL","robots":{"index":"index","follow":"follow","max-snippet":"max-snippet:-1","max-image-preview":"max-image-preview:large","max-video-preview":"max-video-preview:-1"},"canonical":"https:\/\/www.interreg6a.net\/pl\/rusza-nabor-wnioskow-o-dofinansowanie\/","og_locale":"pl_PL","og_type":"article","og_title":"Rusza nab\u00f3r wniosk\u00f3w o dofinansowanie - Interreg VI A MV\/BB\/PL","og_url":"https:\/\/www.interreg6a.net\/pl\/rusza-nabor-wnioskow-o-dofinansowanie\/","og_site_name":"Interreg VI A MV\/BB\/PL","article_published_time":"2023-12-04T06:51:25+00:00","article_modified_time":"2023-12-04T08:01:01+00:00","og_image":[{"width":498,"height":378,"url":"https:\/\/www.interreg6a.net\/wp-content\/uploads\/2023\/12\/P3.png","type":"image\/png"}],"author":"semeniuk","twitter_card":"summary_large_image","twitter_misc":{"Napisane przez":"semeniuk","Szacowany czas czytania":"3 minuty"},"schema":{"@context":"https:\/\/schema.org","@graph":[{"@type":"Article","@id":"https:\/\/www.interreg6a.net\/pl\/rusza-nabor-wnioskow-o-dofinansowanie\/#article","isPartOf":{"@id":"https:\/\/www.interreg6a.net\/pl\/rusza-nabor-wnioskow-o-dofinansowanie\/"},"author":{"name":"semeniuk","@id":"https:\/\/www.interreg6a.net\/pl\/#\/schema\/person\/4c87761287b75456c2ed5cfbf95e4e8b"},"headline":"Rusza nab\u00f3r wniosk\u00f3w o dofinansowanie","datePublished":"2023-12-04T06:51:25+00:00","dateModified":"2023-12-04T08:01:01+00:00","mainEntityOfPage":{"@id":"https:\/\/www.interreg6a.net\/pl\/rusza-nabor-wnioskow-o-dofinansowanie\/"},"wordCount":1036,"image":{"@id":"https:\/\/www.interreg6a.net\/pl\/rusza-nabor-wnioskow-o-dofinansowanie\/#primaryimage"},"thumbnailUrl":"https:\/\/www.interreg6a.net\/wp-content\/uploads\/2023\/12\/P3.png","articleSection":["Aktualno\u015bci","Nabory"],"inLanguage":"pl-PL"},{"@type":"WebPage","@id":"https:\/\/www.interreg6a.net\/pl\/rusza-nabor-wnioskow-o-dofinansowanie\/","url":"https:\/\/www.interreg6a.net\/pl\/rusza-nabor-wnioskow-o-dofinansowanie\/","name":"Rusza nab\u00f3r wniosk\u00f3w o dofinansowanie - Interreg VI A MV\/BB\/PL","isPartOf":{"@id":"https:\/\/www.interreg6a.net\/pl\/#website"},"primaryImageOfPage":{"@id":"https:\/\/www.interreg6a.net\/pl\/rusza-nabor-wnioskow-o-dofinansowanie\/#primaryimage"},"image":{"@id":"https:\/\/www.interreg6a.net\/pl\/rusza-nabor-wnioskow-o-dofinansowanie\/#primaryimage"},"thumbnailUrl":"https:\/\/www.interreg6a.net\/wp-content\/uploads\/2023\/12\/P3.png","datePublished":"2023-12-04T06:51:25+00:00","dateModified":"2023-12-04T08:01:01+00:00","author":{"@id":"https:\/\/www.interreg6a.net\/pl\/#\/schema\/person\/4c87761287b75456c2ed5cfbf95e4e8b"},"breadcrumb":{"@id":"https:\/\/www.interreg6a.net\/pl\/rusza-nabor-wnioskow-o-dofinansowanie\/#breadcrumb"},"inLanguage":"pl-PL","potentialAction":[{"@type":"ReadAction","target":["https:\/\/www.interreg6a.net\/pl\/rusza-nabor-wnioskow-o-dofinansowanie\/"]}]},{"@type":"ImageObject","inLanguage":"pl-PL","@id":"https:\/\/www.interreg6a.net\/pl\/rusza-nabor-wnioskow-o-dofinansowanie\/#primaryimage","url":"https:\/\/www.interreg6a.net\/wp-content\/uploads\/2023\/12\/P3.png","contentUrl":"https:\/\/www.interreg6a.net\/wp-content\/uploads\/2023\/12\/P3.png","width":498,"height":378},{"@type":"BreadcrumbList","@id":"https:\/\/www.interreg6a.net\/pl\/rusza-nabor-wnioskow-o-dofinansowanie\/#breadcrumb","itemListElement":[{"@type":"ListItem","position":1,"name":"Strona g\u0142\u00f3wna","item":"https:\/\/www.interreg6a.net\/pl\/"},{"@type":"ListItem","position":2,"name":"Rusza nab\u00f3r wniosk\u00f3w o dofinansowanie"}]},{"@type":"WebSite","@id":"https:\/\/www.interreg6a.net\/pl\/#website","url":"https:\/\/www.interreg6a.net\/pl\/","name":"Interreg VI A MV\/BB\/PL","description":"","potentialAction":[{"@type":"SearchAction","target":{"@type":"EntryPoint","urlTemplate":"https:\/\/www.interreg6a.net\/pl\/?s={search_term_string}"},"query-input":{"@type":"PropertyValueSpecification","valueRequired":true,"valueName":"search_term_string"}}],"inLanguage":"pl-PL"},{"@type":"Person","@id":"https:\/\/www.interreg6a.net\/pl\/#\/schema\/person\/4c87761287b75456c2ed5cfbf95e4e8b","name":"semeniuk","image":{"@type":"ImageObject","inLanguage":"pl-PL","@id":"https:\/\/secure.gravatar.com\/avatar\/2aab4d2ca365cd79a4eb712e81052078a3fa7ddccf6c3d13d25230ebeeea8344?s=96&d=mm&r=g","url":"https:\/\/secure.gravatar.com\/avatar\/2aab4d2ca365cd79a4eb712e81052078a3fa7ddccf6c3d13d25230ebeeea8344?s=96&d=mm&r=g","contentUrl":"https:\/\/secure.gravatar.com\/avatar\/2aab4d2ca365cd79a4eb712e81052078a3fa7ddccf6c3d13d25230ebeeea8344?s=96&d=mm&r=g","caption":"semeniuk"},"url":"https:\/\/www.interreg6a.net\/pl\/author\/semeniuk\/"}]}},"_links":{"self":[{"href":"https:\/\/www.interreg6a.net\/pl\/wp-json\/wp\/v2\/posts\/11166","targetHints":{"allow":["GET"]}}],"collection":[{"href":"https:\/\/www.interreg6a.net\/pl\/wp-json\/wp\/v2\/posts"}],"about":[{"href":"https:\/\/www.interreg6a.net\/pl\/wp-json\/wp\/v2\/types\/post"}],"author":[{"embeddable":true,"href":"https:\/\/www.interreg6a.net\/pl\/wp-json\/wp\/v2\/users\/25"}],"replies":[{"embeddable":true,"href":"https:\/\/www.interreg6a.net\/pl\/wp-json\/wp\/v2\/comments?post=11166"}],"version-history":[{"count":7,"href":"https:\/\/www.interreg6a.net\/pl\/wp-json\/wp\/v2\/posts\/11166\/revisions"}],"predecessor-version":[{"id":11191,"href":"https:\/\/www.interreg6a.net\/pl\/wp-json\/wp\/v2\/posts\/11166\/revisions\/11191"}],"wp:featuredmedia":[{"embeddable":true,"href":"https:\/\/www.interreg6a.net\/pl\/wp-json\/wp\/v2\/media\/12877"}],"wp:attachment":[{"href":"https:\/\/www.interreg6a.net\/pl\/wp-json\/wp\/v2\/media?parent=11166"}],"wp:term":[{"taxonomy":"category","embeddable":true,"href":"https:\/\/www.interreg6a.net\/pl\/wp-json\/wp\/v2\/categories?post=11166"},{"taxonomy":"post_tag","embeddable":true,"href":"https:\/\/www.interreg6a.net\/pl\/wp-json\/wp\/v2\/tags?post=11166"}],"curies":[{"name":"wp","href":"https:\/\/api.w.org\/{rel}","templated":true}]}}