{"id":11376,"date":"2023-12-11T14:58:11","date_gmt":"2023-12-11T13:58:11","guid":{"rendered":"https:\/\/www.interreg6a.net\/dzialania-komunikacyjne-programu-2023\/"},"modified":"2023-12-12T08:36:45","modified_gmt":"2023-12-12T07:36:45","slug":"dzialania-komunikacyjne-programu-2023","status":"publish","type":"post","link":"https:\/\/www.interreg6a.net\/pl\/dzialania-komunikacyjne-programu-2023\/","title":{"rendered":"Dzia\u0142ania komunikacyjne Programu 2023"},"content":{"rendered":"<div class=\"fusion-fullwidth fullwidth-box fusion-builder-row-1 fusion-flex-container has-pattern-background has-mask-background nonhundred-percent-fullwidth non-hundred-percent-height-scrolling\" style=\"--awb-border-radius-top-left:0px;--awb-border-radius-top-right:0px;--awb-border-radius-bottom-right:0px;--awb-border-radius-bottom-left:0px;--awb-flex-wrap:wrap;\" ><div class=\"fusion-builder-row fusion-row fusion-flex-align-items-flex-start fusion-flex-content-wrap\" style=\"max-width:1586px;margin-left: calc(-4% \/ 2 );margin-right: calc(-4% \/ 2 );\"><div class=\"fusion-layout-column fusion_builder_column fusion-builder-column-0 fusion_builder_column_1_1 1_1 fusion-flex-column\" style=\"--awb-bg-size:cover;--awb-width-large:100%;--awb-margin-top-large:0px;--awb-spacing-right-large:1.92%;--awb-margin-bottom-large:20px;--awb-spacing-left-large:1.92%;--awb-width-medium:100%;--awb-order-medium:0;--awb-spacing-right-medium:1.92%;--awb-spacing-left-medium:1.92%;--awb-width-small:100%;--awb-order-small:0;--awb-spacing-right-small:1.92%;--awb-spacing-left-small:1.92%;\"><div class=\"fusion-column-wrapper fusion-column-has-shadow fusion-flex-justify-content-flex-start fusion-content-layout-column\"><div class=\"fusion-title title fusion-title-1 fusion-sep-none fusion-title-center fusion-title-text fusion-title-size-one\" style=\"--awb-margin-top-small:10px;--awb-margin-right-small:0px;--awb-margin-bottom-small:10px;--awb-margin-left-small:0px;\"><h1 class=\"fusion-title-heading title-heading-center\" style=\"margin:0;\">Dzia\u0142ania komunikacyjne Programu 2023<\/h1><\/div><div class=\"fusion-text fusion-text-1\"><p>Ca\u0142y rok obfitowa\u0142 w r\u00f3\u017cnego rodzaju dzia\u0142ania komunikacyjno-promocyjne.<\/p>\n<p>Du\u017co si\u0119 dzia\u0142o, by\u0142y m.in. szkolenia, spotkania doradcze, konferencje, wyjazdy i szeroka promocja naszego Programu:<\/p>\n<ul>\n<li><a href=\"https:\/\/www.interreg6a.net\/pl\/podrecznik-programu-zostal-zatwierdzony\/\">Zatwierdzenie Podr\u0119cznika Programu<\/a><\/li>\n<li><a href=\"https:\/\/www.interreg6a.net\/pl\/21-03-2023-szczecin-szkolenie-dla-wnioskodawcow\/\">Szkolenia dla wnioskodawc\u00f3w w Szczecinie<\/a> oraz <a href=\"https:\/\/www.interreg6a.net\/pl\/28-03-2023-prenzlau-szkolenie-dla-wnioskodawcow\/\">Prenzlau<\/a><\/li>\n<li><a href=\"https:\/\/www.interreg6a.net\/pl\/mv-tag-2023\/\">Dzie\u0144 Meklemburgii-Pomorza Przedniego<\/a><\/li>\n<li><a href=\"https:\/\/www.interreg6a.net\/pl\/polsko-niemieckie-dni-wspolpracy-2023\/\">Polsko-Niemieckie Dni Wsp\u00f3\u0142pracy<\/a><\/li>\n<li><a href=\"https:\/\/www.interreg6a.net\/pl\/wyniki-konkursu-fotograficznego-interreg-cooperation-day-2023\/\">Konkurs fotograficzny<\/a> w ramach Interreg Cooperation Day<\/li>\n<li><a href=\"https:\/\/www.interreg6a.net\/pl\/konferencja-roczna-interreg-2023\/\">Konferencja roczna Interreg<\/a><\/li>\n<li><a href=\"https:\/\/www.facebook.com\/100064798596608\/videos\/2258656097661417\/?__so__=watchlist&amp;__rv__=video_home_www_playlist_video_list\">Film #GetToKnowInterreg<\/a><\/li>\n<\/ul>\n<p>Ze wszystkim mo\u017cna zapozna\u0107 si\u0119 w za\u0142\u0105czonym dokumencie, polecamy lektur\u0119!<\/p>\n<\/div><div class='w3eden'>\n<!-- WPDM Link Template: Default Template -->\n\n<div class=\"link-template-default card mb-2\">\n    <div class=\"card-body\">\n        <div class=\"media\">\n            <div class=\"media-pic-icon\">\n                <a class='wpdm-download-link download-on-click btn btn-primary ' rel='nofollow' href='#' data-downloadurl=\"https:\/\/www.interreg6a.net\/pl\/download\/dzialania-informacyjno-promocyjne-w-liczbach-i-na-zdjeciach\/?wpdmdl=11382&refresh=69f34ed92d0261777553113\">Pobierz<\/a>\n            <\/div>\n            <div class=\"media-body\">\n                <h3 class=\"package-title\">Dzia\u0142ania informacyjno-promocyjne w liczbach i na zdj\u0119ciach<\/h3>\n                <div class=\"text-muted text-small\">\n                    <span class=\"wpdm_file_ext\">pdf<\/span> | <span class=\"wpdm_file_size\">1.60 MB<\/span> | <span class=\"wpdm_update_date\">11. grudnia 2023<\/span> <!-- 11. grudnia 2023 -->\n                <\/div>\n            <\/div>\n\n        <\/div>\n    <\/div>\n<\/div>\n\n<\/div><\/div><\/div><\/div><\/div>\n","protected":false},"excerpt":{"rendered":"","protected":false},"author":25,"featured_media":11369,"comment_status":"closed","ping_status":"closed","sticky":false,"template":"","format":"standard","meta":{"_price":"","_stock":"","_tribe_ticket_header":"","_tribe_default_ticket_provider":"","_tribe_ticket_capacity":"0","_ticket_start_date":"","_ticket_end_date":"","_tribe_ticket_show_description":"","_tribe_ticket_show_not_going":false,"_tribe_ticket_use_global_stock":"","_tribe_ticket_global_stock_level":"","_global_stock_mode":"","_global_stock_cap":"","_tribe_rsvp_for_event":"","_tribe_ticket_going_count":"","_tribe_ticket_not_going_count":"","_tribe_tickets_list":"[]","_tribe_ticket_has_attendee_info_fields":false,"footnotes":""},"categories":[20,2],"tags":[],"class_list":["post-11376","post","type-post","status-publish","format-standard","has-post-thumbnail","hentry","category-aktualnosci","category-bez-kategorii"],"yoast_head":"<!-- This site is optimized with the Yoast SEO plugin v27.3 - https:\/\/yoast.com\/product\/yoast-seo-wordpress\/ -->\n<title>Dzia\u0142ania komunikacyjne Programu 2023 - Interreg VI A MV\/BB\/PL<\/title>\n<meta name=\"robots\" content=\"index, follow, max-snippet:-1, max-image-preview:large, max-video-preview:-1\" \/>\n<link rel=\"canonical\" href=\"https:\/\/www.interreg6a.net\/pl\/dzialania-komunikacyjne-programu-2023\/\" \/>\n<meta property=\"og:locale\" content=\"pl_PL\" \/>\n<meta property=\"og:type\" content=\"article\" \/>\n<meta property=\"og:title\" content=\"Dzia\u0142ania komunikacyjne Programu 2023 - Interreg VI A MV\/BB\/PL\" \/>\n<meta property=\"og:url\" content=\"https:\/\/www.interreg6a.net\/pl\/dzialania-komunikacyjne-programu-2023\/\" \/>\n<meta property=\"og:site_name\" content=\"Interreg VI A MV\/BB\/PL\" \/>\n<meta property=\"article:published_time\" content=\"2023-12-11T13:58:11+00:00\" \/>\n<meta property=\"article:modified_time\" content=\"2023-12-12T07:36:45+00:00\" \/>\n<meta property=\"og:image\" content=\"https:\/\/www.interreg6a.net\/wp-content\/uploads\/2023\/12\/Kommunikation.jpg\" \/>\n\t<meta property=\"og:image:width\" content=\"1388\" \/>\n\t<meta property=\"og:image:height\" content=\"908\" \/>\n\t<meta property=\"og:image:type\" content=\"image\/jpeg\" \/>\n<meta name=\"author\" content=\"semeniuk\" \/>\n<meta name=\"twitter:card\" content=\"summary_large_image\" \/>\n<meta name=\"twitter:label1\" content=\"Napisane przez\" \/>\n\t<meta name=\"twitter:data1\" content=\"semeniuk\" \/>\n\t<meta name=\"twitter:label2\" content=\"Szacowany czas czytania\" \/>\n\t<meta name=\"twitter:data2\" content=\"3 minuty\" \/>\n<script type=\"application\/ld+json\" class=\"yoast-schema-graph\">{\"@context\":\"https:\\\/\\\/schema.org\",\"@graph\":[{\"@type\":\"Article\",\"@id\":\"https:\\\/\\\/www.interreg6a.net\\\/pl\\\/dzialania-komunikacyjne-programu-2023\\\/#article\",\"isPartOf\":{\"@id\":\"https:\\\/\\\/www.interreg6a.net\\\/pl\\\/dzialania-komunikacyjne-programu-2023\\\/\"},\"author\":{\"name\":\"semeniuk\",\"@id\":\"https:\\\/\\\/www.interreg6a.net\\\/pl\\\/#\\\/schema\\\/person\\\/4c87761287b75456c2ed5cfbf95e4e8b\"},\"headline\":\"Dzia\u0142ania komunikacyjne Programu 2023\",\"datePublished\":\"2023-12-11T13:58:11+00:00\",\"dateModified\":\"2023-12-12T07:36:45+00:00\",\"mainEntityOfPage\":{\"@id\":\"https:\\\/\\\/www.interreg6a.net\\\/pl\\\/dzialania-komunikacyjne-programu-2023\\\/\"},\"wordCount\":1033,\"image\":{\"@id\":\"https:\\\/\\\/www.interreg6a.net\\\/pl\\\/dzialania-komunikacyjne-programu-2023\\\/#primaryimage\"},\"thumbnailUrl\":\"https:\\\/\\\/www.interreg6a.net\\\/wp-content\\\/uploads\\\/2023\\\/12\\\/Kommunikation.jpg\",\"articleSection\":[\"Aktualno\u015bci\"],\"inLanguage\":\"pl-PL\"},{\"@type\":\"WebPage\",\"@id\":\"https:\\\/\\\/www.interreg6a.net\\\/pl\\\/dzialania-komunikacyjne-programu-2023\\\/\",\"url\":\"https:\\\/\\\/www.interreg6a.net\\\/pl\\\/dzialania-komunikacyjne-programu-2023\\\/\",\"name\":\"Dzia\u0142ania komunikacyjne Programu 2023 - Interreg VI A MV\\\/BB\\\/PL\",\"isPartOf\":{\"@id\":\"https:\\\/\\\/www.interreg6a.net\\\/pl\\\/#website\"},\"primaryImageOfPage\":{\"@id\":\"https:\\\/\\\/www.interreg6a.net\\\/pl\\\/dzialania-komunikacyjne-programu-2023\\\/#primaryimage\"},\"image\":{\"@id\":\"https:\\\/\\\/www.interreg6a.net\\\/pl\\\/dzialania-komunikacyjne-programu-2023\\\/#primaryimage\"},\"thumbnailUrl\":\"https:\\\/\\\/www.interreg6a.net\\\/wp-content\\\/uploads\\\/2023\\\/12\\\/Kommunikation.jpg\",\"datePublished\":\"2023-12-11T13:58:11+00:00\",\"dateModified\":\"2023-12-12T07:36:45+00:00\",\"author\":{\"@id\":\"https:\\\/\\\/www.interreg6a.net\\\/pl\\\/#\\\/schema\\\/person\\\/4c87761287b75456c2ed5cfbf95e4e8b\"},\"breadcrumb\":{\"@id\":\"https:\\\/\\\/www.interreg6a.net\\\/pl\\\/dzialania-komunikacyjne-programu-2023\\\/#breadcrumb\"},\"inLanguage\":\"pl-PL\",\"potentialAction\":[{\"@type\":\"ReadAction\",\"target\":[\"https:\\\/\\\/www.interreg6a.net\\\/pl\\\/dzialania-komunikacyjne-programu-2023\\\/\"]}]},{\"@type\":\"ImageObject\",\"inLanguage\":\"pl-PL\",\"@id\":\"https:\\\/\\\/www.interreg6a.net\\\/pl\\\/dzialania-komunikacyjne-programu-2023\\\/#primaryimage\",\"url\":\"https:\\\/\\\/www.interreg6a.net\\\/wp-content\\\/uploads\\\/2023\\\/12\\\/Kommunikation.jpg\",\"contentUrl\":\"https:\\\/\\\/www.interreg6a.net\\\/wp-content\\\/uploads\\\/2023\\\/12\\\/Kommunikation.jpg\",\"width\":1388,\"height\":908},{\"@type\":\"BreadcrumbList\",\"@id\":\"https:\\\/\\\/www.interreg6a.net\\\/pl\\\/dzialania-komunikacyjne-programu-2023\\\/#breadcrumb\",\"itemListElement\":[{\"@type\":\"ListItem\",\"position\":1,\"name\":\"Strona g\u0142\u00f3wna\",\"item\":\"https:\\\/\\\/www.interreg6a.net\\\/pl\\\/\"},{\"@type\":\"ListItem\",\"position\":2,\"name\":\"Dzia\u0142ania komunikacyjne Programu 2023\"}]},{\"@type\":\"WebSite\",\"@id\":\"https:\\\/\\\/www.interreg6a.net\\\/pl\\\/#website\",\"url\":\"https:\\\/\\\/www.interreg6a.net\\\/pl\\\/\",\"name\":\"Interreg VI A MV\\\/BB\\\/PL\",\"description\":\"\",\"potentialAction\":[{\"@type\":\"SearchAction\",\"target\":{\"@type\":\"EntryPoint\",\"urlTemplate\":\"https:\\\/\\\/www.interreg6a.net\\\/pl\\\/?s={search_term_string}\"},\"query-input\":{\"@type\":\"PropertyValueSpecification\",\"valueRequired\":true,\"valueName\":\"search_term_string\"}}],\"inLanguage\":\"pl-PL\"},{\"@type\":\"Person\",\"@id\":\"https:\\\/\\\/www.interreg6a.net\\\/pl\\\/#\\\/schema\\\/person\\\/4c87761287b75456c2ed5cfbf95e4e8b\",\"name\":\"semeniuk\",\"image\":{\"@type\":\"ImageObject\",\"inLanguage\":\"pl-PL\",\"@id\":\"https:\\\/\\\/secure.gravatar.com\\\/avatar\\\/2aab4d2ca365cd79a4eb712e81052078a3fa7ddccf6c3d13d25230ebeeea8344?s=96&d=mm&r=g\",\"url\":\"https:\\\/\\\/secure.gravatar.com\\\/avatar\\\/2aab4d2ca365cd79a4eb712e81052078a3fa7ddccf6c3d13d25230ebeeea8344?s=96&d=mm&r=g\",\"contentUrl\":\"https:\\\/\\\/secure.gravatar.com\\\/avatar\\\/2aab4d2ca365cd79a4eb712e81052078a3fa7ddccf6c3d13d25230ebeeea8344?s=96&d=mm&r=g\",\"caption\":\"semeniuk\"},\"url\":\"https:\\\/\\\/www.interreg6a.net\\\/pl\\\/author\\\/semeniuk\\\/\"}]}<\/script>\n<!-- \/ Yoast SEO plugin. -->","yoast_head_json":{"title":"Dzia\u0142ania komunikacyjne Programu 2023 - Interreg VI A MV\/BB\/PL","robots":{"index":"index","follow":"follow","max-snippet":"max-snippet:-1","max-image-preview":"max-image-preview:large","max-video-preview":"max-video-preview:-1"},"canonical":"https:\/\/www.interreg6a.net\/pl\/dzialania-komunikacyjne-programu-2023\/","og_locale":"pl_PL","og_type":"article","og_title":"Dzia\u0142ania komunikacyjne Programu 2023 - Interreg VI A MV\/BB\/PL","og_url":"https:\/\/www.interreg6a.net\/pl\/dzialania-komunikacyjne-programu-2023\/","og_site_name":"Interreg VI A MV\/BB\/PL","article_published_time":"2023-12-11T13:58:11+00:00","article_modified_time":"2023-12-12T07:36:45+00:00","og_image":[{"width":1388,"height":908,"url":"https:\/\/www.interreg6a.net\/wp-content\/uploads\/2023\/12\/Kommunikation.jpg","type":"image\/jpeg"}],"author":"semeniuk","twitter_card":"summary_large_image","twitter_misc":{"Napisane przez":"semeniuk","Szacowany czas czytania":"3 minuty"},"schema":{"@context":"https:\/\/schema.org","@graph":[{"@type":"Article","@id":"https:\/\/www.interreg6a.net\/pl\/dzialania-komunikacyjne-programu-2023\/#article","isPartOf":{"@id":"https:\/\/www.interreg6a.net\/pl\/dzialania-komunikacyjne-programu-2023\/"},"author":{"name":"semeniuk","@id":"https:\/\/www.interreg6a.net\/pl\/#\/schema\/person\/4c87761287b75456c2ed5cfbf95e4e8b"},"headline":"Dzia\u0142ania komunikacyjne Programu 2023","datePublished":"2023-12-11T13:58:11+00:00","dateModified":"2023-12-12T07:36:45+00:00","mainEntityOfPage":{"@id":"https:\/\/www.interreg6a.net\/pl\/dzialania-komunikacyjne-programu-2023\/"},"wordCount":1033,"image":{"@id":"https:\/\/www.interreg6a.net\/pl\/dzialania-komunikacyjne-programu-2023\/#primaryimage"},"thumbnailUrl":"https:\/\/www.interreg6a.net\/wp-content\/uploads\/2023\/12\/Kommunikation.jpg","articleSection":["Aktualno\u015bci"],"inLanguage":"pl-PL"},{"@type":"WebPage","@id":"https:\/\/www.interreg6a.net\/pl\/dzialania-komunikacyjne-programu-2023\/","url":"https:\/\/www.interreg6a.net\/pl\/dzialania-komunikacyjne-programu-2023\/","name":"Dzia\u0142ania komunikacyjne Programu 2023 - Interreg VI A MV\/BB\/PL","isPartOf":{"@id":"https:\/\/www.interreg6a.net\/pl\/#website"},"primaryImageOfPage":{"@id":"https:\/\/www.interreg6a.net\/pl\/dzialania-komunikacyjne-programu-2023\/#primaryimage"},"image":{"@id":"https:\/\/www.interreg6a.net\/pl\/dzialania-komunikacyjne-programu-2023\/#primaryimage"},"thumbnailUrl":"https:\/\/www.interreg6a.net\/wp-content\/uploads\/2023\/12\/Kommunikation.jpg","datePublished":"2023-12-11T13:58:11+00:00","dateModified":"2023-12-12T07:36:45+00:00","author":{"@id":"https:\/\/www.interreg6a.net\/pl\/#\/schema\/person\/4c87761287b75456c2ed5cfbf95e4e8b"},"breadcrumb":{"@id":"https:\/\/www.interreg6a.net\/pl\/dzialania-komunikacyjne-programu-2023\/#breadcrumb"},"inLanguage":"pl-PL","potentialAction":[{"@type":"ReadAction","target":["https:\/\/www.interreg6a.net\/pl\/dzialania-komunikacyjne-programu-2023\/"]}]},{"@type":"ImageObject","inLanguage":"pl-PL","@id":"https:\/\/www.interreg6a.net\/pl\/dzialania-komunikacyjne-programu-2023\/#primaryimage","url":"https:\/\/www.interreg6a.net\/wp-content\/uploads\/2023\/12\/Kommunikation.jpg","contentUrl":"https:\/\/www.interreg6a.net\/wp-content\/uploads\/2023\/12\/Kommunikation.jpg","width":1388,"height":908},{"@type":"BreadcrumbList","@id":"https:\/\/www.interreg6a.net\/pl\/dzialania-komunikacyjne-programu-2023\/#breadcrumb","itemListElement":[{"@type":"ListItem","position":1,"name":"Strona g\u0142\u00f3wna","item":"https:\/\/www.interreg6a.net\/pl\/"},{"@type":"ListItem","position":2,"name":"Dzia\u0142ania komunikacyjne Programu 2023"}]},{"@type":"WebSite","@id":"https:\/\/www.interreg6a.net\/pl\/#website","url":"https:\/\/www.interreg6a.net\/pl\/","name":"Interreg VI A MV\/BB\/PL","description":"","potentialAction":[{"@type":"SearchAction","target":{"@type":"EntryPoint","urlTemplate":"https:\/\/www.interreg6a.net\/pl\/?s={search_term_string}"},"query-input":{"@type":"PropertyValueSpecification","valueRequired":true,"valueName":"search_term_string"}}],"inLanguage":"pl-PL"},{"@type":"Person","@id":"https:\/\/www.interreg6a.net\/pl\/#\/schema\/person\/4c87761287b75456c2ed5cfbf95e4e8b","name":"semeniuk","image":{"@type":"ImageObject","inLanguage":"pl-PL","@id":"https:\/\/secure.gravatar.com\/avatar\/2aab4d2ca365cd79a4eb712e81052078a3fa7ddccf6c3d13d25230ebeeea8344?s=96&d=mm&r=g","url":"https:\/\/secure.gravatar.com\/avatar\/2aab4d2ca365cd79a4eb712e81052078a3fa7ddccf6c3d13d25230ebeeea8344?s=96&d=mm&r=g","contentUrl":"https:\/\/secure.gravatar.com\/avatar\/2aab4d2ca365cd79a4eb712e81052078a3fa7ddccf6c3d13d25230ebeeea8344?s=96&d=mm&r=g","caption":"semeniuk"},"url":"https:\/\/www.interreg6a.net\/pl\/author\/semeniuk\/"}]}},"_links":{"self":[{"href":"https:\/\/www.interreg6a.net\/pl\/wp-json\/wp\/v2\/posts\/11376","targetHints":{"allow":["GET"]}}],"collection":[{"href":"https:\/\/www.interreg6a.net\/pl\/wp-json\/wp\/v2\/posts"}],"about":[{"href":"https:\/\/www.interreg6a.net\/pl\/wp-json\/wp\/v2\/types\/post"}],"author":[{"embeddable":true,"href":"https:\/\/www.interreg6a.net\/pl\/wp-json\/wp\/v2\/users\/25"}],"replies":[{"embeddable":true,"href":"https:\/\/www.interreg6a.net\/pl\/wp-json\/wp\/v2\/comments?post=11376"}],"version-history":[{"count":10,"href":"https:\/\/www.interreg6a.net\/pl\/wp-json\/wp\/v2\/posts\/11376\/revisions"}],"predecessor-version":[{"id":11391,"href":"https:\/\/www.interreg6a.net\/pl\/wp-json\/wp\/v2\/posts\/11376\/revisions\/11391"}],"wp:featuredmedia":[{"embeddable":true,"href":"https:\/\/www.interreg6a.net\/pl\/wp-json\/wp\/v2\/media\/11369"}],"wp:attachment":[{"href":"https:\/\/www.interreg6a.net\/pl\/wp-json\/wp\/v2\/media?parent=11376"}],"wp:term":[{"taxonomy":"category","embeddable":true,"href":"https:\/\/www.interreg6a.net\/pl\/wp-json\/wp\/v2\/categories?post=11376"},{"taxonomy":"post_tag","embeddable":true,"href":"https:\/\/www.interreg6a.net\/pl\/wp-json\/wp\/v2\/tags?post=11376"}],"curies":[{"name":"wp","href":"https:\/\/api.w.org\/{rel}","templated":true}]}}