{"id":12772,"date":"2024-04-08T15:31:19","date_gmt":"2024-04-08T13:31:19","guid":{"rendered":"https:\/\/www.interreg6a.net\/pierwsza-umowa-o-dofinansowanie-regularnego-projektu-podpisana\/"},"modified":"2024-04-15T16:27:56","modified_gmt":"2024-04-15T14:27:56","slug":"pierwsza-umowa-o-dofinansowanie-regularnego-projektu-podpisana","status":"publish","type":"post","link":"https:\/\/www.interreg6a.net\/pl\/pierwsza-umowa-o-dofinansowanie-regularnego-projektu-podpisana\/","title":{"rendered":"Pierwsza umowa o dofinansowanie regularnego projektu podpisana!"},"content":{"rendered":"<div class=\"fusion-fullwidth fullwidth-box fusion-builder-row-1 fusion-flex-container has-pattern-background has-mask-background nonhundred-percent-fullwidth non-hundred-percent-height-scrolling\" style=\"--awb-border-radius-top-left:0px;--awb-border-radius-top-right:0px;--awb-border-radius-bottom-right:0px;--awb-border-radius-bottom-left:0px;--awb-flex-wrap:wrap;\" ><div class=\"fusion-builder-row fusion-row fusion-flex-align-items-flex-start fusion-flex-content-wrap\" style=\"max-width:1586px;margin-left: calc(-4% \/ 2 );margin-right: calc(-4% \/ 2 );\"><div class=\"fusion-layout-column fusion_builder_column fusion-builder-column-0 fusion_builder_column_1_1 1_1 fusion-flex-column\" style=\"--awb-bg-size:cover;--awb-width-large:100%;--awb-margin-top-large:0px;--awb-spacing-right-large:1.92%;--awb-margin-bottom-large:20px;--awb-spacing-left-large:1.92%;--awb-width-medium:100%;--awb-order-medium:0;--awb-spacing-right-medium:1.92%;--awb-spacing-left-medium:1.92%;--awb-width-small:100%;--awb-order-small:0;--awb-spacing-right-small:1.92%;--awb-spacing-left-small:1.92%;\"><div class=\"fusion-column-wrapper fusion-column-has-shadow fusion-flex-justify-content-flex-start fusion-content-layout-column\"><div class=\"fusion-title title fusion-title-1 fusion-sep-none fusion-title-text fusion-title-size-one\" style=\"--awb-margin-top-small:10px;--awb-margin-right-small:0px;--awb-margin-bottom-small:10px;--awb-margin-left-small:0px;\"><h1 class=\"fusion-title-heading title-heading-left\" style=\"margin:0;\"><p style=\"text-align: center;\">Pierwsza umowa o dofinansowanie regularnego projektu podpisana!<\/p><\/h1><\/div><div class=\"fusion-text fusion-text-1\"><p>Realizowany projekt, kt\u00f3ry rozpocz\u0105\u0142 si\u0119 ju\u017c w kwietniu br. dotyczy monitoringu na rzecz obszar\u00f3w chronionych w Euroregionie Pomerania. Warto wiedzie\u0107, \u017ce na naszym terenie utworzone zosta\u0142y jak dot\u0105d 22 du\u017ce obszary chronione, kt\u00f3re obejmuj\u0105 a\u017c \u00bc ca\u0142kowitej powierzchni naszego transgranicznego regionu!<\/p>\n<h5>Partnerzy projektu:<\/h5>\n<ul>\n<li>Zachodniopomorski Uniwersytet Technologiczny w Szczecinie,<\/li>\n<li>Uniwersytet w Greifswaldzie,<\/li>\n<li>Uniwersytet Szczeci\u0144ski,<\/li>\n<li>Wy\u017csza Szko\u0142a Zr\u00f3wnowa\u017conego Rozwoju w Eberswalde<\/li>\n<\/ul>\n<p>przez najbli\u017csze trzy lata realizacji projektu b\u0119d\u0105 koncentrowa\u0107 si\u0119 na opracowaniu zestawu procedur monitorowania obszar\u00f3w chronionych. B\u0119d\u0105 one jednolite i mo\u017cliwe do wykorzystania w r\u00f3\u017cnych typach obszar\u00f3w chronionych po obu stronach granicy.<\/p>\n<p>Realizacja projektu zapewni transgraniczn\u0105 por\u00f3wnywalno\u015b\u0107 danych, ale tak\u017ce wzmocni wsp\u00f3ln\u0105 \u015bwiadomo\u015b\u0107 kwestii r\u00f3\u017cnorodno\u015bci biologicznej i zasad zr\u00f3wnowa\u017conego rozwoju. Innowacyjne rozwi\u0105zania w zakresie monitorowania obszar\u00f3w chronionych, kt\u00f3re nie ograniczaj\u0105 si\u0119 tylko do codziennej praktyki monitoringu przyrodniczego, ale uwzgl\u0119dniaj\u0105 szeroki zakres czynnik\u00f3w spo\u0142eczno-ekonomicznych, przyczyni\u0105 si\u0119 do zachowania unikalnej r\u00f3\u017cnorodno\u015bci biologicznej.<\/p>\n<p><strong>Powodzenia!<\/strong><\/p>\n<\/div><div class=\"fusion-text fusion-text-2\" style=\"--awb-margin-top:15px;\"><h5><strong>Projekt nr INT0100028:<\/strong><\/h5>\n<p><strong>&#8222;Monitoring na rzecz obszar\u00f3w chronionych ze szczeg\u00f3lnym uwzgl\u0119dnieniem r\u00f3\u017cnorodno\u015bci biologicznej i zr\u00f3wnowa\u017conego rozwoju tych obszar\u00f3w&#8221;<\/strong> (Akronim: <strong>MoPA<\/strong>)<\/p>\n<h5><strong>Cel szczeg\u00f3\u0142owy<\/strong>:<\/h5>\n<p><strong>P2_2.7 &#8211; P2_2.7 Ochrona przyrody i bior\u00f3\u017cnorodno\u015b\u0107<\/strong><\/p>\n<h5><strong>Okres realizacji<\/strong>:<\/h5>\n<p><strong>01.04.2024-31.03.2027 (36 miesi\u0119cy)<\/strong><\/p>\n<h5><strong>Wydatki ca\u0142kowite<\/strong>:<\/h5>\n<p><strong>966.447,60 EUR<\/strong><\/p>\n<h5><strong>Dofinansowanie<\/strong> <strong>ze \u015brodk\u00f3w Programu Interreg VIA<\/strong>:<\/h5>\n<p><strong>773.158,08 EUR<\/strong><\/p>\n<\/div><div class=\"fusion-text fusion-text-3\"><p>List\u0119 oraz informacje na temat zatwierdzonych projekt\u00f3w znajd\u0105 Pa\u0144stwo <a href=\"https:\/\/www.interreg6a.net\/pl\/bewilligte-projekte-2\/\">tutaj<\/a>.<\/p>\n<\/div><\/div><\/div><\/div><\/div>\n","protected":false},"excerpt":{"rendered":"","protected":false},"author":25,"featured_media":12767,"comment_status":"closed","ping_status":"closed","sticky":false,"template":"","format":"standard","meta":{"_price":"","_stock":"","_tribe_ticket_header":"","_tribe_default_ticket_provider":"","_tribe_ticket_capacity":"0","_ticket_start_date":"","_ticket_end_date":"","_tribe_ticket_show_description":"","_tribe_ticket_show_not_going":false,"_tribe_ticket_use_global_stock":"","_tribe_ticket_global_stock_level":"","_global_stock_mode":"","_global_stock_cap":"","_tribe_rsvp_for_event":"","_tribe_ticket_going_count":"","_tribe_ticket_not_going_count":"","_tribe_tickets_list":"[]","_tribe_ticket_has_attendee_info_fields":false,"footnotes":""},"categories":[20],"tags":[],"class_list":["post-12772","post","type-post","status-publish","format-standard","has-post-thumbnail","hentry","category-aktualnosci"],"yoast_head":"<!-- This site is optimized with the Yoast SEO plugin v27.3 - https:\/\/yoast.com\/product\/yoast-seo-wordpress\/ -->\n<title>Pierwsza umowa o dofinansowanie regularnego projektu podpisana! - Interreg VI A MV\/BB\/PL<\/title>\n<meta name=\"robots\" content=\"index, follow, max-snippet:-1, max-image-preview:large, max-video-preview:-1\" \/>\n<link rel=\"canonical\" href=\"https:\/\/www.interreg6a.net\/pl\/pierwsza-umowa-o-dofinansowanie-regularnego-projektu-podpisana\/\" \/>\n<meta property=\"og:locale\" content=\"pl_PL\" \/>\n<meta property=\"og:type\" content=\"article\" \/>\n<meta property=\"og:title\" content=\"Pierwsza umowa o dofinansowanie regularnego projektu podpisana! - Interreg VI A MV\/BB\/PL\" \/>\n<meta property=\"og:url\" content=\"https:\/\/www.interreg6a.net\/pl\/pierwsza-umowa-o-dofinansowanie-regularnego-projektu-podpisana\/\" \/>\n<meta property=\"og:site_name\" content=\"Interreg VI A MV\/BB\/PL\" \/>\n<meta property=\"article:published_time\" content=\"2024-04-08T13:31:19+00:00\" \/>\n<meta property=\"article:modified_time\" content=\"2024-04-15T14:27:56+00:00\" \/>\n<meta property=\"og:image\" content=\"https:\/\/www.interreg6a.net\/wp-content\/uploads\/2024\/04\/Vertragsunterzeichnung-1.jpg\" \/>\n\t<meta property=\"og:image:width\" content=\"1511\" \/>\n\t<meta property=\"og:image:height\" content=\"1095\" \/>\n\t<meta property=\"og:image:type\" content=\"image\/jpeg\" \/>\n<meta name=\"author\" content=\"semeniuk\" \/>\n<meta name=\"twitter:card\" content=\"summary_large_image\" \/>\n<meta name=\"twitter:label1\" content=\"Napisane przez\" \/>\n\t<meta name=\"twitter:data1\" content=\"semeniuk\" \/>\n\t<meta name=\"twitter:label2\" content=\"Szacowany czas czytania\" \/>\n\t<meta name=\"twitter:data2\" content=\"4 minuty\" \/>\n<script type=\"application\/ld+json\" class=\"yoast-schema-graph\">{\"@context\":\"https:\\\/\\\/schema.org\",\"@graph\":[{\"@type\":\"Article\",\"@id\":\"https:\\\/\\\/www.interreg6a.net\\\/pl\\\/pierwsza-umowa-o-dofinansowanie-regularnego-projektu-podpisana\\\/#article\",\"isPartOf\":{\"@id\":\"https:\\\/\\\/www.interreg6a.net\\\/pl\\\/pierwsza-umowa-o-dofinansowanie-regularnego-projektu-podpisana\\\/\"},\"author\":{\"name\":\"semeniuk\",\"@id\":\"https:\\\/\\\/www.interreg6a.net\\\/pl\\\/#\\\/schema\\\/person\\\/4c87761287b75456c2ed5cfbf95e4e8b\"},\"headline\":\"Pierwsza umowa o dofinansowanie regularnego projektu podpisana!\",\"datePublished\":\"2024-04-08T13:31:19+00:00\",\"dateModified\":\"2024-04-15T14:27:56+00:00\",\"mainEntityOfPage\":{\"@id\":\"https:\\\/\\\/www.interreg6a.net\\\/pl\\\/pierwsza-umowa-o-dofinansowanie-regularnego-projektu-podpisana\\\/\"},\"wordCount\":1352,\"image\":{\"@id\":\"https:\\\/\\\/www.interreg6a.net\\\/pl\\\/pierwsza-umowa-o-dofinansowanie-regularnego-projektu-podpisana\\\/#primaryimage\"},\"thumbnailUrl\":\"https:\\\/\\\/www.interreg6a.net\\\/wp-content\\\/uploads\\\/2024\\\/04\\\/Vertragsunterzeichnung-1.jpg\",\"articleSection\":[\"Aktualno\u015bci\"],\"inLanguage\":\"pl-PL\"},{\"@type\":\"WebPage\",\"@id\":\"https:\\\/\\\/www.interreg6a.net\\\/pl\\\/pierwsza-umowa-o-dofinansowanie-regularnego-projektu-podpisana\\\/\",\"url\":\"https:\\\/\\\/www.interreg6a.net\\\/pl\\\/pierwsza-umowa-o-dofinansowanie-regularnego-projektu-podpisana\\\/\",\"name\":\"Pierwsza umowa o dofinansowanie regularnego projektu podpisana! - Interreg VI A MV\\\/BB\\\/PL\",\"isPartOf\":{\"@id\":\"https:\\\/\\\/www.interreg6a.net\\\/pl\\\/#website\"},\"primaryImageOfPage\":{\"@id\":\"https:\\\/\\\/www.interreg6a.net\\\/pl\\\/pierwsza-umowa-o-dofinansowanie-regularnego-projektu-podpisana\\\/#primaryimage\"},\"image\":{\"@id\":\"https:\\\/\\\/www.interreg6a.net\\\/pl\\\/pierwsza-umowa-o-dofinansowanie-regularnego-projektu-podpisana\\\/#primaryimage\"},\"thumbnailUrl\":\"https:\\\/\\\/www.interreg6a.net\\\/wp-content\\\/uploads\\\/2024\\\/04\\\/Vertragsunterzeichnung-1.jpg\",\"datePublished\":\"2024-04-08T13:31:19+00:00\",\"dateModified\":\"2024-04-15T14:27:56+00:00\",\"author\":{\"@id\":\"https:\\\/\\\/www.interreg6a.net\\\/pl\\\/#\\\/schema\\\/person\\\/4c87761287b75456c2ed5cfbf95e4e8b\"},\"breadcrumb\":{\"@id\":\"https:\\\/\\\/www.interreg6a.net\\\/pl\\\/pierwsza-umowa-o-dofinansowanie-regularnego-projektu-podpisana\\\/#breadcrumb\"},\"inLanguage\":\"pl-PL\",\"potentialAction\":[{\"@type\":\"ReadAction\",\"target\":[\"https:\\\/\\\/www.interreg6a.net\\\/pl\\\/pierwsza-umowa-o-dofinansowanie-regularnego-projektu-podpisana\\\/\"]}]},{\"@type\":\"ImageObject\",\"inLanguage\":\"pl-PL\",\"@id\":\"https:\\\/\\\/www.interreg6a.net\\\/pl\\\/pierwsza-umowa-o-dofinansowanie-regularnego-projektu-podpisana\\\/#primaryimage\",\"url\":\"https:\\\/\\\/www.interreg6a.net\\\/wp-content\\\/uploads\\\/2024\\\/04\\\/Vertragsunterzeichnung-1.jpg\",\"contentUrl\":\"https:\\\/\\\/www.interreg6a.net\\\/wp-content\\\/uploads\\\/2024\\\/04\\\/Vertragsunterzeichnung-1.jpg\",\"width\":1511,\"height\":1095},{\"@type\":\"BreadcrumbList\",\"@id\":\"https:\\\/\\\/www.interreg6a.net\\\/pl\\\/pierwsza-umowa-o-dofinansowanie-regularnego-projektu-podpisana\\\/#breadcrumb\",\"itemListElement\":[{\"@type\":\"ListItem\",\"position\":1,\"name\":\"Strona g\u0142\u00f3wna\",\"item\":\"https:\\\/\\\/www.interreg6a.net\\\/pl\\\/\"},{\"@type\":\"ListItem\",\"position\":2,\"name\":\"Pierwsza umowa o dofinansowanie regularnego projektu podpisana!\"}]},{\"@type\":\"WebSite\",\"@id\":\"https:\\\/\\\/www.interreg6a.net\\\/pl\\\/#website\",\"url\":\"https:\\\/\\\/www.interreg6a.net\\\/pl\\\/\",\"name\":\"Interreg VI A MV\\\/BB\\\/PL\",\"description\":\"\",\"potentialAction\":[{\"@type\":\"SearchAction\",\"target\":{\"@type\":\"EntryPoint\",\"urlTemplate\":\"https:\\\/\\\/www.interreg6a.net\\\/pl\\\/?s={search_term_string}\"},\"query-input\":{\"@type\":\"PropertyValueSpecification\",\"valueRequired\":true,\"valueName\":\"search_term_string\"}}],\"inLanguage\":\"pl-PL\"},{\"@type\":\"Person\",\"@id\":\"https:\\\/\\\/www.interreg6a.net\\\/pl\\\/#\\\/schema\\\/person\\\/4c87761287b75456c2ed5cfbf95e4e8b\",\"name\":\"semeniuk\",\"image\":{\"@type\":\"ImageObject\",\"inLanguage\":\"pl-PL\",\"@id\":\"https:\\\/\\\/secure.gravatar.com\\\/avatar\\\/2aab4d2ca365cd79a4eb712e81052078a3fa7ddccf6c3d13d25230ebeeea8344?s=96&d=mm&r=g\",\"url\":\"https:\\\/\\\/secure.gravatar.com\\\/avatar\\\/2aab4d2ca365cd79a4eb712e81052078a3fa7ddccf6c3d13d25230ebeeea8344?s=96&d=mm&r=g\",\"contentUrl\":\"https:\\\/\\\/secure.gravatar.com\\\/avatar\\\/2aab4d2ca365cd79a4eb712e81052078a3fa7ddccf6c3d13d25230ebeeea8344?s=96&d=mm&r=g\",\"caption\":\"semeniuk\"},\"url\":\"https:\\\/\\\/www.interreg6a.net\\\/pl\\\/author\\\/semeniuk\\\/\"}]}<\/script>\n<!-- \/ Yoast SEO plugin. -->","yoast_head_json":{"title":"Pierwsza umowa o dofinansowanie regularnego projektu podpisana! - Interreg VI A MV\/BB\/PL","robots":{"index":"index","follow":"follow","max-snippet":"max-snippet:-1","max-image-preview":"max-image-preview:large","max-video-preview":"max-video-preview:-1"},"canonical":"https:\/\/www.interreg6a.net\/pl\/pierwsza-umowa-o-dofinansowanie-regularnego-projektu-podpisana\/","og_locale":"pl_PL","og_type":"article","og_title":"Pierwsza umowa o dofinansowanie regularnego projektu podpisana! - Interreg VI A MV\/BB\/PL","og_url":"https:\/\/www.interreg6a.net\/pl\/pierwsza-umowa-o-dofinansowanie-regularnego-projektu-podpisana\/","og_site_name":"Interreg VI A MV\/BB\/PL","article_published_time":"2024-04-08T13:31:19+00:00","article_modified_time":"2024-04-15T14:27:56+00:00","og_image":[{"width":1511,"height":1095,"url":"https:\/\/www.interreg6a.net\/wp-content\/uploads\/2024\/04\/Vertragsunterzeichnung-1.jpg","type":"image\/jpeg"}],"author":"semeniuk","twitter_card":"summary_large_image","twitter_misc":{"Napisane przez":"semeniuk","Szacowany czas czytania":"4 minuty"},"schema":{"@context":"https:\/\/schema.org","@graph":[{"@type":"Article","@id":"https:\/\/www.interreg6a.net\/pl\/pierwsza-umowa-o-dofinansowanie-regularnego-projektu-podpisana\/#article","isPartOf":{"@id":"https:\/\/www.interreg6a.net\/pl\/pierwsza-umowa-o-dofinansowanie-regularnego-projektu-podpisana\/"},"author":{"name":"semeniuk","@id":"https:\/\/www.interreg6a.net\/pl\/#\/schema\/person\/4c87761287b75456c2ed5cfbf95e4e8b"},"headline":"Pierwsza umowa o dofinansowanie regularnego projektu podpisana!","datePublished":"2024-04-08T13:31:19+00:00","dateModified":"2024-04-15T14:27:56+00:00","mainEntityOfPage":{"@id":"https:\/\/www.interreg6a.net\/pl\/pierwsza-umowa-o-dofinansowanie-regularnego-projektu-podpisana\/"},"wordCount":1352,"image":{"@id":"https:\/\/www.interreg6a.net\/pl\/pierwsza-umowa-o-dofinansowanie-regularnego-projektu-podpisana\/#primaryimage"},"thumbnailUrl":"https:\/\/www.interreg6a.net\/wp-content\/uploads\/2024\/04\/Vertragsunterzeichnung-1.jpg","articleSection":["Aktualno\u015bci"],"inLanguage":"pl-PL"},{"@type":"WebPage","@id":"https:\/\/www.interreg6a.net\/pl\/pierwsza-umowa-o-dofinansowanie-regularnego-projektu-podpisana\/","url":"https:\/\/www.interreg6a.net\/pl\/pierwsza-umowa-o-dofinansowanie-regularnego-projektu-podpisana\/","name":"Pierwsza umowa o dofinansowanie regularnego projektu podpisana! - Interreg VI A MV\/BB\/PL","isPartOf":{"@id":"https:\/\/www.interreg6a.net\/pl\/#website"},"primaryImageOfPage":{"@id":"https:\/\/www.interreg6a.net\/pl\/pierwsza-umowa-o-dofinansowanie-regularnego-projektu-podpisana\/#primaryimage"},"image":{"@id":"https:\/\/www.interreg6a.net\/pl\/pierwsza-umowa-o-dofinansowanie-regularnego-projektu-podpisana\/#primaryimage"},"thumbnailUrl":"https:\/\/www.interreg6a.net\/wp-content\/uploads\/2024\/04\/Vertragsunterzeichnung-1.jpg","datePublished":"2024-04-08T13:31:19+00:00","dateModified":"2024-04-15T14:27:56+00:00","author":{"@id":"https:\/\/www.interreg6a.net\/pl\/#\/schema\/person\/4c87761287b75456c2ed5cfbf95e4e8b"},"breadcrumb":{"@id":"https:\/\/www.interreg6a.net\/pl\/pierwsza-umowa-o-dofinansowanie-regularnego-projektu-podpisana\/#breadcrumb"},"inLanguage":"pl-PL","potentialAction":[{"@type":"ReadAction","target":["https:\/\/www.interreg6a.net\/pl\/pierwsza-umowa-o-dofinansowanie-regularnego-projektu-podpisana\/"]}]},{"@type":"ImageObject","inLanguage":"pl-PL","@id":"https:\/\/www.interreg6a.net\/pl\/pierwsza-umowa-o-dofinansowanie-regularnego-projektu-podpisana\/#primaryimage","url":"https:\/\/www.interreg6a.net\/wp-content\/uploads\/2024\/04\/Vertragsunterzeichnung-1.jpg","contentUrl":"https:\/\/www.interreg6a.net\/wp-content\/uploads\/2024\/04\/Vertragsunterzeichnung-1.jpg","width":1511,"height":1095},{"@type":"BreadcrumbList","@id":"https:\/\/www.interreg6a.net\/pl\/pierwsza-umowa-o-dofinansowanie-regularnego-projektu-podpisana\/#breadcrumb","itemListElement":[{"@type":"ListItem","position":1,"name":"Strona g\u0142\u00f3wna","item":"https:\/\/www.interreg6a.net\/pl\/"},{"@type":"ListItem","position":2,"name":"Pierwsza umowa o dofinansowanie regularnego projektu podpisana!"}]},{"@type":"WebSite","@id":"https:\/\/www.interreg6a.net\/pl\/#website","url":"https:\/\/www.interreg6a.net\/pl\/","name":"Interreg VI A MV\/BB\/PL","description":"","potentialAction":[{"@type":"SearchAction","target":{"@type":"EntryPoint","urlTemplate":"https:\/\/www.interreg6a.net\/pl\/?s={search_term_string}"},"query-input":{"@type":"PropertyValueSpecification","valueRequired":true,"valueName":"search_term_string"}}],"inLanguage":"pl-PL"},{"@type":"Person","@id":"https:\/\/www.interreg6a.net\/pl\/#\/schema\/person\/4c87761287b75456c2ed5cfbf95e4e8b","name":"semeniuk","image":{"@type":"ImageObject","inLanguage":"pl-PL","@id":"https:\/\/secure.gravatar.com\/avatar\/2aab4d2ca365cd79a4eb712e81052078a3fa7ddccf6c3d13d25230ebeeea8344?s=96&d=mm&r=g","url":"https:\/\/secure.gravatar.com\/avatar\/2aab4d2ca365cd79a4eb712e81052078a3fa7ddccf6c3d13d25230ebeeea8344?s=96&d=mm&r=g","contentUrl":"https:\/\/secure.gravatar.com\/avatar\/2aab4d2ca365cd79a4eb712e81052078a3fa7ddccf6c3d13d25230ebeeea8344?s=96&d=mm&r=g","caption":"semeniuk"},"url":"https:\/\/www.interreg6a.net\/pl\/author\/semeniuk\/"}]}},"_links":{"self":[{"href":"https:\/\/www.interreg6a.net\/pl\/wp-json\/wp\/v2\/posts\/12772","targetHints":{"allow":["GET"]}}],"collection":[{"href":"https:\/\/www.interreg6a.net\/pl\/wp-json\/wp\/v2\/posts"}],"about":[{"href":"https:\/\/www.interreg6a.net\/pl\/wp-json\/wp\/v2\/types\/post"}],"author":[{"embeddable":true,"href":"https:\/\/www.interreg6a.net\/pl\/wp-json\/wp\/v2\/users\/25"}],"replies":[{"embeddable":true,"href":"https:\/\/www.interreg6a.net\/pl\/wp-json\/wp\/v2\/comments?post=12772"}],"version-history":[{"count":10,"href":"https:\/\/www.interreg6a.net\/pl\/wp-json\/wp\/v2\/posts\/12772\/revisions"}],"predecessor-version":[{"id":12827,"href":"https:\/\/www.interreg6a.net\/pl\/wp-json\/wp\/v2\/posts\/12772\/revisions\/12827"}],"wp:featuredmedia":[{"embeddable":true,"href":"https:\/\/www.interreg6a.net\/pl\/wp-json\/wp\/v2\/media\/12767"}],"wp:attachment":[{"href":"https:\/\/www.interreg6a.net\/pl\/wp-json\/wp\/v2\/media?parent=12772"}],"wp:term":[{"taxonomy":"category","embeddable":true,"href":"https:\/\/www.interreg6a.net\/pl\/wp-json\/wp\/v2\/categories?post=12772"},{"taxonomy":"post_tag","embeddable":true,"href":"https:\/\/www.interreg6a.net\/pl\/wp-json\/wp\/v2\/tags?post=12772"}],"curies":[{"name":"wp","href":"https:\/\/api.w.org\/{rel}","templated":true}]}}