{"id":13117,"date":"2024-06-17T13:32:52","date_gmt":"2024-06-17T11:32:52","guid":{"rendered":"https:\/\/www.interreg6a.net\/?p=13117"},"modified":"2024-06-17T13:32:39","modified_gmt":"2024-06-17T11:32:39","slug":"polsko-niemiecki-kalendarz-wydarzen-juz-aktywny","status":"publish","type":"post","link":"https:\/\/www.interreg6a.net\/pl\/polsko-niemiecki-kalendarz-wydarzen-juz-aktywny\/","title":{"rendered":"Polsko \u2013 Niemiecki Kalendarz Wydarze\u0144 ju\u017c aktywny"},"content":{"rendered":"<div class=\"fusion-fullwidth fullwidth-box fusion-builder-row-1 fusion-flex-container has-pattern-background has-mask-background nonhundred-percent-fullwidth non-hundred-percent-height-scrolling\" style=\"--awb-border-radius-top-left:0px;--awb-border-radius-top-right:0px;--awb-border-radius-bottom-right:0px;--awb-border-radius-bottom-left:0px;--awb-flex-wrap:wrap;\" ><div class=\"fusion-builder-row fusion-row fusion-flex-align-items-flex-start fusion-flex-content-wrap\" style=\"max-width:1586px;margin-left: calc(-4% \/ 2 );margin-right: calc(-4% \/ 2 );\"><div class=\"fusion-layout-column fusion_builder_column fusion-builder-column-0 fusion_builder_column_1_1 1_1 fusion-flex-column\" style=\"--awb-bg-size:cover;--awb-width-large:100%;--awb-margin-top-large:0px;--awb-spacing-right-large:1.92%;--awb-margin-bottom-large:20px;--awb-spacing-left-large:1.92%;--awb-width-medium:100%;--awb-order-medium:0;--awb-spacing-right-medium:1.92%;--awb-spacing-left-medium:1.92%;--awb-width-small:100%;--awb-order-small:0;--awb-spacing-right-small:1.92%;--awb-spacing-left-small:1.92%;\"><div class=\"fusion-column-wrapper fusion-column-has-shadow fusion-flex-justify-content-flex-start fusion-content-layout-column\"><div class=\"fusion-title title fusion-title-1 fusion-sep-none fusion-title-text fusion-title-size-one\" style=\"--awb-margin-top-small:10px;--awb-margin-right-small:0px;--awb-margin-bottom-small:10px;--awb-margin-left-small:0px;\"><h1 class=\"fusion-title-heading title-heading-left\" style=\"margin:0;\"><p style=\"text-align: center;\">Polsko \u2013 Niemiecki Kalendarz Wydarze\u0144 ju\u017c aktywny<\/p><\/h1><\/div><div class=\"fusion-text fusion-text-1\"><p>Trzy lata temu nasz beneficjent &#8211; Wojew\u00f3dztwo Zachodniopomorskie &#8211; stworzy\u0142 aplikacj\u0119 Pomorze Zachodnie, kt\u00f3rej celem jest promowanie i u\u0142atwianie poruszania si\u0119 rowerem po naszym regionie. Zainteresowanie aplikacj\u0105 pokaza\u0142o, \u017ce takie narz\u0119dzia s\u0105 potrzebne i spe\u0142niaj\u0105 swoje zadania. Podj\u0119to decyzj\u0119 o rozbudowie aplikacji i rozszerzeniu istniej\u0105cego kalendarza wydarze\u0144.<\/p>\n<\/div><div class=\"fusion-text fusion-text-2\"><p>Dzi\u0119ki \u015brodkom z programu finansowania <strong>Interreg VIA Meklemburgia-Pomorze Przednie\/Brandenburgia-Polska <\/strong>powsta\u0142a osobna strona internetowa, kt\u00f3ra b\u0119dzie pe\u0142ni\u0107 funkcj\u0119 kalendarza wydarze\u0144.<\/p>\n<p><strong>Tutaj wydarzenia odbywaj\u0105ce si\u0119 w ca\u0142ym Euroregionie Pomerania s\u0105 zebrane w jednym miejscu.<\/strong><\/p>\n<p>Nag\u0142a\u015bniane b\u0119d\u0105 inicjatywy z r\u00f3\u017cnych kategorii, takich jak <strong>turystyka, kultura, sport, edukacja czy biznes<\/strong>.<\/p>\n<p>G\u0142\u00f3wn\u0105 zalet\u0105 strony b\u0119dzie mo\u017cliwo\u015b\u0107 dodawania wydarze\u0144 przez organizator\u00f3w. Opisy wydarze\u0144 b\u0119d\u0105 automatycznie t\u0142umaczone na j\u0119zyk niemiecki. Wszystkie wydarzenia b\u0119d\u0105 r\u00f3wnie\u017c dost\u0119pne w aplikacji Pomorza Zachodnie.<\/p>\n<\/div><div class=\"fusion-text fusion-text-3\"><p><strong>Jeste\u015b organizatorem wydarzenia?<\/strong><\/p>\n<p>Dodaj sw\u00f3j event do <u><a href=\"https:\/\/wydarzenia.wzp.pl\/\">wydarzenia.wzp.pl<\/a>!<\/u><\/p>\n<\/div><\/div><\/div><\/div><\/div>\n","protected":false},"excerpt":{"rendered":"","protected":false},"author":25,"featured_media":13123,"comment_status":"closed","ping_status":"closed","sticky":false,"template":"","format":"standard","meta":{"_price":"","_stock":"","_tribe_ticket_header":"","_tribe_default_ticket_provider":"","_tribe_ticket_capacity":"0","_ticket_start_date":"","_ticket_end_date":"","_tribe_ticket_show_description":"","_tribe_ticket_show_not_going":false,"_tribe_ticket_use_global_stock":"","_tribe_ticket_global_stock_level":"","_global_stock_mode":"","_global_stock_cap":"","_tribe_rsvp_for_event":"","_tribe_ticket_going_count":"","_tribe_ticket_not_going_count":"","_tribe_tickets_list":"[]","_tribe_ticket_has_attendee_info_fields":false,"footnotes":""},"categories":[20],"tags":[],"class_list":["post-13117","post","type-post","status-publish","format-standard","has-post-thumbnail","hentry","category-aktualnosci"],"yoast_head":"<!-- This site is optimized with the Yoast SEO plugin v27.3 - https:\/\/yoast.com\/product\/yoast-seo-wordpress\/ -->\n<title>Polsko \u2013 Niemiecki Kalendarz Wydarze\u0144 ju\u017c aktywny - Interreg VI A MV\/BB\/PL<\/title>\n<meta name=\"robots\" content=\"index, follow, max-snippet:-1, max-image-preview:large, max-video-preview:-1\" \/>\n<link rel=\"canonical\" href=\"https:\/\/www.interreg6a.net\/pl\/polsko-niemiecki-kalendarz-wydarzen-juz-aktywny\/\" \/>\n<meta property=\"og:locale\" content=\"pl_PL\" \/>\n<meta property=\"og:type\" content=\"article\" \/>\n<meta property=\"og:title\" content=\"Polsko \u2013 Niemiecki Kalendarz Wydarze\u0144 ju\u017c aktywny - Interreg VI A MV\/BB\/PL\" \/>\n<meta property=\"og:url\" content=\"https:\/\/www.interreg6a.net\/pl\/polsko-niemiecki-kalendarz-wydarzen-juz-aktywny\/\" \/>\n<meta property=\"og:site_name\" content=\"Interreg VI A MV\/BB\/PL\" \/>\n<meta property=\"article:published_time\" content=\"2024-06-17T11:32:52+00:00\" \/>\n<meta property=\"og:image\" content=\"https:\/\/www.interreg6a.net\/wp-content\/uploads\/2024\/06\/Kalendarz-wydarzen_zobacz.jpg\" \/>\n\t<meta property=\"og:image:width\" content=\"1799\" \/>\n\t<meta property=\"og:image:height\" content=\"1662\" \/>\n\t<meta property=\"og:image:type\" content=\"image\/jpeg\" \/>\n<meta name=\"author\" content=\"semeniuk\" \/>\n<meta name=\"twitter:card\" content=\"summary_large_image\" \/>\n<meta name=\"twitter:label1\" content=\"Napisane przez\" \/>\n\t<meta name=\"twitter:data1\" content=\"semeniuk\" \/>\n\t<meta name=\"twitter:label2\" content=\"Szacowany czas czytania\" \/>\n\t<meta name=\"twitter:data2\" content=\"4 minuty\" \/>\n<script type=\"application\/ld+json\" class=\"yoast-schema-graph\">{\"@context\":\"https:\\\/\\\/schema.org\",\"@graph\":[{\"@type\":\"Article\",\"@id\":\"https:\\\/\\\/www.interreg6a.net\\\/pl\\\/polsko-niemiecki-kalendarz-wydarzen-juz-aktywny\\\/#article\",\"isPartOf\":{\"@id\":\"https:\\\/\\\/www.interreg6a.net\\\/pl\\\/polsko-niemiecki-kalendarz-wydarzen-juz-aktywny\\\/\"},\"author\":{\"name\":\"semeniuk\",\"@id\":\"https:\\\/\\\/www.interreg6a.net\\\/pl\\\/#\\\/schema\\\/person\\\/4c87761287b75456c2ed5cfbf95e4e8b\"},\"headline\":\"Polsko \u2013 Niemiecki Kalendarz Wydarze\u0144 ju\u017c aktywny\",\"datePublished\":\"2024-06-17T11:32:52+00:00\",\"mainEntityOfPage\":{\"@id\":\"https:\\\/\\\/www.interreg6a.net\\\/pl\\\/polsko-niemiecki-kalendarz-wydarzen-juz-aktywny\\\/\"},\"wordCount\":1269,\"image\":{\"@id\":\"https:\\\/\\\/www.interreg6a.net\\\/pl\\\/polsko-niemiecki-kalendarz-wydarzen-juz-aktywny\\\/#primaryimage\"},\"thumbnailUrl\":\"https:\\\/\\\/www.interreg6a.net\\\/wp-content\\\/uploads\\\/2024\\\/06\\\/Kalendarz-wydarzen_zobacz-e1723207232757.jpg\",\"articleSection\":[\"Aktualno\u015bci\"],\"inLanguage\":\"pl-PL\"},{\"@type\":\"WebPage\",\"@id\":\"https:\\\/\\\/www.interreg6a.net\\\/pl\\\/polsko-niemiecki-kalendarz-wydarzen-juz-aktywny\\\/\",\"url\":\"https:\\\/\\\/www.interreg6a.net\\\/pl\\\/polsko-niemiecki-kalendarz-wydarzen-juz-aktywny\\\/\",\"name\":\"Polsko \u2013 Niemiecki Kalendarz Wydarze\u0144 ju\u017c aktywny - Interreg VI A MV\\\/BB\\\/PL\",\"isPartOf\":{\"@id\":\"https:\\\/\\\/www.interreg6a.net\\\/pl\\\/#website\"},\"primaryImageOfPage\":{\"@id\":\"https:\\\/\\\/www.interreg6a.net\\\/pl\\\/polsko-niemiecki-kalendarz-wydarzen-juz-aktywny\\\/#primaryimage\"},\"image\":{\"@id\":\"https:\\\/\\\/www.interreg6a.net\\\/pl\\\/polsko-niemiecki-kalendarz-wydarzen-juz-aktywny\\\/#primaryimage\"},\"thumbnailUrl\":\"https:\\\/\\\/www.interreg6a.net\\\/wp-content\\\/uploads\\\/2024\\\/06\\\/Kalendarz-wydarzen_zobacz-e1723207232757.jpg\",\"datePublished\":\"2024-06-17T11:32:52+00:00\",\"author\":{\"@id\":\"https:\\\/\\\/www.interreg6a.net\\\/pl\\\/#\\\/schema\\\/person\\\/4c87761287b75456c2ed5cfbf95e4e8b\"},\"breadcrumb\":{\"@id\":\"https:\\\/\\\/www.interreg6a.net\\\/pl\\\/polsko-niemiecki-kalendarz-wydarzen-juz-aktywny\\\/#breadcrumb\"},\"inLanguage\":\"pl-PL\",\"potentialAction\":[{\"@type\":\"ReadAction\",\"target\":[\"https:\\\/\\\/www.interreg6a.net\\\/pl\\\/polsko-niemiecki-kalendarz-wydarzen-juz-aktywny\\\/\"]}]},{\"@type\":\"ImageObject\",\"inLanguage\":\"pl-PL\",\"@id\":\"https:\\\/\\\/www.interreg6a.net\\\/pl\\\/polsko-niemiecki-kalendarz-wydarzen-juz-aktywny\\\/#primaryimage\",\"url\":\"https:\\\/\\\/www.interreg6a.net\\\/wp-content\\\/uploads\\\/2024\\\/06\\\/Kalendarz-wydarzen_zobacz-e1723207232757.jpg\",\"contentUrl\":\"https:\\\/\\\/www.interreg6a.net\\\/wp-content\\\/uploads\\\/2024\\\/06\\\/Kalendarz-wydarzen_zobacz-e1723207232757.jpg\",\"width\":1799,\"height\":1445},{\"@type\":\"BreadcrumbList\",\"@id\":\"https:\\\/\\\/www.interreg6a.net\\\/pl\\\/polsko-niemiecki-kalendarz-wydarzen-juz-aktywny\\\/#breadcrumb\",\"itemListElement\":[{\"@type\":\"ListItem\",\"position\":1,\"name\":\"Strona g\u0142\u00f3wna\",\"item\":\"https:\\\/\\\/www.interreg6a.net\\\/pl\\\/\"},{\"@type\":\"ListItem\",\"position\":2,\"name\":\"Polsko \u2013 Niemiecki Kalendarz Wydarze\u0144 ju\u017c aktywny\"}]},{\"@type\":\"WebSite\",\"@id\":\"https:\\\/\\\/www.interreg6a.net\\\/pl\\\/#website\",\"url\":\"https:\\\/\\\/www.interreg6a.net\\\/pl\\\/\",\"name\":\"Interreg VI A MV\\\/BB\\\/PL\",\"description\":\"\",\"potentialAction\":[{\"@type\":\"SearchAction\",\"target\":{\"@type\":\"EntryPoint\",\"urlTemplate\":\"https:\\\/\\\/www.interreg6a.net\\\/pl\\\/?s={search_term_string}\"},\"query-input\":{\"@type\":\"PropertyValueSpecification\",\"valueRequired\":true,\"valueName\":\"search_term_string\"}}],\"inLanguage\":\"pl-PL\"},{\"@type\":\"Person\",\"@id\":\"https:\\\/\\\/www.interreg6a.net\\\/pl\\\/#\\\/schema\\\/person\\\/4c87761287b75456c2ed5cfbf95e4e8b\",\"name\":\"semeniuk\",\"image\":{\"@type\":\"ImageObject\",\"inLanguage\":\"pl-PL\",\"@id\":\"https:\\\/\\\/secure.gravatar.com\\\/avatar\\\/2aab4d2ca365cd79a4eb712e81052078a3fa7ddccf6c3d13d25230ebeeea8344?s=96&d=mm&r=g\",\"url\":\"https:\\\/\\\/secure.gravatar.com\\\/avatar\\\/2aab4d2ca365cd79a4eb712e81052078a3fa7ddccf6c3d13d25230ebeeea8344?s=96&d=mm&r=g\",\"contentUrl\":\"https:\\\/\\\/secure.gravatar.com\\\/avatar\\\/2aab4d2ca365cd79a4eb712e81052078a3fa7ddccf6c3d13d25230ebeeea8344?s=96&d=mm&r=g\",\"caption\":\"semeniuk\"},\"url\":\"https:\\\/\\\/www.interreg6a.net\\\/pl\\\/author\\\/semeniuk\\\/\"}]}<\/script>\n<!-- \/ Yoast SEO plugin. -->","yoast_head_json":{"title":"Polsko \u2013 Niemiecki Kalendarz Wydarze\u0144 ju\u017c aktywny - Interreg VI A MV\/BB\/PL","robots":{"index":"index","follow":"follow","max-snippet":"max-snippet:-1","max-image-preview":"max-image-preview:large","max-video-preview":"max-video-preview:-1"},"canonical":"https:\/\/www.interreg6a.net\/pl\/polsko-niemiecki-kalendarz-wydarzen-juz-aktywny\/","og_locale":"pl_PL","og_type":"article","og_title":"Polsko \u2013 Niemiecki Kalendarz Wydarze\u0144 ju\u017c aktywny - Interreg VI A MV\/BB\/PL","og_url":"https:\/\/www.interreg6a.net\/pl\/polsko-niemiecki-kalendarz-wydarzen-juz-aktywny\/","og_site_name":"Interreg VI A MV\/BB\/PL","article_published_time":"2024-06-17T11:32:52+00:00","og_image":[{"width":1799,"height":1662,"url":"https:\/\/www.interreg6a.net\/wp-content\/uploads\/2024\/06\/Kalendarz-wydarzen_zobacz.jpg","type":"image\/jpeg"}],"author":"semeniuk","twitter_card":"summary_large_image","twitter_misc":{"Napisane przez":"semeniuk","Szacowany czas czytania":"4 minuty"},"schema":{"@context":"https:\/\/schema.org","@graph":[{"@type":"Article","@id":"https:\/\/www.interreg6a.net\/pl\/polsko-niemiecki-kalendarz-wydarzen-juz-aktywny\/#article","isPartOf":{"@id":"https:\/\/www.interreg6a.net\/pl\/polsko-niemiecki-kalendarz-wydarzen-juz-aktywny\/"},"author":{"name":"semeniuk","@id":"https:\/\/www.interreg6a.net\/pl\/#\/schema\/person\/4c87761287b75456c2ed5cfbf95e4e8b"},"headline":"Polsko \u2013 Niemiecki Kalendarz Wydarze\u0144 ju\u017c aktywny","datePublished":"2024-06-17T11:32:52+00:00","mainEntityOfPage":{"@id":"https:\/\/www.interreg6a.net\/pl\/polsko-niemiecki-kalendarz-wydarzen-juz-aktywny\/"},"wordCount":1269,"image":{"@id":"https:\/\/www.interreg6a.net\/pl\/polsko-niemiecki-kalendarz-wydarzen-juz-aktywny\/#primaryimage"},"thumbnailUrl":"https:\/\/www.interreg6a.net\/wp-content\/uploads\/2024\/06\/Kalendarz-wydarzen_zobacz-e1723207232757.jpg","articleSection":["Aktualno\u015bci"],"inLanguage":"pl-PL"},{"@type":"WebPage","@id":"https:\/\/www.interreg6a.net\/pl\/polsko-niemiecki-kalendarz-wydarzen-juz-aktywny\/","url":"https:\/\/www.interreg6a.net\/pl\/polsko-niemiecki-kalendarz-wydarzen-juz-aktywny\/","name":"Polsko \u2013 Niemiecki Kalendarz Wydarze\u0144 ju\u017c aktywny - Interreg VI A MV\/BB\/PL","isPartOf":{"@id":"https:\/\/www.interreg6a.net\/pl\/#website"},"primaryImageOfPage":{"@id":"https:\/\/www.interreg6a.net\/pl\/polsko-niemiecki-kalendarz-wydarzen-juz-aktywny\/#primaryimage"},"image":{"@id":"https:\/\/www.interreg6a.net\/pl\/polsko-niemiecki-kalendarz-wydarzen-juz-aktywny\/#primaryimage"},"thumbnailUrl":"https:\/\/www.interreg6a.net\/wp-content\/uploads\/2024\/06\/Kalendarz-wydarzen_zobacz-e1723207232757.jpg","datePublished":"2024-06-17T11:32:52+00:00","author":{"@id":"https:\/\/www.interreg6a.net\/pl\/#\/schema\/person\/4c87761287b75456c2ed5cfbf95e4e8b"},"breadcrumb":{"@id":"https:\/\/www.interreg6a.net\/pl\/polsko-niemiecki-kalendarz-wydarzen-juz-aktywny\/#breadcrumb"},"inLanguage":"pl-PL","potentialAction":[{"@type":"ReadAction","target":["https:\/\/www.interreg6a.net\/pl\/polsko-niemiecki-kalendarz-wydarzen-juz-aktywny\/"]}]},{"@type":"ImageObject","inLanguage":"pl-PL","@id":"https:\/\/www.interreg6a.net\/pl\/polsko-niemiecki-kalendarz-wydarzen-juz-aktywny\/#primaryimage","url":"https:\/\/www.interreg6a.net\/wp-content\/uploads\/2024\/06\/Kalendarz-wydarzen_zobacz-e1723207232757.jpg","contentUrl":"https:\/\/www.interreg6a.net\/wp-content\/uploads\/2024\/06\/Kalendarz-wydarzen_zobacz-e1723207232757.jpg","width":1799,"height":1445},{"@type":"BreadcrumbList","@id":"https:\/\/www.interreg6a.net\/pl\/polsko-niemiecki-kalendarz-wydarzen-juz-aktywny\/#breadcrumb","itemListElement":[{"@type":"ListItem","position":1,"name":"Strona g\u0142\u00f3wna","item":"https:\/\/www.interreg6a.net\/pl\/"},{"@type":"ListItem","position":2,"name":"Polsko \u2013 Niemiecki Kalendarz Wydarze\u0144 ju\u017c aktywny"}]},{"@type":"WebSite","@id":"https:\/\/www.interreg6a.net\/pl\/#website","url":"https:\/\/www.interreg6a.net\/pl\/","name":"Interreg VI A MV\/BB\/PL","description":"","potentialAction":[{"@type":"SearchAction","target":{"@type":"EntryPoint","urlTemplate":"https:\/\/www.interreg6a.net\/pl\/?s={search_term_string}"},"query-input":{"@type":"PropertyValueSpecification","valueRequired":true,"valueName":"search_term_string"}}],"inLanguage":"pl-PL"},{"@type":"Person","@id":"https:\/\/www.interreg6a.net\/pl\/#\/schema\/person\/4c87761287b75456c2ed5cfbf95e4e8b","name":"semeniuk","image":{"@type":"ImageObject","inLanguage":"pl-PL","@id":"https:\/\/secure.gravatar.com\/avatar\/2aab4d2ca365cd79a4eb712e81052078a3fa7ddccf6c3d13d25230ebeeea8344?s=96&d=mm&r=g","url":"https:\/\/secure.gravatar.com\/avatar\/2aab4d2ca365cd79a4eb712e81052078a3fa7ddccf6c3d13d25230ebeeea8344?s=96&d=mm&r=g","contentUrl":"https:\/\/secure.gravatar.com\/avatar\/2aab4d2ca365cd79a4eb712e81052078a3fa7ddccf6c3d13d25230ebeeea8344?s=96&d=mm&r=g","caption":"semeniuk"},"url":"https:\/\/www.interreg6a.net\/pl\/author\/semeniuk\/"}]}},"_links":{"self":[{"href":"https:\/\/www.interreg6a.net\/pl\/wp-json\/wp\/v2\/posts\/13117","targetHints":{"allow":["GET"]}}],"collection":[{"href":"https:\/\/www.interreg6a.net\/pl\/wp-json\/wp\/v2\/posts"}],"about":[{"href":"https:\/\/www.interreg6a.net\/pl\/wp-json\/wp\/v2\/types\/post"}],"author":[{"embeddable":true,"href":"https:\/\/www.interreg6a.net\/pl\/wp-json\/wp\/v2\/users\/25"}],"replies":[{"embeddable":true,"href":"https:\/\/www.interreg6a.net\/pl\/wp-json\/wp\/v2\/comments?post=13117"}],"version-history":[{"count":3,"href":"https:\/\/www.interreg6a.net\/pl\/wp-json\/wp\/v2\/posts\/13117\/revisions"}],"predecessor-version":[{"id":13120,"href":"https:\/\/www.interreg6a.net\/pl\/wp-json\/wp\/v2\/posts\/13117\/revisions\/13120"}],"wp:featuredmedia":[{"embeddable":true,"href":"https:\/\/www.interreg6a.net\/pl\/wp-json\/wp\/v2\/media\/13123"}],"wp:attachment":[{"href":"https:\/\/www.interreg6a.net\/pl\/wp-json\/wp\/v2\/media?parent=13117"}],"wp:term":[{"taxonomy":"category","embeddable":true,"href":"https:\/\/www.interreg6a.net\/pl\/wp-json\/wp\/v2\/categories?post=13117"},{"taxonomy":"post_tag","embeddable":true,"href":"https:\/\/www.interreg6a.net\/pl\/wp-json\/wp\/v2\/tags?post=13117"}],"curies":[{"name":"wp","href":"https:\/\/api.w.org\/{rel}","templated":true}]}}