{"id":13591,"date":"2024-08-19T15:06:46","date_gmt":"2024-08-19T13:06:46","guid":{"rendered":"https:\/\/www.interreg6a.net\/?p=13591"},"modified":"2024-08-20T13:52:43","modified_gmt":"2024-08-20T11:52:43","slug":"stan-kontraktacji-projektow-z-1-naboru","status":"publish","type":"post","link":"https:\/\/www.interreg6a.net\/pl\/stan-kontraktacji-projektow-z-1-naboru\/","title":{"rendered":"Stan kontraktacji projekt\u00f3w z 1 naboru"},"content":{"rendered":"<p><div class=\"fusion-fullwidth fullwidth-box fusion-builder-row-1 fusion-flex-container has-pattern-background has-mask-background nonhundred-percent-fullwidth non-hundred-percent-height-scrolling\" style=\"--awb-border-radius-top-left:0px;--awb-border-radius-top-right:0px;--awb-border-radius-bottom-right:0px;--awb-border-radius-bottom-left:0px;--awb-flex-wrap:wrap;\" ><div class=\"fusion-builder-row fusion-row fusion-flex-align-items-flex-start fusion-flex-content-wrap\" style=\"max-width:1586px;margin-left: calc(-4% \/ 2 );margin-right: calc(-4% \/ 2 );\"><div class=\"fusion-layout-column fusion_builder_column fusion-builder-column-0 fusion_builder_column_1_1 1_1 fusion-flex-column\" style=\"--awb-bg-size:cover;--awb-width-large:100%;--awb-margin-top-large:0px;--awb-spacing-right-large:1.92%;--awb-margin-bottom-large:20px;--awb-spacing-left-large:1.92%;--awb-width-medium:100%;--awb-order-medium:0;--awb-spacing-right-medium:1.92%;--awb-spacing-left-medium:1.92%;--awb-width-small:100%;--awb-order-small:0;--awb-spacing-right-small:1.92%;--awb-spacing-left-small:1.92%;\"><div class=\"fusion-column-wrapper fusion-column-has-shadow fusion-flex-justify-content-flex-start fusion-content-layout-column\"><div class=\"fusion-title title fusion-title-1 fusion-sep-none fusion-title-text fusion-title-size-one\" style=\"--awb-margin-top-small:10px;--awb-margin-right-small:0px;--awb-margin-bottom-small:10px;--awb-margin-left-small:0px;\"><h1 class=\"fusion-title-heading title-heading-left\" style=\"margin:0;\"><p style=\"text-align: center;\"><strong>Stan kontraktacji projekt\u00f3w z 1 naboru<\/strong><\/p><\/h1><\/div><div class=\"fusion-text fusion-text-1\"><p>Wraz z podpisaniem umowy o dofinansowanie zako\u0144czy\u0142a si\u0119 faza kontraktacji dla <strong>11 z 15 projekt\u00f3w w ramach pierwszego naboru<\/strong> wniosk\u00f3w. Partnerzy poni\u017cszych projekt\u00f3w mogli ju\u017c rozpocz\u0105\u0107 ich realizacj\u0119:<\/p>\n<h6><strong>CS 1.1: Badania i Innowacje<\/strong><\/h6>\n<ul>\n<li><strong>INT0100008 HEALTH.AI Pomerania<\/strong> &#8211; Stworzenie technologii wspieranych przez AI w diagnostyce medycznej, terapii i badaniach w celu zapewnienia wysokiej jako\u015bci opieki zdrowotnej w Euroregionie Pomerania<\/li>\n<li><strong>INT0100010<\/strong> <strong>InterHem<\/strong> &#8211; Kontynuacja i rozw\u00f3j wsp\u00f3\u0142pracy transgranicznej poprzez wdra\u017canie innowacji w hematologii i onkologii do\u015bwiadczalnej oraz klinicznej<\/li>\n<li><strong>INT0100016<\/strong> <strong>Temicare 2.0<\/strong> &#8211; Telemedycznie Zintegrowane Polsko-Niemieckie Centrum Onkologii Dzieci\u0119cej w Euroregionie Pomerania 2.0 &#8211; zastosowanie i zbadanie innowacyjnych technologii<\/li>\n<\/ul>\n<h6><strong>CS 2.4: Przystosowanie do zmian klimatu<\/strong><\/h6>\n<ul>\n<li><strong>INT0100051 \u2013 POLSMA<\/strong> &#8211; Region Pomerania \u017cyje zr\u00f3wnowa\u017conym zarz\u0105dzaniem<\/li>\n<\/ul>\n<h6><strong>CS 2.7: Ochrona przyrody i bior\u00f3\u017cnorodno\u015b\u0107<\/strong><\/h6>\n<ul>\n<li><strong>INT0100028 MoPA<\/strong> &#8211; Monitoring na rzecz obszar\u00f3w chronionych ze szczeg\u00f3lnym uwzgl\u0119dnieniem r\u00f3\u017cnorodno\u015bci biologicznej i zr\u00f3wnowa\u017conego rozwoju tych obszar\u00f3w<\/li>\n<li><strong>INT0100037<\/strong><strong> VIVA LA FAUNA<\/strong> &#8211; Zachowanie r\u00f3\u017cnorodno\u015bci biologicznej poprzez tworzenie nowych miejsc l\u0119gowych ptak\u00f3w i schronie\u0144 nietoperzy dla chronionych gatunk\u00f3w na terenie Euroregionu Pomerania<\/li>\n<\/ul>\n<h6><strong>CS 4.2: Edukacja<\/strong><\/h6>\n<ul>\n<li><strong>INT0100042<\/strong> <strong>DigitalClass Pomerania<\/strong> &#8211; Platforma edukacyjna wykorzystuj\u0105ca innowacyjne technologie w ramach partnerstwa Powiatu Uckermark i Powiatu Wa\u0142eckiego<\/li>\n<\/ul>\n<h6><strong>CS 4.6: Kultura i zr\u00f3wnowa\u017cona turystyka<\/strong><\/h6>\n<ul>\n<li><strong>INT0100003<\/strong> <strong>WTOT<\/strong> &#8211; Wsp\u00f3lna promocja walor\u00f3w turystycznych Euroregionu Pomerania poprzez wzmocnienie wsp\u00f3\u0142pracy transgranicznej organizacji turystycznych<\/li>\n<li><strong>INT0100017<\/strong> <strong>viaTEATRI_2023<\/strong> &#8211; Polsko-Niemiecka Sie\u0107 Teatralna viaTEATRI<\/li>\n<\/ul>\n<h6><strong>CS 6.1: Zdolno\u015b\u0107 do wsp\u00f3\u0142pracy<\/strong><\/h6>\n<ul>\n<li><strong>INT0100001 <\/strong><strong>IBN\/SID<\/strong> &#8211; Sie\u0107 Informacyjno-Doradcza<\/li>\n<li><strong>INT0100007 One Pomerania<\/strong> &#8211; &#8222;The one and only Pomerania&#8221; &#8211; analiza na rzecz transgranicznego rozwoju w Euroregionie Pomerania.<\/li>\n<\/ul>\n<p>Oczekuje si\u0119, \u017ce wkr\u00f3tce zostan\u0105 podpisane kolejne umowy o dofinansowanie.<\/p>\n<\/div><div class=\"fusion-text fusion-text-2\"><p>Bie\u017c\u0105ce informacje na temat zatwierdzonych projekt\u00f3w b\u0119d\u0105 regularnie publikowane na stronie internetowej Programu w sekcji <strong>&#8222;Wyniki<\/strong> &#8211; <a href=\"https:\/\/www.interreg6a.net\/pl\/bewilligte-projekte-2\/\">Zatwierdzone projekty<\/a><strong>&#8222;<\/strong>.<\/p>\n<\/div><\/div><\/div><\/div><\/div><div class=\"fusion-fullwidth fullwidth-box fusion-builder-row-2 fusion-flex-container nonhundred-percent-fullwidth non-hundred-percent-height-scrolling lena\" style=\"--link_hover_color: var(--awb-color1);--link_color: var(--awb-color1);--awb-border-color:hsla(var(--awb-color1-h),var(--awb-color1-s),calc(var(--awb-color1-l) + 100%),var(--awb-color1-a));--awb-border-radius-top-left:0px;--awb-border-radius-top-right:0px;--awb-border-radius-bottom-right:0px;--awb-border-radius-bottom-left:0px;--awb-padding-top:50px;--awb-padding-bottom:15px;--awb-background-image:linear-gradient(69deg, #003399 27%,#007db2 100%);--awb-flex-wrap:wrap;\" ><div class=\"fusion-builder-row fusion-row fusion-flex-align-items-flex-start fusion-flex-content-wrap\" style=\"max-width:1586px;margin-left: calc(-4% \/ 2 );margin-right: calc(-4% \/ 2 );\"><div class=\"fusion-layout-column fusion_builder_column fusion-builder-column-1 fusion_builder_column_1_1 1_1 fusion-flex-column fusion-flex-align-self-center\" style=\"--awb-bg-size:cover;--awb-width-large:100%;--awb-margin-top-large:0px;--awb-spacing-right-large:1.92%;--awb-margin-bottom-large:20px;--awb-spacing-left-large:1.92%;--awb-width-medium:100%;--awb-order-medium:0;--awb-spacing-right-medium:1.92%;--awb-spacing-left-medium:1.92%;--awb-width-small:100%;--awb-order-small:0;--awb-spacing-right-small:1.92%;--awb-spacing-left-small:1.92%;\"><div class=\"fusion-column-wrapper fusion-column-has-shadow fusion-flex-justify-content-flex-start fusion-content-layout-column\"><div class=\"fusion-title title fusion-title-2 fusion-sep-none fusion-title-center fusion-title-text fusion-title-size-two\" style=\"--awb-text-color:var(--awb-color1);--awb-margin-top:0px;--awb-margin-bottom:0px;--awb-margin-top-small:10px;--awb-margin-right-small:0px;--awb-margin-bottom-small:10px;--awb-margin-left-small:0px;--awb-font-size:44px;\"><h2 class=\"fusion-title-heading title-heading-center\" style=\"font-family:&quot;Vollkorn&quot;;font-style:normal;font-weight:700;margin:0;font-size:1em;\">Zatwierdzone projekty<\/h2><\/div><div class=\"fusion-title title fusion-title-3 fusion-sep-none fusion-title-center fusion-title-text fusion-title-size-three\" style=\"--awb-text-color:var(--awb-color1);--awb-margin-top:0px;--awb-margin-bottom:0px;--awb-margin-top-small:10px;--awb-margin-right-small:0px;--awb-margin-bottom-small:10px;--awb-margin-left-small:0px;\"><h3 class=\"fusion-title-heading title-heading-center\" style=\"margin:0;\">1. Nab\u00f3r &#8211; Statystyka<\/h3><\/div><div class=\"fusion-counters-box counters-box row fusion-clearfix fusion-columns-3\" style=\"--awb-body-color:var(--awb-color1);--awb-body-size:18;--awb-title-size:60;\"><div class=\"fusion-counter-box fusion-column col-counter-box counter-box-wrapper col-lg-4 col-md-4 col-sm-4\" data-animationOffset=\"top-into-view\"><div class=\"counter-box-container\"><div class=\"content-box-percentage content-box-counter\"><span class=\"display-counter\" data-value=\"116400\" data-delimiter=\",\" data-direction=\"up\" data-decimals=\"0\">0<\/span><span class=\"unit\"> Mio. \u20ac<\/span><\/div><div class=\"counter-box-content\">Bud\u017cet Programu EFRR<\/div><\/div><\/div><div class=\"fusion-counter-box fusion-column col-counter-box counter-box-wrapper col-lg-4 col-md-4 col-sm-4\" data-animationOffset=\"top-into-view\"><div class=\"counter-box-container\"><div class=\"content-box-percentage content-box-counter\"><span class=\"display-counter\" data-value=\"11\" data-direction=\"up\" data-decimals=\"0\">0<\/span><\/div><div class=\"counter-box-content\">Liczba zatwierdzonych projekt\u00f3w<\/div><\/div><\/div><div class=\"fusion-counter-box fusion-column col-counter-box counter-box-wrapper col-lg-4 col-md-4 col-sm-4\" data-animationOffset=\"top-into-view\"><div class=\"counter-box-container\"><div class=\"content-box-percentage content-box-counter\"><span class=\"display-counter\" data-value=\"20314\" data-delimiter=\",\" data-direction=\"up\" data-decimals=\"0\">0<\/span><span class=\"unit\"> Mio. \u20ac<\/span><\/div><div class=\"counter-box-content\">Zatwierdzone projekty EFRR<\/div><\/div><\/div><\/div><\/div><\/div><div class=\"fusion-layout-column fusion_builder_column fusion-builder-column-2 fusion_builder_column_1_2 1_2 fusion-flex-column pic_counter_text\" style=\"--awb-bg-size:cover;--awb-width-large:50%;--awb-margin-top-large:0px;--awb-spacing-right-large:3.84%;--awb-margin-bottom-large:20px;--awb-spacing-left-large:3.84%;--awb-width-medium:50%;--awb-order-medium:0;--awb-spacing-right-medium:3.84%;--awb-spacing-left-medium:3.84%;--awb-width-small:100%;--awb-order-small:0;--awb-spacing-right-small:1.92%;--awb-spacing-left-small:1.92%;\"><div class=\"fusion-column-wrapper fusion-column-has-shadow fusion-flex-justify-content-flex-start fusion-content-layout-column\"><div class=\"fusion-text fusion-text-3\" style=\"--awb-text-color:var(--awb-color1);\"><p>stan na 19.08.2024<\/p>\n<\/div><\/div><\/div><div class=\"fusion-layout-column fusion_builder_column fusion-builder-column-3 fusion_builder_column_1_2 1_2 fusion-flex-column fusion-flex-align-self-flex-end pic_counter_text\" style=\"--awb-bg-size:cover;--awb-width-large:50%;--awb-margin-top-large:0px;--awb-spacing-right-large:3.84%;--awb-margin-bottom-large:20px;--awb-spacing-left-large:3.84%;--awb-width-medium:50%;--awb-order-medium:0;--awb-spacing-right-medium:3.84%;--awb-spacing-left-medium:3.84%;--awb-width-small:100%;--awb-order-small:0;--awb-spacing-right-small:1.92%;--awb-spacing-left-small:1.92%;\"><div class=\"fusion-column-wrapper fusion-column-has-shadow fusion-flex-justify-content-flex-end fusion-content-layout-column\"><div class=\"fusion-text fusion-text-4\" style=\"--awb-content-alignment:right;--awb-text-color:var(--awb-color1);\"><p><a href=\"https:\/\/www.interreg6a.net\/bewilligte-projekte\/\">Zatwierdzone projekty<\/a><\/p>\n<\/div><\/div><\/div><\/div><\/div><\/p>\n","protected":false},"excerpt":{"rendered":"","protected":false},"author":25,"featured_media":12310,"comment_status":"closed","ping_status":"closed","sticky":false,"template":"","format":"standard","meta":{"_price":"","_stock":"","_tribe_ticket_header":"","_tribe_default_ticket_provider":"","_tribe_ticket_capacity":"0","_ticket_start_date":"","_ticket_end_date":"","_tribe_ticket_show_description":"","_tribe_ticket_show_not_going":false,"_tribe_ticket_use_global_stock":"","_tribe_ticket_global_stock_level":"","_global_stock_mode":"","_global_stock_cap":"","_tribe_rsvp_for_event":"","_tribe_ticket_going_count":"","_tribe_ticket_not_going_count":"","_tribe_tickets_list":"[]","_tribe_ticket_has_attendee_info_fields":false,"footnotes":""},"categories":[20,145],"tags":[],"class_list":["post-13591","post","type-post","status-publish","format-standard","has-post-thumbnail","hentry","category-aktualnosci","category-wyniki"],"yoast_head":"<!-- This site is optimized with the Yoast SEO plugin v27.3 - https:\/\/yoast.com\/product\/yoast-seo-wordpress\/ -->\n<title>Stan kontraktacji projekt\u00f3w z 1 naboru - Interreg VI A MV\/BB\/PL<\/title>\n<meta name=\"robots\" content=\"index, follow, max-snippet:-1, max-image-preview:large, max-video-preview:-1\" \/>\n<link rel=\"canonical\" href=\"https:\/\/www.interreg6a.net\/pl\/stan-kontraktacji-projektow-z-1-naboru\/\" \/>\n<meta property=\"og:locale\" content=\"pl_PL\" \/>\n<meta property=\"og:type\" content=\"article\" \/>\n<meta property=\"og:title\" content=\"Stan kontraktacji projekt\u00f3w z 1 naboru - Interreg VI A MV\/BB\/PL\" \/>\n<meta property=\"og:url\" content=\"https:\/\/www.interreg6a.net\/pl\/stan-kontraktacji-projektow-z-1-naboru\/\" \/>\n<meta property=\"og:site_name\" content=\"Interreg VI A MV\/BB\/PL\" \/>\n<meta property=\"article:published_time\" content=\"2024-08-19T13:06:46+00:00\" \/>\n<meta property=\"article:modified_time\" content=\"2024-08-20T11:52:43+00:00\" \/>\n<meta property=\"og:image\" content=\"https:\/\/www.interreg6a.net\/wp-content\/uploads\/2024\/02\/bewilligte-projekte.jpg\" \/>\n\t<meta property=\"og:image:width\" content=\"300\" \/>\n\t<meta property=\"og:image:height\" content=\"268\" \/>\n\t<meta property=\"og:image:type\" content=\"image\/jpeg\" \/>\n<meta name=\"author\" content=\"semeniuk\" \/>\n<meta name=\"twitter:card\" content=\"summary_large_image\" \/>\n<meta name=\"twitter:label1\" content=\"Napisane przez\" \/>\n\t<meta name=\"twitter:data1\" content=\"semeniuk\" \/>\n\t<meta name=\"twitter:label2\" content=\"Szacowany czas czytania\" \/>\n\t<meta name=\"twitter:data2\" content=\"2 minuty\" \/>\n<script type=\"application\/ld+json\" class=\"yoast-schema-graph\">{\"@context\":\"https:\\\/\\\/schema.org\",\"@graph\":[{\"@type\":\"Article\",\"@id\":\"https:\\\/\\\/www.interreg6a.net\\\/pl\\\/stan-kontraktacji-projektow-z-1-naboru\\\/#article\",\"isPartOf\":{\"@id\":\"https:\\\/\\\/www.interreg6a.net\\\/pl\\\/stan-kontraktacji-projektow-z-1-naboru\\\/\"},\"author\":{\"name\":\"semeniuk\",\"@id\":\"https:\\\/\\\/www.interreg6a.net\\\/pl\\\/#\\\/schema\\\/person\\\/4c87761287b75456c2ed5cfbf95e4e8b\"},\"headline\":\"Stan kontraktacji projekt\u00f3w z 1 naboru\",\"datePublished\":\"2024-08-19T13:06:46+00:00\",\"dateModified\":\"2024-08-20T11:52:43+00:00\",\"mainEntityOfPage\":{\"@id\":\"https:\\\/\\\/www.interreg6a.net\\\/pl\\\/stan-kontraktacji-projektow-z-1-naboru\\\/\"},\"wordCount\":3587,\"image\":{\"@id\":\"https:\\\/\\\/www.interreg6a.net\\\/pl\\\/stan-kontraktacji-projektow-z-1-naboru\\\/#primaryimage\"},\"thumbnailUrl\":\"https:\\\/\\\/www.interreg6a.net\\\/wp-content\\\/uploads\\\/2024\\\/02\\\/bewilligte-projekte.jpg\",\"articleSection\":[\"Aktualno\u015bci\",\"Wyniki\"],\"inLanguage\":\"pl-PL\"},{\"@type\":\"WebPage\",\"@id\":\"https:\\\/\\\/www.interreg6a.net\\\/pl\\\/stan-kontraktacji-projektow-z-1-naboru\\\/\",\"url\":\"https:\\\/\\\/www.interreg6a.net\\\/pl\\\/stan-kontraktacji-projektow-z-1-naboru\\\/\",\"name\":\"Stan kontraktacji projekt\u00f3w z 1 naboru - Interreg VI A MV\\\/BB\\\/PL\",\"isPartOf\":{\"@id\":\"https:\\\/\\\/www.interreg6a.net\\\/pl\\\/#website\"},\"primaryImageOfPage\":{\"@id\":\"https:\\\/\\\/www.interreg6a.net\\\/pl\\\/stan-kontraktacji-projektow-z-1-naboru\\\/#primaryimage\"},\"image\":{\"@id\":\"https:\\\/\\\/www.interreg6a.net\\\/pl\\\/stan-kontraktacji-projektow-z-1-naboru\\\/#primaryimage\"},\"thumbnailUrl\":\"https:\\\/\\\/www.interreg6a.net\\\/wp-content\\\/uploads\\\/2024\\\/02\\\/bewilligte-projekte.jpg\",\"datePublished\":\"2024-08-19T13:06:46+00:00\",\"dateModified\":\"2024-08-20T11:52:43+00:00\",\"author\":{\"@id\":\"https:\\\/\\\/www.interreg6a.net\\\/pl\\\/#\\\/schema\\\/person\\\/4c87761287b75456c2ed5cfbf95e4e8b\"},\"breadcrumb\":{\"@id\":\"https:\\\/\\\/www.interreg6a.net\\\/pl\\\/stan-kontraktacji-projektow-z-1-naboru\\\/#breadcrumb\"},\"inLanguage\":\"pl-PL\",\"potentialAction\":[{\"@type\":\"ReadAction\",\"target\":[\"https:\\\/\\\/www.interreg6a.net\\\/pl\\\/stan-kontraktacji-projektow-z-1-naboru\\\/\"]}]},{\"@type\":\"ImageObject\",\"inLanguage\":\"pl-PL\",\"@id\":\"https:\\\/\\\/www.interreg6a.net\\\/pl\\\/stan-kontraktacji-projektow-z-1-naboru\\\/#primaryimage\",\"url\":\"https:\\\/\\\/www.interreg6a.net\\\/wp-content\\\/uploads\\\/2024\\\/02\\\/bewilligte-projekte.jpg\",\"contentUrl\":\"https:\\\/\\\/www.interreg6a.net\\\/wp-content\\\/uploads\\\/2024\\\/02\\\/bewilligte-projekte.jpg\",\"width\":300,\"height\":268},{\"@type\":\"BreadcrumbList\",\"@id\":\"https:\\\/\\\/www.interreg6a.net\\\/pl\\\/stan-kontraktacji-projektow-z-1-naboru\\\/#breadcrumb\",\"itemListElement\":[{\"@type\":\"ListItem\",\"position\":1,\"name\":\"Strona g\u0142\u00f3wna\",\"item\":\"https:\\\/\\\/www.interreg6a.net\\\/pl\\\/\"},{\"@type\":\"ListItem\",\"position\":2,\"name\":\"Stan kontraktacji projekt\u00f3w z 1 naboru\"}]},{\"@type\":\"WebSite\",\"@id\":\"https:\\\/\\\/www.interreg6a.net\\\/pl\\\/#website\",\"url\":\"https:\\\/\\\/www.interreg6a.net\\\/pl\\\/\",\"name\":\"Interreg VI A MV\\\/BB\\\/PL\",\"description\":\"\",\"potentialAction\":[{\"@type\":\"SearchAction\",\"target\":{\"@type\":\"EntryPoint\",\"urlTemplate\":\"https:\\\/\\\/www.interreg6a.net\\\/pl\\\/?s={search_term_string}\"},\"query-input\":{\"@type\":\"PropertyValueSpecification\",\"valueRequired\":true,\"valueName\":\"search_term_string\"}}],\"inLanguage\":\"pl-PL\"},{\"@type\":\"Person\",\"@id\":\"https:\\\/\\\/www.interreg6a.net\\\/pl\\\/#\\\/schema\\\/person\\\/4c87761287b75456c2ed5cfbf95e4e8b\",\"name\":\"semeniuk\",\"image\":{\"@type\":\"ImageObject\",\"inLanguage\":\"pl-PL\",\"@id\":\"https:\\\/\\\/secure.gravatar.com\\\/avatar\\\/2aab4d2ca365cd79a4eb712e81052078a3fa7ddccf6c3d13d25230ebeeea8344?s=96&d=mm&r=g\",\"url\":\"https:\\\/\\\/secure.gravatar.com\\\/avatar\\\/2aab4d2ca365cd79a4eb712e81052078a3fa7ddccf6c3d13d25230ebeeea8344?s=96&d=mm&r=g\",\"contentUrl\":\"https:\\\/\\\/secure.gravatar.com\\\/avatar\\\/2aab4d2ca365cd79a4eb712e81052078a3fa7ddccf6c3d13d25230ebeeea8344?s=96&d=mm&r=g\",\"caption\":\"semeniuk\"},\"url\":\"https:\\\/\\\/www.interreg6a.net\\\/pl\\\/author\\\/semeniuk\\\/\"}]}<\/script>\n<!-- \/ Yoast SEO plugin. -->","yoast_head_json":{"title":"Stan kontraktacji projekt\u00f3w z 1 naboru - Interreg VI A MV\/BB\/PL","robots":{"index":"index","follow":"follow","max-snippet":"max-snippet:-1","max-image-preview":"max-image-preview:large","max-video-preview":"max-video-preview:-1"},"canonical":"https:\/\/www.interreg6a.net\/pl\/stan-kontraktacji-projektow-z-1-naboru\/","og_locale":"pl_PL","og_type":"article","og_title":"Stan kontraktacji projekt\u00f3w z 1 naboru - Interreg VI A MV\/BB\/PL","og_url":"https:\/\/www.interreg6a.net\/pl\/stan-kontraktacji-projektow-z-1-naboru\/","og_site_name":"Interreg VI A MV\/BB\/PL","article_published_time":"2024-08-19T13:06:46+00:00","article_modified_time":"2024-08-20T11:52:43+00:00","og_image":[{"width":300,"height":268,"url":"https:\/\/www.interreg6a.net\/wp-content\/uploads\/2024\/02\/bewilligte-projekte.jpg","type":"image\/jpeg"}],"author":"semeniuk","twitter_card":"summary_large_image","twitter_misc":{"Napisane przez":"semeniuk","Szacowany czas czytania":"2 minuty"},"schema":{"@context":"https:\/\/schema.org","@graph":[{"@type":"Article","@id":"https:\/\/www.interreg6a.net\/pl\/stan-kontraktacji-projektow-z-1-naboru\/#article","isPartOf":{"@id":"https:\/\/www.interreg6a.net\/pl\/stan-kontraktacji-projektow-z-1-naboru\/"},"author":{"name":"semeniuk","@id":"https:\/\/www.interreg6a.net\/pl\/#\/schema\/person\/4c87761287b75456c2ed5cfbf95e4e8b"},"headline":"Stan kontraktacji projekt\u00f3w z 1 naboru","datePublished":"2024-08-19T13:06:46+00:00","dateModified":"2024-08-20T11:52:43+00:00","mainEntityOfPage":{"@id":"https:\/\/www.interreg6a.net\/pl\/stan-kontraktacji-projektow-z-1-naboru\/"},"wordCount":3587,"image":{"@id":"https:\/\/www.interreg6a.net\/pl\/stan-kontraktacji-projektow-z-1-naboru\/#primaryimage"},"thumbnailUrl":"https:\/\/www.interreg6a.net\/wp-content\/uploads\/2024\/02\/bewilligte-projekte.jpg","articleSection":["Aktualno\u015bci","Wyniki"],"inLanguage":"pl-PL"},{"@type":"WebPage","@id":"https:\/\/www.interreg6a.net\/pl\/stan-kontraktacji-projektow-z-1-naboru\/","url":"https:\/\/www.interreg6a.net\/pl\/stan-kontraktacji-projektow-z-1-naboru\/","name":"Stan kontraktacji projekt\u00f3w z 1 naboru - Interreg VI A MV\/BB\/PL","isPartOf":{"@id":"https:\/\/www.interreg6a.net\/pl\/#website"},"primaryImageOfPage":{"@id":"https:\/\/www.interreg6a.net\/pl\/stan-kontraktacji-projektow-z-1-naboru\/#primaryimage"},"image":{"@id":"https:\/\/www.interreg6a.net\/pl\/stan-kontraktacji-projektow-z-1-naboru\/#primaryimage"},"thumbnailUrl":"https:\/\/www.interreg6a.net\/wp-content\/uploads\/2024\/02\/bewilligte-projekte.jpg","datePublished":"2024-08-19T13:06:46+00:00","dateModified":"2024-08-20T11:52:43+00:00","author":{"@id":"https:\/\/www.interreg6a.net\/pl\/#\/schema\/person\/4c87761287b75456c2ed5cfbf95e4e8b"},"breadcrumb":{"@id":"https:\/\/www.interreg6a.net\/pl\/stan-kontraktacji-projektow-z-1-naboru\/#breadcrumb"},"inLanguage":"pl-PL","potentialAction":[{"@type":"ReadAction","target":["https:\/\/www.interreg6a.net\/pl\/stan-kontraktacji-projektow-z-1-naboru\/"]}]},{"@type":"ImageObject","inLanguage":"pl-PL","@id":"https:\/\/www.interreg6a.net\/pl\/stan-kontraktacji-projektow-z-1-naboru\/#primaryimage","url":"https:\/\/www.interreg6a.net\/wp-content\/uploads\/2024\/02\/bewilligte-projekte.jpg","contentUrl":"https:\/\/www.interreg6a.net\/wp-content\/uploads\/2024\/02\/bewilligte-projekte.jpg","width":300,"height":268},{"@type":"BreadcrumbList","@id":"https:\/\/www.interreg6a.net\/pl\/stan-kontraktacji-projektow-z-1-naboru\/#breadcrumb","itemListElement":[{"@type":"ListItem","position":1,"name":"Strona g\u0142\u00f3wna","item":"https:\/\/www.interreg6a.net\/pl\/"},{"@type":"ListItem","position":2,"name":"Stan kontraktacji projekt\u00f3w z 1 naboru"}]},{"@type":"WebSite","@id":"https:\/\/www.interreg6a.net\/pl\/#website","url":"https:\/\/www.interreg6a.net\/pl\/","name":"Interreg VI A MV\/BB\/PL","description":"","potentialAction":[{"@type":"SearchAction","target":{"@type":"EntryPoint","urlTemplate":"https:\/\/www.interreg6a.net\/pl\/?s={search_term_string}"},"query-input":{"@type":"PropertyValueSpecification","valueRequired":true,"valueName":"search_term_string"}}],"inLanguage":"pl-PL"},{"@type":"Person","@id":"https:\/\/www.interreg6a.net\/pl\/#\/schema\/person\/4c87761287b75456c2ed5cfbf95e4e8b","name":"semeniuk","image":{"@type":"ImageObject","inLanguage":"pl-PL","@id":"https:\/\/secure.gravatar.com\/avatar\/2aab4d2ca365cd79a4eb712e81052078a3fa7ddccf6c3d13d25230ebeeea8344?s=96&d=mm&r=g","url":"https:\/\/secure.gravatar.com\/avatar\/2aab4d2ca365cd79a4eb712e81052078a3fa7ddccf6c3d13d25230ebeeea8344?s=96&d=mm&r=g","contentUrl":"https:\/\/secure.gravatar.com\/avatar\/2aab4d2ca365cd79a4eb712e81052078a3fa7ddccf6c3d13d25230ebeeea8344?s=96&d=mm&r=g","caption":"semeniuk"},"url":"https:\/\/www.interreg6a.net\/pl\/author\/semeniuk\/"}]}},"_links":{"self":[{"href":"https:\/\/www.interreg6a.net\/pl\/wp-json\/wp\/v2\/posts\/13591","targetHints":{"allow":["GET"]}}],"collection":[{"href":"https:\/\/www.interreg6a.net\/pl\/wp-json\/wp\/v2\/posts"}],"about":[{"href":"https:\/\/www.interreg6a.net\/pl\/wp-json\/wp\/v2\/types\/post"}],"author":[{"embeddable":true,"href":"https:\/\/www.interreg6a.net\/pl\/wp-json\/wp\/v2\/users\/25"}],"replies":[{"embeddable":true,"href":"https:\/\/www.interreg6a.net\/pl\/wp-json\/wp\/v2\/comments?post=13591"}],"version-history":[{"count":3,"href":"https:\/\/www.interreg6a.net\/pl\/wp-json\/wp\/v2\/posts\/13591\/revisions"}],"predecessor-version":[{"id":13594,"href":"https:\/\/www.interreg6a.net\/pl\/wp-json\/wp\/v2\/posts\/13591\/revisions\/13594"}],"wp:featuredmedia":[{"embeddable":true,"href":"https:\/\/www.interreg6a.net\/pl\/wp-json\/wp\/v2\/media\/12310"}],"wp:attachment":[{"href":"https:\/\/www.interreg6a.net\/pl\/wp-json\/wp\/v2\/media?parent=13591"}],"wp:term":[{"taxonomy":"category","embeddable":true,"href":"https:\/\/www.interreg6a.net\/pl\/wp-json\/wp\/v2\/categories?post=13591"},{"taxonomy":"post_tag","embeddable":true,"href":"https:\/\/www.interreg6a.net\/pl\/wp-json\/wp\/v2\/tags?post=13591"}],"curies":[{"name":"wp","href":"https:\/\/api.w.org\/{rel}","templated":true}]}}