{"id":14580,"date":"2024-11-04T14:23:59","date_gmt":"2024-11-04T13:23:59","guid":{"rendered":"https:\/\/www.interreg6a.net\/polsko-niemieckie-dni-wspolpracy-2024\/"},"modified":"2025-03-10T10:19:08","modified_gmt":"2025-03-10T09:19:08","slug":"polsko-niemieckie-dni-wspolpracy-2024","status":"publish","type":"post","link":"https:\/\/www.interreg6a.net\/pl\/polsko-niemieckie-dni-wspolpracy-2024\/","title":{"rendered":"Polsko-Niemieckie Dni Wsp\u00f3\u0142pracy 2024"},"content":{"rendered":"<p><div class=\"fusion-fullwidth fullwidth-box fusion-builder-row-1 fusion-flex-container has-pattern-background has-mask-background nonhundred-percent-fullwidth non-hundred-percent-height-scrolling\" style=\"--awb-border-radius-top-left:0px;--awb-border-radius-top-right:0px;--awb-border-radius-bottom-right:0px;--awb-border-radius-bottom-left:0px;--awb-flex-wrap:wrap;\" ><div class=\"fusion-builder-row fusion-row fusion-flex-align-items-flex-start fusion-flex-content-wrap\" style=\"max-width:1586px;margin-left: calc(-4% \/ 2 );margin-right: calc(-4% \/ 2 );\"><div class=\"fusion-layout-column fusion_builder_column fusion-builder-column-0 fusion_builder_column_1_1 1_1 fusion-flex-column\" style=\"--awb-bg-size:cover;--awb-width-large:100%;--awb-margin-top-large:0px;--awb-spacing-right-large:1.92%;--awb-margin-bottom-large:20px;--awb-spacing-left-large:1.92%;--awb-width-medium:100%;--awb-order-medium:0;--awb-spacing-right-medium:1.92%;--awb-spacing-left-medium:1.92%;--awb-width-small:100%;--awb-order-small:0;--awb-spacing-right-small:1.92%;--awb-spacing-left-small:1.92%;\"><div class=\"fusion-column-wrapper fusion-column-has-shadow fusion-flex-justify-content-flex-start fusion-content-layout-column\"><div class=\"fusion-title title fusion-title-1 fusion-sep-none fusion-title-text fusion-title-size-one\" style=\"--awb-margin-top-small:10px;--awb-margin-right-small:0px;--awb-margin-bottom-small:10px;--awb-margin-left-small:0px;\"><h1 class=\"fusion-title-heading title-heading-left\" style=\"margin:0;\"><p class=\"fusion-title-heading title-heading-left\" style=\"text-align: center;\">Polsko-Niemieckie Dni Wsp\u00f3\u0142pracy 2024<\/p><\/h1><\/div><div class=\"fusion-text fusion-text-1\"><p>W dniach 23 i 24 pa\u017adziernika 2024 r. w sali konferencyjnej miasta Szczecin oraz w Willi Lentza w Szczecinie odby\u0142y si\u0119 <a href=\"https:\/\/dwpn.szczecin.eu\/\">7. Dni Wsp\u00f3\u0142pracy Polsko-Niemieckiej<\/a>. Tegoroczne wydarzenie koncentrowa\u0142o si\u0119 na \u201eSpo\u0142ecznej odpowiedzialno\u015bci biznesu i wsp\u00f3\u0142pracy z organizacjami pozarz\u0105dowymi\u201d. Uczestnicy mieli okazj\u0119 zapozna\u0107 si\u0119 i wymieni\u0107 informacjami na temat stanu wsp\u00f3\u0142pracy w tym obszarze podczas licznych prezentacji.<\/p>\n<p>Zaprezentowa\u0142y si\u0119 dwa projekty Interreg, kt\u00f3re s\u0105 ju\u017c finansowane przez nasz Program:<\/p>\n<p><a href=\"https:\/\/www.interreg6a.net\/pl\/zatwierdzone-projekty\/int0100016-temicare-2-0-2\/\">TEMICARE 2.0 &#8211; \u201eTelemedycznie zintegrowane polsko-niemieckie centrum onkologii dzieci\u0119cej w Euroregionie Pomerania\u201d<\/a> oraz<br \/>\n<a href=\"https:\/\/www.interreg6a.net\/pl\/zatwierdzone-projekty\/int0100051-polsma\/\">POLSMA &#8211; \u201eRegion Pomerania \u017cyje zr\u00f3wnowa\u017conym zarz\u0105dzaniem\u201d<\/a>.<\/p>\n<p>Wsp\u00f3lny Sekretariat by\u0142 r\u00f3wnie\u017c obecny podczas dw\u00f3ch dni i udziela\u0142 informacji m.in. na temat mo\u017cliwo\u015bci dofinansowania w ramach Programu Wsp\u00f3\u0142pracy Interreg Meklemburgia-Pomorze Przednie \/ Brandenburgia \/ Polska.<\/p>\n<p><a href=\"https:\/\/www.youtube.com\/watch?v=R_koe4JTdSU\">Kr\u00f3tki film o Polsko-Niemieckich Dniach Wsp\u00f3\u0142pracy 2024<\/a><\/p>\n<\/div><\/div><\/div><\/div><\/div><div class=\"fusion-fullwidth fullwidth-box fusion-builder-row-2 fusion-flex-container has-pattern-background has-mask-background nonhundred-percent-fullwidth non-hundred-percent-height-scrolling\" style=\"--awb-border-radius-top-left:0px;--awb-border-radius-top-right:0px;--awb-border-radius-bottom-right:0px;--awb-border-radius-bottom-left:0px;--awb-flex-wrap:wrap;\" ><div class=\"fusion-builder-row fusion-row fusion-flex-align-items-flex-start fusion-flex-content-wrap\" style=\"max-width:1586px;margin-left: calc(-4% \/ 2 );margin-right: calc(-4% \/ 2 );\"><div class=\"fusion-layout-column fusion_builder_column fusion-builder-column-1 fusion_builder_column_1_1 1_1 fusion-flex-column\" style=\"--awb-bg-size:cover;--awb-width-large:100%;--awb-margin-top-large:0px;--awb-spacing-right-large:1.92%;--awb-margin-bottom-large:20px;--awb-spacing-left-large:1.92%;--awb-width-medium:100%;--awb-order-medium:0;--awb-spacing-right-medium:1.92%;--awb-spacing-left-medium:1.92%;--awb-width-small:100%;--awb-order-small:0;--awb-spacing-right-small:1.92%;--awb-spacing-left-small:1.92%;\"><div class=\"fusion-column-wrapper fusion-column-has-shadow fusion-flex-justify-content-flex-start fusion-content-layout-column\"><div class=\"fusion-text fusion-text-2\"><h5>Og\u00f3lne informacje o Dniach Wsp\u00f3\u0142pracy<\/h5>\n<p>Dni Wsp\u00f3\u0142pracy Polsko-Niemieckiej to coroczny cykl wydarze\u0144 organizowanych przez Miasto Szczecin, po\u015bwi\u0119cony wsp\u00f3\u0142pracy transgranicznej pomi\u0119dzy Szczecinem, a niemieckimi miastami i partnerami. Wydarzenie stanowi okazj\u0119 do nawi\u0105zania i podtrzymania kontakt\u00f3w biznesowych, dyplomatycznych i naukowych. Pierwsza edycja odby\u0142a si\u0119 w 2016 roku.<\/p>\n<\/div><\/div><\/div><\/div><\/div><div class=\"fusion-fullwidth fullwidth-box fusion-builder-row-3 fusion-flex-container has-pattern-background has-mask-background nonhundred-percent-fullwidth non-hundred-percent-height-scrolling\" style=\"--awb-border-radius-top-left:0px;--awb-border-radius-top-right:0px;--awb-border-radius-bottom-right:0px;--awb-border-radius-bottom-left:0px;--awb-flex-wrap:wrap;\" ><div class=\"fusion-builder-row fusion-row fusion-flex-align-items-flex-start fusion-flex-content-wrap\" style=\"max-width:1586px;margin-left: calc(-4% \/ 2 );margin-right: calc(-4% \/ 2 );\"><div class=\"fusion-layout-column fusion_builder_column fusion-builder-column-2 fusion_builder_column_1_1 1_1 fusion-flex-column\" style=\"--awb-bg-size:cover;--awb-width-large:100%;--awb-margin-top-large:0px;--awb-spacing-right-large:1.92%;--awb-margin-bottom-large:20px;--awb-spacing-left-large:1.92%;--awb-width-medium:100%;--awb-order-medium:0;--awb-spacing-right-medium:1.92%;--awb-spacing-left-medium:1.92%;--awb-width-small:100%;--awb-order-small:0;--awb-spacing-right-small:1.92%;--awb-spacing-left-small:1.92%;\"><div class=\"fusion-column-wrapper fusion-column-has-shadow fusion-flex-justify-content-flex-start fusion-content-layout-column\"><div class=\"fusion-text fusion-text-3\"><h5>! Nasza wskaz\u00f3wka<\/h5>\n<p>Czy odwiedzili\u015bcie Pa\u0144stwo ju\u017c Will\u0119 Lentza?<\/p>\n<p>Wi\u0119cej informacji na temat willi mo\u017cna znale\u017a\u0107 w odcinku <a href=\"https:\/\/www.ndr.de\/radiomv\/Stettins-Kultur-Salon-Wie-eine-Villa-Deutsche-und-Polen-zusammenbringt,audio1698984.html\">\u201eStettins Kultur-Salon &#8211; Wie eine Villa Deutsche und Polen zusammenbringt\u201d podcastu NDR MV \u201eMV im Fokus\u201d<\/a> (materia\u0142 dost\u0119pny w j\u0119zyku niemieckim).<\/p>\n<\/div><\/div><\/div><\/div><\/div><div class=\"fusion-fullwidth fullwidth-box fusion-builder-row-4 fusion-flex-container has-pattern-background has-mask-background nonhundred-percent-fullwidth non-hundred-percent-height-scrolling\" style=\"--awb-border-radius-top-left:0px;--awb-border-radius-top-right:0px;--awb-border-radius-bottom-right:0px;--awb-border-radius-bottom-left:0px;--awb-flex-wrap:wrap;\" ><div class=\"fusion-builder-row fusion-row fusion-flex-align-items-flex-start fusion-flex-content-wrap\" style=\"max-width:1586px;margin-left: calc(-4% \/ 2 );margin-right: calc(-4% \/ 2 );\"><div class=\"fusion-layout-column fusion_builder_column fusion-builder-column-3 fusion_builder_column_1_2 1_2 fusion-flex-column\" style=\"--awb-bg-size:cover;--awb-width-large:50%;--awb-margin-top-large:0px;--awb-spacing-right-large:3.84%;--awb-margin-bottom-large:20px;--awb-spacing-left-large:3.84%;--awb-width-medium:50%;--awb-order-medium:0;--awb-spacing-right-medium:3.84%;--awb-spacing-left-medium:3.84%;--awb-width-small:100%;--awb-order-small:0;--awb-spacing-right-small:1.92%;--awb-spacing-left-small:1.92%;\"><div class=\"fusion-column-wrapper fusion-column-has-shadow fusion-flex-justify-content-flex-start fusion-content-layout-column\"><div class=\"fusion-image-element \" style=\"--awb-caption-title-font-family:var(--h2_typography-font-family);--awb-caption-title-font-weight:var(--h2_typography-font-weight);--awb-caption-title-font-style:var(--h2_typography-font-style);--awb-caption-title-size:var(--h2_typography-font-size);--awb-caption-title-transform:var(--h2_typography-text-transform);--awb-caption-title-line-height:var(--h2_typography-line-height);--awb-caption-title-letter-spacing:var(--h2_typography-letter-spacing);\"><span class=\" fusion-imageframe imageframe-none imageframe-1 hover-type-none\"><img decoding=\"async\" width=\"956\" height=\"1217\" title=\"DE PL Tage2\" src=\"https:\/\/www.interreg6a.net\/wp-content\/uploads\/2024\/11\/DE-PL-Tage2-1.jpg\" alt class=\"img-responsive wp-image-14569\" srcset=\"https:\/\/www.interreg6a.net\/wp-content\/uploads\/2024\/11\/DE-PL-Tage2-1-200x255.jpg 200w, https:\/\/www.interreg6a.net\/wp-content\/uploads\/2024\/11\/DE-PL-Tage2-1-400x509.jpg 400w, https:\/\/www.interreg6a.net\/wp-content\/uploads\/2024\/11\/DE-PL-Tage2-1-600x764.jpg 600w, https:\/\/www.interreg6a.net\/wp-content\/uploads\/2024\/11\/DE-PL-Tage2-1-800x1018.jpg 800w, https:\/\/www.interreg6a.net\/wp-content\/uploads\/2024\/11\/DE-PL-Tage2-1.jpg 956w\" sizes=\"(max-width: 575px) 100vw, 800px\" \/><\/span><\/div><\/div><\/div><div class=\"fusion-layout-column fusion_builder_column fusion-builder-column-4 fusion_builder_column_1_2 1_2 fusion-flex-column\" style=\"--awb-bg-size:cover;--awb-width-large:50%;--awb-margin-top-large:0px;--awb-spacing-right-large:3.84%;--awb-margin-bottom-large:20px;--awb-spacing-left-large:3.84%;--awb-width-medium:50%;--awb-order-medium:0;--awb-spacing-right-medium:3.84%;--awb-spacing-left-medium:3.84%;--awb-width-small:100%;--awb-order-small:0;--awb-spacing-right-small:1.92%;--awb-spacing-left-small:1.92%;\"><div class=\"fusion-column-wrapper fusion-column-has-shadow fusion-flex-justify-content-flex-start fusion-content-layout-column\"><div class=\"fusion-image-element \" style=\"--awb-caption-title-font-family:var(--h2_typography-font-family);--awb-caption-title-font-weight:var(--h2_typography-font-weight);--awb-caption-title-font-style:var(--h2_typography-font-style);--awb-caption-title-size:var(--h2_typography-font-size);--awb-caption-title-transform:var(--h2_typography-text-transform);--awb-caption-title-line-height:var(--h2_typography-line-height);--awb-caption-title-letter-spacing:var(--h2_typography-letter-spacing);\"><span class=\" fusion-imageframe imageframe-none imageframe-2 hover-type-none\"><img decoding=\"async\" width=\"1112\" height=\"1415\" title=\"DE PL Tage1\" src=\"https:\/\/www.interreg6a.net\/wp-content\/uploads\/2024\/11\/DE-PL-Tage1.jpg\" alt class=\"img-responsive wp-image-14538\" srcset=\"https:\/\/www.interreg6a.net\/wp-content\/uploads\/2024\/11\/DE-PL-Tage1-200x254.jpg 200w, https:\/\/www.interreg6a.net\/wp-content\/uploads\/2024\/11\/DE-PL-Tage1-400x509.jpg 400w, https:\/\/www.interreg6a.net\/wp-content\/uploads\/2024\/11\/DE-PL-Tage1-600x763.jpg 600w, https:\/\/www.interreg6a.net\/wp-content\/uploads\/2024\/11\/DE-PL-Tage1-800x1018.jpg 800w, https:\/\/www.interreg6a.net\/wp-content\/uploads\/2024\/11\/DE-PL-Tage1.jpg 1112w\" sizes=\"(max-width: 575px) 100vw, 800px\" \/><\/span><\/div><\/div><\/div><\/div><\/div><div class=\"fusion-fullwidth fullwidth-box fusion-builder-row-5 fusion-flex-container has-pattern-background has-mask-background nonhundred-percent-fullwidth non-hundred-percent-height-scrolling\" style=\"--awb-border-radius-top-left:0px;--awb-border-radius-top-right:0px;--awb-border-radius-bottom-right:0px;--awb-border-radius-bottom-left:0px;--awb-flex-wrap:wrap;\" ><div class=\"fusion-builder-row fusion-row fusion-flex-align-items-flex-start fusion-flex-content-wrap\" style=\"max-width:1586px;margin-left: calc(-4% \/ 2 );margin-right: calc(-4% \/ 2 );\"><div class=\"fusion-layout-column fusion_builder_column fusion-builder-column-5 fusion_builder_column_1_2 1_2 fusion-flex-column\" style=\"--awb-bg-size:cover;--awb-width-large:50%;--awb-margin-top-large:0px;--awb-spacing-right-large:3.84%;--awb-margin-bottom-large:20px;--awb-spacing-left-large:3.84%;--awb-width-medium:50%;--awb-order-medium:0;--awb-spacing-right-medium:3.84%;--awb-spacing-left-medium:3.84%;--awb-width-small:100%;--awb-order-small:0;--awb-spacing-right-small:1.92%;--awb-spacing-left-small:1.92%;\"><div class=\"fusion-column-wrapper fusion-column-has-shadow fusion-flex-justify-content-flex-start fusion-content-layout-column\"><div class=\"fusion-image-element \" style=\"--awb-caption-title-font-family:var(--h2_typography-font-family);--awb-caption-title-font-weight:var(--h2_typography-font-weight);--awb-caption-title-font-style:var(--h2_typography-font-style);--awb-caption-title-size:var(--h2_typography-font-size);--awb-caption-title-transform:var(--h2_typography-text-transform);--awb-caption-title-line-height:var(--h2_typography-line-height);--awb-caption-title-letter-spacing:var(--h2_typography-letter-spacing);\"><span class=\" fusion-imageframe imageframe-none imageframe-3 hover-type-none\"><img decoding=\"async\" width=\"2076\" height=\"2560\" title=\"DE PL Tage 2024\" src=\"https:\/\/www.interreg6a.net\/wp-content\/uploads\/2024\/11\/DE-PL-Tage-2024-1-scaled.jpg\" alt class=\"img-responsive wp-image-14571\" srcset=\"https:\/\/www.interreg6a.net\/wp-content\/uploads\/2024\/11\/DE-PL-Tage-2024-1-200x247.jpg 200w, https:\/\/www.interreg6a.net\/wp-content\/uploads\/2024\/11\/DE-PL-Tage-2024-1-400x493.jpg 400w, https:\/\/www.interreg6a.net\/wp-content\/uploads\/2024\/11\/DE-PL-Tage-2024-1-600x740.jpg 600w, https:\/\/www.interreg6a.net\/wp-content\/uploads\/2024\/11\/DE-PL-Tage-2024-1-800x986.jpg 800w, https:\/\/www.interreg6a.net\/wp-content\/uploads\/2024\/11\/DE-PL-Tage-2024-1-1200x1479.jpg 1200w, https:\/\/www.interreg6a.net\/wp-content\/uploads\/2024\/11\/DE-PL-Tage-2024-1-scaled.jpg 2076w\" sizes=\"(max-width: 575px) 100vw, 800px\" \/><\/span><\/div><\/div><\/div><div class=\"fusion-layout-column fusion_builder_column fusion-builder-column-6 fusion_builder_column_1_2 1_2 fusion-flex-column\" style=\"--awb-bg-size:cover;--awb-width-large:50%;--awb-margin-top-large:0px;--awb-spacing-right-large:3.84%;--awb-margin-bottom-large:20px;--awb-spacing-left-large:3.84%;--awb-width-medium:50%;--awb-order-medium:0;--awb-spacing-right-medium:3.84%;--awb-spacing-left-medium:3.84%;--awb-width-small:100%;--awb-order-small:0;--awb-spacing-right-small:1.92%;--awb-spacing-left-small:1.92%;\"><div class=\"fusion-column-wrapper fusion-column-has-shadow fusion-flex-justify-content-flex-start fusion-content-layout-column\"><div class=\"fusion-image-element \" style=\"--awb-caption-title-font-family:var(--h2_typography-font-family);--awb-caption-title-font-weight:var(--h2_typography-font-weight);--awb-caption-title-font-style:var(--h2_typography-font-style);--awb-caption-title-size:var(--h2_typography-font-size);--awb-caption-title-transform:var(--h2_typography-text-transform);--awb-caption-title-line-height:var(--h2_typography-line-height);--awb-caption-title-letter-spacing:var(--h2_typography-letter-spacing);\"><span class=\" fusion-imageframe imageframe-none imageframe-4 hover-type-none\"><img decoding=\"async\" width=\"2082\" height=\"2560\" title=\"DE PL Tage3\" src=\"https:\/\/www.interreg6a.net\/wp-content\/uploads\/2024\/11\/DE-PL-Tage3-1-scaled.jpg\" alt class=\"img-responsive wp-image-14574\" srcset=\"https:\/\/www.interreg6a.net\/wp-content\/uploads\/2024\/11\/DE-PL-Tage3-1-200x246.jpg 200w, https:\/\/www.interreg6a.net\/wp-content\/uploads\/2024\/11\/DE-PL-Tage3-1-400x492.jpg 400w, https:\/\/www.interreg6a.net\/wp-content\/uploads\/2024\/11\/DE-PL-Tage3-1-600x738.jpg 600w, https:\/\/www.interreg6a.net\/wp-content\/uploads\/2024\/11\/DE-PL-Tage3-1-800x984.jpg 800w, https:\/\/www.interreg6a.net\/wp-content\/uploads\/2024\/11\/DE-PL-Tage3-1-1200x1475.jpg 1200w, https:\/\/www.interreg6a.net\/wp-content\/uploads\/2024\/11\/DE-PL-Tage3-1-scaled.jpg 2082w\" sizes=\"(max-width: 575px) 100vw, 800px\" \/><\/span><\/div><\/div><\/div><\/div><\/div><\/p>\n","protected":false},"excerpt":{"rendered":"","protected":false},"author":25,"featured_media":10544,"comment_status":"closed","ping_status":"closed","sticky":false,"template":"","format":"standard","meta":{"_price":"","_stock":"","_tribe_ticket_header":"","_tribe_default_ticket_provider":"","_tribe_ticket_capacity":"0","_ticket_start_date":"","_ticket_end_date":"","_tribe_ticket_show_description":"","_tribe_ticket_show_not_going":false,"_tribe_ticket_use_global_stock":"","_tribe_ticket_global_stock_level":"","_global_stock_mode":"","_global_stock_cap":"","_tribe_rsvp_for_event":"","_tribe_ticket_going_count":"","_tribe_ticket_not_going_count":"","_tribe_tickets_list":"[]","_tribe_ticket_has_attendee_info_fields":false,"footnotes":""},"categories":[20],"tags":[],"class_list":["post-14580","post","type-post","status-publish","format-standard","has-post-thumbnail","hentry","category-aktualnosci"],"yoast_head":"<!-- This site is optimized with the Yoast SEO plugin v27.3 - https:\/\/yoast.com\/product\/yoast-seo-wordpress\/ -->\n<title>Polsko-Niemieckie Dni Wsp\u00f3\u0142pracy 2024 - Interreg VI A MV\/BB\/PL<\/title>\n<meta name=\"robots\" content=\"index, follow, max-snippet:-1, max-image-preview:large, max-video-preview:-1\" \/>\n<link rel=\"canonical\" href=\"https:\/\/www.interreg6a.net\/pl\/polsko-niemieckie-dni-wspolpracy-2024\/\" \/>\n<meta property=\"og:locale\" content=\"pl_PL\" \/>\n<meta property=\"og:type\" content=\"article\" \/>\n<meta property=\"og:title\" content=\"Polsko-Niemieckie Dni Wsp\u00f3\u0142pracy 2024 - Interreg VI A MV\/BB\/PL\" \/>\n<meta property=\"og:url\" content=\"https:\/\/www.interreg6a.net\/pl\/polsko-niemieckie-dni-wspolpracy-2024\/\" \/>\n<meta property=\"og:site_name\" content=\"Interreg VI A MV\/BB\/PL\" \/>\n<meta property=\"article:published_time\" content=\"2024-11-04T13:23:59+00:00\" \/>\n<meta property=\"article:modified_time\" content=\"2025-03-10T09:19:08+00:00\" \/>\n<meta property=\"og:image\" content=\"https:\/\/www.interreg6a.net\/wp-content\/uploads\/2023\/09\/DWPL-1.jpg\" \/>\n\t<meta property=\"og:image:width\" content=\"475\" \/>\n\t<meta property=\"og:image:height\" content=\"355\" \/>\n\t<meta property=\"og:image:type\" content=\"image\/jpeg\" \/>\n<meta name=\"author\" content=\"semeniuk\" \/>\n<meta name=\"twitter:card\" content=\"summary_large_image\" \/>\n<meta name=\"twitter:label1\" content=\"Napisane przez\" \/>\n\t<meta name=\"twitter:data1\" content=\"semeniuk\" \/>\n\t<meta name=\"twitter:label2\" content=\"Szacowany czas czytania\" \/>\n\t<meta name=\"twitter:data2\" content=\"3 minuty\" \/>\n<script type=\"application\/ld+json\" class=\"yoast-schema-graph\">{\"@context\":\"https:\\\/\\\/schema.org\",\"@graph\":[{\"@type\":\"Article\",\"@id\":\"https:\\\/\\\/www.interreg6a.net\\\/pl\\\/polsko-niemieckie-dni-wspolpracy-2024\\\/#article\",\"isPartOf\":{\"@id\":\"https:\\\/\\\/www.interreg6a.net\\\/pl\\\/polsko-niemieckie-dni-wspolpracy-2024\\\/\"},\"author\":{\"name\":\"semeniuk\",\"@id\":\"https:\\\/\\\/www.interreg6a.net\\\/pl\\\/#\\\/schema\\\/person\\\/4c87761287b75456c2ed5cfbf95e4e8b\"},\"headline\":\"Polsko-Niemieckie Dni Wsp\u00f3\u0142pracy 2024\",\"datePublished\":\"2024-11-04T13:23:59+00:00\",\"dateModified\":\"2025-03-10T09:19:08+00:00\",\"mainEntityOfPage\":{\"@id\":\"https:\\\/\\\/www.interreg6a.net\\\/pl\\\/polsko-niemieckie-dni-wspolpracy-2024\\\/\"},\"wordCount\":7347,\"image\":{\"@id\":\"https:\\\/\\\/www.interreg6a.net\\\/pl\\\/polsko-niemieckie-dni-wspolpracy-2024\\\/#primaryimage\"},\"thumbnailUrl\":\"https:\\\/\\\/www.interreg6a.net\\\/wp-content\\\/uploads\\\/2023\\\/09\\\/DWPL-1.jpg\",\"articleSection\":[\"Aktualno\u015bci\"],\"inLanguage\":\"pl-PL\"},{\"@type\":\"WebPage\",\"@id\":\"https:\\\/\\\/www.interreg6a.net\\\/pl\\\/polsko-niemieckie-dni-wspolpracy-2024\\\/\",\"url\":\"https:\\\/\\\/www.interreg6a.net\\\/pl\\\/polsko-niemieckie-dni-wspolpracy-2024\\\/\",\"name\":\"Polsko-Niemieckie Dni Wsp\u00f3\u0142pracy 2024 - Interreg VI A MV\\\/BB\\\/PL\",\"isPartOf\":{\"@id\":\"https:\\\/\\\/www.interreg6a.net\\\/pl\\\/#website\"},\"primaryImageOfPage\":{\"@id\":\"https:\\\/\\\/www.interreg6a.net\\\/pl\\\/polsko-niemieckie-dni-wspolpracy-2024\\\/#primaryimage\"},\"image\":{\"@id\":\"https:\\\/\\\/www.interreg6a.net\\\/pl\\\/polsko-niemieckie-dni-wspolpracy-2024\\\/#primaryimage\"},\"thumbnailUrl\":\"https:\\\/\\\/www.interreg6a.net\\\/wp-content\\\/uploads\\\/2023\\\/09\\\/DWPL-1.jpg\",\"datePublished\":\"2024-11-04T13:23:59+00:00\",\"dateModified\":\"2025-03-10T09:19:08+00:00\",\"author\":{\"@id\":\"https:\\\/\\\/www.interreg6a.net\\\/pl\\\/#\\\/schema\\\/person\\\/4c87761287b75456c2ed5cfbf95e4e8b\"},\"breadcrumb\":{\"@id\":\"https:\\\/\\\/www.interreg6a.net\\\/pl\\\/polsko-niemieckie-dni-wspolpracy-2024\\\/#breadcrumb\"},\"inLanguage\":\"pl-PL\",\"potentialAction\":[{\"@type\":\"ReadAction\",\"target\":[\"https:\\\/\\\/www.interreg6a.net\\\/pl\\\/polsko-niemieckie-dni-wspolpracy-2024\\\/\"]}]},{\"@type\":\"ImageObject\",\"inLanguage\":\"pl-PL\",\"@id\":\"https:\\\/\\\/www.interreg6a.net\\\/pl\\\/polsko-niemieckie-dni-wspolpracy-2024\\\/#primaryimage\",\"url\":\"https:\\\/\\\/www.interreg6a.net\\\/wp-content\\\/uploads\\\/2023\\\/09\\\/DWPL-1.jpg\",\"contentUrl\":\"https:\\\/\\\/www.interreg6a.net\\\/wp-content\\\/uploads\\\/2023\\\/09\\\/DWPL-1.jpg\",\"width\":475,\"height\":355},{\"@type\":\"BreadcrumbList\",\"@id\":\"https:\\\/\\\/www.interreg6a.net\\\/pl\\\/polsko-niemieckie-dni-wspolpracy-2024\\\/#breadcrumb\",\"itemListElement\":[{\"@type\":\"ListItem\",\"position\":1,\"name\":\"Strona g\u0142\u00f3wna\",\"item\":\"https:\\\/\\\/www.interreg6a.net\\\/pl\\\/\"},{\"@type\":\"ListItem\",\"position\":2,\"name\":\"Polsko-Niemieckie Dni Wsp\u00f3\u0142pracy 2024\"}]},{\"@type\":\"WebSite\",\"@id\":\"https:\\\/\\\/www.interreg6a.net\\\/pl\\\/#website\",\"url\":\"https:\\\/\\\/www.interreg6a.net\\\/pl\\\/\",\"name\":\"Interreg VI A MV\\\/BB\\\/PL\",\"description\":\"\",\"potentialAction\":[{\"@type\":\"SearchAction\",\"target\":{\"@type\":\"EntryPoint\",\"urlTemplate\":\"https:\\\/\\\/www.interreg6a.net\\\/pl\\\/?s={search_term_string}\"},\"query-input\":{\"@type\":\"PropertyValueSpecification\",\"valueRequired\":true,\"valueName\":\"search_term_string\"}}],\"inLanguage\":\"pl-PL\"},{\"@type\":\"Person\",\"@id\":\"https:\\\/\\\/www.interreg6a.net\\\/pl\\\/#\\\/schema\\\/person\\\/4c87761287b75456c2ed5cfbf95e4e8b\",\"name\":\"semeniuk\",\"image\":{\"@type\":\"ImageObject\",\"inLanguage\":\"pl-PL\",\"@id\":\"https:\\\/\\\/secure.gravatar.com\\\/avatar\\\/2aab4d2ca365cd79a4eb712e81052078a3fa7ddccf6c3d13d25230ebeeea8344?s=96&d=mm&r=g\",\"url\":\"https:\\\/\\\/secure.gravatar.com\\\/avatar\\\/2aab4d2ca365cd79a4eb712e81052078a3fa7ddccf6c3d13d25230ebeeea8344?s=96&d=mm&r=g\",\"contentUrl\":\"https:\\\/\\\/secure.gravatar.com\\\/avatar\\\/2aab4d2ca365cd79a4eb712e81052078a3fa7ddccf6c3d13d25230ebeeea8344?s=96&d=mm&r=g\",\"caption\":\"semeniuk\"},\"url\":\"https:\\\/\\\/www.interreg6a.net\\\/pl\\\/author\\\/semeniuk\\\/\"}]}<\/script>\n<!-- \/ Yoast SEO plugin. -->","yoast_head_json":{"title":"Polsko-Niemieckie Dni Wsp\u00f3\u0142pracy 2024 - Interreg VI A MV\/BB\/PL","robots":{"index":"index","follow":"follow","max-snippet":"max-snippet:-1","max-image-preview":"max-image-preview:large","max-video-preview":"max-video-preview:-1"},"canonical":"https:\/\/www.interreg6a.net\/pl\/polsko-niemieckie-dni-wspolpracy-2024\/","og_locale":"pl_PL","og_type":"article","og_title":"Polsko-Niemieckie Dni Wsp\u00f3\u0142pracy 2024 - Interreg VI A MV\/BB\/PL","og_url":"https:\/\/www.interreg6a.net\/pl\/polsko-niemieckie-dni-wspolpracy-2024\/","og_site_name":"Interreg VI A MV\/BB\/PL","article_published_time":"2024-11-04T13:23:59+00:00","article_modified_time":"2025-03-10T09:19:08+00:00","og_image":[{"width":475,"height":355,"url":"https:\/\/www.interreg6a.net\/wp-content\/uploads\/2023\/09\/DWPL-1.jpg","type":"image\/jpeg"}],"author":"semeniuk","twitter_card":"summary_large_image","twitter_misc":{"Napisane przez":"semeniuk","Szacowany czas czytania":"3 minuty"},"schema":{"@context":"https:\/\/schema.org","@graph":[{"@type":"Article","@id":"https:\/\/www.interreg6a.net\/pl\/polsko-niemieckie-dni-wspolpracy-2024\/#article","isPartOf":{"@id":"https:\/\/www.interreg6a.net\/pl\/polsko-niemieckie-dni-wspolpracy-2024\/"},"author":{"name":"semeniuk","@id":"https:\/\/www.interreg6a.net\/pl\/#\/schema\/person\/4c87761287b75456c2ed5cfbf95e4e8b"},"headline":"Polsko-Niemieckie Dni Wsp\u00f3\u0142pracy 2024","datePublished":"2024-11-04T13:23:59+00:00","dateModified":"2025-03-10T09:19:08+00:00","mainEntityOfPage":{"@id":"https:\/\/www.interreg6a.net\/pl\/polsko-niemieckie-dni-wspolpracy-2024\/"},"wordCount":7347,"image":{"@id":"https:\/\/www.interreg6a.net\/pl\/polsko-niemieckie-dni-wspolpracy-2024\/#primaryimage"},"thumbnailUrl":"https:\/\/www.interreg6a.net\/wp-content\/uploads\/2023\/09\/DWPL-1.jpg","articleSection":["Aktualno\u015bci"],"inLanguage":"pl-PL"},{"@type":"WebPage","@id":"https:\/\/www.interreg6a.net\/pl\/polsko-niemieckie-dni-wspolpracy-2024\/","url":"https:\/\/www.interreg6a.net\/pl\/polsko-niemieckie-dni-wspolpracy-2024\/","name":"Polsko-Niemieckie Dni Wsp\u00f3\u0142pracy 2024 - Interreg VI A MV\/BB\/PL","isPartOf":{"@id":"https:\/\/www.interreg6a.net\/pl\/#website"},"primaryImageOfPage":{"@id":"https:\/\/www.interreg6a.net\/pl\/polsko-niemieckie-dni-wspolpracy-2024\/#primaryimage"},"image":{"@id":"https:\/\/www.interreg6a.net\/pl\/polsko-niemieckie-dni-wspolpracy-2024\/#primaryimage"},"thumbnailUrl":"https:\/\/www.interreg6a.net\/wp-content\/uploads\/2023\/09\/DWPL-1.jpg","datePublished":"2024-11-04T13:23:59+00:00","dateModified":"2025-03-10T09:19:08+00:00","author":{"@id":"https:\/\/www.interreg6a.net\/pl\/#\/schema\/person\/4c87761287b75456c2ed5cfbf95e4e8b"},"breadcrumb":{"@id":"https:\/\/www.interreg6a.net\/pl\/polsko-niemieckie-dni-wspolpracy-2024\/#breadcrumb"},"inLanguage":"pl-PL","potentialAction":[{"@type":"ReadAction","target":["https:\/\/www.interreg6a.net\/pl\/polsko-niemieckie-dni-wspolpracy-2024\/"]}]},{"@type":"ImageObject","inLanguage":"pl-PL","@id":"https:\/\/www.interreg6a.net\/pl\/polsko-niemieckie-dni-wspolpracy-2024\/#primaryimage","url":"https:\/\/www.interreg6a.net\/wp-content\/uploads\/2023\/09\/DWPL-1.jpg","contentUrl":"https:\/\/www.interreg6a.net\/wp-content\/uploads\/2023\/09\/DWPL-1.jpg","width":475,"height":355},{"@type":"BreadcrumbList","@id":"https:\/\/www.interreg6a.net\/pl\/polsko-niemieckie-dni-wspolpracy-2024\/#breadcrumb","itemListElement":[{"@type":"ListItem","position":1,"name":"Strona g\u0142\u00f3wna","item":"https:\/\/www.interreg6a.net\/pl\/"},{"@type":"ListItem","position":2,"name":"Polsko-Niemieckie Dni Wsp\u00f3\u0142pracy 2024"}]},{"@type":"WebSite","@id":"https:\/\/www.interreg6a.net\/pl\/#website","url":"https:\/\/www.interreg6a.net\/pl\/","name":"Interreg VI A MV\/BB\/PL","description":"","potentialAction":[{"@type":"SearchAction","target":{"@type":"EntryPoint","urlTemplate":"https:\/\/www.interreg6a.net\/pl\/?s={search_term_string}"},"query-input":{"@type":"PropertyValueSpecification","valueRequired":true,"valueName":"search_term_string"}}],"inLanguage":"pl-PL"},{"@type":"Person","@id":"https:\/\/www.interreg6a.net\/pl\/#\/schema\/person\/4c87761287b75456c2ed5cfbf95e4e8b","name":"semeniuk","image":{"@type":"ImageObject","inLanguage":"pl-PL","@id":"https:\/\/secure.gravatar.com\/avatar\/2aab4d2ca365cd79a4eb712e81052078a3fa7ddccf6c3d13d25230ebeeea8344?s=96&d=mm&r=g","url":"https:\/\/secure.gravatar.com\/avatar\/2aab4d2ca365cd79a4eb712e81052078a3fa7ddccf6c3d13d25230ebeeea8344?s=96&d=mm&r=g","contentUrl":"https:\/\/secure.gravatar.com\/avatar\/2aab4d2ca365cd79a4eb712e81052078a3fa7ddccf6c3d13d25230ebeeea8344?s=96&d=mm&r=g","caption":"semeniuk"},"url":"https:\/\/www.interreg6a.net\/pl\/author\/semeniuk\/"}]}},"_links":{"self":[{"href":"https:\/\/www.interreg6a.net\/pl\/wp-json\/wp\/v2\/posts\/14580","targetHints":{"allow":["GET"]}}],"collection":[{"href":"https:\/\/www.interreg6a.net\/pl\/wp-json\/wp\/v2\/posts"}],"about":[{"href":"https:\/\/www.interreg6a.net\/pl\/wp-json\/wp\/v2\/types\/post"}],"author":[{"embeddable":true,"href":"https:\/\/www.interreg6a.net\/pl\/wp-json\/wp\/v2\/users\/25"}],"replies":[{"embeddable":true,"href":"https:\/\/www.interreg6a.net\/pl\/wp-json\/wp\/v2\/comments?post=14580"}],"version-history":[{"count":12,"href":"https:\/\/www.interreg6a.net\/pl\/wp-json\/wp\/v2\/posts\/14580\/revisions"}],"predecessor-version":[{"id":16626,"href":"https:\/\/www.interreg6a.net\/pl\/wp-json\/wp\/v2\/posts\/14580\/revisions\/16626"}],"wp:featuredmedia":[{"embeddable":true,"href":"https:\/\/www.interreg6a.net\/pl\/wp-json\/wp\/v2\/media\/10544"}],"wp:attachment":[{"href":"https:\/\/www.interreg6a.net\/pl\/wp-json\/wp\/v2\/media?parent=14580"}],"wp:term":[{"taxonomy":"category","embeddable":true,"href":"https:\/\/www.interreg6a.net\/pl\/wp-json\/wp\/v2\/categories?post=14580"},{"taxonomy":"post_tag","embeddable":true,"href":"https:\/\/www.interreg6a.net\/pl\/wp-json\/wp\/v2\/tags?post=14580"}],"curies":[{"name":"wp","href":"https:\/\/api.w.org\/{rel}","templated":true}]}}