{"id":15603,"date":"2025-01-02T15:28:38","date_gmt":"2025-01-02T14:28:38","guid":{"rendered":"https:\/\/www.interreg6a.net\/?p=15603"},"modified":"2025-01-02T15:29:03","modified_gmt":"2025-01-02T14:29:03","slug":"wystartowala-kampania-online-projekt-miesiaca-2025","status":"publish","type":"post","link":"https:\/\/www.interreg6a.net\/pl\/wystartowala-kampania-online-projekt-miesiaca-2025\/","title":{"rendered":"Wystartowa\u0142a kampania online \u201cProjekt miesi\u0105ca 2025\u201d"},"content":{"rendered":"<p><div class=\"fusion-fullwidth fullwidth-box fusion-builder-row-1 fusion-flex-container has-pattern-background has-mask-background nonhundred-percent-fullwidth non-hundred-percent-height-scrolling\" style=\"--awb-border-radius-top-left:0px;--awb-border-radius-top-right:0px;--awb-border-radius-bottom-right:0px;--awb-border-radius-bottom-left:0px;--awb-flex-wrap:wrap;\" ><div class=\"fusion-builder-row fusion-row fusion-flex-align-items-flex-start fusion-flex-content-wrap\" style=\"max-width:1586px;margin-left: calc(-4% \/ 2 );margin-right: calc(-4% \/ 2 );\"><div class=\"fusion-layout-column fusion_builder_column fusion-builder-column-0 fusion_builder_column_1_1 1_1 fusion-flex-column\" style=\"--awb-bg-size:cover;--awb-width-large:100%;--awb-margin-top-large:0px;--awb-spacing-right-large:1.92%;--awb-margin-bottom-large:20px;--awb-spacing-left-large:1.92%;--awb-width-medium:100%;--awb-order-medium:0;--awb-spacing-right-medium:1.92%;--awb-spacing-left-medium:1.92%;--awb-width-small:100%;--awb-order-small:0;--awb-spacing-right-small:1.92%;--awb-spacing-left-small:1.92%;\"><div class=\"fusion-column-wrapper fusion-column-has-shadow fusion-flex-justify-content-flex-start fusion-content-layout-column\"><div class=\"fusion-title title fusion-title-1 fusion-sep-none fusion-title-text fusion-title-size-one\" style=\"--awb-margin-top-small:10px;--awb-margin-right-small:0px;--awb-margin-bottom-small:10px;--awb-margin-left-small:0px;\"><h1 class=\"fusion-title-heading title-heading-left\" style=\"margin:0;\"><p style=\"text-align: center;\"><strong>Wystartowa\u0142a kampania online \u201cProjekt miesi\u0105ca 2025\u201d<\/strong><\/p><\/h1><\/div><div class=\"fusion-text fusion-text-1\"><p><strong>Nowy Rok, nowa kampania!<\/strong><\/p>\n<p>Wraz z pocz\u0105tkiem 2025 roku rozpoczynamy nasz\u0105 internetow\u0105 akcj\u0119 <strong>\u201cProjekt miesi\u0105ca 2025\u201d<\/strong>.<\/p>\n<p><strong>Jaki jest cel akcji?<\/strong> W ramach kampanii chcemy zaprezentowa\u0107 projekty z obecnego okresu finansowania 2021-2027. Przez kolejne 12 miesi\u0119cy b\u0119dziemy publikowa\u0107 wywiady z przedstawicielami projektu wraz ze zdj\u0119ciem pokazuj\u0105cym szczeg\u00f3lny moment z realizacji projektu.<\/p>\n<p>W styczniu 2025 r. rozpoczniemy projektem <strong>INT0100001 Sie\u0107 Informacyjno-Doradcza<\/strong>.<\/p>\n<p>W wywiadzie dotycz\u0105cym projektu zapytali\u015bmy m.in. o wyzwania, kt\u00f3rym partnerzy projektu chc\u0105 wsp\u00f3lnie sprosta\u0107, planowane rezultaty ich wsp\u00f3\u0142pracy oraz wskaz\u00f3wki dotycz\u0105ce realizacji polsko-niemieckiego projektu.<\/p>\n<p><a href=\"https:\/\/www.interreg6a.net\/pl\/projekt-miesiaca\/\">do \u201cProjektu miesi\u0105ca\u201d<\/a><\/p>\n<\/div><\/div><\/div><\/div><\/div><div class=\"fusion-fullwidth fullwidth-box fusion-builder-row-2 fusion-flex-container has-pattern-background has-mask-background nonhundred-percent-fullwidth non-hundred-percent-height-scrolling\" style=\"--awb-border-radius-top-left:0px;--awb-border-radius-top-right:0px;--awb-border-radius-bottom-right:0px;--awb-border-radius-bottom-left:0px;--awb-padding-top:20px;--awb-flex-wrap:wrap;\" ><div class=\"fusion-builder-row fusion-row fusion-flex-align-items-flex-start fusion-flex-content-wrap\" style=\"max-width:1586px;margin-left: calc(-4% \/ 2 );margin-right: calc(-4% \/ 2 );\"><div class=\"fusion-layout-column fusion_builder_column fusion-builder-column-1 fusion_builder_column_1_1 1_1 fusion-flex-column\" style=\"--awb-bg-size:cover;--awb-width-large:100%;--awb-margin-top-large:0px;--awb-spacing-right-large:1.92%;--awb-margin-bottom-large:20px;--awb-spacing-left-large:1.92%;--awb-width-medium:100%;--awb-order-medium:0;--awb-spacing-right-medium:1.92%;--awb-spacing-left-medium:1.92%;--awb-width-small:100%;--awb-order-small:0;--awb-spacing-right-small:1.92%;--awb-spacing-left-small:1.92%;\"><div class=\"fusion-column-wrapper fusion-column-has-shadow fusion-flex-justify-content-flex-start fusion-content-layout-column\"><div class=\"fusion-text fusion-text-2\"><p>Zdj\u0119cie: Andr\u00e9 Gschweng \/ Universit\u00e4ts- und Hansestadt Greifswald.<\/p>\n<\/div><\/div><\/div><\/div><\/div><\/p>\n","protected":false},"excerpt":{"rendered":"","protected":false},"author":25,"featured_media":15545,"comment_status":"closed","ping_status":"closed","sticky":false,"template":"","format":"standard","meta":{"_price":"","_stock":"","_tribe_ticket_header":"","_tribe_default_ticket_provider":"","_tribe_ticket_capacity":"0","_ticket_start_date":"","_ticket_end_date":"","_tribe_ticket_show_description":"","_tribe_ticket_show_not_going":false,"_tribe_ticket_use_global_stock":"","_tribe_ticket_global_stock_level":"","_global_stock_mode":"","_global_stock_cap":"","_tribe_rsvp_for_event":"","_tribe_ticket_going_count":"","_tribe_ticket_not_going_count":"","_tribe_tickets_list":"[]","_tribe_ticket_has_attendee_info_fields":false,"footnotes":""},"categories":[20,53],"tags":[],"class_list":["post-15603","post","type-post","status-publish","format-standard","has-post-thumbnail","hentry","category-aktualnosci","category-projekty"],"yoast_head":"<!-- This site is optimized with the Yoast SEO plugin v27.3 - https:\/\/yoast.com\/product\/yoast-seo-wordpress\/ -->\n<title>Wystartowa\u0142a kampania online \u201cProjekt miesi\u0105ca 2025\u201d - Interreg VI A MV\/BB\/PL<\/title>\n<meta name=\"robots\" content=\"index, follow, max-snippet:-1, max-image-preview:large, max-video-preview:-1\" \/>\n<link rel=\"canonical\" href=\"https:\/\/www.interreg6a.net\/pl\/wystartowala-kampania-online-projekt-miesiaca-2025\/\" \/>\n<meta property=\"og:locale\" content=\"pl_PL\" \/>\n<meta property=\"og:type\" content=\"article\" \/>\n<meta property=\"og:title\" content=\"Wystartowa\u0142a kampania online \u201cProjekt miesi\u0105ca 2025\u201d - Interreg VI A MV\/BB\/PL\" \/>\n<meta property=\"og:url\" content=\"https:\/\/www.interreg6a.net\/pl\/wystartowala-kampania-online-projekt-miesiaca-2025\/\" \/>\n<meta property=\"og:site_name\" content=\"Interreg VI A MV\/BB\/PL\" \/>\n<meta property=\"article:published_time\" content=\"2025-01-02T14:28:38+00:00\" \/>\n<meta property=\"article:modified_time\" content=\"2025-01-02T14:29:03+00:00\" \/>\n<meta property=\"og:image\" content=\"https:\/\/www.interreg6a.net\/wp-content\/uploads\/2024\/12\/facebook-querformat-januar.jpg\" \/>\n\t<meta property=\"og:image:width\" content=\"1200\" \/>\n\t<meta property=\"og:image:height\" content=\"630\" \/>\n\t<meta property=\"og:image:type\" content=\"image\/jpeg\" \/>\n<meta name=\"author\" content=\"semeniuk\" \/>\n<meta name=\"twitter:card\" content=\"summary_large_image\" \/>\n<meta name=\"twitter:label1\" content=\"Napisane przez\" \/>\n\t<meta name=\"twitter:data1\" content=\"semeniuk\" \/>\n\t<meta name=\"twitter:label2\" content=\"Szacowany czas czytania\" \/>\n\t<meta name=\"twitter:data2\" content=\"1 minuta\" \/>\n<script type=\"application\/ld+json\" class=\"yoast-schema-graph\">{\"@context\":\"https:\\\/\\\/schema.org\",\"@graph\":[{\"@type\":\"Article\",\"@id\":\"https:\\\/\\\/www.interreg6a.net\\\/pl\\\/wystartowala-kampania-online-projekt-miesiaca-2025\\\/#article\",\"isPartOf\":{\"@id\":\"https:\\\/\\\/www.interreg6a.net\\\/pl\\\/wystartowala-kampania-online-projekt-miesiaca-2025\\\/\"},\"author\":{\"name\":\"semeniuk\",\"@id\":\"https:\\\/\\\/www.interreg6a.net\\\/pl\\\/#\\\/schema\\\/person\\\/4c87761287b75456c2ed5cfbf95e4e8b\"},\"headline\":\"Wystartowa\u0142a kampania online \u201cProjekt miesi\u0105ca 2025\u201d\",\"datePublished\":\"2025-01-02T14:28:38+00:00\",\"dateModified\":\"2025-01-02T14:29:03+00:00\",\"mainEntityOfPage\":{\"@id\":\"https:\\\/\\\/www.interreg6a.net\\\/pl\\\/wystartowala-kampania-online-projekt-miesiaca-2025\\\/\"},\"wordCount\":2410,\"image\":{\"@id\":\"https:\\\/\\\/www.interreg6a.net\\\/pl\\\/wystartowala-kampania-online-projekt-miesiaca-2025\\\/#primaryimage\"},\"thumbnailUrl\":\"https:\\\/\\\/www.interreg6a.net\\\/wp-content\\\/uploads\\\/2024\\\/12\\\/facebook-querformat-januar.jpg\",\"articleSection\":[\"Aktualno\u015bci\",\"Projekty\"],\"inLanguage\":\"pl-PL\"},{\"@type\":\"WebPage\",\"@id\":\"https:\\\/\\\/www.interreg6a.net\\\/pl\\\/wystartowala-kampania-online-projekt-miesiaca-2025\\\/\",\"url\":\"https:\\\/\\\/www.interreg6a.net\\\/pl\\\/wystartowala-kampania-online-projekt-miesiaca-2025\\\/\",\"name\":\"Wystartowa\u0142a kampania online \u201cProjekt miesi\u0105ca 2025\u201d - Interreg VI A MV\\\/BB\\\/PL\",\"isPartOf\":{\"@id\":\"https:\\\/\\\/www.interreg6a.net\\\/pl\\\/#website\"},\"primaryImageOfPage\":{\"@id\":\"https:\\\/\\\/www.interreg6a.net\\\/pl\\\/wystartowala-kampania-online-projekt-miesiaca-2025\\\/#primaryimage\"},\"image\":{\"@id\":\"https:\\\/\\\/www.interreg6a.net\\\/pl\\\/wystartowala-kampania-online-projekt-miesiaca-2025\\\/#primaryimage\"},\"thumbnailUrl\":\"https:\\\/\\\/www.interreg6a.net\\\/wp-content\\\/uploads\\\/2024\\\/12\\\/facebook-querformat-januar.jpg\",\"datePublished\":\"2025-01-02T14:28:38+00:00\",\"dateModified\":\"2025-01-02T14:29:03+00:00\",\"author\":{\"@id\":\"https:\\\/\\\/www.interreg6a.net\\\/pl\\\/#\\\/schema\\\/person\\\/4c87761287b75456c2ed5cfbf95e4e8b\"},\"breadcrumb\":{\"@id\":\"https:\\\/\\\/www.interreg6a.net\\\/pl\\\/wystartowala-kampania-online-projekt-miesiaca-2025\\\/#breadcrumb\"},\"inLanguage\":\"pl-PL\",\"potentialAction\":[{\"@type\":\"ReadAction\",\"target\":[\"https:\\\/\\\/www.interreg6a.net\\\/pl\\\/wystartowala-kampania-online-projekt-miesiaca-2025\\\/\"]}]},{\"@type\":\"ImageObject\",\"inLanguage\":\"pl-PL\",\"@id\":\"https:\\\/\\\/www.interreg6a.net\\\/pl\\\/wystartowala-kampania-online-projekt-miesiaca-2025\\\/#primaryimage\",\"url\":\"https:\\\/\\\/www.interreg6a.net\\\/wp-content\\\/uploads\\\/2024\\\/12\\\/facebook-querformat-januar.jpg\",\"contentUrl\":\"https:\\\/\\\/www.interreg6a.net\\\/wp-content\\\/uploads\\\/2024\\\/12\\\/facebook-querformat-januar.jpg\",\"width\":1200,\"height\":630},{\"@type\":\"BreadcrumbList\",\"@id\":\"https:\\\/\\\/www.interreg6a.net\\\/pl\\\/wystartowala-kampania-online-projekt-miesiaca-2025\\\/#breadcrumb\",\"itemListElement\":[{\"@type\":\"ListItem\",\"position\":1,\"name\":\"Strona g\u0142\u00f3wna\",\"item\":\"https:\\\/\\\/www.interreg6a.net\\\/pl\\\/\"},{\"@type\":\"ListItem\",\"position\":2,\"name\":\"Wystartowa\u0142a kampania online \u201cProjekt miesi\u0105ca 2025\u201d\"}]},{\"@type\":\"WebSite\",\"@id\":\"https:\\\/\\\/www.interreg6a.net\\\/pl\\\/#website\",\"url\":\"https:\\\/\\\/www.interreg6a.net\\\/pl\\\/\",\"name\":\"Interreg VI A MV\\\/BB\\\/PL\",\"description\":\"\",\"potentialAction\":[{\"@type\":\"SearchAction\",\"target\":{\"@type\":\"EntryPoint\",\"urlTemplate\":\"https:\\\/\\\/www.interreg6a.net\\\/pl\\\/?s={search_term_string}\"},\"query-input\":{\"@type\":\"PropertyValueSpecification\",\"valueRequired\":true,\"valueName\":\"search_term_string\"}}],\"inLanguage\":\"pl-PL\"},{\"@type\":\"Person\",\"@id\":\"https:\\\/\\\/www.interreg6a.net\\\/pl\\\/#\\\/schema\\\/person\\\/4c87761287b75456c2ed5cfbf95e4e8b\",\"name\":\"semeniuk\",\"image\":{\"@type\":\"ImageObject\",\"inLanguage\":\"pl-PL\",\"@id\":\"https:\\\/\\\/secure.gravatar.com\\\/avatar\\\/2aab4d2ca365cd79a4eb712e81052078a3fa7ddccf6c3d13d25230ebeeea8344?s=96&d=mm&r=g\",\"url\":\"https:\\\/\\\/secure.gravatar.com\\\/avatar\\\/2aab4d2ca365cd79a4eb712e81052078a3fa7ddccf6c3d13d25230ebeeea8344?s=96&d=mm&r=g\",\"contentUrl\":\"https:\\\/\\\/secure.gravatar.com\\\/avatar\\\/2aab4d2ca365cd79a4eb712e81052078a3fa7ddccf6c3d13d25230ebeeea8344?s=96&d=mm&r=g\",\"caption\":\"semeniuk\"},\"url\":\"https:\\\/\\\/www.interreg6a.net\\\/pl\\\/author\\\/semeniuk\\\/\"}]}<\/script>\n<!-- \/ Yoast SEO plugin. -->","yoast_head_json":{"title":"Wystartowa\u0142a kampania online \u201cProjekt miesi\u0105ca 2025\u201d - Interreg VI A MV\/BB\/PL","robots":{"index":"index","follow":"follow","max-snippet":"max-snippet:-1","max-image-preview":"max-image-preview:large","max-video-preview":"max-video-preview:-1"},"canonical":"https:\/\/www.interreg6a.net\/pl\/wystartowala-kampania-online-projekt-miesiaca-2025\/","og_locale":"pl_PL","og_type":"article","og_title":"Wystartowa\u0142a kampania online \u201cProjekt miesi\u0105ca 2025\u201d - Interreg VI A MV\/BB\/PL","og_url":"https:\/\/www.interreg6a.net\/pl\/wystartowala-kampania-online-projekt-miesiaca-2025\/","og_site_name":"Interreg VI A MV\/BB\/PL","article_published_time":"2025-01-02T14:28:38+00:00","article_modified_time":"2025-01-02T14:29:03+00:00","og_image":[{"width":1200,"height":630,"url":"https:\/\/www.interreg6a.net\/wp-content\/uploads\/2024\/12\/facebook-querformat-januar.jpg","type":"image\/jpeg"}],"author":"semeniuk","twitter_card":"summary_large_image","twitter_misc":{"Napisane przez":"semeniuk","Szacowany czas czytania":"1 minuta"},"schema":{"@context":"https:\/\/schema.org","@graph":[{"@type":"Article","@id":"https:\/\/www.interreg6a.net\/pl\/wystartowala-kampania-online-projekt-miesiaca-2025\/#article","isPartOf":{"@id":"https:\/\/www.interreg6a.net\/pl\/wystartowala-kampania-online-projekt-miesiaca-2025\/"},"author":{"name":"semeniuk","@id":"https:\/\/www.interreg6a.net\/pl\/#\/schema\/person\/4c87761287b75456c2ed5cfbf95e4e8b"},"headline":"Wystartowa\u0142a kampania online \u201cProjekt miesi\u0105ca 2025\u201d","datePublished":"2025-01-02T14:28:38+00:00","dateModified":"2025-01-02T14:29:03+00:00","mainEntityOfPage":{"@id":"https:\/\/www.interreg6a.net\/pl\/wystartowala-kampania-online-projekt-miesiaca-2025\/"},"wordCount":2410,"image":{"@id":"https:\/\/www.interreg6a.net\/pl\/wystartowala-kampania-online-projekt-miesiaca-2025\/#primaryimage"},"thumbnailUrl":"https:\/\/www.interreg6a.net\/wp-content\/uploads\/2024\/12\/facebook-querformat-januar.jpg","articleSection":["Aktualno\u015bci","Projekty"],"inLanguage":"pl-PL"},{"@type":"WebPage","@id":"https:\/\/www.interreg6a.net\/pl\/wystartowala-kampania-online-projekt-miesiaca-2025\/","url":"https:\/\/www.interreg6a.net\/pl\/wystartowala-kampania-online-projekt-miesiaca-2025\/","name":"Wystartowa\u0142a kampania online \u201cProjekt miesi\u0105ca 2025\u201d - Interreg VI A MV\/BB\/PL","isPartOf":{"@id":"https:\/\/www.interreg6a.net\/pl\/#website"},"primaryImageOfPage":{"@id":"https:\/\/www.interreg6a.net\/pl\/wystartowala-kampania-online-projekt-miesiaca-2025\/#primaryimage"},"image":{"@id":"https:\/\/www.interreg6a.net\/pl\/wystartowala-kampania-online-projekt-miesiaca-2025\/#primaryimage"},"thumbnailUrl":"https:\/\/www.interreg6a.net\/wp-content\/uploads\/2024\/12\/facebook-querformat-januar.jpg","datePublished":"2025-01-02T14:28:38+00:00","dateModified":"2025-01-02T14:29:03+00:00","author":{"@id":"https:\/\/www.interreg6a.net\/pl\/#\/schema\/person\/4c87761287b75456c2ed5cfbf95e4e8b"},"breadcrumb":{"@id":"https:\/\/www.interreg6a.net\/pl\/wystartowala-kampania-online-projekt-miesiaca-2025\/#breadcrumb"},"inLanguage":"pl-PL","potentialAction":[{"@type":"ReadAction","target":["https:\/\/www.interreg6a.net\/pl\/wystartowala-kampania-online-projekt-miesiaca-2025\/"]}]},{"@type":"ImageObject","inLanguage":"pl-PL","@id":"https:\/\/www.interreg6a.net\/pl\/wystartowala-kampania-online-projekt-miesiaca-2025\/#primaryimage","url":"https:\/\/www.interreg6a.net\/wp-content\/uploads\/2024\/12\/facebook-querformat-januar.jpg","contentUrl":"https:\/\/www.interreg6a.net\/wp-content\/uploads\/2024\/12\/facebook-querformat-januar.jpg","width":1200,"height":630},{"@type":"BreadcrumbList","@id":"https:\/\/www.interreg6a.net\/pl\/wystartowala-kampania-online-projekt-miesiaca-2025\/#breadcrumb","itemListElement":[{"@type":"ListItem","position":1,"name":"Strona g\u0142\u00f3wna","item":"https:\/\/www.interreg6a.net\/pl\/"},{"@type":"ListItem","position":2,"name":"Wystartowa\u0142a kampania online \u201cProjekt miesi\u0105ca 2025\u201d"}]},{"@type":"WebSite","@id":"https:\/\/www.interreg6a.net\/pl\/#website","url":"https:\/\/www.interreg6a.net\/pl\/","name":"Interreg VI A MV\/BB\/PL","description":"","potentialAction":[{"@type":"SearchAction","target":{"@type":"EntryPoint","urlTemplate":"https:\/\/www.interreg6a.net\/pl\/?s={search_term_string}"},"query-input":{"@type":"PropertyValueSpecification","valueRequired":true,"valueName":"search_term_string"}}],"inLanguage":"pl-PL"},{"@type":"Person","@id":"https:\/\/www.interreg6a.net\/pl\/#\/schema\/person\/4c87761287b75456c2ed5cfbf95e4e8b","name":"semeniuk","image":{"@type":"ImageObject","inLanguage":"pl-PL","@id":"https:\/\/secure.gravatar.com\/avatar\/2aab4d2ca365cd79a4eb712e81052078a3fa7ddccf6c3d13d25230ebeeea8344?s=96&d=mm&r=g","url":"https:\/\/secure.gravatar.com\/avatar\/2aab4d2ca365cd79a4eb712e81052078a3fa7ddccf6c3d13d25230ebeeea8344?s=96&d=mm&r=g","contentUrl":"https:\/\/secure.gravatar.com\/avatar\/2aab4d2ca365cd79a4eb712e81052078a3fa7ddccf6c3d13d25230ebeeea8344?s=96&d=mm&r=g","caption":"semeniuk"},"url":"https:\/\/www.interreg6a.net\/pl\/author\/semeniuk\/"}]}},"_links":{"self":[{"href":"https:\/\/www.interreg6a.net\/pl\/wp-json\/wp\/v2\/posts\/15603","targetHints":{"allow":["GET"]}}],"collection":[{"href":"https:\/\/www.interreg6a.net\/pl\/wp-json\/wp\/v2\/posts"}],"about":[{"href":"https:\/\/www.interreg6a.net\/pl\/wp-json\/wp\/v2\/types\/post"}],"author":[{"embeddable":true,"href":"https:\/\/www.interreg6a.net\/pl\/wp-json\/wp\/v2\/users\/25"}],"replies":[{"embeddable":true,"href":"https:\/\/www.interreg6a.net\/pl\/wp-json\/wp\/v2\/comments?post=15603"}],"version-history":[{"count":3,"href":"https:\/\/www.interreg6a.net\/pl\/wp-json\/wp\/v2\/posts\/15603\/revisions"}],"predecessor-version":[{"id":15617,"href":"https:\/\/www.interreg6a.net\/pl\/wp-json\/wp\/v2\/posts\/15603\/revisions\/15617"}],"wp:featuredmedia":[{"embeddable":true,"href":"https:\/\/www.interreg6a.net\/pl\/wp-json\/wp\/v2\/media\/15545"}],"wp:attachment":[{"href":"https:\/\/www.interreg6a.net\/pl\/wp-json\/wp\/v2\/media?parent=15603"}],"wp:term":[{"taxonomy":"category","embeddable":true,"href":"https:\/\/www.interreg6a.net\/pl\/wp-json\/wp\/v2\/categories?post=15603"},{"taxonomy":"post_tag","embeddable":true,"href":"https:\/\/www.interreg6a.net\/pl\/wp-json\/wp\/v2\/tags?post=15603"}],"curies":[{"name":"wp","href":"https:\/\/api.w.org\/{rel}","templated":true}]}}