{"id":15708,"date":"2025-01-06T14:11:34","date_gmt":"2025-01-06T13:11:34","guid":{"rendered":"https:\/\/www.interreg6a.net\/?p=15708"},"modified":"2025-01-07T15:21:12","modified_gmt":"2025-01-07T14:21:12","slug":"polska-obejmuje-prezydencje-w-radzie-ue","status":"publish","type":"post","link":"https:\/\/www.interreg6a.net\/pl\/polska-obejmuje-prezydencje-w-radzie-ue\/","title":{"rendered":"Polska obejmuje prezydencj\u0119 w Radzie UE"},"content":{"rendered":"<div class=\"fusion-fullwidth fullwidth-box fusion-builder-row-1 fusion-flex-container has-pattern-background has-mask-background nonhundred-percent-fullwidth non-hundred-percent-height-scrolling\" style=\"--awb-border-radius-top-left:0px;--awb-border-radius-top-right:0px;--awb-border-radius-bottom-right:0px;--awb-border-radius-bottom-left:0px;--awb-flex-wrap:wrap;\" ><div class=\"fusion-builder-row fusion-row fusion-flex-align-items-flex-start fusion-flex-content-wrap\" style=\"max-width:1586px;margin-left: calc(-4% \/ 2 );margin-right: calc(-4% \/ 2 );\"><div class=\"fusion-layout-column fusion_builder_column fusion-builder-column-0 fusion_builder_column_1_1 1_1 fusion-flex-column\" style=\"--awb-bg-size:cover;--awb-width-large:100%;--awb-margin-top-large:0px;--awb-spacing-right-large:1.92%;--awb-margin-bottom-large:20px;--awb-spacing-left-large:1.92%;--awb-width-medium:100%;--awb-order-medium:0;--awb-spacing-right-medium:1.92%;--awb-spacing-left-medium:1.92%;--awb-width-small:100%;--awb-order-small:0;--awb-spacing-right-small:1.92%;--awb-spacing-left-small:1.92%;\"><div class=\"fusion-column-wrapper fusion-column-has-shadow fusion-flex-justify-content-flex-start fusion-content-layout-column\"><div class=\"fusion-title title fusion-title-1 fusion-sep-none fusion-title-text fusion-title-size-one\" style=\"--awb-margin-top-small:10px;--awb-margin-right-small:0px;--awb-margin-bottom-small:10px;--awb-margin-left-small:0px;\"><h1 class=\"fusion-title-heading title-heading-left\" style=\"margin:0;\"><p style=\"text-align: center;\"><strong>Polska obejmuje prezydencj\u0119 w Radzie UE<\/strong><\/p><\/h1><\/div><div class=\"fusion-text fusion-text-1\"><p>Z pocz\u0105tkiem nowego roku Polska obejmuje przewodnictwo w Radzie UE, kt\u00f3re potrwa od 1 stycznia do 30 czerwca 2025 roku. Has\u0142em przewodnim nowej prezydencji w Radzie UE jest &#8222;Bezpiecze\u0144stwo Europy&#8221;!<\/p>\n<p>Co sze\u015b\u0107 miesi\u0119cy inne pa\u0144stwo cz\u0142onkowskie przejmuje rotacyjne przewodnictwo w Radzie UE, tzn. jest gospodarzem posiedze\u0144 Rady. Pa\u0144stwo cz\u0142onkowskie przewodniczy posiedzeniom na wszystkich szczeblach i zapewnia ci\u0105g\u0142o\u015b\u0107 prac UE.<\/p>\n<p>Prezydencja niemiecka mia\u0142a miejsce w 2020 roku.<\/p>\n<p>Wi\u0119cej informacji znajda Pa\u0144stwo <a href=\"https:\/\/www.consilium.europa.eu\/pl\/council-eu\/presidency-council-eu\/\">na stronie Rady Unii Europejskiej.<\/a><\/p>\n<\/div><div class=\"fusion-image-element \" style=\"--awb-caption-title-font-family:var(--h2_typography-font-family);--awb-caption-title-font-weight:var(--h2_typography-font-weight);--awb-caption-title-font-style:var(--h2_typography-font-style);--awb-caption-title-size:var(--h2_typography-font-size);--awb-caption-title-transform:var(--h2_typography-text-transform);--awb-caption-title-line-height:var(--h2_typography-line-height);--awb-caption-title-letter-spacing:var(--h2_typography-letter-spacing);\"><span class=\" fusion-imageframe imageframe-none imageframe-1 hover-type-none\"><img decoding=\"async\" width=\"1971\" height=\"2560\" title=\"Polen 2025_UE 2\" src=\"https:\/\/www.interreg6a.net\/wp-content\/uploads\/2025\/01\/Polen-2025_UE-2-scaled.jpg\" alt class=\"img-responsive wp-image-15701\" srcset=\"https:\/\/www.interreg6a.net\/wp-content\/uploads\/2025\/01\/Polen-2025_UE-2-200x260.jpg 200w, https:\/\/www.interreg6a.net\/wp-content\/uploads\/2025\/01\/Polen-2025_UE-2-400x519.jpg 400w, https:\/\/www.interreg6a.net\/wp-content\/uploads\/2025\/01\/Polen-2025_UE-2-600x779.jpg 600w, https:\/\/www.interreg6a.net\/wp-content\/uploads\/2025\/01\/Polen-2025_UE-2-800x1039.jpg 800w, https:\/\/www.interreg6a.net\/wp-content\/uploads\/2025\/01\/Polen-2025_UE-2-1200x1558.jpg 1200w, https:\/\/www.interreg6a.net\/wp-content\/uploads\/2025\/01\/Polen-2025_UE-2-scaled.jpg 1971w\" sizes=\"(max-width: 575px) 100vw, 1971px\" \/><\/span><\/div><div class=\"fusion-text fusion-text-2\"><p><strong>Na zdj\u0119ciu: <\/strong>Przewodnicz\u0105cy Ant\u00f3nio Costa uczestniczy w ceremonii otwarcia polskiej prezydencji w Radzie UE. (Przem\u00f3wienie, 03.01.2025)<\/p>\n<\/div><\/div><\/div><\/div><\/div>\n","protected":false},"excerpt":{"rendered":"","protected":false},"author":25,"featured_media":15698,"comment_status":"closed","ping_status":"closed","sticky":false,"template":"","format":"standard","meta":{"_price":"","_stock":"","_tribe_ticket_header":"","_tribe_default_ticket_provider":"","_tribe_ticket_capacity":"0","_ticket_start_date":"","_ticket_end_date":"","_tribe_ticket_show_description":"","_tribe_ticket_show_not_going":false,"_tribe_ticket_use_global_stock":"","_tribe_ticket_global_stock_level":"","_global_stock_mode":"","_global_stock_cap":"","_tribe_rsvp_for_event":"","_tribe_ticket_going_count":"","_tribe_ticket_not_going_count":"","_tribe_tickets_list":"[]","_tribe_ticket_has_attendee_info_fields":false,"footnotes":""},"categories":[20],"tags":[],"class_list":["post-15708","post","type-post","status-publish","format-standard","has-post-thumbnail","hentry","category-aktualnosci"],"yoast_head":"<!-- This site is optimized with the Yoast SEO plugin v27.3 - https:\/\/yoast.com\/product\/yoast-seo-wordpress\/ -->\n<title>Polska obejmuje prezydencj\u0119 w Radzie UE - Interreg VI A MV\/BB\/PL<\/title>\n<meta name=\"robots\" content=\"index, follow, max-snippet:-1, max-image-preview:large, max-video-preview:-1\" \/>\n<link rel=\"canonical\" href=\"https:\/\/www.interreg6a.net\/pl\/polska-obejmuje-prezydencje-w-radzie-ue\/\" \/>\n<meta property=\"og:locale\" content=\"pl_PL\" \/>\n<meta property=\"og:type\" content=\"article\" \/>\n<meta property=\"og:title\" content=\"Polska obejmuje prezydencj\u0119 w Radzie UE - Interreg VI A MV\/BB\/PL\" \/>\n<meta property=\"og:url\" content=\"https:\/\/www.interreg6a.net\/pl\/polska-obejmuje-prezydencje-w-radzie-ue\/\" \/>\n<meta property=\"og:site_name\" content=\"Interreg VI A MV\/BB\/PL\" \/>\n<meta property=\"article:published_time\" content=\"2025-01-06T13:11:34+00:00\" \/>\n<meta property=\"article:modified_time\" content=\"2025-01-07T14:21:12+00:00\" \/>\n<meta property=\"og:image\" content=\"https:\/\/www.interreg6a.net\/wp-content\/uploads\/2025\/01\/Polen_UE.jpg\" \/>\n\t<meta property=\"og:image:width\" content=\"982\" \/>\n\t<meta property=\"og:image:height\" content=\"615\" \/>\n\t<meta property=\"og:image:type\" content=\"image\/jpeg\" \/>\n<meta name=\"author\" content=\"semeniuk\" \/>\n<meta name=\"twitter:card\" content=\"summary_large_image\" \/>\n<meta name=\"twitter:label1\" content=\"Napisane przez\" \/>\n\t<meta name=\"twitter:data1\" content=\"semeniuk\" \/>\n\t<meta name=\"twitter:label2\" content=\"Szacowany czas czytania\" \/>\n\t<meta name=\"twitter:data2\" content=\"1 minuta\" \/>\n<script type=\"application\/ld+json\" class=\"yoast-schema-graph\">{\"@context\":\"https:\\\/\\\/schema.org\",\"@graph\":[{\"@type\":\"Article\",\"@id\":\"https:\\\/\\\/www.interreg6a.net\\\/pl\\\/polska-obejmuje-prezydencje-w-radzie-ue\\\/#article\",\"isPartOf\":{\"@id\":\"https:\\\/\\\/www.interreg6a.net\\\/pl\\\/polska-obejmuje-prezydencje-w-radzie-ue\\\/\"},\"author\":{\"name\":\"semeniuk\",\"@id\":\"https:\\\/\\\/www.interreg6a.net\\\/pl\\\/#\\\/schema\\\/person\\\/4c87761287b75456c2ed5cfbf95e4e8b\"},\"headline\":\"Polska obejmuje prezydencj\u0119 w Radzie UE\",\"datePublished\":\"2025-01-06T13:11:34+00:00\",\"dateModified\":\"2025-01-07T14:21:12+00:00\",\"mainEntityOfPage\":{\"@id\":\"https:\\\/\\\/www.interreg6a.net\\\/pl\\\/polska-obejmuje-prezydencje-w-radzie-ue\\\/\"},\"wordCount\":1745,\"image\":{\"@id\":\"https:\\\/\\\/www.interreg6a.net\\\/pl\\\/polska-obejmuje-prezydencje-w-radzie-ue\\\/#primaryimage\"},\"thumbnailUrl\":\"https:\\\/\\\/www.interreg6a.net\\\/wp-content\\\/uploads\\\/2025\\\/01\\\/Polen_UE.jpg\",\"articleSection\":[\"Aktualno\u015bci\"],\"inLanguage\":\"pl-PL\"},{\"@type\":\"WebPage\",\"@id\":\"https:\\\/\\\/www.interreg6a.net\\\/pl\\\/polska-obejmuje-prezydencje-w-radzie-ue\\\/\",\"url\":\"https:\\\/\\\/www.interreg6a.net\\\/pl\\\/polska-obejmuje-prezydencje-w-radzie-ue\\\/\",\"name\":\"Polska obejmuje prezydencj\u0119 w Radzie UE - Interreg VI A MV\\\/BB\\\/PL\",\"isPartOf\":{\"@id\":\"https:\\\/\\\/www.interreg6a.net\\\/pl\\\/#website\"},\"primaryImageOfPage\":{\"@id\":\"https:\\\/\\\/www.interreg6a.net\\\/pl\\\/polska-obejmuje-prezydencje-w-radzie-ue\\\/#primaryimage\"},\"image\":{\"@id\":\"https:\\\/\\\/www.interreg6a.net\\\/pl\\\/polska-obejmuje-prezydencje-w-radzie-ue\\\/#primaryimage\"},\"thumbnailUrl\":\"https:\\\/\\\/www.interreg6a.net\\\/wp-content\\\/uploads\\\/2025\\\/01\\\/Polen_UE.jpg\",\"datePublished\":\"2025-01-06T13:11:34+00:00\",\"dateModified\":\"2025-01-07T14:21:12+00:00\",\"author\":{\"@id\":\"https:\\\/\\\/www.interreg6a.net\\\/pl\\\/#\\\/schema\\\/person\\\/4c87761287b75456c2ed5cfbf95e4e8b\"},\"breadcrumb\":{\"@id\":\"https:\\\/\\\/www.interreg6a.net\\\/pl\\\/polska-obejmuje-prezydencje-w-radzie-ue\\\/#breadcrumb\"},\"inLanguage\":\"pl-PL\",\"potentialAction\":[{\"@type\":\"ReadAction\",\"target\":[\"https:\\\/\\\/www.interreg6a.net\\\/pl\\\/polska-obejmuje-prezydencje-w-radzie-ue\\\/\"]}]},{\"@type\":\"ImageObject\",\"inLanguage\":\"pl-PL\",\"@id\":\"https:\\\/\\\/www.interreg6a.net\\\/pl\\\/polska-obejmuje-prezydencje-w-radzie-ue\\\/#primaryimage\",\"url\":\"https:\\\/\\\/www.interreg6a.net\\\/wp-content\\\/uploads\\\/2025\\\/01\\\/Polen_UE.jpg\",\"contentUrl\":\"https:\\\/\\\/www.interreg6a.net\\\/wp-content\\\/uploads\\\/2025\\\/01\\\/Polen_UE.jpg\",\"width\":982,\"height\":615},{\"@type\":\"BreadcrumbList\",\"@id\":\"https:\\\/\\\/www.interreg6a.net\\\/pl\\\/polska-obejmuje-prezydencje-w-radzie-ue\\\/#breadcrumb\",\"itemListElement\":[{\"@type\":\"ListItem\",\"position\":1,\"name\":\"Strona g\u0142\u00f3wna\",\"item\":\"https:\\\/\\\/www.interreg6a.net\\\/pl\\\/\"},{\"@type\":\"ListItem\",\"position\":2,\"name\":\"Polska obejmuje prezydencj\u0119 w Radzie UE\"}]},{\"@type\":\"WebSite\",\"@id\":\"https:\\\/\\\/www.interreg6a.net\\\/pl\\\/#website\",\"url\":\"https:\\\/\\\/www.interreg6a.net\\\/pl\\\/\",\"name\":\"Interreg VI A MV\\\/BB\\\/PL\",\"description\":\"\",\"potentialAction\":[{\"@type\":\"SearchAction\",\"target\":{\"@type\":\"EntryPoint\",\"urlTemplate\":\"https:\\\/\\\/www.interreg6a.net\\\/pl\\\/?s={search_term_string}\"},\"query-input\":{\"@type\":\"PropertyValueSpecification\",\"valueRequired\":true,\"valueName\":\"search_term_string\"}}],\"inLanguage\":\"pl-PL\"},{\"@type\":\"Person\",\"@id\":\"https:\\\/\\\/www.interreg6a.net\\\/pl\\\/#\\\/schema\\\/person\\\/4c87761287b75456c2ed5cfbf95e4e8b\",\"name\":\"semeniuk\",\"image\":{\"@type\":\"ImageObject\",\"inLanguage\":\"pl-PL\",\"@id\":\"https:\\\/\\\/secure.gravatar.com\\\/avatar\\\/2aab4d2ca365cd79a4eb712e81052078a3fa7ddccf6c3d13d25230ebeeea8344?s=96&d=mm&r=g\",\"url\":\"https:\\\/\\\/secure.gravatar.com\\\/avatar\\\/2aab4d2ca365cd79a4eb712e81052078a3fa7ddccf6c3d13d25230ebeeea8344?s=96&d=mm&r=g\",\"contentUrl\":\"https:\\\/\\\/secure.gravatar.com\\\/avatar\\\/2aab4d2ca365cd79a4eb712e81052078a3fa7ddccf6c3d13d25230ebeeea8344?s=96&d=mm&r=g\",\"caption\":\"semeniuk\"},\"url\":\"https:\\\/\\\/www.interreg6a.net\\\/pl\\\/author\\\/semeniuk\\\/\"}]}<\/script>\n<!-- \/ Yoast SEO plugin. -->","yoast_head_json":{"title":"Polska obejmuje prezydencj\u0119 w Radzie UE - Interreg VI A MV\/BB\/PL","robots":{"index":"index","follow":"follow","max-snippet":"max-snippet:-1","max-image-preview":"max-image-preview:large","max-video-preview":"max-video-preview:-1"},"canonical":"https:\/\/www.interreg6a.net\/pl\/polska-obejmuje-prezydencje-w-radzie-ue\/","og_locale":"pl_PL","og_type":"article","og_title":"Polska obejmuje prezydencj\u0119 w Radzie UE - Interreg VI A MV\/BB\/PL","og_url":"https:\/\/www.interreg6a.net\/pl\/polska-obejmuje-prezydencje-w-radzie-ue\/","og_site_name":"Interreg VI A MV\/BB\/PL","article_published_time":"2025-01-06T13:11:34+00:00","article_modified_time":"2025-01-07T14:21:12+00:00","og_image":[{"width":982,"height":615,"url":"https:\/\/www.interreg6a.net\/wp-content\/uploads\/2025\/01\/Polen_UE.jpg","type":"image\/jpeg"}],"author":"semeniuk","twitter_card":"summary_large_image","twitter_misc":{"Napisane przez":"semeniuk","Szacowany czas czytania":"1 minuta"},"schema":{"@context":"https:\/\/schema.org","@graph":[{"@type":"Article","@id":"https:\/\/www.interreg6a.net\/pl\/polska-obejmuje-prezydencje-w-radzie-ue\/#article","isPartOf":{"@id":"https:\/\/www.interreg6a.net\/pl\/polska-obejmuje-prezydencje-w-radzie-ue\/"},"author":{"name":"semeniuk","@id":"https:\/\/www.interreg6a.net\/pl\/#\/schema\/person\/4c87761287b75456c2ed5cfbf95e4e8b"},"headline":"Polska obejmuje prezydencj\u0119 w Radzie UE","datePublished":"2025-01-06T13:11:34+00:00","dateModified":"2025-01-07T14:21:12+00:00","mainEntityOfPage":{"@id":"https:\/\/www.interreg6a.net\/pl\/polska-obejmuje-prezydencje-w-radzie-ue\/"},"wordCount":1745,"image":{"@id":"https:\/\/www.interreg6a.net\/pl\/polska-obejmuje-prezydencje-w-radzie-ue\/#primaryimage"},"thumbnailUrl":"https:\/\/www.interreg6a.net\/wp-content\/uploads\/2025\/01\/Polen_UE.jpg","articleSection":["Aktualno\u015bci"],"inLanguage":"pl-PL"},{"@type":"WebPage","@id":"https:\/\/www.interreg6a.net\/pl\/polska-obejmuje-prezydencje-w-radzie-ue\/","url":"https:\/\/www.interreg6a.net\/pl\/polska-obejmuje-prezydencje-w-radzie-ue\/","name":"Polska obejmuje prezydencj\u0119 w Radzie UE - Interreg VI A MV\/BB\/PL","isPartOf":{"@id":"https:\/\/www.interreg6a.net\/pl\/#website"},"primaryImageOfPage":{"@id":"https:\/\/www.interreg6a.net\/pl\/polska-obejmuje-prezydencje-w-radzie-ue\/#primaryimage"},"image":{"@id":"https:\/\/www.interreg6a.net\/pl\/polska-obejmuje-prezydencje-w-radzie-ue\/#primaryimage"},"thumbnailUrl":"https:\/\/www.interreg6a.net\/wp-content\/uploads\/2025\/01\/Polen_UE.jpg","datePublished":"2025-01-06T13:11:34+00:00","dateModified":"2025-01-07T14:21:12+00:00","author":{"@id":"https:\/\/www.interreg6a.net\/pl\/#\/schema\/person\/4c87761287b75456c2ed5cfbf95e4e8b"},"breadcrumb":{"@id":"https:\/\/www.interreg6a.net\/pl\/polska-obejmuje-prezydencje-w-radzie-ue\/#breadcrumb"},"inLanguage":"pl-PL","potentialAction":[{"@type":"ReadAction","target":["https:\/\/www.interreg6a.net\/pl\/polska-obejmuje-prezydencje-w-radzie-ue\/"]}]},{"@type":"ImageObject","inLanguage":"pl-PL","@id":"https:\/\/www.interreg6a.net\/pl\/polska-obejmuje-prezydencje-w-radzie-ue\/#primaryimage","url":"https:\/\/www.interreg6a.net\/wp-content\/uploads\/2025\/01\/Polen_UE.jpg","contentUrl":"https:\/\/www.interreg6a.net\/wp-content\/uploads\/2025\/01\/Polen_UE.jpg","width":982,"height":615},{"@type":"BreadcrumbList","@id":"https:\/\/www.interreg6a.net\/pl\/polska-obejmuje-prezydencje-w-radzie-ue\/#breadcrumb","itemListElement":[{"@type":"ListItem","position":1,"name":"Strona g\u0142\u00f3wna","item":"https:\/\/www.interreg6a.net\/pl\/"},{"@type":"ListItem","position":2,"name":"Polska obejmuje prezydencj\u0119 w Radzie UE"}]},{"@type":"WebSite","@id":"https:\/\/www.interreg6a.net\/pl\/#website","url":"https:\/\/www.interreg6a.net\/pl\/","name":"Interreg VI A MV\/BB\/PL","description":"","potentialAction":[{"@type":"SearchAction","target":{"@type":"EntryPoint","urlTemplate":"https:\/\/www.interreg6a.net\/pl\/?s={search_term_string}"},"query-input":{"@type":"PropertyValueSpecification","valueRequired":true,"valueName":"search_term_string"}}],"inLanguage":"pl-PL"},{"@type":"Person","@id":"https:\/\/www.interreg6a.net\/pl\/#\/schema\/person\/4c87761287b75456c2ed5cfbf95e4e8b","name":"semeniuk","image":{"@type":"ImageObject","inLanguage":"pl-PL","@id":"https:\/\/secure.gravatar.com\/avatar\/2aab4d2ca365cd79a4eb712e81052078a3fa7ddccf6c3d13d25230ebeeea8344?s=96&d=mm&r=g","url":"https:\/\/secure.gravatar.com\/avatar\/2aab4d2ca365cd79a4eb712e81052078a3fa7ddccf6c3d13d25230ebeeea8344?s=96&d=mm&r=g","contentUrl":"https:\/\/secure.gravatar.com\/avatar\/2aab4d2ca365cd79a4eb712e81052078a3fa7ddccf6c3d13d25230ebeeea8344?s=96&d=mm&r=g","caption":"semeniuk"},"url":"https:\/\/www.interreg6a.net\/pl\/author\/semeniuk\/"}]}},"_links":{"self":[{"href":"https:\/\/www.interreg6a.net\/pl\/wp-json\/wp\/v2\/posts\/15708","targetHints":{"allow":["GET"]}}],"collection":[{"href":"https:\/\/www.interreg6a.net\/pl\/wp-json\/wp\/v2\/posts"}],"about":[{"href":"https:\/\/www.interreg6a.net\/pl\/wp-json\/wp\/v2\/types\/post"}],"author":[{"embeddable":true,"href":"https:\/\/www.interreg6a.net\/pl\/wp-json\/wp\/v2\/users\/25"}],"replies":[{"embeddable":true,"href":"https:\/\/www.interreg6a.net\/pl\/wp-json\/wp\/v2\/comments?post=15708"}],"version-history":[{"count":5,"href":"https:\/\/www.interreg6a.net\/pl\/wp-json\/wp\/v2\/posts\/15708\/revisions"}],"predecessor-version":[{"id":15716,"href":"https:\/\/www.interreg6a.net\/pl\/wp-json\/wp\/v2\/posts\/15708\/revisions\/15716"}],"wp:featuredmedia":[{"embeddable":true,"href":"https:\/\/www.interreg6a.net\/pl\/wp-json\/wp\/v2\/media\/15698"}],"wp:attachment":[{"href":"https:\/\/www.interreg6a.net\/pl\/wp-json\/wp\/v2\/media?parent=15708"}],"wp:term":[{"taxonomy":"category","embeddable":true,"href":"https:\/\/www.interreg6a.net\/pl\/wp-json\/wp\/v2\/categories?post=15708"},{"taxonomy":"post_tag","embeddable":true,"href":"https:\/\/www.interreg6a.net\/pl\/wp-json\/wp\/v2\/tags?post=15708"}],"curies":[{"name":"wp","href":"https:\/\/api.w.org\/{rel}","templated":true}]}}