{"id":15923,"date":"2025-01-21T15:12:14","date_gmt":"2025-01-21T14:12:14","guid":{"rendered":"https:\/\/www.interreg6a.net\/?p=15923"},"modified":"2025-01-24T10:05:48","modified_gmt":"2025-01-24T09:05:48","slug":"sprawozdawczosc-z-realizacji-projektow-wazne-terminy-spotkan","status":"publish","type":"post","link":"https:\/\/www.interreg6a.net\/pl\/sprawozdawczosc-z-realizacji-projektow-wazne-terminy-spotkan\/","title":{"rendered":"Sprawozdawczo\u015b\u0107 z realizacji projekt\u00f3w  &#8211; Wa\u017cne terminy spotka\u0144"},"content":{"rendered":"<div class=\"fusion-fullwidth fullwidth-box fusion-builder-row-1 fusion-flex-container has-pattern-background has-mask-background nonhundred-percent-fullwidth non-hundred-percent-height-scrolling\" style=\"--awb-border-radius-top-left:0px;--awb-border-radius-top-right:0px;--awb-border-radius-bottom-right:0px;--awb-border-radius-bottom-left:0px;--awb-flex-wrap:wrap;\" ><div class=\"fusion-builder-row fusion-row fusion-flex-align-items-flex-start fusion-flex-content-wrap\" style=\"max-width:1586px;margin-left: calc(-4% \/ 2 );margin-right: calc(-4% \/ 2 );\"><div class=\"fusion-layout-column fusion_builder_column fusion-builder-column-0 fusion_builder_column_1_1 1_1 fusion-flex-column\" style=\"--awb-bg-size:cover;--awb-width-large:100%;--awb-margin-top-large:0px;--awb-spacing-right-large:1.92%;--awb-margin-bottom-large:20px;--awb-spacing-left-large:1.92%;--awb-width-medium:100%;--awb-order-medium:0;--awb-spacing-right-medium:1.92%;--awb-spacing-left-medium:1.92%;--awb-width-small:100%;--awb-order-small:0;--awb-spacing-right-small:1.92%;--awb-spacing-left-small:1.92%;\"><div class=\"fusion-column-wrapper fusion-column-has-shadow fusion-flex-justify-content-flex-start fusion-content-layout-column\"><div class=\"fusion-title title fusion-title-1 fusion-sep-none fusion-title-text fusion-title-size-one\" style=\"--awb-margin-top-small:10px;--awb-margin-right-small:0px;--awb-margin-bottom-small:10px;--awb-margin-left-small:0px;\"><h1 class=\"fusion-title-heading title-heading-left\" style=\"margin:0;\"><p style=\"text-align: center;\">Sprawozdawczo\u015b\u0107 z realizacji projekt\u00f3w\u00a0 &#8211; Wa\u017cne terminy spotka\u0144<\/p><\/h1><\/div><div class=\"fusion-text fusion-text-1\"><p>Realizacja projekt\u00f3w w naszym Programie nabiera tempa. To w\u0142a\u015bciwy moment, aby poinformowa\u0107 o kolejnych krokach. Przygotowania s\u0105 w ko\u0144cowej fazie, aby od lutego projekty mog\u0142y rozpocz\u0105\u0107 raportowanie w Jems.<\/p>\n<p>Obecnie przygotowywane lub wdra\u017cane s\u0105 nast\u0119puj\u0105ce dzia\u0142ania:<\/p>\n<h5><strong>Strona \u201eSprawozdawczo\u015b\u0107\u201d<\/strong><\/h5>\n<p>Na stronie internetowej Programu w menu g\u0142\u00f3wnym &#8222;Projekty&#8221; opublikowali\u015bmy now\u0105 stron\u0119 <a href=\"https:\/\/www.interreg6a.net\/pl\/sprawozdawczosc\/\">&#8222;Sprawozdawczo\u015b\u0107&#8221;<\/a>. Strona pokazuje proces raportowania od utworzenia raportu partnera do p\u0142atno\u015bci na rzecz partnera wiod\u0105cego.<\/p>\n<h5><strong>Jems instrukcje online<\/strong><\/h5>\n<p>Przygotowali\u015bmy dla Pa\u0144stwa nast\u0119puj\u0105ce instrukcje online:<\/p>\n<ul>\n<li>Przydatne wskaz\u00f3wki<\/li>\n<li>Raport partnera<\/li>\n<li>Kontrola I stopnia<\/li>\n<li>Raport o projekcie<\/li>\n<\/ul>\n<p>Instrukcje s\u0105 obecnie finalizowane i b\u0119d\u0105 dost\u0119pne w przysz\u0142ym tygodniu (5. tydzie\u0144 kalendarzowy) na stronie internetowej Programu w menu g\u0142\u00f3wnym &#8222;Projekty&#8221; na stronie <a href=\"https:\/\/www.interreg6a.net\/pl\/jems\/\">&#8222;Jems&#8221;<\/a>.<\/p>\n<h5><strong>Szkolenia z systemu Jems dla partner\u00f3w projektu oraz kontroler\u00f3w I stopnia<\/strong><\/h5>\n<p>Instytucja Zarz\u0105dzaj\u0105ca zaplanowa\u0142a ca\u0142y cykl spotka\u0144 i szkole\u0144 dla beneficjent\u00f3w z 1 i 2 naboru i tych z naboru 3, kt\u00f3rzy znajduj\u0105 si\u0119 tu\u017c przed podpisaniem umowy o dofinansowanie, jak r\u00f3wnie\u017c dla kontroler\u00f3w I stopnia.<\/p>\n<p>W kalendarzu znajduj\u0105 si\u0119 nast\u0119puj\u0105ce terminy:<\/p>\n<ul>\n<li>16.01.2025 r. (od godziny 09:00 do 11:00) &#8211; <strong>Konsultacje dla niemieckich beneficjent\u00f3w w sprawie procedury uznawania bieg\u0142ych rewident\u00f3w (niemieccy kontrolerzy I stopnia)<\/strong><\/li>\n<\/ul>\n<ul>\n<li>21.01.2025 r. (od godziny 09:00 do 11:00) &#8211; <strong>Szkolenie Sprawozdawczo\u015b\u0107 w Jems dla polskich kontroler\u00f3w <\/strong><strong>I\u00a0 stopnia<\/strong><\/li>\n<\/ul>\n<ul>\n<li>30.01.2025 r. (od godziny 09:00 do 11:00) &#8211; <strong>Szkolenie Sprawozdawczo\u015b\u0107 w Jems dla polskich <\/strong><strong>i niemieckich beneficjent\u00f3w <\/strong><\/li>\n<\/ul>\n<ul>\n<li>30.01.2025 r. (od godziny 13:30 do 15:00) &#8211; <strong>Szkolenie Sprawozdawczo\u015b\u0107 w Jems dla niemieckich\u00a0 <\/strong><strong>kontroler\u00f3w I stopnia <\/strong><\/li>\n<\/ul>\n<ul>\n<li>Pocz\u0105tek marca &#8211; <strong>Konsultacje Sprawozdawczo\u015b\u0107 w Jems dla polskich <\/strong><strong>i niemieckich beneficjent\u00f3w <\/strong><\/li>\n<\/ul>\n<p>Partnerzy projektu i kontrolerzy I stopnia zostan\u0105 poinformowani bezpo\u015brednio przez e-mail (z linkiem do spotkania <strong>ONLINE<\/strong>).<\/p>\n<p>W razie jakichkolwiek pyta\u0144 prosimy o kontakt: <a href=\"mailto:info@interreg6a.net\">info@interreg6a.net<\/a> .<\/p>\n<p><strong>Ju\u017c teraz zapraszamy do udzia\u0142u!<\/strong><\/p>\n<\/div><\/div><\/div><\/div><\/div>\n","protected":false},"excerpt":{"rendered":"","protected":false},"author":25,"featured_media":15842,"comment_status":"closed","ping_status":"closed","sticky":false,"template":"","format":"standard","meta":{"_price":"","_stock":"","_tribe_ticket_header":"","_tribe_default_ticket_provider":"","_tribe_ticket_capacity":"0","_ticket_start_date":"","_ticket_end_date":"","_tribe_ticket_show_description":"","_tribe_ticket_show_not_going":false,"_tribe_ticket_use_global_stock":"","_tribe_ticket_global_stock_level":"","_global_stock_mode":"","_global_stock_cap":"","_tribe_rsvp_for_event":"","_tribe_ticket_going_count":"","_tribe_ticket_not_going_count":"","_tribe_tickets_list":"[]","_tribe_ticket_has_attendee_info_fields":false,"footnotes":""},"categories":[20],"tags":[],"class_list":["post-15923","post","type-post","status-publish","format-standard","has-post-thumbnail","hentry","category-aktualnosci"],"yoast_head":"<!-- This site is optimized with the Yoast SEO plugin v27.3 - https:\/\/yoast.com\/product\/yoast-seo-wordpress\/ -->\n<title>Sprawozdawczo\u015b\u0107 z realizacji projekt\u00f3w - Wa\u017cne terminy spotka\u0144 - Interreg VI A MV\/BB\/PL<\/title>\n<meta name=\"robots\" content=\"index, follow, max-snippet:-1, max-image-preview:large, max-video-preview:-1\" \/>\n<link rel=\"canonical\" href=\"https:\/\/www.interreg6a.net\/pl\/sprawozdawczosc-z-realizacji-projektow-wazne-terminy-spotkan\/\" \/>\n<meta property=\"og:locale\" content=\"pl_PL\" \/>\n<meta property=\"og:type\" content=\"article\" \/>\n<meta property=\"og:title\" content=\"Sprawozdawczo\u015b\u0107 z realizacji projekt\u00f3w - Wa\u017cne terminy spotka\u0144 - Interreg VI A MV\/BB\/PL\" \/>\n<meta property=\"og:url\" content=\"https:\/\/www.interreg6a.net\/pl\/sprawozdawczosc-z-realizacji-projektow-wazne-terminy-spotkan\/\" \/>\n<meta property=\"og:site_name\" content=\"Interreg VI A MV\/BB\/PL\" \/>\n<meta property=\"article:published_time\" content=\"2025-01-21T14:12:14+00:00\" \/>\n<meta property=\"article:modified_time\" content=\"2025-01-24T09:05:48+00:00\" \/>\n<meta property=\"og:image\" content=\"https:\/\/www.interreg6a.net\/wp-content\/uploads\/2025\/01\/Berichterstattung-scaled.jpg\" \/>\n\t<meta property=\"og:image:width\" content=\"2560\" \/>\n\t<meta property=\"og:image:height\" content=\"1707\" \/>\n\t<meta property=\"og:image:type\" content=\"image\/jpeg\" \/>\n<meta name=\"author\" content=\"semeniuk\" \/>\n<meta name=\"twitter:card\" content=\"summary_large_image\" \/>\n<meta name=\"twitter:label1\" content=\"Napisane przez\" \/>\n\t<meta name=\"twitter:data1\" content=\"semeniuk\" \/>\n\t<meta name=\"twitter:label2\" content=\"Szacowany czas czytania\" \/>\n\t<meta name=\"twitter:data2\" content=\"2 minuty\" \/>\n<script type=\"application\/ld+json\" class=\"yoast-schema-graph\">{\"@context\":\"https:\\\/\\\/schema.org\",\"@graph\":[{\"@type\":\"Article\",\"@id\":\"https:\\\/\\\/www.interreg6a.net\\\/pl\\\/sprawozdawczosc-z-realizacji-projektow-wazne-terminy-spotkan\\\/#article\",\"isPartOf\":{\"@id\":\"https:\\\/\\\/www.interreg6a.net\\\/pl\\\/sprawozdawczosc-z-realizacji-projektow-wazne-terminy-spotkan\\\/\"},\"author\":{\"name\":\"semeniuk\",\"@id\":\"https:\\\/\\\/www.interreg6a.net\\\/pl\\\/#\\\/schema\\\/person\\\/4c87761287b75456c2ed5cfbf95e4e8b\"},\"headline\":\"Sprawozdawczo\u015b\u0107 z realizacji projekt\u00f3w &#8211; Wa\u017cne terminy spotka\u0144\",\"datePublished\":\"2025-01-21T14:12:14+00:00\",\"dateModified\":\"2025-01-24T09:05:48+00:00\",\"mainEntityOfPage\":{\"@id\":\"https:\\\/\\\/www.interreg6a.net\\\/pl\\\/sprawozdawczosc-z-realizacji-projektow-wazne-terminy-spotkan\\\/\"},\"wordCount\":1580,\"image\":{\"@id\":\"https:\\\/\\\/www.interreg6a.net\\\/pl\\\/sprawozdawczosc-z-realizacji-projektow-wazne-terminy-spotkan\\\/#primaryimage\"},\"thumbnailUrl\":\"https:\\\/\\\/www.interreg6a.net\\\/wp-content\\\/uploads\\\/2025\\\/01\\\/Berichterstattung-scaled-e1749809062589.jpg\",\"articleSection\":[\"Aktualno\u015bci\"],\"inLanguage\":\"pl-PL\"},{\"@type\":\"WebPage\",\"@id\":\"https:\\\/\\\/www.interreg6a.net\\\/pl\\\/sprawozdawczosc-z-realizacji-projektow-wazne-terminy-spotkan\\\/\",\"url\":\"https:\\\/\\\/www.interreg6a.net\\\/pl\\\/sprawozdawczosc-z-realizacji-projektow-wazne-terminy-spotkan\\\/\",\"name\":\"Sprawozdawczo\u015b\u0107 z realizacji projekt\u00f3w - Wa\u017cne terminy spotka\u0144 - Interreg VI A MV\\\/BB\\\/PL\",\"isPartOf\":{\"@id\":\"https:\\\/\\\/www.interreg6a.net\\\/pl\\\/#website\"},\"primaryImageOfPage\":{\"@id\":\"https:\\\/\\\/www.interreg6a.net\\\/pl\\\/sprawozdawczosc-z-realizacji-projektow-wazne-terminy-spotkan\\\/#primaryimage\"},\"image\":{\"@id\":\"https:\\\/\\\/www.interreg6a.net\\\/pl\\\/sprawozdawczosc-z-realizacji-projektow-wazne-terminy-spotkan\\\/#primaryimage\"},\"thumbnailUrl\":\"https:\\\/\\\/www.interreg6a.net\\\/wp-content\\\/uploads\\\/2025\\\/01\\\/Berichterstattung-scaled-e1749809062589.jpg\",\"datePublished\":\"2025-01-21T14:12:14+00:00\",\"dateModified\":\"2025-01-24T09:05:48+00:00\",\"author\":{\"@id\":\"https:\\\/\\\/www.interreg6a.net\\\/pl\\\/#\\\/schema\\\/person\\\/4c87761287b75456c2ed5cfbf95e4e8b\"},\"breadcrumb\":{\"@id\":\"https:\\\/\\\/www.interreg6a.net\\\/pl\\\/sprawozdawczosc-z-realizacji-projektow-wazne-terminy-spotkan\\\/#breadcrumb\"},\"inLanguage\":\"pl-PL\",\"potentialAction\":[{\"@type\":\"ReadAction\",\"target\":[\"https:\\\/\\\/www.interreg6a.net\\\/pl\\\/sprawozdawczosc-z-realizacji-projektow-wazne-terminy-spotkan\\\/\"]}]},{\"@type\":\"ImageObject\",\"inLanguage\":\"pl-PL\",\"@id\":\"https:\\\/\\\/www.interreg6a.net\\\/pl\\\/sprawozdawczosc-z-realizacji-projektow-wazne-terminy-spotkan\\\/#primaryimage\",\"url\":\"https:\\\/\\\/www.interreg6a.net\\\/wp-content\\\/uploads\\\/2025\\\/01\\\/Berichterstattung-scaled-e1749809062589.jpg\",\"contentUrl\":\"https:\\\/\\\/www.interreg6a.net\\\/wp-content\\\/uploads\\\/2025\\\/01\\\/Berichterstattung-scaled-e1749809062589.jpg\",\"width\":2560,\"height\":1707},{\"@type\":\"BreadcrumbList\",\"@id\":\"https:\\\/\\\/www.interreg6a.net\\\/pl\\\/sprawozdawczosc-z-realizacji-projektow-wazne-terminy-spotkan\\\/#breadcrumb\",\"itemListElement\":[{\"@type\":\"ListItem\",\"position\":1,\"name\":\"Strona g\u0142\u00f3wna\",\"item\":\"https:\\\/\\\/www.interreg6a.net\\\/pl\\\/\"},{\"@type\":\"ListItem\",\"position\":2,\"name\":\"Sprawozdawczo\u015b\u0107 z realizacji projekt\u00f3w &#8211; Wa\u017cne terminy spotka\u0144\"}]},{\"@type\":\"WebSite\",\"@id\":\"https:\\\/\\\/www.interreg6a.net\\\/pl\\\/#website\",\"url\":\"https:\\\/\\\/www.interreg6a.net\\\/pl\\\/\",\"name\":\"Interreg VI A MV\\\/BB\\\/PL\",\"description\":\"\",\"potentialAction\":[{\"@type\":\"SearchAction\",\"target\":{\"@type\":\"EntryPoint\",\"urlTemplate\":\"https:\\\/\\\/www.interreg6a.net\\\/pl\\\/?s={search_term_string}\"},\"query-input\":{\"@type\":\"PropertyValueSpecification\",\"valueRequired\":true,\"valueName\":\"search_term_string\"}}],\"inLanguage\":\"pl-PL\"},{\"@type\":\"Person\",\"@id\":\"https:\\\/\\\/www.interreg6a.net\\\/pl\\\/#\\\/schema\\\/person\\\/4c87761287b75456c2ed5cfbf95e4e8b\",\"name\":\"semeniuk\",\"image\":{\"@type\":\"ImageObject\",\"inLanguage\":\"pl-PL\",\"@id\":\"https:\\\/\\\/secure.gravatar.com\\\/avatar\\\/2aab4d2ca365cd79a4eb712e81052078a3fa7ddccf6c3d13d25230ebeeea8344?s=96&d=mm&r=g\",\"url\":\"https:\\\/\\\/secure.gravatar.com\\\/avatar\\\/2aab4d2ca365cd79a4eb712e81052078a3fa7ddccf6c3d13d25230ebeeea8344?s=96&d=mm&r=g\",\"contentUrl\":\"https:\\\/\\\/secure.gravatar.com\\\/avatar\\\/2aab4d2ca365cd79a4eb712e81052078a3fa7ddccf6c3d13d25230ebeeea8344?s=96&d=mm&r=g\",\"caption\":\"semeniuk\"},\"url\":\"https:\\\/\\\/www.interreg6a.net\\\/pl\\\/author\\\/semeniuk\\\/\"}]}<\/script>\n<!-- \/ Yoast SEO plugin. -->","yoast_head_json":{"title":"Sprawozdawczo\u015b\u0107 z realizacji projekt\u00f3w - Wa\u017cne terminy spotka\u0144 - Interreg VI A MV\/BB\/PL","robots":{"index":"index","follow":"follow","max-snippet":"max-snippet:-1","max-image-preview":"max-image-preview:large","max-video-preview":"max-video-preview:-1"},"canonical":"https:\/\/www.interreg6a.net\/pl\/sprawozdawczosc-z-realizacji-projektow-wazne-terminy-spotkan\/","og_locale":"pl_PL","og_type":"article","og_title":"Sprawozdawczo\u015b\u0107 z realizacji projekt\u00f3w - Wa\u017cne terminy spotka\u0144 - Interreg VI A MV\/BB\/PL","og_url":"https:\/\/www.interreg6a.net\/pl\/sprawozdawczosc-z-realizacji-projektow-wazne-terminy-spotkan\/","og_site_name":"Interreg VI A MV\/BB\/PL","article_published_time":"2025-01-21T14:12:14+00:00","article_modified_time":"2025-01-24T09:05:48+00:00","og_image":[{"width":2560,"height":1707,"url":"https:\/\/www.interreg6a.net\/wp-content\/uploads\/2025\/01\/Berichterstattung-scaled.jpg","type":"image\/jpeg"}],"author":"semeniuk","twitter_card":"summary_large_image","twitter_misc":{"Napisane przez":"semeniuk","Szacowany czas czytania":"2 minuty"},"schema":{"@context":"https:\/\/schema.org","@graph":[{"@type":"Article","@id":"https:\/\/www.interreg6a.net\/pl\/sprawozdawczosc-z-realizacji-projektow-wazne-terminy-spotkan\/#article","isPartOf":{"@id":"https:\/\/www.interreg6a.net\/pl\/sprawozdawczosc-z-realizacji-projektow-wazne-terminy-spotkan\/"},"author":{"name":"semeniuk","@id":"https:\/\/www.interreg6a.net\/pl\/#\/schema\/person\/4c87761287b75456c2ed5cfbf95e4e8b"},"headline":"Sprawozdawczo\u015b\u0107 z realizacji projekt\u00f3w &#8211; Wa\u017cne terminy spotka\u0144","datePublished":"2025-01-21T14:12:14+00:00","dateModified":"2025-01-24T09:05:48+00:00","mainEntityOfPage":{"@id":"https:\/\/www.interreg6a.net\/pl\/sprawozdawczosc-z-realizacji-projektow-wazne-terminy-spotkan\/"},"wordCount":1580,"image":{"@id":"https:\/\/www.interreg6a.net\/pl\/sprawozdawczosc-z-realizacji-projektow-wazne-terminy-spotkan\/#primaryimage"},"thumbnailUrl":"https:\/\/www.interreg6a.net\/wp-content\/uploads\/2025\/01\/Berichterstattung-scaled-e1749809062589.jpg","articleSection":["Aktualno\u015bci"],"inLanguage":"pl-PL"},{"@type":"WebPage","@id":"https:\/\/www.interreg6a.net\/pl\/sprawozdawczosc-z-realizacji-projektow-wazne-terminy-spotkan\/","url":"https:\/\/www.interreg6a.net\/pl\/sprawozdawczosc-z-realizacji-projektow-wazne-terminy-spotkan\/","name":"Sprawozdawczo\u015b\u0107 z realizacji projekt\u00f3w - Wa\u017cne terminy spotka\u0144 - Interreg VI A MV\/BB\/PL","isPartOf":{"@id":"https:\/\/www.interreg6a.net\/pl\/#website"},"primaryImageOfPage":{"@id":"https:\/\/www.interreg6a.net\/pl\/sprawozdawczosc-z-realizacji-projektow-wazne-terminy-spotkan\/#primaryimage"},"image":{"@id":"https:\/\/www.interreg6a.net\/pl\/sprawozdawczosc-z-realizacji-projektow-wazne-terminy-spotkan\/#primaryimage"},"thumbnailUrl":"https:\/\/www.interreg6a.net\/wp-content\/uploads\/2025\/01\/Berichterstattung-scaled-e1749809062589.jpg","datePublished":"2025-01-21T14:12:14+00:00","dateModified":"2025-01-24T09:05:48+00:00","author":{"@id":"https:\/\/www.interreg6a.net\/pl\/#\/schema\/person\/4c87761287b75456c2ed5cfbf95e4e8b"},"breadcrumb":{"@id":"https:\/\/www.interreg6a.net\/pl\/sprawozdawczosc-z-realizacji-projektow-wazne-terminy-spotkan\/#breadcrumb"},"inLanguage":"pl-PL","potentialAction":[{"@type":"ReadAction","target":["https:\/\/www.interreg6a.net\/pl\/sprawozdawczosc-z-realizacji-projektow-wazne-terminy-spotkan\/"]}]},{"@type":"ImageObject","inLanguage":"pl-PL","@id":"https:\/\/www.interreg6a.net\/pl\/sprawozdawczosc-z-realizacji-projektow-wazne-terminy-spotkan\/#primaryimage","url":"https:\/\/www.interreg6a.net\/wp-content\/uploads\/2025\/01\/Berichterstattung-scaled-e1749809062589.jpg","contentUrl":"https:\/\/www.interreg6a.net\/wp-content\/uploads\/2025\/01\/Berichterstattung-scaled-e1749809062589.jpg","width":2560,"height":1707},{"@type":"BreadcrumbList","@id":"https:\/\/www.interreg6a.net\/pl\/sprawozdawczosc-z-realizacji-projektow-wazne-terminy-spotkan\/#breadcrumb","itemListElement":[{"@type":"ListItem","position":1,"name":"Strona g\u0142\u00f3wna","item":"https:\/\/www.interreg6a.net\/pl\/"},{"@type":"ListItem","position":2,"name":"Sprawozdawczo\u015b\u0107 z realizacji projekt\u00f3w &#8211; Wa\u017cne terminy spotka\u0144"}]},{"@type":"WebSite","@id":"https:\/\/www.interreg6a.net\/pl\/#website","url":"https:\/\/www.interreg6a.net\/pl\/","name":"Interreg VI A MV\/BB\/PL","description":"","potentialAction":[{"@type":"SearchAction","target":{"@type":"EntryPoint","urlTemplate":"https:\/\/www.interreg6a.net\/pl\/?s={search_term_string}"},"query-input":{"@type":"PropertyValueSpecification","valueRequired":true,"valueName":"search_term_string"}}],"inLanguage":"pl-PL"},{"@type":"Person","@id":"https:\/\/www.interreg6a.net\/pl\/#\/schema\/person\/4c87761287b75456c2ed5cfbf95e4e8b","name":"semeniuk","image":{"@type":"ImageObject","inLanguage":"pl-PL","@id":"https:\/\/secure.gravatar.com\/avatar\/2aab4d2ca365cd79a4eb712e81052078a3fa7ddccf6c3d13d25230ebeeea8344?s=96&d=mm&r=g","url":"https:\/\/secure.gravatar.com\/avatar\/2aab4d2ca365cd79a4eb712e81052078a3fa7ddccf6c3d13d25230ebeeea8344?s=96&d=mm&r=g","contentUrl":"https:\/\/secure.gravatar.com\/avatar\/2aab4d2ca365cd79a4eb712e81052078a3fa7ddccf6c3d13d25230ebeeea8344?s=96&d=mm&r=g","caption":"semeniuk"},"url":"https:\/\/www.interreg6a.net\/pl\/author\/semeniuk\/"}]}},"_links":{"self":[{"href":"https:\/\/www.interreg6a.net\/pl\/wp-json\/wp\/v2\/posts\/15923","targetHints":{"allow":["GET"]}}],"collection":[{"href":"https:\/\/www.interreg6a.net\/pl\/wp-json\/wp\/v2\/posts"}],"about":[{"href":"https:\/\/www.interreg6a.net\/pl\/wp-json\/wp\/v2\/types\/post"}],"author":[{"embeddable":true,"href":"https:\/\/www.interreg6a.net\/pl\/wp-json\/wp\/v2\/users\/25"}],"replies":[{"embeddable":true,"href":"https:\/\/www.interreg6a.net\/pl\/wp-json\/wp\/v2\/comments?post=15923"}],"version-history":[{"count":5,"href":"https:\/\/www.interreg6a.net\/pl\/wp-json\/wp\/v2\/posts\/15923\/revisions"}],"predecessor-version":[{"id":16145,"href":"https:\/\/www.interreg6a.net\/pl\/wp-json\/wp\/v2\/posts\/15923\/revisions\/16145"}],"wp:featuredmedia":[{"embeddable":true,"href":"https:\/\/www.interreg6a.net\/pl\/wp-json\/wp\/v2\/media\/15842"}],"wp:attachment":[{"href":"https:\/\/www.interreg6a.net\/pl\/wp-json\/wp\/v2\/media?parent=15923"}],"wp:term":[{"taxonomy":"category","embeddable":true,"href":"https:\/\/www.interreg6a.net\/pl\/wp-json\/wp\/v2\/categories?post=15923"},{"taxonomy":"post_tag","embeddable":true,"href":"https:\/\/www.interreg6a.net\/pl\/wp-json\/wp\/v2\/tags?post=15923"}],"curies":[{"name":"wp","href":"https:\/\/api.w.org\/{rel}","templated":true}]}}