{"id":16710,"date":"2025-03-13T07:45:58","date_gmt":"2025-03-13T06:45:58","guid":{"rendered":"https:\/\/www.interreg6a.net\/?p=16710"},"modified":"2025-04-09T09:30:13","modified_gmt":"2025-04-09T07:30:13","slug":"dzialania-komunikacyjne-programu-2024","status":"publish","type":"post","link":"https:\/\/www.interreg6a.net\/pl\/dzialania-komunikacyjne-programu-2024\/","title":{"rendered":"Dzia\u0142ania komunikacyjne Programu 2024"},"content":{"rendered":"<div class=\"fusion-fullwidth fullwidth-box fusion-builder-row-1 fusion-flex-container has-pattern-background has-mask-background nonhundred-percent-fullwidth non-hundred-percent-height-scrolling\" style=\"--awb-border-radius-top-left:0px;--awb-border-radius-top-right:0px;--awb-border-radius-bottom-right:0px;--awb-border-radius-bottom-left:0px;--awb-flex-wrap:wrap;\" ><div class=\"fusion-builder-row fusion-row fusion-flex-align-items-flex-start fusion-flex-content-wrap\" style=\"max-width:1586px;margin-left: calc(-4% \/ 2 );margin-right: calc(-4% \/ 2 );\"><div class=\"fusion-layout-column fusion_builder_column fusion-builder-column-0 fusion_builder_column_1_1 1_1 fusion-flex-column\" style=\"--awb-bg-size:cover;--awb-width-large:100%;--awb-margin-top-large:0px;--awb-spacing-right-large:1.92%;--awb-margin-bottom-large:20px;--awb-spacing-left-large:1.92%;--awb-width-medium:100%;--awb-order-medium:0;--awb-spacing-right-medium:1.92%;--awb-spacing-left-medium:1.92%;--awb-width-small:100%;--awb-order-small:0;--awb-spacing-right-small:1.92%;--awb-spacing-left-small:1.92%;\"><div class=\"fusion-column-wrapper fusion-column-has-shadow fusion-flex-justify-content-flex-start fusion-content-layout-column\"><div class=\"fusion-title title fusion-title-1 fusion-sep-none fusion-title-text fusion-title-size-one\" style=\"--awb-margin-top-small:10px;--awb-margin-right-small:0px;--awb-margin-bottom-small:10px;--awb-margin-left-small:0px;\"><h1 class=\"fusion-title-heading title-heading-left\" style=\"margin:0;\"><p style=\"text-align: center;\">Dzia\u0142ania komunikacyjne Programu 2024<\/p><\/h1><\/div><div class=\"fusion-text fusion-text-1\" style=\"--awb-margin-top:30px;\"><p>Rok 2024 up\u0142yn\u0105\u0142 na wielu r\u00f3\u017cnego rodzaju dzia\u0142aniach komunikacyjno-promocyjnych.<\/p>\n<p>Na stronie internetowej naszego Programu informujemy o naszych kampaniach, szkoleniach i terminach:<\/p>\n<ul>\n<li><a href=\"https:\/\/www.interreg6a.net\/pl\/zdjecie-miesiaca\/\">Kampania internetowa Zdj\u0119cie miesi\u0105ca 2024<\/a><\/li>\n<li><a href=\"https:\/\/www.interreg6a.net\/pl\/szkolenia-dla-wnioskodawcow-materialy-ze-szkolen\/\">Szkolenia dla wnioskodawc\u00f3w: L\u00f6cknitz, Szczecin, Prenzlau<\/a><\/li>\n<li><a href=\"https:\/\/www.interreg6a.net\/pl\/spotkania-doradcze-nowe-terminy\/\">Spotkania doradcze<\/a><\/li>\n<li><a href=\"https:\/\/www.interreg6a.net\/pl\/spotkanie-wspolnych-sekretariatow-programow-interreg\/\">Spotkanie Wsp\u00f3lnych Sekretariat\u00f3w Program\u00f3w Interreg<\/a><\/li>\n<li><a href=\"https:\/\/www.interreg6a.net\/pl\/interreg-cooperation-day-2024\/\">Interreg Cooperation Day 2024 &#8211; Trasa rowerem Niederfinow \u2013 Szczecin<\/a><\/li>\n<li><a href=\"https:\/\/www.interreg6a.net\/pl\/polsko-niemieckie-dni-wspolpracy-2024\/\">Polsko-niemieckie Dni Wsp\u00f3\u0142pracy w Szczecinie<\/a><\/li>\n<\/ul>\n<\/div><div class=\"fusion-text fusion-text-2\"><p>Ponadto stale pracujemy nad tworzeniem i aktualizowaniem tre\u015bci na naszej stronie internetowej:<\/p>\n<ul>\n<li><a href=\"https:\/\/www.interreg6a.net\/pl\/nowa-strona-zatwierdzone-projekty-online\/\">Utworzenie strony dotycz\u0105cej zatwierdzonych (z umowami) projekt\u00f3w<\/a><\/li>\n<li><a href=\"https:\/\/www.interreg6a.net\/pl\/aktualizacja-podrecznika-programu\/\">Aktualizacja Podr\u0119cznika Programu<\/a><\/li>\n<li><a href=\"https:\/\/www.interreg6a.net\/pl\/zmiany-w-projekcie\/\">Nowa strona Zmiany w projekcie<\/a><\/li>\n<li><a href=\"https:\/\/www.interreg6a.net\/pl\/zmiany-w-projekcie\/\">Nowa strona projekt\u00f3w strategicznych<\/a><\/li>\n<li><a href=\"https:\/\/www.interreg6a.net\/pl\/aktualizacja-strony-komunikacja\/\">Aktualizacja strony \u201eKomunikacja\u201d<\/a><\/li>\n<li><a href=\"https:\/\/www.interreg6a.net\/pl\/aktualizacja-strony-komunikacja\/\">Opublikowanie wytycznych kontroli I stopnia<\/a><\/li>\n<li><a href=\"https:\/\/www.interreg6a.net\/pl\/wskazowki-dla-wnioskodawcow\/\">Wskaz\u00f3wki dla wnioskodawc\u00f3w<\/a><\/li>\n<li><a href=\"https:\/\/www.interreg6a.net\/pl\/stan-wdrazania-funduszy-malych-projektow-update\/\">Stan wdra\u017cania Funduszy Ma\u0142ych Projekt\u00f3w<\/a><\/li>\n<\/ul>\n<\/div><div class=\"fusion-text fusion-text-3\"><p>Dodatkowo zapewniamy informacje na temat dzia\u0142a\u0144 komunikacyjnych istotnych dla Interreg:<\/p>\n<ul>\n<li><a href=\"https:\/\/www.interreg6a.net\/pl\/dni-otwarte-funduszy-europejskich-2024\/\">Dni Otwarte Funduszy Europejskich 2024<\/a><\/li>\n<li><a href=\"https:\/\/www.interreg6a.net\/pl\/kampania-euinmyregion\/\">Kampania #EUinmyregion<\/a><\/li>\n<li><a href=\"https:\/\/www.interreg6a.net\/pl\/regiostars-2024-platforma-konkursowa-juz-otwarta\/\">REGIOSTARS 2024<\/a><\/li>\n<li><a href=\"https:\/\/www.interreg6a.net\/pl\/europeday\/\">#EuropeDay<\/a><\/li>\n<li><a href=\"https:\/\/www.interreg6a.net\/pl\/europeday\/\">Konkurs #Interreg Slam<\/a><\/li>\n<\/ul>\n<\/div><div class=\"fusion-text fusion-text-4\"><p>Informacje te b\u0119dziemy przekazywa\u0107 systematycznie w newsletterze Interreg Newsflash 2025 r.<\/p>\n<p>Nie czekaj zasubskrybuj nasz <a href=\"https:\/\/www.interreg6a.net\/pl\/newsflash\/\">Interreg Newsflash<\/a>\u00a0ju\u017c dzi\u015b!<\/p>\n<p><strong>\u015aled\u017a nas na naszych kana\u0142ach spo\u0142eczno\u015bciowych<\/strong> na Facebooku, Instagramie lub LinkedIn &#8211; tutaj dzielimy si\u0119 mi\u0119dzy innymi aktualnymi wskaz\u00f3wkami dotycz\u0105cymi wydarze\u0144 z naszych zatwierdzonych projekt\u00f3w.<\/p>\n<\/div><div class=\"fusion-text fusion-text-5\" style=\"--awb-margin-top:30px;\"><p>Prezentacja zawieraj\u0105ca przegl\u0105d naszych dzia\u0142a\u0144 w 2024 roku:<\/p>\n<\/div><div class='w3eden'>\n<!-- WPDM Link Template: Default Template -->\n\n<div class=\"link-template-default card mb-2\">\n    <div class=\"card-body\">\n        <div class=\"media\">\n            <div class=\"media-pic-icon\">\n                <a class='wpdm-download-link download-on-click btn btn-primary ' rel='nofollow' href='#' data-downloadurl=\"https:\/\/www.interreg6a.net\/pl\/download\/dzialania-informacyjno-promocyjne-2024-w-liczbach-i-na-zdjeciach\/?wpdmdl=16724&refresh=69f2fcfe5c9171777532158\">Pobierz<\/a>\n            <\/div>\n            <div class=\"media-body\">\n                <h3 class=\"package-title\">Dzia\u0142ania informacyjno-promocyjne 2024 w liczbach i na zdj\u0119ciach<\/h3>\n                <div class=\"text-muted text-small\">\n                    <span class=\"wpdm_file_ext\">pdf<\/span> | <span class=\"wpdm_file_size\">4.14 MB<\/span> | <span class=\"wpdm_update_date\">12. marca 2025<\/span> <!-- 12. marca 2025 -->\n                <\/div>\n            <\/div>\n\n        <\/div>\n    <\/div>\n<\/div>\n\n<\/div><\/div><\/div><\/div><\/div>\n","protected":false},"excerpt":{"rendered":"","protected":false},"author":33,"featured_media":16614,"comment_status":"closed","ping_status":"closed","sticky":false,"template":"","format":"standard","meta":{"_price":"","_stock":"","_tribe_ticket_header":"","_tribe_default_ticket_provider":"","_tribe_ticket_capacity":"0","_ticket_start_date":"","_ticket_end_date":"","_tribe_ticket_show_description":"","_tribe_ticket_show_not_going":false,"_tribe_ticket_use_global_stock":"","_tribe_ticket_global_stock_level":"","_global_stock_mode":"","_global_stock_cap":"","_tribe_rsvp_for_event":"","_tribe_ticket_going_count":"","_tribe_ticket_not_going_count":"","_tribe_tickets_list":"[]","_tribe_ticket_has_attendee_info_fields":false,"footnotes":""},"categories":[20,148],"tags":[],"class_list":["post-16710","post","type-post","status-publish","format-standard","has-post-thumbnail","hentry","category-aktualnosci","category-komunikacja"],"yoast_head":"<!-- This site is optimized with the Yoast SEO plugin v27.3 - https:\/\/yoast.com\/product\/yoast-seo-wordpress\/ -->\n<title>Dzia\u0142ania komunikacyjne Programu 2024 - Interreg VI A MV\/BB\/PL<\/title>\n<meta name=\"robots\" content=\"index, follow, max-snippet:-1, max-image-preview:large, max-video-preview:-1\" \/>\n<link rel=\"canonical\" href=\"https:\/\/www.interreg6a.net\/pl\/dzialania-komunikacyjne-programu-2024\/\" \/>\n<meta property=\"og:locale\" content=\"pl_PL\" \/>\n<meta property=\"og:type\" content=\"article\" \/>\n<meta property=\"og:title\" content=\"Dzia\u0142ania komunikacyjne Programu 2024 - Interreg VI A MV\/BB\/PL\" \/>\n<meta property=\"og:url\" content=\"https:\/\/www.interreg6a.net\/pl\/dzialania-komunikacyjne-programu-2024\/\" \/>\n<meta property=\"og:site_name\" content=\"Interreg VI A MV\/BB\/PL\" \/>\n<meta property=\"article:published_time\" content=\"2025-03-13T06:45:58+00:00\" \/>\n<meta property=\"article:modified_time\" content=\"2025-04-09T07:30:13+00:00\" \/>\n<meta property=\"og:image\" content=\"https:\/\/www.interreg6a.net\/wp-content\/uploads\/2025\/03\/Kommunikation-2024.png\" \/>\n\t<meta property=\"og:image:width\" content=\"890\" \/>\n\t<meta property=\"og:image:height\" content=\"597\" \/>\n\t<meta property=\"og:image:type\" content=\"image\/png\" \/>\n<meta name=\"author\" content=\"Marta Werner\" \/>\n<meta name=\"twitter:card\" content=\"summary_large_image\" \/>\n<meta name=\"twitter:label1\" content=\"Napisane przez\" \/>\n\t<meta name=\"twitter:data1\" content=\"Marta Werner\" \/>\n\t<meta name=\"twitter:label2\" content=\"Szacowany czas czytania\" \/>\n\t<meta name=\"twitter:data2\" content=\"2 minuty\" \/>\n<script type=\"application\/ld+json\" class=\"yoast-schema-graph\">{\"@context\":\"https:\\\/\\\/schema.org\",\"@graph\":[{\"@type\":\"Article\",\"@id\":\"https:\\\/\\\/www.interreg6a.net\\\/pl\\\/dzialania-komunikacyjne-programu-2024\\\/#article\",\"isPartOf\":{\"@id\":\"https:\\\/\\\/www.interreg6a.net\\\/pl\\\/dzialania-komunikacyjne-programu-2024\\\/\"},\"author\":{\"name\":\"Marta Werner\",\"@id\":\"https:\\\/\\\/www.interreg6a.net\\\/pl\\\/#\\\/schema\\\/person\\\/d5543128d302034358cb05f32c3f6400\"},\"headline\":\"Dzia\u0142ania komunikacyjne Programu 2024\",\"datePublished\":\"2025-03-13T06:45:58+00:00\",\"dateModified\":\"2025-04-09T07:30:13+00:00\",\"mainEntityOfPage\":{\"@id\":\"https:\\\/\\\/www.interreg6a.net\\\/pl\\\/dzialania-komunikacyjne-programu-2024\\\/\"},\"wordCount\":1816,\"image\":{\"@id\":\"https:\\\/\\\/www.interreg6a.net\\\/pl\\\/dzialania-komunikacyjne-programu-2024\\\/#primaryimage\"},\"thumbnailUrl\":\"https:\\\/\\\/www.interreg6a.net\\\/wp-content\\\/uploads\\\/2025\\\/03\\\/Kommunikation-2024.png\",\"articleSection\":[\"Aktualno\u015bci\",\"Komunikacja\"],\"inLanguage\":\"pl-PL\"},{\"@type\":\"WebPage\",\"@id\":\"https:\\\/\\\/www.interreg6a.net\\\/pl\\\/dzialania-komunikacyjne-programu-2024\\\/\",\"url\":\"https:\\\/\\\/www.interreg6a.net\\\/pl\\\/dzialania-komunikacyjne-programu-2024\\\/\",\"name\":\"Dzia\u0142ania komunikacyjne Programu 2024 - Interreg VI A MV\\\/BB\\\/PL\",\"isPartOf\":{\"@id\":\"https:\\\/\\\/www.interreg6a.net\\\/pl\\\/#website\"},\"primaryImageOfPage\":{\"@id\":\"https:\\\/\\\/www.interreg6a.net\\\/pl\\\/dzialania-komunikacyjne-programu-2024\\\/#primaryimage\"},\"image\":{\"@id\":\"https:\\\/\\\/www.interreg6a.net\\\/pl\\\/dzialania-komunikacyjne-programu-2024\\\/#primaryimage\"},\"thumbnailUrl\":\"https:\\\/\\\/www.interreg6a.net\\\/wp-content\\\/uploads\\\/2025\\\/03\\\/Kommunikation-2024.png\",\"datePublished\":\"2025-03-13T06:45:58+00:00\",\"dateModified\":\"2025-04-09T07:30:13+00:00\",\"author\":{\"@id\":\"https:\\\/\\\/www.interreg6a.net\\\/pl\\\/#\\\/schema\\\/person\\\/d5543128d302034358cb05f32c3f6400\"},\"breadcrumb\":{\"@id\":\"https:\\\/\\\/www.interreg6a.net\\\/pl\\\/dzialania-komunikacyjne-programu-2024\\\/#breadcrumb\"},\"inLanguage\":\"pl-PL\",\"potentialAction\":[{\"@type\":\"ReadAction\",\"target\":[\"https:\\\/\\\/www.interreg6a.net\\\/pl\\\/dzialania-komunikacyjne-programu-2024\\\/\"]}]},{\"@type\":\"ImageObject\",\"inLanguage\":\"pl-PL\",\"@id\":\"https:\\\/\\\/www.interreg6a.net\\\/pl\\\/dzialania-komunikacyjne-programu-2024\\\/#primaryimage\",\"url\":\"https:\\\/\\\/www.interreg6a.net\\\/wp-content\\\/uploads\\\/2025\\\/03\\\/Kommunikation-2024.png\",\"contentUrl\":\"https:\\\/\\\/www.interreg6a.net\\\/wp-content\\\/uploads\\\/2025\\\/03\\\/Kommunikation-2024.png\",\"width\":890,\"height\":597},{\"@type\":\"BreadcrumbList\",\"@id\":\"https:\\\/\\\/www.interreg6a.net\\\/pl\\\/dzialania-komunikacyjne-programu-2024\\\/#breadcrumb\",\"itemListElement\":[{\"@type\":\"ListItem\",\"position\":1,\"name\":\"Strona g\u0142\u00f3wna\",\"item\":\"https:\\\/\\\/www.interreg6a.net\\\/pl\\\/\"},{\"@type\":\"ListItem\",\"position\":2,\"name\":\"Dzia\u0142ania komunikacyjne Programu 2024\"}]},{\"@type\":\"WebSite\",\"@id\":\"https:\\\/\\\/www.interreg6a.net\\\/pl\\\/#website\",\"url\":\"https:\\\/\\\/www.interreg6a.net\\\/pl\\\/\",\"name\":\"Interreg VI A MV\\\/BB\\\/PL\",\"description\":\"\",\"potentialAction\":[{\"@type\":\"SearchAction\",\"target\":{\"@type\":\"EntryPoint\",\"urlTemplate\":\"https:\\\/\\\/www.interreg6a.net\\\/pl\\\/?s={search_term_string}\"},\"query-input\":{\"@type\":\"PropertyValueSpecification\",\"valueRequired\":true,\"valueName\":\"search_term_string\"}}],\"inLanguage\":\"pl-PL\"},{\"@type\":\"Person\",\"@id\":\"https:\\\/\\\/www.interreg6a.net\\\/pl\\\/#\\\/schema\\\/person\\\/d5543128d302034358cb05f32c3f6400\",\"name\":\"Marta Werner\",\"image\":{\"@type\":\"ImageObject\",\"inLanguage\":\"pl-PL\",\"@id\":\"https:\\\/\\\/secure.gravatar.com\\\/avatar\\\/576f909861a89c05a65b5c0e9dd5dee6df695525056504f84660761ea9ef4355?s=96&d=mm&r=g\",\"url\":\"https:\\\/\\\/secure.gravatar.com\\\/avatar\\\/576f909861a89c05a65b5c0e9dd5dee6df695525056504f84660761ea9ef4355?s=96&d=mm&r=g\",\"contentUrl\":\"https:\\\/\\\/secure.gravatar.com\\\/avatar\\\/576f909861a89c05a65b5c0e9dd5dee6df695525056504f84660761ea9ef4355?s=96&d=mm&r=g\",\"caption\":\"Marta Werner\"},\"url\":\"https:\\\/\\\/www.interreg6a.net\\\/pl\\\/author\\\/werner\\\/\"}]}<\/script>\n<!-- \/ Yoast SEO plugin. -->","yoast_head_json":{"title":"Dzia\u0142ania komunikacyjne Programu 2024 - Interreg VI A MV\/BB\/PL","robots":{"index":"index","follow":"follow","max-snippet":"max-snippet:-1","max-image-preview":"max-image-preview:large","max-video-preview":"max-video-preview:-1"},"canonical":"https:\/\/www.interreg6a.net\/pl\/dzialania-komunikacyjne-programu-2024\/","og_locale":"pl_PL","og_type":"article","og_title":"Dzia\u0142ania komunikacyjne Programu 2024 - Interreg VI A MV\/BB\/PL","og_url":"https:\/\/www.interreg6a.net\/pl\/dzialania-komunikacyjne-programu-2024\/","og_site_name":"Interreg VI A MV\/BB\/PL","article_published_time":"2025-03-13T06:45:58+00:00","article_modified_time":"2025-04-09T07:30:13+00:00","og_image":[{"width":890,"height":597,"url":"https:\/\/www.interreg6a.net\/wp-content\/uploads\/2025\/03\/Kommunikation-2024.png","type":"image\/png"}],"author":"Marta Werner","twitter_card":"summary_large_image","twitter_misc":{"Napisane przez":"Marta Werner","Szacowany czas czytania":"2 minuty"},"schema":{"@context":"https:\/\/schema.org","@graph":[{"@type":"Article","@id":"https:\/\/www.interreg6a.net\/pl\/dzialania-komunikacyjne-programu-2024\/#article","isPartOf":{"@id":"https:\/\/www.interreg6a.net\/pl\/dzialania-komunikacyjne-programu-2024\/"},"author":{"name":"Marta Werner","@id":"https:\/\/www.interreg6a.net\/pl\/#\/schema\/person\/d5543128d302034358cb05f32c3f6400"},"headline":"Dzia\u0142ania komunikacyjne Programu 2024","datePublished":"2025-03-13T06:45:58+00:00","dateModified":"2025-04-09T07:30:13+00:00","mainEntityOfPage":{"@id":"https:\/\/www.interreg6a.net\/pl\/dzialania-komunikacyjne-programu-2024\/"},"wordCount":1816,"image":{"@id":"https:\/\/www.interreg6a.net\/pl\/dzialania-komunikacyjne-programu-2024\/#primaryimage"},"thumbnailUrl":"https:\/\/www.interreg6a.net\/wp-content\/uploads\/2025\/03\/Kommunikation-2024.png","articleSection":["Aktualno\u015bci","Komunikacja"],"inLanguage":"pl-PL"},{"@type":"WebPage","@id":"https:\/\/www.interreg6a.net\/pl\/dzialania-komunikacyjne-programu-2024\/","url":"https:\/\/www.interreg6a.net\/pl\/dzialania-komunikacyjne-programu-2024\/","name":"Dzia\u0142ania komunikacyjne Programu 2024 - Interreg VI A MV\/BB\/PL","isPartOf":{"@id":"https:\/\/www.interreg6a.net\/pl\/#website"},"primaryImageOfPage":{"@id":"https:\/\/www.interreg6a.net\/pl\/dzialania-komunikacyjne-programu-2024\/#primaryimage"},"image":{"@id":"https:\/\/www.interreg6a.net\/pl\/dzialania-komunikacyjne-programu-2024\/#primaryimage"},"thumbnailUrl":"https:\/\/www.interreg6a.net\/wp-content\/uploads\/2025\/03\/Kommunikation-2024.png","datePublished":"2025-03-13T06:45:58+00:00","dateModified":"2025-04-09T07:30:13+00:00","author":{"@id":"https:\/\/www.interreg6a.net\/pl\/#\/schema\/person\/d5543128d302034358cb05f32c3f6400"},"breadcrumb":{"@id":"https:\/\/www.interreg6a.net\/pl\/dzialania-komunikacyjne-programu-2024\/#breadcrumb"},"inLanguage":"pl-PL","potentialAction":[{"@type":"ReadAction","target":["https:\/\/www.interreg6a.net\/pl\/dzialania-komunikacyjne-programu-2024\/"]}]},{"@type":"ImageObject","inLanguage":"pl-PL","@id":"https:\/\/www.interreg6a.net\/pl\/dzialania-komunikacyjne-programu-2024\/#primaryimage","url":"https:\/\/www.interreg6a.net\/wp-content\/uploads\/2025\/03\/Kommunikation-2024.png","contentUrl":"https:\/\/www.interreg6a.net\/wp-content\/uploads\/2025\/03\/Kommunikation-2024.png","width":890,"height":597},{"@type":"BreadcrumbList","@id":"https:\/\/www.interreg6a.net\/pl\/dzialania-komunikacyjne-programu-2024\/#breadcrumb","itemListElement":[{"@type":"ListItem","position":1,"name":"Strona g\u0142\u00f3wna","item":"https:\/\/www.interreg6a.net\/pl\/"},{"@type":"ListItem","position":2,"name":"Dzia\u0142ania komunikacyjne Programu 2024"}]},{"@type":"WebSite","@id":"https:\/\/www.interreg6a.net\/pl\/#website","url":"https:\/\/www.interreg6a.net\/pl\/","name":"Interreg VI A MV\/BB\/PL","description":"","potentialAction":[{"@type":"SearchAction","target":{"@type":"EntryPoint","urlTemplate":"https:\/\/www.interreg6a.net\/pl\/?s={search_term_string}"},"query-input":{"@type":"PropertyValueSpecification","valueRequired":true,"valueName":"search_term_string"}}],"inLanguage":"pl-PL"},{"@type":"Person","@id":"https:\/\/www.interreg6a.net\/pl\/#\/schema\/person\/d5543128d302034358cb05f32c3f6400","name":"Marta Werner","image":{"@type":"ImageObject","inLanguage":"pl-PL","@id":"https:\/\/secure.gravatar.com\/avatar\/576f909861a89c05a65b5c0e9dd5dee6df695525056504f84660761ea9ef4355?s=96&d=mm&r=g","url":"https:\/\/secure.gravatar.com\/avatar\/576f909861a89c05a65b5c0e9dd5dee6df695525056504f84660761ea9ef4355?s=96&d=mm&r=g","contentUrl":"https:\/\/secure.gravatar.com\/avatar\/576f909861a89c05a65b5c0e9dd5dee6df695525056504f84660761ea9ef4355?s=96&d=mm&r=g","caption":"Marta Werner"},"url":"https:\/\/www.interreg6a.net\/pl\/author\/werner\/"}]}},"_links":{"self":[{"href":"https:\/\/www.interreg6a.net\/pl\/wp-json\/wp\/v2\/posts\/16710","targetHints":{"allow":["GET"]}}],"collection":[{"href":"https:\/\/www.interreg6a.net\/pl\/wp-json\/wp\/v2\/posts"}],"about":[{"href":"https:\/\/www.interreg6a.net\/pl\/wp-json\/wp\/v2\/types\/post"}],"author":[{"embeddable":true,"href":"https:\/\/www.interreg6a.net\/pl\/wp-json\/wp\/v2\/users\/33"}],"replies":[{"embeddable":true,"href":"https:\/\/www.interreg6a.net\/pl\/wp-json\/wp\/v2\/comments?post=16710"}],"version-history":[{"count":21,"href":"https:\/\/www.interreg6a.net\/pl\/wp-json\/wp\/v2\/posts\/16710\/revisions"}],"predecessor-version":[{"id":17241,"href":"https:\/\/www.interreg6a.net\/pl\/wp-json\/wp\/v2\/posts\/16710\/revisions\/17241"}],"wp:featuredmedia":[{"embeddable":true,"href":"https:\/\/www.interreg6a.net\/pl\/wp-json\/wp\/v2\/media\/16614"}],"wp:attachment":[{"href":"https:\/\/www.interreg6a.net\/pl\/wp-json\/wp\/v2\/media?parent=16710"}],"wp:term":[{"taxonomy":"category","embeddable":true,"href":"https:\/\/www.interreg6a.net\/pl\/wp-json\/wp\/v2\/categories?post=16710"},{"taxonomy":"post_tag","embeddable":true,"href":"https:\/\/www.interreg6a.net\/pl\/wp-json\/wp\/v2\/tags?post=16710"}],"curies":[{"name":"wp","href":"https:\/\/api.w.org\/{rel}","templated":true}]}}