{"id":17307,"date":"2025-04-23T16:13:34","date_gmt":"2025-04-23T14:13:34","guid":{"rendered":"https:\/\/www.interreg6a.net\/?p=17307"},"modified":"2025-04-24T10:47:23","modified_gmt":"2025-04-24T08:47:23","slug":"euregionsweek-2025","status":"publish","type":"post","link":"https:\/\/www.interreg6a.net\/pl\/euregionsweek-2025\/","title":{"rendered":"#EURegionsWeek 2025"},"content":{"rendered":"<div class=\"fusion-fullwidth fullwidth-box fusion-builder-row-1 fusion-flex-container has-pattern-background has-mask-background nonhundred-percent-fullwidth non-hundred-percent-height-scrolling\" style=\"--awb-border-radius-top-left:0px;--awb-border-radius-top-right:0px;--awb-border-radius-bottom-right:0px;--awb-border-radius-bottom-left:0px;--awb-flex-wrap:wrap;\" ><div class=\"fusion-builder-row fusion-row fusion-flex-align-items-flex-start fusion-flex-content-wrap\" style=\"max-width:1586px;margin-left: calc(-4% \/ 2 );margin-right: calc(-4% \/ 2 );\"><div class=\"fusion-layout-column fusion_builder_column fusion-builder-column-0 fusion_builder_column_1_1 1_1 fusion-flex-column\" style=\"--awb-bg-size:cover;--awb-width-large:100%;--awb-margin-top-large:0px;--awb-spacing-right-large:1.92%;--awb-margin-bottom-large:20px;--awb-spacing-left-large:1.92%;--awb-width-medium:100%;--awb-order-medium:0;--awb-spacing-right-medium:1.92%;--awb-spacing-left-medium:1.92%;--awb-width-small:100%;--awb-order-small:0;--awb-spacing-right-small:1.92%;--awb-spacing-left-small:1.92%;\"><div class=\"fusion-column-wrapper fusion-column-has-shadow fusion-flex-justify-content-flex-start fusion-content-layout-column\"><div class=\"fusion-title title fusion-title-1 fusion-sep-none fusion-title-text fusion-title-size-one\" style=\"--awb-margin-top-small:10px;--awb-margin-right-small:0px;--awb-margin-bottom-small:10px;--awb-margin-left-small:0px;\"><h1 class=\"fusion-title-heading title-heading-left\" style=\"margin:0;\"><p style=\"text-align: center;\">Rozpocz\u0119to nab\u00f3r zg\u0142osze\u0144 do udzia\u0142u <strong>w #EURegionsWeek 2025<\/strong>!<\/p>\n<p style=\"text-align: center;\">Deadline: 11 maja<\/p><\/h1><\/div><div class=\"fusion-text fusion-text-1\"><p>W dniach <strong>13-15 pa\u017adziernika 2025 r.<\/strong> odb\u0119dzie si\u0119 w Brukseli wydarzenie #EURegionsWeek pod has\u0142em <strong>\u201eWsp\u00f3lne kszta\u0142towanie przysz\u0142o\u015bci\u201d<\/strong> .<\/p>\n<p>Wszystkie sesje i dzia\u0142ania b\u0119d\u0105 oparte na tematach przewodnich tej edycji:<\/p>\n<ul>\n<li>Sp\u00f3jno\u015b\u0107 i wzrost dla przysz\u0142o\u015bci<\/li>\n<li>Prawo do pozostania: uwolnienie potencja\u0142u ka\u017cdego obszaru<\/li>\n<li>Urbanistyka jutra.<\/li>\n<\/ul>\n<p><a href=\"https:\/\/regions-and-cities.europa.eu\/\">Europejski Tydzie\u0144 Region\u00f3w i Miast<\/a> (#EURegionsWeek) to sztandarowe wydarzenie po\u015bwi\u0119cone polityce sp\u00f3jno\u015bci, wsp\u00f3\u0142organizowane przez Dyrekcj\u0119 Generaln\u0105 ds. Polityki Regionalnej i Miejskiej (DG REGIO) Komisji Europejskiej oraz Europejski Komitet Region\u00f3w (KR).<\/p>\n<p>Ka\u017cdego roku przyci\u0105ga tysi\u0105ce uczestnik\u00f3w, w tym<\/p>\n<ul>\n<li>polityk\u00f3w<\/li>\n<li>urz\u0119dnik\u00f3w publicznych na wszystkich szczeblach (unijnym, krajowym, regionalnym i lokalnym)<\/li>\n<li>przedstawicieli sektora prywatnego<\/li>\n<li>decydent\u00f3w<\/li>\n<li>pracownik\u00f3w akademickich<\/li>\n<li>dziennikarzy<\/li>\n<li>spo\u0142ecze\u0144stwo.<\/li>\n<\/ul>\n<p>Wydarzenie s\u0142u\u017cy jako platforma komunikacyjna i networkingowa wspieraj\u0105ca wsp\u00f3\u0142prac\u0119, wymian\u0119 wiedzy i podejmowanie wyzwa\u0144 regionalnych i miejskich.<\/p>\n<p>Zapraszamy do aktywnego uczestnictwa w programie w pa\u017adzierniku oraz przygotowania i przeprowadzenia sesji jako partner. Zapoznanie si\u0119 z <a href=\"https:\/\/regions-and-cities.europa.eu\/guide\">przewodnikiem<\/a> po wydarzeniu pozwoli dowiedzie\u0107 si\u0119 wi\u0119cej o tym, jak <a href=\"https:\/\/regions-and-cities.europa.eu\/guide\/become-partner\">zosta\u0107 partnerem<\/a>, o klastrach tematycznych, o r\u00f3\u017cnych formatach sesji, o harmonogramie i wielu innych.<\/p>\n<ul>\n<li><a href=\"https:\/\/regions-and-cities.europa.eu\/guide\/become-partner\">Jak zosta\u0107 partnerem<\/a><\/li>\n<li><a href=\"https:\/\/regions-and-cities.europa.eu\/become-a-partner\"><strong>Z\u0142\u00f3\u017c wniosek<\/strong><\/a><\/li>\n<\/ul>\n<p>Szukasz partner\u00f3w do utworzenia partnerstwa regionalnego?<\/p>\n<ul>\n<li><a href=\"https:\/\/ec.europa.eu\/eusurvey\/runner\/EURegionsWeek_PartnersSearchTool_2025\">Wype\u0142nij ankiet\u0119 dotycz\u0105c\u0105 partnerstwa regionalnego<\/a><\/li>\n<li>Narz\u0119dzie do wyszukiwania partner\u00f3w zostanie opublikowane na stronie #EURegionsWeek i b\u0119dzie aktualizowane co tydzie\u0144.<\/li>\n<\/ul>\n<p><strong>Zanotuj termin<\/strong><\/p>\n<ul>\n<li>Pami\u0119taj &#8211; termin sk\u0142adania wniosk\u00f3w up\u0142ywa 11 maja 2025 r. o godz. 12:00<\/li>\n<\/ul>\n<p>Jak si\u0119 zarejestrowa\u0107?<\/p>\n<p>Jak si\u0119 zarejestrowa\u0107?<br \/>\nWystarczy si\u0119 zalogowa\u0107 i zarejestrowa\u0107 na interesuj\u0105ce Ci\u0119 sesje:<br \/>\n<a href=\"https:\/\/regions-and-cities.europa.eu\/guide\/how-apply-official-programme\">https:\/\/regions-and-cities.europa.eu\/guide\/how-apply-official-programme<\/a><\/p>\n<\/div><\/div><\/div><\/div><\/div>\n","protected":false},"excerpt":{"rendered":"","protected":false},"author":25,"featured_media":17304,"comment_status":"closed","ping_status":"closed","sticky":false,"template":"","format":"standard","meta":{"_price":"","_stock":"","_tribe_ticket_header":"","_tribe_default_ticket_provider":"","_tribe_ticket_capacity":"0","_ticket_start_date":"","_ticket_end_date":"","_tribe_ticket_show_description":"","_tribe_ticket_show_not_going":false,"_tribe_ticket_use_global_stock":"","_tribe_ticket_global_stock_level":"","_global_stock_mode":"","_global_stock_cap":"","_tribe_rsvp_for_event":"","_tribe_ticket_going_count":"","_tribe_ticket_not_going_count":"","_tribe_tickets_list":"[]","_tribe_ticket_has_attendee_info_fields":false,"footnotes":""},"categories":[20],"tags":[],"class_list":["post-17307","post","type-post","status-publish","format-standard","has-post-thumbnail","hentry","category-aktualnosci"],"yoast_head":"<!-- This site is optimized with the Yoast SEO plugin v27.3 - https:\/\/yoast.com\/product\/yoast-seo-wordpress\/ -->\n<title>#EURegionsWeek 2025 - Interreg VI A MV\/BB\/PL<\/title>\n<meta name=\"robots\" content=\"index, follow, max-snippet:-1, max-image-preview:large, max-video-preview:-1\" \/>\n<link rel=\"canonical\" href=\"https:\/\/www.interreg6a.net\/pl\/euregionsweek-2025\/\" \/>\n<meta property=\"og:locale\" content=\"pl_PL\" \/>\n<meta property=\"og:type\" content=\"article\" \/>\n<meta property=\"og:title\" content=\"#EURegionsWeek 2025 - Interreg VI A MV\/BB\/PL\" \/>\n<meta property=\"og:url\" content=\"https:\/\/www.interreg6a.net\/pl\/euregionsweek-2025\/\" \/>\n<meta property=\"og:site_name\" content=\"Interreg VI A MV\/BB\/PL\" \/>\n<meta property=\"article:published_time\" content=\"2025-04-23T14:13:34+00:00\" \/>\n<meta property=\"article:modified_time\" content=\"2025-04-24T08:47:23+00:00\" \/>\n<meta property=\"og:image\" content=\"https:\/\/www.interreg6a.net\/wp-content\/uploads\/2025\/04\/EU-Regioweek.png\" \/>\n\t<meta property=\"og:image:width\" content=\"422\" \/>\n\t<meta property=\"og:image:height\" content=\"256\" \/>\n\t<meta property=\"og:image:type\" content=\"image\/png\" \/>\n<meta name=\"author\" content=\"semeniuk\" \/>\n<meta name=\"twitter:card\" content=\"summary_large_image\" \/>\n<meta name=\"twitter:label1\" content=\"Napisane przez\" \/>\n\t<meta name=\"twitter:data1\" content=\"semeniuk\" \/>\n\t<meta name=\"twitter:label2\" content=\"Szacowany czas czytania\" \/>\n\t<meta name=\"twitter:data2\" content=\"2 minuty\" \/>\n<script type=\"application\/ld+json\" class=\"yoast-schema-graph\">{\"@context\":\"https:\\\/\\\/schema.org\",\"@graph\":[{\"@type\":\"Article\",\"@id\":\"https:\\\/\\\/www.interreg6a.net\\\/pl\\\/euregionsweek-2025\\\/#article\",\"isPartOf\":{\"@id\":\"https:\\\/\\\/www.interreg6a.net\\\/pl\\\/euregionsweek-2025\\\/\"},\"author\":{\"name\":\"semeniuk\",\"@id\":\"https:\\\/\\\/www.interreg6a.net\\\/pl\\\/#\\\/schema\\\/person\\\/4c87761287b75456c2ed5cfbf95e4e8b\"},\"headline\":\"#EURegionsWeek 2025\",\"datePublished\":\"2025-04-23T14:13:34+00:00\",\"dateModified\":\"2025-04-24T08:47:23+00:00\",\"mainEntityOfPage\":{\"@id\":\"https:\\\/\\\/www.interreg6a.net\\\/pl\\\/euregionsweek-2025\\\/\"},\"wordCount\":1538,\"image\":{\"@id\":\"https:\\\/\\\/www.interreg6a.net\\\/pl\\\/euregionsweek-2025\\\/#primaryimage\"},\"thumbnailUrl\":\"https:\\\/\\\/www.interreg6a.net\\\/wp-content\\\/uploads\\\/2025\\\/04\\\/EU-Regioweek.png\",\"articleSection\":[\"Aktualno\u015bci\"],\"inLanguage\":\"pl-PL\"},{\"@type\":\"WebPage\",\"@id\":\"https:\\\/\\\/www.interreg6a.net\\\/pl\\\/euregionsweek-2025\\\/\",\"url\":\"https:\\\/\\\/www.interreg6a.net\\\/pl\\\/euregionsweek-2025\\\/\",\"name\":\"#EURegionsWeek 2025 - Interreg VI A MV\\\/BB\\\/PL\",\"isPartOf\":{\"@id\":\"https:\\\/\\\/www.interreg6a.net\\\/pl\\\/#website\"},\"primaryImageOfPage\":{\"@id\":\"https:\\\/\\\/www.interreg6a.net\\\/pl\\\/euregionsweek-2025\\\/#primaryimage\"},\"image\":{\"@id\":\"https:\\\/\\\/www.interreg6a.net\\\/pl\\\/euregionsweek-2025\\\/#primaryimage\"},\"thumbnailUrl\":\"https:\\\/\\\/www.interreg6a.net\\\/wp-content\\\/uploads\\\/2025\\\/04\\\/EU-Regioweek.png\",\"datePublished\":\"2025-04-23T14:13:34+00:00\",\"dateModified\":\"2025-04-24T08:47:23+00:00\",\"author\":{\"@id\":\"https:\\\/\\\/www.interreg6a.net\\\/pl\\\/#\\\/schema\\\/person\\\/4c87761287b75456c2ed5cfbf95e4e8b\"},\"breadcrumb\":{\"@id\":\"https:\\\/\\\/www.interreg6a.net\\\/pl\\\/euregionsweek-2025\\\/#breadcrumb\"},\"inLanguage\":\"pl-PL\",\"potentialAction\":[{\"@type\":\"ReadAction\",\"target\":[\"https:\\\/\\\/www.interreg6a.net\\\/pl\\\/euregionsweek-2025\\\/\"]}]},{\"@type\":\"ImageObject\",\"inLanguage\":\"pl-PL\",\"@id\":\"https:\\\/\\\/www.interreg6a.net\\\/pl\\\/euregionsweek-2025\\\/#primaryimage\",\"url\":\"https:\\\/\\\/www.interreg6a.net\\\/wp-content\\\/uploads\\\/2025\\\/04\\\/EU-Regioweek.png\",\"contentUrl\":\"https:\\\/\\\/www.interreg6a.net\\\/wp-content\\\/uploads\\\/2025\\\/04\\\/EU-Regioweek.png\",\"width\":422,\"height\":256},{\"@type\":\"BreadcrumbList\",\"@id\":\"https:\\\/\\\/www.interreg6a.net\\\/pl\\\/euregionsweek-2025\\\/#breadcrumb\",\"itemListElement\":[{\"@type\":\"ListItem\",\"position\":1,\"name\":\"Strona g\u0142\u00f3wna\",\"item\":\"https:\\\/\\\/www.interreg6a.net\\\/pl\\\/\"},{\"@type\":\"ListItem\",\"position\":2,\"name\":\"#EURegionsWeek 2025\"}]},{\"@type\":\"WebSite\",\"@id\":\"https:\\\/\\\/www.interreg6a.net\\\/pl\\\/#website\",\"url\":\"https:\\\/\\\/www.interreg6a.net\\\/pl\\\/\",\"name\":\"Interreg VI A MV\\\/BB\\\/PL\",\"description\":\"\",\"potentialAction\":[{\"@type\":\"SearchAction\",\"target\":{\"@type\":\"EntryPoint\",\"urlTemplate\":\"https:\\\/\\\/www.interreg6a.net\\\/pl\\\/?s={search_term_string}\"},\"query-input\":{\"@type\":\"PropertyValueSpecification\",\"valueRequired\":true,\"valueName\":\"search_term_string\"}}],\"inLanguage\":\"pl-PL\"},{\"@type\":\"Person\",\"@id\":\"https:\\\/\\\/www.interreg6a.net\\\/pl\\\/#\\\/schema\\\/person\\\/4c87761287b75456c2ed5cfbf95e4e8b\",\"name\":\"semeniuk\",\"image\":{\"@type\":\"ImageObject\",\"inLanguage\":\"pl-PL\",\"@id\":\"https:\\\/\\\/secure.gravatar.com\\\/avatar\\\/2aab4d2ca365cd79a4eb712e81052078a3fa7ddccf6c3d13d25230ebeeea8344?s=96&d=mm&r=g\",\"url\":\"https:\\\/\\\/secure.gravatar.com\\\/avatar\\\/2aab4d2ca365cd79a4eb712e81052078a3fa7ddccf6c3d13d25230ebeeea8344?s=96&d=mm&r=g\",\"contentUrl\":\"https:\\\/\\\/secure.gravatar.com\\\/avatar\\\/2aab4d2ca365cd79a4eb712e81052078a3fa7ddccf6c3d13d25230ebeeea8344?s=96&d=mm&r=g\",\"caption\":\"semeniuk\"},\"url\":\"https:\\\/\\\/www.interreg6a.net\\\/pl\\\/author\\\/semeniuk\\\/\"}]}<\/script>\n<!-- \/ Yoast SEO plugin. -->","yoast_head_json":{"title":"#EURegionsWeek 2025 - Interreg VI A MV\/BB\/PL","robots":{"index":"index","follow":"follow","max-snippet":"max-snippet:-1","max-image-preview":"max-image-preview:large","max-video-preview":"max-video-preview:-1"},"canonical":"https:\/\/www.interreg6a.net\/pl\/euregionsweek-2025\/","og_locale":"pl_PL","og_type":"article","og_title":"#EURegionsWeek 2025 - Interreg VI A MV\/BB\/PL","og_url":"https:\/\/www.interreg6a.net\/pl\/euregionsweek-2025\/","og_site_name":"Interreg VI A MV\/BB\/PL","article_published_time":"2025-04-23T14:13:34+00:00","article_modified_time":"2025-04-24T08:47:23+00:00","og_image":[{"width":422,"height":256,"url":"https:\/\/www.interreg6a.net\/wp-content\/uploads\/2025\/04\/EU-Regioweek.png","type":"image\/png"}],"author":"semeniuk","twitter_card":"summary_large_image","twitter_misc":{"Napisane przez":"semeniuk","Szacowany czas czytania":"2 minuty"},"schema":{"@context":"https:\/\/schema.org","@graph":[{"@type":"Article","@id":"https:\/\/www.interreg6a.net\/pl\/euregionsweek-2025\/#article","isPartOf":{"@id":"https:\/\/www.interreg6a.net\/pl\/euregionsweek-2025\/"},"author":{"name":"semeniuk","@id":"https:\/\/www.interreg6a.net\/pl\/#\/schema\/person\/4c87761287b75456c2ed5cfbf95e4e8b"},"headline":"#EURegionsWeek 2025","datePublished":"2025-04-23T14:13:34+00:00","dateModified":"2025-04-24T08:47:23+00:00","mainEntityOfPage":{"@id":"https:\/\/www.interreg6a.net\/pl\/euregionsweek-2025\/"},"wordCount":1538,"image":{"@id":"https:\/\/www.interreg6a.net\/pl\/euregionsweek-2025\/#primaryimage"},"thumbnailUrl":"https:\/\/www.interreg6a.net\/wp-content\/uploads\/2025\/04\/EU-Regioweek.png","articleSection":["Aktualno\u015bci"],"inLanguage":"pl-PL"},{"@type":"WebPage","@id":"https:\/\/www.interreg6a.net\/pl\/euregionsweek-2025\/","url":"https:\/\/www.interreg6a.net\/pl\/euregionsweek-2025\/","name":"#EURegionsWeek 2025 - Interreg VI A MV\/BB\/PL","isPartOf":{"@id":"https:\/\/www.interreg6a.net\/pl\/#website"},"primaryImageOfPage":{"@id":"https:\/\/www.interreg6a.net\/pl\/euregionsweek-2025\/#primaryimage"},"image":{"@id":"https:\/\/www.interreg6a.net\/pl\/euregionsweek-2025\/#primaryimage"},"thumbnailUrl":"https:\/\/www.interreg6a.net\/wp-content\/uploads\/2025\/04\/EU-Regioweek.png","datePublished":"2025-04-23T14:13:34+00:00","dateModified":"2025-04-24T08:47:23+00:00","author":{"@id":"https:\/\/www.interreg6a.net\/pl\/#\/schema\/person\/4c87761287b75456c2ed5cfbf95e4e8b"},"breadcrumb":{"@id":"https:\/\/www.interreg6a.net\/pl\/euregionsweek-2025\/#breadcrumb"},"inLanguage":"pl-PL","potentialAction":[{"@type":"ReadAction","target":["https:\/\/www.interreg6a.net\/pl\/euregionsweek-2025\/"]}]},{"@type":"ImageObject","inLanguage":"pl-PL","@id":"https:\/\/www.interreg6a.net\/pl\/euregionsweek-2025\/#primaryimage","url":"https:\/\/www.interreg6a.net\/wp-content\/uploads\/2025\/04\/EU-Regioweek.png","contentUrl":"https:\/\/www.interreg6a.net\/wp-content\/uploads\/2025\/04\/EU-Regioweek.png","width":422,"height":256},{"@type":"BreadcrumbList","@id":"https:\/\/www.interreg6a.net\/pl\/euregionsweek-2025\/#breadcrumb","itemListElement":[{"@type":"ListItem","position":1,"name":"Strona g\u0142\u00f3wna","item":"https:\/\/www.interreg6a.net\/pl\/"},{"@type":"ListItem","position":2,"name":"#EURegionsWeek 2025"}]},{"@type":"WebSite","@id":"https:\/\/www.interreg6a.net\/pl\/#website","url":"https:\/\/www.interreg6a.net\/pl\/","name":"Interreg VI A MV\/BB\/PL","description":"","potentialAction":[{"@type":"SearchAction","target":{"@type":"EntryPoint","urlTemplate":"https:\/\/www.interreg6a.net\/pl\/?s={search_term_string}"},"query-input":{"@type":"PropertyValueSpecification","valueRequired":true,"valueName":"search_term_string"}}],"inLanguage":"pl-PL"},{"@type":"Person","@id":"https:\/\/www.interreg6a.net\/pl\/#\/schema\/person\/4c87761287b75456c2ed5cfbf95e4e8b","name":"semeniuk","image":{"@type":"ImageObject","inLanguage":"pl-PL","@id":"https:\/\/secure.gravatar.com\/avatar\/2aab4d2ca365cd79a4eb712e81052078a3fa7ddccf6c3d13d25230ebeeea8344?s=96&d=mm&r=g","url":"https:\/\/secure.gravatar.com\/avatar\/2aab4d2ca365cd79a4eb712e81052078a3fa7ddccf6c3d13d25230ebeeea8344?s=96&d=mm&r=g","contentUrl":"https:\/\/secure.gravatar.com\/avatar\/2aab4d2ca365cd79a4eb712e81052078a3fa7ddccf6c3d13d25230ebeeea8344?s=96&d=mm&r=g","caption":"semeniuk"},"url":"https:\/\/www.interreg6a.net\/pl\/author\/semeniuk\/"}]}},"_links":{"self":[{"href":"https:\/\/www.interreg6a.net\/pl\/wp-json\/wp\/v2\/posts\/17307","targetHints":{"allow":["GET"]}}],"collection":[{"href":"https:\/\/www.interreg6a.net\/pl\/wp-json\/wp\/v2\/posts"}],"about":[{"href":"https:\/\/www.interreg6a.net\/pl\/wp-json\/wp\/v2\/types\/post"}],"author":[{"embeddable":true,"href":"https:\/\/www.interreg6a.net\/pl\/wp-json\/wp\/v2\/users\/25"}],"replies":[{"embeddable":true,"href":"https:\/\/www.interreg6a.net\/pl\/wp-json\/wp\/v2\/comments?post=17307"}],"version-history":[{"count":11,"href":"https:\/\/www.interreg6a.net\/pl\/wp-json\/wp\/v2\/posts\/17307\/revisions"}],"predecessor-version":[{"id":17658,"href":"https:\/\/www.interreg6a.net\/pl\/wp-json\/wp\/v2\/posts\/17307\/revisions\/17658"}],"wp:featuredmedia":[{"embeddable":true,"href":"https:\/\/www.interreg6a.net\/pl\/wp-json\/wp\/v2\/media\/17304"}],"wp:attachment":[{"href":"https:\/\/www.interreg6a.net\/pl\/wp-json\/wp\/v2\/media?parent=17307"}],"wp:term":[{"taxonomy":"category","embeddable":true,"href":"https:\/\/www.interreg6a.net\/pl\/wp-json\/wp\/v2\/categories?post=17307"},{"taxonomy":"post_tag","embeddable":true,"href":"https:\/\/www.interreg6a.net\/pl\/wp-json\/wp\/v2\/tags?post=17307"}],"curies":[{"name":"wp","href":"https:\/\/api.w.org\/{rel}","templated":true}]}}