{"id":17548,"date":"2025-04-28T08:35:24","date_gmt":"2025-04-28T06:35:24","guid":{"rendered":"https:\/\/www.interreg6a.net\/?p=17548"},"modified":"2025-06-13T09:11:08","modified_gmt":"2025-06-13T07:11:08","slug":"interreg-cooperation-day-2025-35-lat-programow-interreg","status":"publish","type":"post","link":"https:\/\/www.interreg6a.net\/pl\/interreg-cooperation-day-2025-35-lat-programow-interreg\/","title":{"rendered":"Interreg Cooperation Day 2025 &#8211; 35 lat program\u00f3w Interreg!"},"content":{"rendered":"<div class=\"fusion-fullwidth fullwidth-box fusion-builder-row-1 fusion-flex-container has-pattern-background has-mask-background nonhundred-percent-fullwidth non-hundred-percent-height-scrolling\" style=\"--awb-border-radius-top-left:0px;--awb-border-radius-top-right:0px;--awb-border-radius-bottom-right:0px;--awb-border-radius-bottom-left:0px;--awb-flex-wrap:wrap;\" ><div class=\"fusion-builder-row fusion-row fusion-flex-align-items-flex-start fusion-flex-content-wrap\" style=\"max-width:1586px;margin-left: calc(-4% \/ 2 );margin-right: calc(-4% \/ 2 );\"><div class=\"fusion-layout-column fusion_builder_column fusion-builder-column-0 fusion_builder_column_1_1 1_1 fusion-flex-column\" style=\"--awb-bg-size:cover;--awb-width-large:100%;--awb-margin-top-large:0px;--awb-spacing-right-large:1.92%;--awb-margin-bottom-large:20px;--awb-spacing-left-large:1.92%;--awb-width-medium:100%;--awb-order-medium:0;--awb-spacing-right-medium:1.92%;--awb-spacing-left-medium:1.92%;--awb-width-small:100%;--awb-order-small:0;--awb-spacing-right-small:1.92%;--awb-spacing-left-small:1.92%;\"><div class=\"fusion-column-wrapper fusion-column-has-shadow fusion-flex-justify-content-flex-start fusion-content-layout-column\"><div class=\"fusion-title title fusion-title-1 fusion-sep-none fusion-title-text fusion-title-size-one\" style=\"--awb-margin-top-small:10px;--awb-margin-right-small:0px;--awb-margin-bottom-small:10px;--awb-margin-left-small:0px;\"><h1 class=\"fusion-title-heading title-heading-left\" style=\"margin:0;\"><p style=\"text-align: center;\">Interreg Cooperation Day 2025 &#8211; 35 lat program\u00f3w Interreg!<\/p><\/h1><\/div><div class=\"fusion-text fusion-text-1\"><p>W tym roku czeka nas wyj\u0105tkowe wydarzenie: \u015bwi\u0119tujemy 35-lecie Interregu!<\/p>\n<p>Rodzina Interreg jest aktywna w prawie 100 programach w ca\u0142ej Europie i wielu s\u0105siedzkich krajach! Interreg zosta\u0142 uruchomiony w 1990 roku jako inicjatywa europejska, a od 2000 roku jest g\u0142\u00f3wnym celem europejskiej Polityki Sp\u00f3jno\u015bci.<\/p>\n<p>Jako cz\u0142onek rodziny Interreg jeste\u015bmy dumni z bycia jej cz\u0119\u015bci\u0105. Programy Interreg wspieraj\u0105 rozw\u00f3j region\u00f3w przygranicznych i pomagaj\u0105 poprawi\u0107 wsp\u00f3\u0142istnienie i jako\u015b\u0107 \u017cycia ich mieszka\u0144c\u00f3w.<\/p>\n<p>W dniu <strong>21 wrze\u015bnia<\/strong> poprzez wydarzenie <strong>\u201eInterreg Cooperation Day\u201c<\/strong> Europa \u015bwi\u0119tuje ju\u017c od 2012 r. og\u00f3lnoeuropejsk\u0105 wsp\u00f3\u0142prac\u0119 projekt\u00f3w Interreg. R\u00f3\u017cne wydarzenia organizowane przez projekty Interreg i\/lub programy Interreg regularnie odbywaj\u0105 si\u0119 w tygodniach poprzedzaj\u0105cych lub nast\u0119puj\u0105cych po 21 wrze\u015bnia. Do tej pory w ci\u0105gu ostatnich kilku lat odby\u0142o si\u0119 prawie 1500 r\u00f3\u017cnych wydarze\u0144.<\/p>\n<\/div><div class=\"fusion-text fusion-text-2\"><p>Zar\u00f3wno my, jak i Komisja Europejska chcieliby\u015bmy zach\u0119ci\u0107 do \u015bwi\u0119towania tego dnia z europejsk\u0105 rodzin\u0105 Interreg i mieszka\u0144cami polsko-niemieckiego regionu przygranicznego, np. poprzez wydarzenie kulturalne, profesjonalne warsztaty, wydarzenie sportowe lub inne dzia\u0142ania.<\/p>\n<p>Wszystkie niezb\u0119dne informacje o tym, jak wzi\u0105\u0107 udzia\u0142 w <strong>Dniu Wsp\u00f3\u0142pracy Interreg 2025<\/strong> ze swoim wydarzeniem, mo\u017cna znale\u017a\u0107 <a href=\"https:\/\/interreg.eu\/interreg-cooperation-day-2025\/\">tutaj<\/a>.<\/p>\n<p>Ju\u017c dzisiaj zg\u0142o\u015b swoje wydarzenie w Interact i poinformuj nas o tym: <a href=\"mailto:info@interreg6a.net\">info@interreg6a.net<\/a><\/p>\n<\/div><div class=\"fusion-text fusion-text-3\" style=\"--awb-margin-top:40px;\"><p>Wsp\u00f3lny Sekretariat wraz z Instytucj\u0105 Zarz\u0105dzaj\u0105c\u0105 we wsp\u00f3\u0142pracy z Regionalnymi Punktami Kontaktowymi planuj\u0105 polsko-niemieckie wydarzenie z tej okazji. <strong>O szczeg\u00f3\u0142ach powiadomimy niebawem.<\/strong><\/p>\n<\/div><div class=\"fusion-text fusion-text-4\" style=\"--awb-margin-top:20px;\"><p><a href=\"https:\/\/interreg.eu\/interreg-cooperation-day-2025\/\">Film promuj\u0105cy Interreg Cooperation Day 2025<\/a><\/p>\n<\/div><\/div><\/div><\/div><\/div>\n","protected":false},"excerpt":{"rendered":"","protected":false},"author":25,"featured_media":17479,"comment_status":"closed","ping_status":"closed","sticky":false,"template":"","format":"standard","meta":{"_price":"","_stock":"","_tribe_ticket_header":"","_tribe_default_ticket_provider":"","_tribe_ticket_capacity":"0","_ticket_start_date":"","_ticket_end_date":"","_tribe_ticket_show_description":"","_tribe_ticket_show_not_going":false,"_tribe_ticket_use_global_stock":"","_tribe_ticket_global_stock_level":"","_global_stock_mode":"","_global_stock_cap":"","_tribe_rsvp_for_event":"","_tribe_ticket_going_count":"","_tribe_ticket_not_going_count":"","_tribe_tickets_list":"[]","_tribe_ticket_has_attendee_info_fields":false,"footnotes":""},"categories":[20,70],"tags":[],"class_list":["post-17548","post","type-post","status-publish","format-standard","has-post-thumbnail","hentry","category-aktualnosci","category-ec-day_pl"],"yoast_head":"<!-- This site is optimized with the Yoast SEO plugin v27.3 - https:\/\/yoast.com\/product\/yoast-seo-wordpress\/ -->\n<title>Interreg Cooperation Day 2025 - 35 lat program\u00f3w Interreg! - Interreg VI A MV\/BB\/PL<\/title>\n<meta name=\"robots\" content=\"index, follow, max-snippet:-1, max-image-preview:large, max-video-preview:-1\" \/>\n<link rel=\"canonical\" href=\"https:\/\/www.interreg6a.net\/pl\/interreg-cooperation-day-2025-35-lat-programow-interreg\/\" \/>\n<meta property=\"og:locale\" content=\"pl_PL\" \/>\n<meta property=\"og:type\" content=\"article\" \/>\n<meta property=\"og:title\" content=\"Interreg Cooperation Day 2025 - 35 lat program\u00f3w Interreg! - Interreg VI A MV\/BB\/PL\" \/>\n<meta property=\"og:url\" content=\"https:\/\/www.interreg6a.net\/pl\/interreg-cooperation-day-2025-35-lat-programow-interreg\/\" \/>\n<meta property=\"og:site_name\" content=\"Interreg VI A MV\/BB\/PL\" \/>\n<meta property=\"article:published_time\" content=\"2025-04-28T06:35:24+00:00\" \/>\n<meta property=\"article:modified_time\" content=\"2025-06-13T07:11:08+00:00\" \/>\n<meta property=\"og:image\" content=\"https:\/\/www.interreg6a.net\/wp-content\/uploads\/2025\/04\/IC-DAY1-2.jpg\" \/>\n\t<meta property=\"og:image:width\" content=\"2048\" \/>\n\t<meta property=\"og:image:height\" content=\"1612\" \/>\n\t<meta property=\"og:image:type\" content=\"image\/jpeg\" \/>\n<meta name=\"author\" content=\"semeniuk\" \/>\n<meta name=\"twitter:card\" content=\"summary_large_image\" \/>\n<meta name=\"twitter:label1\" content=\"Napisane przez\" \/>\n\t<meta name=\"twitter:data1\" content=\"semeniuk\" \/>\n\t<meta name=\"twitter:label2\" content=\"Szacowany czas czytania\" \/>\n\t<meta name=\"twitter:data2\" content=\"2 minuty\" \/>\n<script type=\"application\/ld+json\" class=\"yoast-schema-graph\">{\"@context\":\"https:\\\/\\\/schema.org\",\"@graph\":[{\"@type\":\"Article\",\"@id\":\"https:\\\/\\\/www.interreg6a.net\\\/pl\\\/interreg-cooperation-day-2025-35-lat-programow-interreg\\\/#article\",\"isPartOf\":{\"@id\":\"https:\\\/\\\/www.interreg6a.net\\\/pl\\\/interreg-cooperation-day-2025-35-lat-programow-interreg\\\/\"},\"author\":{\"name\":\"semeniuk\",\"@id\":\"https:\\\/\\\/www.interreg6a.net\\\/pl\\\/#\\\/schema\\\/person\\\/4c87761287b75456c2ed5cfbf95e4e8b\"},\"headline\":\"Interreg Cooperation Day 2025 &#8211; 35 lat program\u00f3w Interreg!\",\"datePublished\":\"2025-04-28T06:35:24+00:00\",\"dateModified\":\"2025-06-13T07:11:08+00:00\",\"mainEntityOfPage\":{\"@id\":\"https:\\\/\\\/www.interreg6a.net\\\/pl\\\/interreg-cooperation-day-2025-35-lat-programow-interreg\\\/\"},\"wordCount\":1802,\"image\":{\"@id\":\"https:\\\/\\\/www.interreg6a.net\\\/pl\\\/interreg-cooperation-day-2025-35-lat-programow-interreg\\\/#primaryimage\"},\"thumbnailUrl\":\"https:\\\/\\\/www.interreg6a.net\\\/wp-content\\\/uploads\\\/2025\\\/04\\\/IC-DAY1-2.jpg\",\"articleSection\":[\"Aktualno\u015bci\",\"EC Day_pl\"],\"inLanguage\":\"pl-PL\"},{\"@type\":\"WebPage\",\"@id\":\"https:\\\/\\\/www.interreg6a.net\\\/pl\\\/interreg-cooperation-day-2025-35-lat-programow-interreg\\\/\",\"url\":\"https:\\\/\\\/www.interreg6a.net\\\/pl\\\/interreg-cooperation-day-2025-35-lat-programow-interreg\\\/\",\"name\":\"Interreg Cooperation Day 2025 - 35 lat program\u00f3w Interreg! - Interreg VI A MV\\\/BB\\\/PL\",\"isPartOf\":{\"@id\":\"https:\\\/\\\/www.interreg6a.net\\\/pl\\\/#website\"},\"primaryImageOfPage\":{\"@id\":\"https:\\\/\\\/www.interreg6a.net\\\/pl\\\/interreg-cooperation-day-2025-35-lat-programow-interreg\\\/#primaryimage\"},\"image\":{\"@id\":\"https:\\\/\\\/www.interreg6a.net\\\/pl\\\/interreg-cooperation-day-2025-35-lat-programow-interreg\\\/#primaryimage\"},\"thumbnailUrl\":\"https:\\\/\\\/www.interreg6a.net\\\/wp-content\\\/uploads\\\/2025\\\/04\\\/IC-DAY1-2.jpg\",\"datePublished\":\"2025-04-28T06:35:24+00:00\",\"dateModified\":\"2025-06-13T07:11:08+00:00\",\"author\":{\"@id\":\"https:\\\/\\\/www.interreg6a.net\\\/pl\\\/#\\\/schema\\\/person\\\/4c87761287b75456c2ed5cfbf95e4e8b\"},\"breadcrumb\":{\"@id\":\"https:\\\/\\\/www.interreg6a.net\\\/pl\\\/interreg-cooperation-day-2025-35-lat-programow-interreg\\\/#breadcrumb\"},\"inLanguage\":\"pl-PL\",\"potentialAction\":[{\"@type\":\"ReadAction\",\"target\":[\"https:\\\/\\\/www.interreg6a.net\\\/pl\\\/interreg-cooperation-day-2025-35-lat-programow-interreg\\\/\"]}]},{\"@type\":\"ImageObject\",\"inLanguage\":\"pl-PL\",\"@id\":\"https:\\\/\\\/www.interreg6a.net\\\/pl\\\/interreg-cooperation-day-2025-35-lat-programow-interreg\\\/#primaryimage\",\"url\":\"https:\\\/\\\/www.interreg6a.net\\\/wp-content\\\/uploads\\\/2025\\\/04\\\/IC-DAY1-2.jpg\",\"contentUrl\":\"https:\\\/\\\/www.interreg6a.net\\\/wp-content\\\/uploads\\\/2025\\\/04\\\/IC-DAY1-2.jpg\",\"width\":2048,\"height\":1612},{\"@type\":\"BreadcrumbList\",\"@id\":\"https:\\\/\\\/www.interreg6a.net\\\/pl\\\/interreg-cooperation-day-2025-35-lat-programow-interreg\\\/#breadcrumb\",\"itemListElement\":[{\"@type\":\"ListItem\",\"position\":1,\"name\":\"Strona g\u0142\u00f3wna\",\"item\":\"https:\\\/\\\/www.interreg6a.net\\\/pl\\\/\"},{\"@type\":\"ListItem\",\"position\":2,\"name\":\"Interreg Cooperation Day 2025 &#8211; 35 lat program\u00f3w Interreg!\"}]},{\"@type\":\"WebSite\",\"@id\":\"https:\\\/\\\/www.interreg6a.net\\\/pl\\\/#website\",\"url\":\"https:\\\/\\\/www.interreg6a.net\\\/pl\\\/\",\"name\":\"Interreg VI A MV\\\/BB\\\/PL\",\"description\":\"\",\"potentialAction\":[{\"@type\":\"SearchAction\",\"target\":{\"@type\":\"EntryPoint\",\"urlTemplate\":\"https:\\\/\\\/www.interreg6a.net\\\/pl\\\/?s={search_term_string}\"},\"query-input\":{\"@type\":\"PropertyValueSpecification\",\"valueRequired\":true,\"valueName\":\"search_term_string\"}}],\"inLanguage\":\"pl-PL\"},{\"@type\":\"Person\",\"@id\":\"https:\\\/\\\/www.interreg6a.net\\\/pl\\\/#\\\/schema\\\/person\\\/4c87761287b75456c2ed5cfbf95e4e8b\",\"name\":\"semeniuk\",\"image\":{\"@type\":\"ImageObject\",\"inLanguage\":\"pl-PL\",\"@id\":\"https:\\\/\\\/secure.gravatar.com\\\/avatar\\\/2aab4d2ca365cd79a4eb712e81052078a3fa7ddccf6c3d13d25230ebeeea8344?s=96&d=mm&r=g\",\"url\":\"https:\\\/\\\/secure.gravatar.com\\\/avatar\\\/2aab4d2ca365cd79a4eb712e81052078a3fa7ddccf6c3d13d25230ebeeea8344?s=96&d=mm&r=g\",\"contentUrl\":\"https:\\\/\\\/secure.gravatar.com\\\/avatar\\\/2aab4d2ca365cd79a4eb712e81052078a3fa7ddccf6c3d13d25230ebeeea8344?s=96&d=mm&r=g\",\"caption\":\"semeniuk\"},\"url\":\"https:\\\/\\\/www.interreg6a.net\\\/pl\\\/author\\\/semeniuk\\\/\"}]}<\/script>\n<!-- \/ Yoast SEO plugin. -->","yoast_head_json":{"title":"Interreg Cooperation Day 2025 - 35 lat program\u00f3w Interreg! - Interreg VI A MV\/BB\/PL","robots":{"index":"index","follow":"follow","max-snippet":"max-snippet:-1","max-image-preview":"max-image-preview:large","max-video-preview":"max-video-preview:-1"},"canonical":"https:\/\/www.interreg6a.net\/pl\/interreg-cooperation-day-2025-35-lat-programow-interreg\/","og_locale":"pl_PL","og_type":"article","og_title":"Interreg Cooperation Day 2025 - 35 lat program\u00f3w Interreg! - Interreg VI A MV\/BB\/PL","og_url":"https:\/\/www.interreg6a.net\/pl\/interreg-cooperation-day-2025-35-lat-programow-interreg\/","og_site_name":"Interreg VI A MV\/BB\/PL","article_published_time":"2025-04-28T06:35:24+00:00","article_modified_time":"2025-06-13T07:11:08+00:00","og_image":[{"width":2048,"height":1612,"url":"https:\/\/www.interreg6a.net\/wp-content\/uploads\/2025\/04\/IC-DAY1-2.jpg","type":"image\/jpeg"}],"author":"semeniuk","twitter_card":"summary_large_image","twitter_misc":{"Napisane przez":"semeniuk","Szacowany czas czytania":"2 minuty"},"schema":{"@context":"https:\/\/schema.org","@graph":[{"@type":"Article","@id":"https:\/\/www.interreg6a.net\/pl\/interreg-cooperation-day-2025-35-lat-programow-interreg\/#article","isPartOf":{"@id":"https:\/\/www.interreg6a.net\/pl\/interreg-cooperation-day-2025-35-lat-programow-interreg\/"},"author":{"name":"semeniuk","@id":"https:\/\/www.interreg6a.net\/pl\/#\/schema\/person\/4c87761287b75456c2ed5cfbf95e4e8b"},"headline":"Interreg Cooperation Day 2025 &#8211; 35 lat program\u00f3w Interreg!","datePublished":"2025-04-28T06:35:24+00:00","dateModified":"2025-06-13T07:11:08+00:00","mainEntityOfPage":{"@id":"https:\/\/www.interreg6a.net\/pl\/interreg-cooperation-day-2025-35-lat-programow-interreg\/"},"wordCount":1802,"image":{"@id":"https:\/\/www.interreg6a.net\/pl\/interreg-cooperation-day-2025-35-lat-programow-interreg\/#primaryimage"},"thumbnailUrl":"https:\/\/www.interreg6a.net\/wp-content\/uploads\/2025\/04\/IC-DAY1-2.jpg","articleSection":["Aktualno\u015bci","EC Day_pl"],"inLanguage":"pl-PL"},{"@type":"WebPage","@id":"https:\/\/www.interreg6a.net\/pl\/interreg-cooperation-day-2025-35-lat-programow-interreg\/","url":"https:\/\/www.interreg6a.net\/pl\/interreg-cooperation-day-2025-35-lat-programow-interreg\/","name":"Interreg Cooperation Day 2025 - 35 lat program\u00f3w Interreg! - Interreg VI A MV\/BB\/PL","isPartOf":{"@id":"https:\/\/www.interreg6a.net\/pl\/#website"},"primaryImageOfPage":{"@id":"https:\/\/www.interreg6a.net\/pl\/interreg-cooperation-day-2025-35-lat-programow-interreg\/#primaryimage"},"image":{"@id":"https:\/\/www.interreg6a.net\/pl\/interreg-cooperation-day-2025-35-lat-programow-interreg\/#primaryimage"},"thumbnailUrl":"https:\/\/www.interreg6a.net\/wp-content\/uploads\/2025\/04\/IC-DAY1-2.jpg","datePublished":"2025-04-28T06:35:24+00:00","dateModified":"2025-06-13T07:11:08+00:00","author":{"@id":"https:\/\/www.interreg6a.net\/pl\/#\/schema\/person\/4c87761287b75456c2ed5cfbf95e4e8b"},"breadcrumb":{"@id":"https:\/\/www.interreg6a.net\/pl\/interreg-cooperation-day-2025-35-lat-programow-interreg\/#breadcrumb"},"inLanguage":"pl-PL","potentialAction":[{"@type":"ReadAction","target":["https:\/\/www.interreg6a.net\/pl\/interreg-cooperation-day-2025-35-lat-programow-interreg\/"]}]},{"@type":"ImageObject","inLanguage":"pl-PL","@id":"https:\/\/www.interreg6a.net\/pl\/interreg-cooperation-day-2025-35-lat-programow-interreg\/#primaryimage","url":"https:\/\/www.interreg6a.net\/wp-content\/uploads\/2025\/04\/IC-DAY1-2.jpg","contentUrl":"https:\/\/www.interreg6a.net\/wp-content\/uploads\/2025\/04\/IC-DAY1-2.jpg","width":2048,"height":1612},{"@type":"BreadcrumbList","@id":"https:\/\/www.interreg6a.net\/pl\/interreg-cooperation-day-2025-35-lat-programow-interreg\/#breadcrumb","itemListElement":[{"@type":"ListItem","position":1,"name":"Strona g\u0142\u00f3wna","item":"https:\/\/www.interreg6a.net\/pl\/"},{"@type":"ListItem","position":2,"name":"Interreg Cooperation Day 2025 &#8211; 35 lat program\u00f3w Interreg!"}]},{"@type":"WebSite","@id":"https:\/\/www.interreg6a.net\/pl\/#website","url":"https:\/\/www.interreg6a.net\/pl\/","name":"Interreg VI A MV\/BB\/PL","description":"","potentialAction":[{"@type":"SearchAction","target":{"@type":"EntryPoint","urlTemplate":"https:\/\/www.interreg6a.net\/pl\/?s={search_term_string}"},"query-input":{"@type":"PropertyValueSpecification","valueRequired":true,"valueName":"search_term_string"}}],"inLanguage":"pl-PL"},{"@type":"Person","@id":"https:\/\/www.interreg6a.net\/pl\/#\/schema\/person\/4c87761287b75456c2ed5cfbf95e4e8b","name":"semeniuk","image":{"@type":"ImageObject","inLanguage":"pl-PL","@id":"https:\/\/secure.gravatar.com\/avatar\/2aab4d2ca365cd79a4eb712e81052078a3fa7ddccf6c3d13d25230ebeeea8344?s=96&d=mm&r=g","url":"https:\/\/secure.gravatar.com\/avatar\/2aab4d2ca365cd79a4eb712e81052078a3fa7ddccf6c3d13d25230ebeeea8344?s=96&d=mm&r=g","contentUrl":"https:\/\/secure.gravatar.com\/avatar\/2aab4d2ca365cd79a4eb712e81052078a3fa7ddccf6c3d13d25230ebeeea8344?s=96&d=mm&r=g","caption":"semeniuk"},"url":"https:\/\/www.interreg6a.net\/pl\/author\/semeniuk\/"}]}},"_links":{"self":[{"href":"https:\/\/www.interreg6a.net\/pl\/wp-json\/wp\/v2\/posts\/17548","targetHints":{"allow":["GET"]}}],"collection":[{"href":"https:\/\/www.interreg6a.net\/pl\/wp-json\/wp\/v2\/posts"}],"about":[{"href":"https:\/\/www.interreg6a.net\/pl\/wp-json\/wp\/v2\/types\/post"}],"author":[{"embeddable":true,"href":"https:\/\/www.interreg6a.net\/pl\/wp-json\/wp\/v2\/users\/25"}],"replies":[{"embeddable":true,"href":"https:\/\/www.interreg6a.net\/pl\/wp-json\/wp\/v2\/comments?post=17548"}],"version-history":[{"count":10,"href":"https:\/\/www.interreg6a.net\/pl\/wp-json\/wp\/v2\/posts\/17548\/revisions"}],"predecessor-version":[{"id":18144,"href":"https:\/\/www.interreg6a.net\/pl\/wp-json\/wp\/v2\/posts\/17548\/revisions\/18144"}],"wp:featuredmedia":[{"embeddable":true,"href":"https:\/\/www.interreg6a.net\/pl\/wp-json\/wp\/v2\/media\/17479"}],"wp:attachment":[{"href":"https:\/\/www.interreg6a.net\/pl\/wp-json\/wp\/v2\/media?parent=17548"}],"wp:term":[{"taxonomy":"category","embeddable":true,"href":"https:\/\/www.interreg6a.net\/pl\/wp-json\/wp\/v2\/categories?post=17548"},{"taxonomy":"post_tag","embeddable":true,"href":"https:\/\/www.interreg6a.net\/pl\/wp-json\/wp\/v2\/tags?post=17548"}],"curies":[{"name":"wp","href":"https:\/\/api.w.org\/{rel}","templated":true}]}}