{"id":17998,"date":"2025-05-27T13:25:47","date_gmt":"2025-05-27T11:25:47","guid":{"rendered":"https:\/\/www.interreg6a.net\/wspolne-zwiekszanie-potencjalu-komunikacyjnego\/"},"modified":"2025-05-27T13:50:38","modified_gmt":"2025-05-27T11:50:38","slug":"wspolne-zwiekszanie-potencjalu-komunikacyjnego","status":"publish","type":"post","link":"https:\/\/www.interreg6a.net\/pl\/wspolne-zwiekszanie-potencjalu-komunikacyjnego\/","title":{"rendered":"Wsp\u00f3lne zwi\u0119kszanie potencja\u0142u komunikacyjnego"},"content":{"rendered":"<div class=\"fusion-fullwidth fullwidth-box fusion-builder-row-1 fusion-flex-container has-pattern-background has-mask-background nonhundred-percent-fullwidth non-hundred-percent-height-scrolling\" style=\"--awb-border-radius-top-left:0px;--awb-border-radius-top-right:0px;--awb-border-radius-bottom-right:0px;--awb-border-radius-bottom-left:0px;--awb-flex-wrap:wrap;\" ><div class=\"fusion-builder-row fusion-row fusion-flex-align-items-flex-start fusion-flex-content-wrap\" style=\"max-width:1586px;margin-left: calc(-4% \/ 2 );margin-right: calc(-4% \/ 2 );\"><div class=\"fusion-layout-column fusion_builder_column fusion-builder-column-0 fusion_builder_column_1_1 1_1 fusion-flex-column\" style=\"--awb-bg-size:cover;--awb-width-large:100%;--awb-margin-top-large:0px;--awb-spacing-right-large:1.92%;--awb-margin-bottom-large:20px;--awb-spacing-left-large:1.92%;--awb-width-medium:100%;--awb-order-medium:0;--awb-spacing-right-medium:1.92%;--awb-spacing-left-medium:1.92%;--awb-width-small:100%;--awb-order-small:0;--awb-spacing-right-small:1.92%;--awb-spacing-left-small:1.92%;\"><div class=\"fusion-column-wrapper fusion-column-has-shadow fusion-flex-justify-content-flex-start fusion-content-layout-column\"><div class=\"fusion-title title fusion-title-1 fusion-sep-none fusion-title-text fusion-title-size-one\" style=\"--awb-margin-top-small:10px;--awb-margin-right-small:0px;--awb-margin-bottom-small:10px;--awb-margin-left-small:0px;\"><h1 class=\"fusion-title-heading title-heading-left\" style=\"margin:0;\"><p style=\"text-align: center;\">Wsp\u00f3lne zwi\u0119kszanie potencja\u0142u komunikacyjnego<\/p><\/h1><\/div><div class=\"fusion-text fusion-text-1\"><p>Nasze polsko-niemieckie projekty cechuje du\u017ca ilo\u015b\u0107 wsp\u00f3lnych spotka\u0144 i wydarze\u0144, kt\u00f3re s\u0105 organizowane w trakcie realizacji projektu dla r\u00f3\u017cnych grup docelowych, takich jak eksperci czy mieszka\u0144cy na obszarze obj\u0119tym Programem.<\/p>\n<p>Wsp\u00f3lny Sekretariat s\u0142u\u017cy r\u00f3wnie\u017c rad\u0105 i pomoc\u0105 w zakresie realizacji dzia\u0142a\u0144 zwi\u0105zanych z komunikacj\u0105 w ramach projekt\u00f3w.<\/p>\n<p>Zach\u0119camy i zapraszamy naszych partner\u00f3w wiod\u0105cych i partner\u00f3w projekt\u00f3w do dzielenia si\u0119 z nami informacjami o planowanych wydarzeniach, takich jak konferencje, warsztaty czy seminaria z odpowiednim wyprzedzeniem &#8211; co najmniej 2 tygodnie wcze\u015bniej. Dzi\u0119ki temu mo\u017cemy wsp\u00f3lnie promowa\u0107 Wasze inicjatywy, zwi\u0119kszy\u0107 ich widoczno\u015b\u0107 i dotrze\u0107 do szerszej grupy odbiorc\u00f3w.<\/p>\n<\/div><div class=\"fusion-text fusion-text-2\"><p><strong>Prosimy o przesy\u0142anie szczeg\u00f3\u0142\u00f3w, takich jak data, miejsce, temat oraz linki do materia\u0142\u00f3w lub rejestracji, na adres<\/strong>: <a href=\"mailto:info@interreg6a.net\">info@interreg6a.net<\/a> lub prosimy o kontakt z w\u0142a\u015bciwym opiekunem projektu we Wsp\u00f3lnym Sekretariacie.<\/p>\n<p>Pomo\u017ce nam to tak\u017ce w budowaniu kalendarium wsp\u00f3lnych polsko-niemieckich wydarze\u0144 i dotarciu do szerszej grupy odbiorc\u00f3w.<br \/>Mo\u017cna r\u00f3wnie\u017c zamie\u015bci\u0107 og\u0142oszenie o wydarzeniu w <a href=\"https:\/\/www.interreg6a.net\/pl\/polsko-niemiecki-kalendarz-wydarzen-juz-aktywny\/\">polsko-niemieckim kalendarzu imprez Urz\u0119du Marsza\u0142kowskiego Wojew\u00f3dztwa Zachodniopomorskiego<\/a>.<\/p>\n<\/div><div class=\"fusion-text fusion-text-3\"><p>Po zrealizowanym wydarzeniu prosimy o przes\u0142anie nam kr\u00f3tkich informacji i zdj\u0119\u0107 do publikacji na naszej stronie internetowej.<\/p>\n<p>Pami\u0119tajcie, aby oznaczy\u0107 nasz Program w swoich postach w mediach spo\u0142eczno\u015bciowych.<\/p>\n<p>Dzi\u0119kujemy za wsp\u00f3\u0142prac\u0119 i czekamy na informacje o Waszych wydarzeniach!<\/p>\n<p>PS. Czy ju\u017c wiecie? Na naszej stronie internetowej w zak\u0142adce <a href=\"https:\/\/www.interreg6a.net\/pl\/zatwierdzone-projekty\/\">\u201eWyniki \u2013 Zatwierdzone projekty\u201d<\/a> dla ka\u017cdego zakontraktowanego projektu tworzymy osobn\u0105 stron\u0119 informacyjn\u0105. Mo\u017cemy tam publikowa\u0107 linki do stron Waszych projekt\u00f3w, a tak\u017ce materia\u0142y informacyjne i wyniki projekt\u00f3w.<\/p>\n<\/div><\/div><\/div><\/div><\/div>\n","protected":false},"excerpt":{"rendered":"","protected":false},"author":25,"featured_media":17989,"comment_status":"closed","ping_status":"closed","sticky":false,"template":"","format":"standard","meta":{"_price":"","_stock":"","_tribe_ticket_header":"","_tribe_default_ticket_provider":"","_tribe_ticket_capacity":"0","_ticket_start_date":"","_ticket_end_date":"","_tribe_ticket_show_description":"","_tribe_ticket_show_not_going":false,"_tribe_ticket_use_global_stock":"","_tribe_ticket_global_stock_level":"","_global_stock_mode":"","_global_stock_cap":"","_tribe_rsvp_for_event":"","_tribe_ticket_going_count":"","_tribe_ticket_not_going_count":"","_tribe_tickets_list":"[]","_tribe_ticket_has_attendee_info_fields":false,"footnotes":""},"categories":[20,148],"tags":[],"class_list":["post-17998","post","type-post","status-publish","format-standard","has-post-thumbnail","hentry","category-aktualnosci","category-komunikacja"],"yoast_head":"<!-- This site is optimized with the Yoast SEO plugin v27.3 - https:\/\/yoast.com\/product\/yoast-seo-wordpress\/ -->\n<title>Wsp\u00f3lne zwi\u0119kszanie potencja\u0142u komunikacyjnego - Interreg VI A MV\/BB\/PL<\/title>\n<meta name=\"robots\" content=\"index, follow, max-snippet:-1, max-image-preview:large, max-video-preview:-1\" \/>\n<link rel=\"canonical\" href=\"https:\/\/www.interreg6a.net\/pl\/wspolne-zwiekszanie-potencjalu-komunikacyjnego\/\" \/>\n<meta property=\"og:locale\" content=\"pl_PL\" \/>\n<meta property=\"og:type\" content=\"article\" \/>\n<meta property=\"og:title\" content=\"Wsp\u00f3lne zwi\u0119kszanie potencja\u0142u komunikacyjnego - Interreg VI A MV\/BB\/PL\" \/>\n<meta property=\"og:url\" content=\"https:\/\/www.interreg6a.net\/pl\/wspolne-zwiekszanie-potencjalu-komunikacyjnego\/\" \/>\n<meta property=\"og:site_name\" content=\"Interreg VI A MV\/BB\/PL\" \/>\n<meta property=\"article:published_time\" content=\"2025-05-27T11:25:47+00:00\" \/>\n<meta property=\"article:modified_time\" content=\"2025-05-27T11:50:38+00:00\" \/>\n<meta property=\"og:image\" content=\"https:\/\/www.interreg6a.net\/wp-content\/uploads\/2025\/05\/Kommunikation-1-scaled.jpg\" \/>\n\t<meta property=\"og:image:width\" content=\"2560\" \/>\n\t<meta property=\"og:image:height\" content=\"2057\" \/>\n\t<meta property=\"og:image:type\" content=\"image\/jpeg\" \/>\n<meta name=\"author\" content=\"semeniuk\" \/>\n<meta name=\"twitter:card\" content=\"summary_large_image\" \/>\n<meta name=\"twitter:label1\" content=\"Napisane przez\" \/>\n\t<meta name=\"twitter:data1\" content=\"semeniuk\" \/>\n\t<meta name=\"twitter:label2\" content=\"Szacowany czas czytania\" \/>\n\t<meta name=\"twitter:data2\" content=\"9 minut\" \/>\n<script type=\"application\/ld+json\" class=\"yoast-schema-graph\">{\"@context\":\"https:\\\/\\\/schema.org\",\"@graph\":[{\"@type\":\"Article\",\"@id\":\"https:\\\/\\\/www.interreg6a.net\\\/pl\\\/wspolne-zwiekszanie-potencjalu-komunikacyjnego\\\/#article\",\"isPartOf\":{\"@id\":\"https:\\\/\\\/www.interreg6a.net\\\/pl\\\/wspolne-zwiekszanie-potencjalu-komunikacyjnego\\\/\"},\"author\":{\"name\":\"semeniuk\",\"@id\":\"https:\\\/\\\/www.interreg6a.net\\\/pl\\\/#\\\/schema\\\/person\\\/4c87761287b75456c2ed5cfbf95e4e8b\"},\"headline\":\"Wsp\u00f3lne zwi\u0119kszanie potencja\u0142u komunikacyjnego\",\"datePublished\":\"2025-05-27T11:25:47+00:00\",\"dateModified\":\"2025-05-27T11:50:38+00:00\",\"mainEntityOfPage\":{\"@id\":\"https:\\\/\\\/www.interreg6a.net\\\/pl\\\/wspolne-zwiekszanie-potencjalu-komunikacyjnego\\\/\"},\"wordCount\":1826,\"image\":{\"@id\":\"https:\\\/\\\/www.interreg6a.net\\\/pl\\\/wspolne-zwiekszanie-potencjalu-komunikacyjnego\\\/#primaryimage\"},\"thumbnailUrl\":\"https:\\\/\\\/www.interreg6a.net\\\/wp-content\\\/uploads\\\/2025\\\/05\\\/Kommunikation-1-scaled.jpg\",\"articleSection\":[\"Aktualno\u015bci\",\"Komunikacja\"],\"inLanguage\":\"pl-PL\"},{\"@type\":\"WebPage\",\"@id\":\"https:\\\/\\\/www.interreg6a.net\\\/pl\\\/wspolne-zwiekszanie-potencjalu-komunikacyjnego\\\/\",\"url\":\"https:\\\/\\\/www.interreg6a.net\\\/pl\\\/wspolne-zwiekszanie-potencjalu-komunikacyjnego\\\/\",\"name\":\"Wsp\u00f3lne zwi\u0119kszanie potencja\u0142u komunikacyjnego - Interreg VI A MV\\\/BB\\\/PL\",\"isPartOf\":{\"@id\":\"https:\\\/\\\/www.interreg6a.net\\\/pl\\\/#website\"},\"primaryImageOfPage\":{\"@id\":\"https:\\\/\\\/www.interreg6a.net\\\/pl\\\/wspolne-zwiekszanie-potencjalu-komunikacyjnego\\\/#primaryimage\"},\"image\":{\"@id\":\"https:\\\/\\\/www.interreg6a.net\\\/pl\\\/wspolne-zwiekszanie-potencjalu-komunikacyjnego\\\/#primaryimage\"},\"thumbnailUrl\":\"https:\\\/\\\/www.interreg6a.net\\\/wp-content\\\/uploads\\\/2025\\\/05\\\/Kommunikation-1-scaled.jpg\",\"datePublished\":\"2025-05-27T11:25:47+00:00\",\"dateModified\":\"2025-05-27T11:50:38+00:00\",\"author\":{\"@id\":\"https:\\\/\\\/www.interreg6a.net\\\/pl\\\/#\\\/schema\\\/person\\\/4c87761287b75456c2ed5cfbf95e4e8b\"},\"breadcrumb\":{\"@id\":\"https:\\\/\\\/www.interreg6a.net\\\/pl\\\/wspolne-zwiekszanie-potencjalu-komunikacyjnego\\\/#breadcrumb\"},\"inLanguage\":\"pl-PL\",\"potentialAction\":[{\"@type\":\"ReadAction\",\"target\":[\"https:\\\/\\\/www.interreg6a.net\\\/pl\\\/wspolne-zwiekszanie-potencjalu-komunikacyjnego\\\/\"]}]},{\"@type\":\"ImageObject\",\"inLanguage\":\"pl-PL\",\"@id\":\"https:\\\/\\\/www.interreg6a.net\\\/pl\\\/wspolne-zwiekszanie-potencjalu-komunikacyjnego\\\/#primaryimage\",\"url\":\"https:\\\/\\\/www.interreg6a.net\\\/wp-content\\\/uploads\\\/2025\\\/05\\\/Kommunikation-1-scaled.jpg\",\"contentUrl\":\"https:\\\/\\\/www.interreg6a.net\\\/wp-content\\\/uploads\\\/2025\\\/05\\\/Kommunikation-1-scaled.jpg\",\"width\":2560,\"height\":2057},{\"@type\":\"BreadcrumbList\",\"@id\":\"https:\\\/\\\/www.interreg6a.net\\\/pl\\\/wspolne-zwiekszanie-potencjalu-komunikacyjnego\\\/#breadcrumb\",\"itemListElement\":[{\"@type\":\"ListItem\",\"position\":1,\"name\":\"Strona g\u0142\u00f3wna\",\"item\":\"https:\\\/\\\/www.interreg6a.net\\\/pl\\\/\"},{\"@type\":\"ListItem\",\"position\":2,\"name\":\"Wsp\u00f3lne zwi\u0119kszanie potencja\u0142u komunikacyjnego\"}]},{\"@type\":\"WebSite\",\"@id\":\"https:\\\/\\\/www.interreg6a.net\\\/pl\\\/#website\",\"url\":\"https:\\\/\\\/www.interreg6a.net\\\/pl\\\/\",\"name\":\"Interreg VI A MV\\\/BB\\\/PL\",\"description\":\"\",\"potentialAction\":[{\"@type\":\"SearchAction\",\"target\":{\"@type\":\"EntryPoint\",\"urlTemplate\":\"https:\\\/\\\/www.interreg6a.net\\\/pl\\\/?s={search_term_string}\"},\"query-input\":{\"@type\":\"PropertyValueSpecification\",\"valueRequired\":true,\"valueName\":\"search_term_string\"}}],\"inLanguage\":\"pl-PL\"},{\"@type\":\"Person\",\"@id\":\"https:\\\/\\\/www.interreg6a.net\\\/pl\\\/#\\\/schema\\\/person\\\/4c87761287b75456c2ed5cfbf95e4e8b\",\"name\":\"semeniuk\",\"image\":{\"@type\":\"ImageObject\",\"inLanguage\":\"pl-PL\",\"@id\":\"https:\\\/\\\/secure.gravatar.com\\\/avatar\\\/2aab4d2ca365cd79a4eb712e81052078a3fa7ddccf6c3d13d25230ebeeea8344?s=96&d=mm&r=g\",\"url\":\"https:\\\/\\\/secure.gravatar.com\\\/avatar\\\/2aab4d2ca365cd79a4eb712e81052078a3fa7ddccf6c3d13d25230ebeeea8344?s=96&d=mm&r=g\",\"contentUrl\":\"https:\\\/\\\/secure.gravatar.com\\\/avatar\\\/2aab4d2ca365cd79a4eb712e81052078a3fa7ddccf6c3d13d25230ebeeea8344?s=96&d=mm&r=g\",\"caption\":\"semeniuk\"},\"url\":\"https:\\\/\\\/www.interreg6a.net\\\/pl\\\/author\\\/semeniuk\\\/\"}]}<\/script>\n<!-- \/ Yoast SEO plugin. -->","yoast_head_json":{"title":"Wsp\u00f3lne zwi\u0119kszanie potencja\u0142u komunikacyjnego - Interreg VI A MV\/BB\/PL","robots":{"index":"index","follow":"follow","max-snippet":"max-snippet:-1","max-image-preview":"max-image-preview:large","max-video-preview":"max-video-preview:-1"},"canonical":"https:\/\/www.interreg6a.net\/pl\/wspolne-zwiekszanie-potencjalu-komunikacyjnego\/","og_locale":"pl_PL","og_type":"article","og_title":"Wsp\u00f3lne zwi\u0119kszanie potencja\u0142u komunikacyjnego - Interreg VI A MV\/BB\/PL","og_url":"https:\/\/www.interreg6a.net\/pl\/wspolne-zwiekszanie-potencjalu-komunikacyjnego\/","og_site_name":"Interreg VI A MV\/BB\/PL","article_published_time":"2025-05-27T11:25:47+00:00","article_modified_time":"2025-05-27T11:50:38+00:00","og_image":[{"width":2560,"height":2057,"url":"https:\/\/www.interreg6a.net\/wp-content\/uploads\/2025\/05\/Kommunikation-1-scaled.jpg","type":"image\/jpeg"}],"author":"semeniuk","twitter_card":"summary_large_image","twitter_misc":{"Napisane przez":"semeniuk","Szacowany czas czytania":"9 minut"},"schema":{"@context":"https:\/\/schema.org","@graph":[{"@type":"Article","@id":"https:\/\/www.interreg6a.net\/pl\/wspolne-zwiekszanie-potencjalu-komunikacyjnego\/#article","isPartOf":{"@id":"https:\/\/www.interreg6a.net\/pl\/wspolne-zwiekszanie-potencjalu-komunikacyjnego\/"},"author":{"name":"semeniuk","@id":"https:\/\/www.interreg6a.net\/pl\/#\/schema\/person\/4c87761287b75456c2ed5cfbf95e4e8b"},"headline":"Wsp\u00f3lne zwi\u0119kszanie potencja\u0142u komunikacyjnego","datePublished":"2025-05-27T11:25:47+00:00","dateModified":"2025-05-27T11:50:38+00:00","mainEntityOfPage":{"@id":"https:\/\/www.interreg6a.net\/pl\/wspolne-zwiekszanie-potencjalu-komunikacyjnego\/"},"wordCount":1826,"image":{"@id":"https:\/\/www.interreg6a.net\/pl\/wspolne-zwiekszanie-potencjalu-komunikacyjnego\/#primaryimage"},"thumbnailUrl":"https:\/\/www.interreg6a.net\/wp-content\/uploads\/2025\/05\/Kommunikation-1-scaled.jpg","articleSection":["Aktualno\u015bci","Komunikacja"],"inLanguage":"pl-PL"},{"@type":"WebPage","@id":"https:\/\/www.interreg6a.net\/pl\/wspolne-zwiekszanie-potencjalu-komunikacyjnego\/","url":"https:\/\/www.interreg6a.net\/pl\/wspolne-zwiekszanie-potencjalu-komunikacyjnego\/","name":"Wsp\u00f3lne zwi\u0119kszanie potencja\u0142u komunikacyjnego - Interreg VI A MV\/BB\/PL","isPartOf":{"@id":"https:\/\/www.interreg6a.net\/pl\/#website"},"primaryImageOfPage":{"@id":"https:\/\/www.interreg6a.net\/pl\/wspolne-zwiekszanie-potencjalu-komunikacyjnego\/#primaryimage"},"image":{"@id":"https:\/\/www.interreg6a.net\/pl\/wspolne-zwiekszanie-potencjalu-komunikacyjnego\/#primaryimage"},"thumbnailUrl":"https:\/\/www.interreg6a.net\/wp-content\/uploads\/2025\/05\/Kommunikation-1-scaled.jpg","datePublished":"2025-05-27T11:25:47+00:00","dateModified":"2025-05-27T11:50:38+00:00","author":{"@id":"https:\/\/www.interreg6a.net\/pl\/#\/schema\/person\/4c87761287b75456c2ed5cfbf95e4e8b"},"breadcrumb":{"@id":"https:\/\/www.interreg6a.net\/pl\/wspolne-zwiekszanie-potencjalu-komunikacyjnego\/#breadcrumb"},"inLanguage":"pl-PL","potentialAction":[{"@type":"ReadAction","target":["https:\/\/www.interreg6a.net\/pl\/wspolne-zwiekszanie-potencjalu-komunikacyjnego\/"]}]},{"@type":"ImageObject","inLanguage":"pl-PL","@id":"https:\/\/www.interreg6a.net\/pl\/wspolne-zwiekszanie-potencjalu-komunikacyjnego\/#primaryimage","url":"https:\/\/www.interreg6a.net\/wp-content\/uploads\/2025\/05\/Kommunikation-1-scaled.jpg","contentUrl":"https:\/\/www.interreg6a.net\/wp-content\/uploads\/2025\/05\/Kommunikation-1-scaled.jpg","width":2560,"height":2057},{"@type":"BreadcrumbList","@id":"https:\/\/www.interreg6a.net\/pl\/wspolne-zwiekszanie-potencjalu-komunikacyjnego\/#breadcrumb","itemListElement":[{"@type":"ListItem","position":1,"name":"Strona g\u0142\u00f3wna","item":"https:\/\/www.interreg6a.net\/pl\/"},{"@type":"ListItem","position":2,"name":"Wsp\u00f3lne zwi\u0119kszanie potencja\u0142u komunikacyjnego"}]},{"@type":"WebSite","@id":"https:\/\/www.interreg6a.net\/pl\/#website","url":"https:\/\/www.interreg6a.net\/pl\/","name":"Interreg VI A MV\/BB\/PL","description":"","potentialAction":[{"@type":"SearchAction","target":{"@type":"EntryPoint","urlTemplate":"https:\/\/www.interreg6a.net\/pl\/?s={search_term_string}"},"query-input":{"@type":"PropertyValueSpecification","valueRequired":true,"valueName":"search_term_string"}}],"inLanguage":"pl-PL"},{"@type":"Person","@id":"https:\/\/www.interreg6a.net\/pl\/#\/schema\/person\/4c87761287b75456c2ed5cfbf95e4e8b","name":"semeniuk","image":{"@type":"ImageObject","inLanguage":"pl-PL","@id":"https:\/\/secure.gravatar.com\/avatar\/2aab4d2ca365cd79a4eb712e81052078a3fa7ddccf6c3d13d25230ebeeea8344?s=96&d=mm&r=g","url":"https:\/\/secure.gravatar.com\/avatar\/2aab4d2ca365cd79a4eb712e81052078a3fa7ddccf6c3d13d25230ebeeea8344?s=96&d=mm&r=g","contentUrl":"https:\/\/secure.gravatar.com\/avatar\/2aab4d2ca365cd79a4eb712e81052078a3fa7ddccf6c3d13d25230ebeeea8344?s=96&d=mm&r=g","caption":"semeniuk"},"url":"https:\/\/www.interreg6a.net\/pl\/author\/semeniuk\/"}]}},"_links":{"self":[{"href":"https:\/\/www.interreg6a.net\/pl\/wp-json\/wp\/v2\/posts\/17998","targetHints":{"allow":["GET"]}}],"collection":[{"href":"https:\/\/www.interreg6a.net\/pl\/wp-json\/wp\/v2\/posts"}],"about":[{"href":"https:\/\/www.interreg6a.net\/pl\/wp-json\/wp\/v2\/types\/post"}],"author":[{"embeddable":true,"href":"https:\/\/www.interreg6a.net\/pl\/wp-json\/wp\/v2\/users\/25"}],"replies":[{"embeddable":true,"href":"https:\/\/www.interreg6a.net\/pl\/wp-json\/wp\/v2\/comments?post=17998"}],"version-history":[{"count":2,"href":"https:\/\/www.interreg6a.net\/pl\/wp-json\/wp\/v2\/posts\/17998\/revisions"}],"predecessor-version":[{"id":18000,"href":"https:\/\/www.interreg6a.net\/pl\/wp-json\/wp\/v2\/posts\/17998\/revisions\/18000"}],"wp:featuredmedia":[{"embeddable":true,"href":"https:\/\/www.interreg6a.net\/pl\/wp-json\/wp\/v2\/media\/17989"}],"wp:attachment":[{"href":"https:\/\/www.interreg6a.net\/pl\/wp-json\/wp\/v2\/media?parent=17998"}],"wp:term":[{"taxonomy":"category","embeddable":true,"href":"https:\/\/www.interreg6a.net\/pl\/wp-json\/wp\/v2\/categories?post=17998"},{"taxonomy":"post_tag","embeddable":true,"href":"https:\/\/www.interreg6a.net\/pl\/wp-json\/wp\/v2\/tags?post=17998"}],"curies":[{"name":"wp","href":"https:\/\/api.w.org\/{rel}","templated":true}]}}