{"id":18129,"date":"2025-06-13T10:00:53","date_gmt":"2025-06-13T08:00:53","guid":{"rendered":"https:\/\/www.interreg6a.net\/?p=18129"},"modified":"2025-10-01T13:32:25","modified_gmt":"2025-10-01T11:32:25","slug":"3%ef%b8%8f%e2%83%a3-sekretariaty-2%ef%b8%8f%e2%83%a3-kraje-1%ef%b8%8f%e2%83%a3-wspolny-cel-czesc-3-ibn-sid","status":"publish","type":"post","link":"https:\/\/www.interreg6a.net\/pl\/3%ef%b8%8f%e2%83%a3-sekretariaty-2%ef%b8%8f%e2%83%a3-kraje-1%ef%b8%8f%e2%83%a3-wspolny-cel-czesc-3-ibn-sid\/","title":{"rendered":"3\ufe0f\u20e3 Sekretariaty, 2\ufe0f\u20e3 Kraje, 1\ufe0f\u20e3 wsp\u00f3lny cel! &#8211; Cz\u0119\u015b\u0107 3: IBN\/SID"},"content":{"rendered":"<p><div class=\"fusion-fullwidth fullwidth-box fusion-builder-row-1 fusion-flex-container has-pattern-background has-mask-background nonhundred-percent-fullwidth non-hundred-percent-height-scrolling\" style=\"--awb-border-radius-top-left:0px;--awb-border-radius-top-right:0px;--awb-border-radius-bottom-right:0px;--awb-border-radius-bottom-left:0px;--awb-flex-wrap:wrap;\" ><div class=\"fusion-builder-row fusion-row fusion-flex-align-items-flex-start fusion-flex-content-wrap\" style=\"max-width:1586px;margin-left: calc(-4% \/ 2 );margin-right: calc(-4% \/ 2 );\"><div class=\"fusion-layout-column fusion_builder_column fusion-builder-column-0 fusion_builder_column_1_1 1_1 fusion-flex-column\" style=\"--awb-bg-size:cover;--awb-width-large:100%;--awb-margin-top-large:0px;--awb-spacing-right-large:1.92%;--awb-margin-bottom-large:20px;--awb-spacing-left-large:1.92%;--awb-width-medium:100%;--awb-order-medium:0;--awb-spacing-right-medium:1.92%;--awb-spacing-left-medium:1.92%;--awb-width-small:100%;--awb-order-small:0;--awb-spacing-right-small:1.92%;--awb-spacing-left-small:1.92%;\"><div class=\"fusion-column-wrapper fusion-column-has-shadow fusion-flex-justify-content-flex-start fusion-content-layout-column\"><div class=\"fusion-title title fusion-title-1 fusion-sep-none fusion-title-text fusion-title-size-one\" style=\"--awb-margin-top-small:10px;--awb-margin-right-small:0px;--awb-margin-bottom-small:10px;--awb-margin-left-small:0px;\"><h1 class=\"fusion-title-heading title-heading-left\" style=\"margin:0;\"><p style=\"text-align: center;\">3\ufe0f\u20e3 Sekretariaty, 2\ufe0f\u20e3 Kraje, 1\ufe0f\u20e3 wsp\u00f3lny cel! &#8211; Cz\u0119\u015b\u0107 3: IBN\/SID<\/p><\/h1><\/div><div class=\"fusion-text fusion-text-1\" style=\"--awb-margin-top:30px;\"><h3 style=\"text-align: center;\">Projekty strategiczne i projekty o znaczeniu ponadprogramowym wzd\u0142u\u017c granicy polsko-niemieckiej<\/h3>\n<\/div><div class=\"fusion-text fusion-text-2\" style=\"--awb-margin-top:30px;\"><p>Wsp\u00f3lna kampania informacyjna trwa! Tym razem prezentujemy projekt o znaczeniu strategicznym realizowany w ramach naszego programu Interreg Meklemburgia-Pomorze Przednie \/ Brandenburgia \/ Polska 2021-2027.<\/p>\n<\/div><\/div><\/div><\/div><\/div><div class=\"fusion-fullwidth fullwidth-box fusion-builder-row-2 fusion-flex-container has-pattern-background has-mask-background nonhundred-percent-fullwidth non-hundred-percent-height-scrolling\" style=\"--awb-border-radius-top-left:0px;--awb-border-radius-top-right:0px;--awb-border-radius-bottom-right:0px;--awb-border-radius-bottom-left:0px;--awb-flex-wrap:wrap;\" ><div class=\"fusion-builder-row fusion-row fusion-flex-align-items-flex-start fusion-flex-content-wrap\" style=\"max-width:1586px;margin-left: calc(-4% \/ 2 );margin-right: calc(-4% \/ 2 );\"><div class=\"fusion-layout-column fusion_builder_column fusion-builder-column-1 fusion_builder_column_1_2 1_2 fusion-flex-column\" style=\"--awb-bg-size:cover;--awb-width-large:50%;--awb-margin-top-large:0px;--awb-spacing-right-large:3.84%;--awb-margin-bottom-large:20px;--awb-spacing-left-large:3.84%;--awb-width-medium:50%;--awb-order-medium:0;--awb-spacing-right-medium:3.84%;--awb-spacing-left-medium:3.84%;--awb-width-small:100%;--awb-order-small:0;--awb-spacing-right-small:1.92%;--awb-spacing-left-small:1.92%;\"><div class=\"fusion-column-wrapper fusion-column-has-shadow fusion-flex-justify-content-flex-start fusion-content-layout-column\"><div class=\"fusion-text fusion-text-3\"><h5>Nazwa projektu:<\/h5>\n<\/div><\/div><\/div><div class=\"fusion-layout-column fusion_builder_column fusion-builder-column-2 fusion_builder_column_1_2 1_2 fusion-flex-column\" style=\"--awb-bg-size:cover;--awb-width-large:50%;--awb-margin-top-large:0px;--awb-spacing-right-large:3.84%;--awb-margin-bottom-large:20px;--awb-spacing-left-large:3.84%;--awb-width-medium:50%;--awb-order-medium:0;--awb-spacing-right-medium:3.84%;--awb-spacing-left-medium:3.84%;--awb-width-small:100%;--awb-order-small:0;--awb-spacing-right-small:1.92%;--awb-spacing-left-small:1.92%;\"><div class=\"fusion-column-wrapper fusion-column-has-shadow fusion-flex-justify-content-flex-start fusion-content-layout-column\"><div class=\"fusion-text fusion-text-4\"><p>IBN\/SID &#8211; Sie\u0107 Informacyjno-Doradcza<\/p>\n<\/div><\/div><\/div><\/div><\/div><div class=\"fusion-fullwidth fullwidth-box fusion-builder-row-3 fusion-flex-container has-pattern-background has-mask-background nonhundred-percent-fullwidth non-hundred-percent-height-scrolling\" style=\"--awb-border-radius-top-left:0px;--awb-border-radius-top-right:0px;--awb-border-radius-bottom-right:0px;--awb-border-radius-bottom-left:0px;--awb-flex-wrap:wrap;\" ><div class=\"fusion-builder-row fusion-row fusion-flex-align-items-flex-start fusion-flex-content-wrap\" style=\"max-width:1586px;margin-left: calc(-4% \/ 2 );margin-right: calc(-4% \/ 2 );\"><div class=\"fusion-layout-column fusion_builder_column fusion-builder-column-3 fusion_builder_column_1_2 1_2 fusion-flex-column\" style=\"--awb-bg-size:cover;--awb-width-large:50%;--awb-margin-top-large:0px;--awb-spacing-right-large:3.84%;--awb-margin-bottom-large:20px;--awb-spacing-left-large:3.84%;--awb-width-medium:50%;--awb-order-medium:0;--awb-spacing-right-medium:3.84%;--awb-spacing-left-medium:3.84%;--awb-width-small:100%;--awb-order-small:0;--awb-spacing-right-small:1.92%;--awb-spacing-left-small:1.92%;\"><div class=\"fusion-column-wrapper fusion-column-has-shadow fusion-flex-justify-content-flex-start fusion-content-layout-column\"><div class=\"fusion-text fusion-text-5\"><h5>Program wspieraj\u0105cy:<\/h5>\n<\/div><\/div><\/div><div class=\"fusion-layout-column fusion_builder_column fusion-builder-column-4 fusion_builder_column_1_2 1_2 fusion-flex-column\" style=\"--awb-bg-size:cover;--awb-width-large:50%;--awb-margin-top-large:0px;--awb-spacing-right-large:3.84%;--awb-margin-bottom-large:20px;--awb-spacing-left-large:3.84%;--awb-width-medium:50%;--awb-order-medium:0;--awb-spacing-right-medium:3.84%;--awb-spacing-left-medium:3.84%;--awb-width-small:100%;--awb-order-small:0;--awb-spacing-right-small:1.92%;--awb-spacing-left-small:1.92%;\"><div class=\"fusion-column-wrapper fusion-column-has-shadow fusion-flex-justify-content-flex-start fusion-content-layout-column\"><div class=\"fusion-text fusion-text-6\"><p>Interreg VI A Meklemburgia-Pomorze Przednie \/ Brandenburgia \/ Polska 2021-2027<\/p>\n<\/div><\/div><\/div><\/div><\/div><div class=\"fusion-fullwidth fullwidth-box fusion-builder-row-4 fusion-flex-container has-pattern-background has-mask-background nonhundred-percent-fullwidth non-hundred-percent-height-scrolling\" style=\"--awb-border-radius-top-left:0px;--awb-border-radius-top-right:0px;--awb-border-radius-bottom-right:0px;--awb-border-radius-bottom-left:0px;--awb-flex-wrap:wrap;\" ><div class=\"fusion-builder-row fusion-row fusion-flex-align-items-flex-start fusion-flex-content-wrap\" style=\"max-width:1586px;margin-left: calc(-4% \/ 2 );margin-right: calc(-4% \/ 2 );\"><div class=\"fusion-layout-column fusion_builder_column fusion-builder-column-5 fusion_builder_column_1_2 1_2 fusion-flex-column\" style=\"--awb-bg-size:cover;--awb-width-large:50%;--awb-margin-top-large:0px;--awb-spacing-right-large:3.84%;--awb-margin-bottom-large:20px;--awb-spacing-left-large:3.84%;--awb-width-medium:50%;--awb-order-medium:0;--awb-spacing-right-medium:3.84%;--awb-spacing-left-medium:3.84%;--awb-width-small:100%;--awb-order-small:0;--awb-spacing-right-small:1.92%;--awb-spacing-left-small:1.92%;\"><div class=\"fusion-column-wrapper fusion-column-has-shadow fusion-flex-justify-content-flex-start fusion-content-layout-column\"><div class=\"fusion-text fusion-text-7\"><h5>Partner wiod\u0105cy:<\/h5>\n<\/div><\/div><\/div><div class=\"fusion-layout-column fusion_builder_column fusion-builder-column-6 fusion_builder_column_1_2 1_2 fusion-flex-column\" style=\"--awb-bg-size:cover;--awb-width-large:50%;--awb-margin-top-large:0px;--awb-spacing-right-large:3.84%;--awb-margin-bottom-large:20px;--awb-spacing-left-large:3.84%;--awb-width-medium:50%;--awb-order-medium:0;--awb-spacing-right-medium:3.84%;--awb-spacing-left-medium:3.84%;--awb-width-small:100%;--awb-order-small:0;--awb-spacing-right-small:1.92%;--awb-spacing-left-small:1.92%;\"><div class=\"fusion-column-wrapper fusion-column-has-shadow fusion-flex-justify-content-flex-start fusion-content-layout-column\"><div class=\"fusion-text fusion-text-8\"><p>Kommunalgemeinschaft Europaregion Pomerania e.V.<\/p>\n<\/div><\/div><\/div><\/div><\/div><div class=\"fusion-fullwidth fullwidth-box fusion-builder-row-5 fusion-flex-container has-pattern-background has-mask-background nonhundred-percent-fullwidth non-hundred-percent-height-scrolling\" style=\"--awb-border-radius-top-left:0px;--awb-border-radius-top-right:0px;--awb-border-radius-bottom-right:0px;--awb-border-radius-bottom-left:0px;--awb-flex-wrap:wrap;\" ><div class=\"fusion-builder-row fusion-row fusion-flex-align-items-flex-start fusion-flex-content-wrap\" style=\"max-width:1586px;margin-left: calc(-4% \/ 2 );margin-right: calc(-4% \/ 2 );\"><div class=\"fusion-layout-column fusion_builder_column fusion-builder-column-7 fusion_builder_column_1_2 1_2 fusion-flex-column\" style=\"--awb-bg-size:cover;--awb-width-large:50%;--awb-margin-top-large:0px;--awb-spacing-right-large:3.84%;--awb-margin-bottom-large:20px;--awb-spacing-left-large:3.84%;--awb-width-medium:50%;--awb-order-medium:0;--awb-spacing-right-medium:3.84%;--awb-spacing-left-medium:3.84%;--awb-width-small:100%;--awb-order-small:0;--awb-spacing-right-small:1.92%;--awb-spacing-left-small:1.92%;\"><div class=\"fusion-column-wrapper fusion-column-has-shadow fusion-flex-justify-content-flex-start fusion-content-layout-column\"><div class=\"fusion-text fusion-text-9\"><h5>Partnerzy projektu:<\/h5>\n<\/div><\/div><\/div><div class=\"fusion-layout-column fusion_builder_column fusion-builder-column-8 fusion_builder_column_1_2 1_2 fusion-flex-column\" style=\"--awb-bg-size:cover;--awb-width-large:50%;--awb-margin-top-large:0px;--awb-spacing-right-large:3.84%;--awb-margin-bottom-large:20px;--awb-spacing-left-large:3.84%;--awb-width-medium:50%;--awb-order-medium:0;--awb-spacing-right-medium:3.84%;--awb-spacing-left-medium:3.84%;--awb-width-small:100%;--awb-order-small:0;--awb-spacing-right-small:1.92%;--awb-spacing-left-small:1.92%;\"><div class=\"fusion-column-wrapper fusion-column-has-shadow fusion-flex-justify-content-flex-start fusion-content-layout-column\"><div class=\"fusion-text fusion-text-10\"><ol>\n<li>Stowarzyszenie Gmin Polskich Euroregionu Pomerania<\/li>\n<li>STIC Wirtschaftsf\u00f6rdergesellschaft M\u00e4rkisch-Oderland mbH<\/li>\n<li>Gmina Miasto Koszalin<\/li>\n<li>Gmina Miasto \u015awinouj\u015bcie<\/li>\n<li>Ogrody Przelewice \u2013 Zachodniopomorskie Centrum Kultury Obszar\u00f3w Wiejskich i Edukacji Ekologicznej<\/li>\n<\/ol>\n<\/div><\/div><\/div><\/div><\/div><div class=\"fusion-fullwidth fullwidth-box fusion-builder-row-6 fusion-flex-container has-pattern-background has-mask-background nonhundred-percent-fullwidth non-hundred-percent-height-scrolling\" style=\"--awb-border-radius-top-left:0px;--awb-border-radius-top-right:0px;--awb-border-radius-bottom-right:0px;--awb-border-radius-bottom-left:0px;--awb-flex-wrap:wrap;\" ><div class=\"fusion-builder-row fusion-row fusion-flex-align-items-flex-start fusion-flex-content-wrap\" style=\"max-width:1586px;margin-left: calc(-4% \/ 2 );margin-right: calc(-4% \/ 2 );\"><div class=\"fusion-layout-column fusion_builder_column fusion-builder-column-9 fusion_builder_column_1_2 1_2 fusion-flex-column\" style=\"--awb-bg-size:cover;--awb-width-large:50%;--awb-margin-top-large:0px;--awb-spacing-right-large:3.84%;--awb-margin-bottom-large:20px;--awb-spacing-left-large:3.84%;--awb-width-medium:50%;--awb-order-medium:0;--awb-spacing-right-medium:3.84%;--awb-spacing-left-medium:3.84%;--awb-width-small:100%;--awb-order-small:0;--awb-spacing-right-small:1.92%;--awb-spacing-left-small:1.92%;\"><div class=\"fusion-column-wrapper fusion-column-has-shadow fusion-flex-justify-content-flex-start fusion-content-layout-column\"><div class=\"fusion-text fusion-text-11\"><h5>Kwalifikowalny bud\u017cet projektu:<\/h5>\n<\/div><\/div><\/div><div class=\"fusion-layout-column fusion_builder_column fusion-builder-column-10 fusion_builder_column_1_2 1_2 fusion-flex-column\" style=\"--awb-bg-size:cover;--awb-width-large:50%;--awb-margin-top-large:0px;--awb-spacing-right-large:3.84%;--awb-margin-bottom-large:20px;--awb-spacing-left-large:3.84%;--awb-width-medium:50%;--awb-order-medium:0;--awb-spacing-right-medium:3.84%;--awb-spacing-left-medium:3.84%;--awb-width-small:100%;--awb-order-small:0;--awb-spacing-right-small:1.92%;--awb-spacing-left-small:1.92%;\"><div class=\"fusion-column-wrapper fusion-column-has-shadow fusion-flex-justify-content-flex-start fusion-content-layout-column\"><div class=\"fusion-text fusion-text-12\"><p>5.954.163,35 EUR<\/p>\n<\/div><\/div><\/div><\/div><\/div><div class=\"fusion-fullwidth fullwidth-box fusion-builder-row-7 fusion-flex-container has-pattern-background has-mask-background nonhundred-percent-fullwidth non-hundred-percent-height-scrolling\" style=\"--awb-border-radius-top-left:0px;--awb-border-radius-top-right:0px;--awb-border-radius-bottom-right:0px;--awb-border-radius-bottom-left:0px;--awb-flex-wrap:wrap;\" ><div class=\"fusion-builder-row fusion-row fusion-flex-align-items-flex-start fusion-flex-content-wrap\" style=\"max-width:1586px;margin-left: calc(-4% \/ 2 );margin-right: calc(-4% \/ 2 );\"><div class=\"fusion-layout-column fusion_builder_column fusion-builder-column-11 fusion_builder_column_1_2 1_2 fusion-flex-column\" style=\"--awb-bg-size:cover;--awb-width-large:50%;--awb-margin-top-large:0px;--awb-spacing-right-large:3.84%;--awb-margin-bottom-large:20px;--awb-spacing-left-large:3.84%;--awb-width-medium:50%;--awb-order-medium:0;--awb-spacing-right-medium:3.84%;--awb-spacing-left-medium:3.84%;--awb-width-small:100%;--awb-order-small:0;--awb-spacing-right-small:1.92%;--awb-spacing-left-small:1.92%;\"><div class=\"fusion-column-wrapper fusion-column-has-shadow fusion-flex-justify-content-flex-start fusion-content-layout-column\"><div class=\"fusion-text fusion-text-13\"><h5>Kwota dofinansowania (EFRR):<\/h5>\n<\/div><\/div><\/div><div class=\"fusion-layout-column fusion_builder_column fusion-builder-column-12 fusion_builder_column_1_2 1_2 fusion-flex-column\" style=\"--awb-bg-size:cover;--awb-width-large:50%;--awb-margin-top-large:0px;--awb-spacing-right-large:3.84%;--awb-margin-bottom-large:20px;--awb-spacing-left-large:3.84%;--awb-width-medium:50%;--awb-order-medium:0;--awb-spacing-right-medium:3.84%;--awb-spacing-left-medium:3.84%;--awb-width-small:100%;--awb-order-small:0;--awb-spacing-right-small:1.92%;--awb-spacing-left-small:1.92%;\"><div class=\"fusion-column-wrapper fusion-column-has-shadow fusion-flex-justify-content-flex-start fusion-content-layout-column\"><div class=\"fusion-text fusion-text-14\"><p>4.763.330,67 EUR<\/p>\n<\/div><\/div><\/div><\/div><\/div><div class=\"fusion-fullwidth fullwidth-box fusion-builder-row-8 fusion-flex-container has-pattern-background has-mask-background nonhundred-percent-fullwidth non-hundred-percent-height-scrolling\" style=\"--awb-border-radius-top-left:0px;--awb-border-radius-top-right:0px;--awb-border-radius-bottom-right:0px;--awb-border-radius-bottom-left:0px;--awb-flex-wrap:wrap;\" ><div class=\"fusion-builder-row fusion-row fusion-flex-align-items-flex-start fusion-flex-content-wrap\" style=\"max-width:1586px;margin-left: calc(-4% \/ 2 );margin-right: calc(-4% \/ 2 );\"><div class=\"fusion-layout-column fusion_builder_column fusion-builder-column-13 fusion_builder_column_1_2 1_2 fusion-flex-column\" style=\"--awb-bg-size:cover;--awb-width-large:50%;--awb-margin-top-large:0px;--awb-spacing-right-large:3.84%;--awb-margin-bottom-large:20px;--awb-spacing-left-large:3.84%;--awb-width-medium:50%;--awb-order-medium:0;--awb-spacing-right-medium:3.84%;--awb-spacing-left-medium:3.84%;--awb-width-small:100%;--awb-order-small:0;--awb-spacing-right-small:1.92%;--awb-spacing-left-small:1.92%;\"><div class=\"fusion-column-wrapper fusion-column-has-shadow fusion-flex-justify-content-flex-start fusion-content-layout-column\"><div class=\"fusion-text fusion-text-15\"><h5>Okres realizacji:<\/h5>\n<\/div><\/div><\/div><div class=\"fusion-layout-column fusion_builder_column fusion-builder-column-14 fusion_builder_column_1_2 1_2 fusion-flex-column\" style=\"--awb-bg-size:cover;--awb-width-large:50%;--awb-margin-top-large:0px;--awb-spacing-right-large:3.84%;--awb-margin-bottom-large:20px;--awb-spacing-left-large:3.84%;--awb-width-medium:50%;--awb-order-medium:0;--awb-spacing-right-medium:3.84%;--awb-spacing-left-medium:3.84%;--awb-width-small:100%;--awb-order-small:0;--awb-spacing-right-small:1.92%;--awb-spacing-left-small:1.92%;\"><div class=\"fusion-column-wrapper fusion-column-has-shadow fusion-flex-justify-content-flex-start fusion-content-layout-column\"><div class=\"fusion-text fusion-text-16\"><p>01.11.2023 \u2013 31.10.2027<\/p>\n<\/div><\/div><\/div><\/div><\/div><div class=\"fusion-fullwidth fullwidth-box fusion-builder-row-9 fusion-flex-container has-pattern-background has-mask-background nonhundred-percent-fullwidth non-hundred-percent-height-scrolling\" style=\"--awb-border-radius-top-left:0px;--awb-border-radius-top-right:0px;--awb-border-radius-bottom-right:0px;--awb-border-radius-bottom-left:0px;--awb-flex-wrap:wrap;\" ><div class=\"fusion-builder-row fusion-row fusion-flex-align-items-flex-start fusion-flex-content-wrap\" style=\"max-width:1586px;margin-left: calc(-4% \/ 2 );margin-right: calc(-4% \/ 2 );\"><div class=\"fusion-layout-column fusion_builder_column fusion-builder-column-15 fusion_builder_column_1_2 1_2 fusion-flex-column\" style=\"--awb-bg-size:cover;--awb-width-large:50%;--awb-margin-top-large:0px;--awb-spacing-right-large:3.84%;--awb-margin-bottom-large:20px;--awb-spacing-left-large:3.84%;--awb-width-medium:50%;--awb-order-medium:0;--awb-spacing-right-medium:3.84%;--awb-spacing-left-medium:3.84%;--awb-width-small:100%;--awb-order-small:0;--awb-spacing-right-small:1.92%;--awb-spacing-left-small:1.92%;\"><div class=\"fusion-column-wrapper fusion-column-has-shadow fusion-flex-justify-content-flex-start fusion-content-layout-column\"><div class=\"fusion-text fusion-text-17\"><h5>G\u0142\u00f3wny cel projektu:<\/h5>\n<\/div><\/div><\/div><div class=\"fusion-layout-column fusion_builder_column fusion-builder-column-16 fusion_builder_column_1_2 1_2 fusion-flex-column\" style=\"--awb-bg-size:cover;--awb-width-large:50%;--awb-margin-top-large:0px;--awb-spacing-right-large:3.84%;--awb-margin-bottom-large:20px;--awb-spacing-left-large:3.84%;--awb-width-medium:50%;--awb-order-medium:0;--awb-spacing-right-medium:3.84%;--awb-spacing-left-medium:3.84%;--awb-width-small:100%;--awb-order-small:0;--awb-spacing-right-small:1.92%;--awb-spacing-left-small:1.92%;\"><div class=\"fusion-column-wrapper fusion-column-has-shadow fusion-flex-justify-content-flex-start fusion-content-layout-column\"><div class=\"fusion-text fusion-text-18\"><p>Celem projektu jest rozwi\u0105zywanie problem\u00f3w komunikacyjnych, administracyjnych, mi\u0119dzykulturowych i prawnych jak r\u00f3wnie\u017c wspieranie przedsi\u0119biorstw, instytucji i mieszka\u0144c\u00f3w w pokonywaniu przeszk\u00f3d transgranicznych. Celem jest r\u00f3wnie\u017c rozszerzenie wsp\u00f3\u0142pracy gospodarczej poprzez wykorzystanie potencja\u0142u rozwojowego i generowanie impuls\u00f3w innowacyjnych stymuluj\u0105cych lokalne \u017cycie gospodarcze.<\/p>\n<p>Do\u015bwiadczony dwuj\u0119zyczny personel dzia\u0142a w ramach sieci 9 biur i pomaga osobom poszukuj\u0105cym porady w konkretnych kwestiach i oferuje wydarzenia informacyjne na tematy transgraniczne w regionie.<\/p>\n<\/div><\/div><\/div><\/div><\/div><div class=\"fusion-fullwidth fullwidth-box fusion-builder-row-10 fusion-flex-container has-pattern-background has-mask-background nonhundred-percent-fullwidth non-hundred-percent-height-scrolling\" style=\"--awb-border-radius-top-left:0px;--awb-border-radius-top-right:0px;--awb-border-radius-bottom-right:0px;--awb-border-radius-bottom-left:0px;--awb-flex-wrap:wrap;\" ><div class=\"fusion-builder-row fusion-row fusion-flex-align-items-flex-start fusion-flex-content-wrap\" style=\"max-width:1586px;margin-left: calc(-4% \/ 2 );margin-right: calc(-4% \/ 2 );\"><div class=\"fusion-layout-column fusion_builder_column fusion-builder-column-17 fusion_builder_column_1_2 1_2 fusion-flex-column\" style=\"--awb-bg-size:cover;--awb-width-large:50%;--awb-margin-top-large:0px;--awb-spacing-right-large:3.84%;--awb-margin-bottom-large:20px;--awb-spacing-left-large:3.84%;--awb-width-medium:50%;--awb-order-medium:0;--awb-spacing-right-medium:3.84%;--awb-spacing-left-medium:3.84%;--awb-width-small:100%;--awb-order-small:0;--awb-spacing-right-small:1.92%;--awb-spacing-left-small:1.92%;\"><div class=\"fusion-column-wrapper fusion-column-has-shadow fusion-flex-justify-content-flex-start fusion-content-layout-column\"><div class=\"fusion-text fusion-text-19\"><h5>Najwa\u017cniejsze dzia\u0142ania projektu:<\/h5>\n<\/div><\/div><\/div><div class=\"fusion-layout-column fusion_builder_column fusion-builder-column-18 fusion_builder_column_1_2 1_2 fusion-flex-column\" style=\"--awb-bg-size:cover;--awb-width-large:50%;--awb-margin-top-large:0px;--awb-spacing-right-large:3.84%;--awb-margin-bottom-large:20px;--awb-spacing-left-large:3.84%;--awb-width-medium:50%;--awb-order-medium:0;--awb-spacing-right-medium:3.84%;--awb-spacing-left-medium:3.84%;--awb-width-small:100%;--awb-order-small:0;--awb-spacing-right-small:1.92%;--awb-spacing-left-small:1.92%;\"><div class=\"fusion-column-wrapper fusion-column-has-shadow fusion-flex-justify-content-flex-start fusion-content-layout-column\"><div class=\"fusion-text fusion-text-20\"><ul>\n<li>Networking, transgraniczne po\u015brednictwo w nawi\u0105zywaniu kontakt\u00f3w i inicjowanie wsp\u00f3\u0142pracy<\/li>\n<li>Organizacja i realizacja wydarze\u0144 oraz wizyt na targach<\/li>\n<li>Ewaluacja<\/li>\n<li>Poradnictwo transgraniczne<\/li>\n<li>Tematyczne dni doradztwa<\/li>\n<li>Budowa formalnej sieci instytucji wspieraj\u0105cych mieszka\u0144c\u00f3w pogranicza<\/li>\n<li>Utworzenie polsko-niemieckiego miejsca spotka\u0144 przedsi\u0119biorc\u00f3w w K\u00fcstrin-Kietz<\/li>\n<li>Szeroko poj\u0119te dzia\u0142ania komunikacyjne<\/li>\n<\/ul>\n<\/div><\/div><\/div><\/div><\/div><div class=\"fusion-fullwidth fullwidth-box fusion-builder-row-11 fusion-flex-container has-pattern-background has-mask-background nonhundred-percent-fullwidth non-hundred-percent-height-scrolling\" style=\"--awb-border-radius-top-left:0px;--awb-border-radius-top-right:0px;--awb-border-radius-bottom-right:0px;--awb-border-radius-bottom-left:0px;--awb-flex-wrap:wrap;\" ><div class=\"fusion-builder-row fusion-row fusion-flex-align-items-flex-start fusion-flex-content-wrap\" style=\"max-width:1586px;margin-left: calc(-4% \/ 2 );margin-right: calc(-4% \/ 2 );\"><div class=\"fusion-layout-column fusion_builder_column fusion-builder-column-19 fusion_builder_column_1_2 1_2 fusion-flex-column\" style=\"--awb-bg-size:cover;--awb-width-large:50%;--awb-margin-top-large:0px;--awb-spacing-right-large:3.84%;--awb-margin-bottom-large:20px;--awb-spacing-left-large:3.84%;--awb-width-medium:50%;--awb-order-medium:0;--awb-spacing-right-medium:3.84%;--awb-spacing-left-medium:3.84%;--awb-width-small:100%;--awb-order-small:0;--awb-spacing-right-small:1.92%;--awb-spacing-left-small:1.92%;\"><div class=\"fusion-column-wrapper fusion-column-has-shadow fusion-flex-justify-content-flex-start fusion-content-layout-column\"><div class=\"fusion-text fusion-text-21\"><h5>Dzia\u0142ania inwestycyjne:<\/h5>\n<\/div><\/div><\/div><div class=\"fusion-layout-column fusion_builder_column fusion-builder-column-20 fusion_builder_column_1_2 1_2 fusion-flex-column\" style=\"--awb-bg-size:cover;--awb-width-large:50%;--awb-margin-top-large:0px;--awb-spacing-right-large:3.84%;--awb-margin-bottom-large:20px;--awb-spacing-left-large:3.84%;--awb-width-medium:50%;--awb-order-medium:0;--awb-spacing-right-medium:3.84%;--awb-spacing-left-medium:3.84%;--awb-width-small:100%;--awb-order-small:0;--awb-spacing-right-small:1.92%;--awb-spacing-left-small:1.92%;\"><div class=\"fusion-column-wrapper fusion-column-has-shadow fusion-flex-justify-content-flex-start fusion-content-layout-column\"><div class=\"fusion-text fusion-text-22\"><p>brak<\/p>\n<\/div><\/div><\/div><\/div><\/div><div class=\"fusion-fullwidth fullwidth-box fusion-builder-row-12 fusion-flex-container has-pattern-background has-mask-background nonhundred-percent-fullwidth non-hundred-percent-height-scrolling\" style=\"--awb-border-radius-top-left:0px;--awb-border-radius-top-right:0px;--awb-border-radius-bottom-right:0px;--awb-border-radius-bottom-left:0px;--awb-flex-wrap:wrap;\" ><div class=\"fusion-builder-row fusion-row fusion-flex-align-items-flex-start fusion-flex-content-wrap\" style=\"max-width:1586px;margin-left: calc(-4% \/ 2 );margin-right: calc(-4% \/ 2 );\"><div class=\"fusion-layout-column fusion_builder_column fusion-builder-column-21 fusion_builder_column_1_2 1_2 fusion-flex-column\" style=\"--awb-bg-size:cover;--awb-width-large:50%;--awb-margin-top-large:0px;--awb-spacing-right-large:3.84%;--awb-margin-bottom-large:20px;--awb-spacing-left-large:3.84%;--awb-width-medium:50%;--awb-order-medium:0;--awb-spacing-right-medium:3.84%;--awb-spacing-left-medium:3.84%;--awb-width-small:100%;--awb-order-small:0;--awb-spacing-right-small:1.92%;--awb-spacing-left-small:1.92%;\"><div class=\"fusion-column-wrapper fusion-column-has-shadow fusion-flex-justify-content-flex-start fusion-content-layout-column\"><div class=\"fusion-text fusion-text-23\"><h5>Stan realizacji projektu:<\/h5>\n<\/div><\/div><\/div><div class=\"fusion-layout-column fusion_builder_column fusion-builder-column-22 fusion_builder_column_1_2 1_2 fusion-flex-column\" style=\"--awb-bg-size:cover;--awb-width-large:50%;--awb-margin-top-large:0px;--awb-spacing-right-large:3.84%;--awb-margin-bottom-large:20px;--awb-spacing-left-large:3.84%;--awb-width-medium:50%;--awb-order-medium:0;--awb-spacing-right-medium:3.84%;--awb-spacing-left-medium:3.84%;--awb-width-small:100%;--awb-order-small:0;--awb-spacing-right-small:1.92%;--awb-spacing-left-small:1.92%;\"><div class=\"fusion-column-wrapper fusion-column-has-shadow fusion-flex-justify-content-flex-start fusion-content-layout-column\"><div class=\"fusion-text fusion-text-24\"><ul>\n<li>Inauguracyjne wydarzenie projektu mia\u0142o miejsce 4 grudnia 2023 roku w biurze Zwi\u0105zku Komunalnego Pomerania pryz udziale wszystkich partner\u00f3w projektu.<\/li>\n<li>Wszystkie dzia\u0142ania projektowe s\u0105 obecnie realizowane zgodnie z planem, patrz <a href=\"www.ibn-sid.eu\">strona internetowa projektu<\/a> oraz <a href=\"https:\/\/www.facebook.com\/IBNNetzwerk\">fanpage projektu na Facebooku<\/a><\/li>\n<li>Do ko\u0144ca kwietnia 2025 roku przeprowadzono ponad 5 tysi\u0119cy konsultacji doradczych, a niemal 2 tysi\u0105ce os\u00f3b wzi\u0119\u0142o udzia\u0142 w r\u00f3\u017cnych wydarzeniach projektowych, takich jak fora przedsi\u0119biorc\u00f3w i konferencje, m.in.: \u201eWyzwania edukacji na pograniczu. Technologia \u2013 Wieloj\u0119zyczno\u015b\u0107 \u2013 Wsp\u00f3\u0142praca\u201d (17.04.2024), \u201eOdkrywanie potencja\u0142u konopi wzd\u0142u\u017c \u0142a\u0144cucha warto\u015bci\u201d (26.09.2024), \u201eZr\u00f3wnowa\u017cone budownictwo \u2013 naturalne materia\u0142y budowlane i recykling\u201d (16.10.2024), Niemiecko-Polska Konferencja Wodorowa (15.11.2025), I Niemiecko-Polska Konferencja Infrastrukturalna (02.04.2025) czy podr\u00f3\u017ce studyjne, takie jak: \u201eRok jubileuszowy Caspara Davida Friedricha 2024 w Greifswaldzie jako oferta dla przedsi\u0119biorc\u00f3w i multiplikator\u00f3w z bran\u017cy turystycznej\u201d (07.05.2024) lub \u201eTurystyczny potencja\u0142 p\u00f3\u0142wyspu Fischland-Dar\u00df\u201d (21.05.2025).<\/li>\n<li>Uroczyste otwarcie Punktu Spotka\u0144 Przedsi\u0119biorc\u00f3w w K\u00fcstrin-Kietz mia\u0142o miejsce 26 maja 2025 roku<\/li>\n<li>Obecnie przygotowywany jest przetarg na wyb\u00f3r firmy ewaluacyjnej.<\/li>\n<\/ul>\n<\/div><\/div><\/div><\/div><\/div><div class=\"fusion-fullwidth fullwidth-box fusion-builder-row-13 fusion-flex-container has-pattern-background has-mask-background nonhundred-percent-fullwidth non-hundred-percent-height-scrolling\" style=\"--awb-border-radius-top-left:0px;--awb-border-radius-top-right:0px;--awb-border-radius-bottom-right:0px;--awb-border-radius-bottom-left:0px;--awb-flex-wrap:wrap;\" ><div class=\"fusion-builder-row fusion-row fusion-flex-align-items-flex-start fusion-flex-content-wrap\" style=\"max-width:1586px;margin-left: calc(-4% \/ 2 );margin-right: calc(-4% \/ 2 );\"><div class=\"fusion-layout-column fusion_builder_column fusion-builder-column-23 fusion_builder_column_1_2 1_2 fusion-flex-column\" style=\"--awb-bg-size:cover;--awb-width-large:50%;--awb-margin-top-large:0px;--awb-spacing-right-large:3.84%;--awb-margin-bottom-large:20px;--awb-spacing-left-large:3.84%;--awb-width-medium:50%;--awb-order-medium:0;--awb-spacing-right-medium:3.84%;--awb-spacing-left-medium:3.84%;--awb-width-small:100%;--awb-order-small:0;--awb-spacing-right-small:1.92%;--awb-spacing-left-small:1.92%;\"><div class=\"fusion-column-wrapper fusion-column-has-shadow fusion-flex-justify-content-flex-start fusion-content-layout-column\"><div class=\"fusion-text fusion-text-25\"><h5>Znaczenie strategiczne:<\/h5>\n<\/div><\/div><\/div><div class=\"fusion-layout-column fusion_builder_column fusion-builder-column-24 fusion_builder_column_1_2 1_2 fusion-flex-column\" style=\"--awb-bg-size:cover;--awb-width-large:50%;--awb-margin-top-large:0px;--awb-spacing-right-large:3.84%;--awb-margin-bottom-large:20px;--awb-spacing-left-large:3.84%;--awb-width-medium:50%;--awb-order-medium:0;--awb-spacing-right-medium:3.84%;--awb-spacing-left-medium:3.84%;--awb-width-small:100%;--awb-order-small:0;--awb-spacing-right-small:1.92%;--awb-spacing-left-small:1.92%;\"><div class=\"fusion-column-wrapper fusion-column-has-shadow fusion-flex-justify-content-flex-start fusion-content-layout-column\"><div class=\"fusion-text fusion-text-26\"><p>Projekt wnosi istotny wk\u0142ad w integracj\u0119 spo\u0142eczn\u0105 i zr\u00f3wnowa\u017cony rozw\u00f3j w niemiecko-polskim obszarze powi\u0105za\u0144.<\/p>\n<p>Dzia\u0142ania w nim s\u0105 odpowiedzi\u0105 na bie\u017c\u0105ce potrzeby obywateli pogranicza ale tak\u017ce przedsi\u0119biorc\u00f3w poszukuj\u0105cych informacji o sposobie wymiany wiedzy jak nawi\u0105zywania kontakt\u00f3w polsko-niemieckich. Do kluczowych temat\u00f3w nale\u017c\u0105 transgraniczny transfer wiedzy i technologii w sektorze energetycznym, wzmocnienie bran\u017cy turystycznej oraz zabezpieczenie wykwalifikowanej kadry.<\/p>\n<p>Dzia\u0142ania w nim s\u0105 odpowiedzi\u0105 na bie\u017c\u0105ce potrzeby obywateli pogranicza ale tak\u017ce przedsi\u0119biorc\u00f3w poszukuj\u0105cych informacji o sposobie wymiany wiedzy jak nawi\u0105zywania kontakt\u00f3w polsko-niemieckich. Do kluczowych temat\u00f3w nale\u017c\u0105 transgraniczny transfer wiedzy i technologii w sektorze energetycznym, wzmocnienie bran\u017cy turystycznej oraz zabezpieczenie wykwalifikowanej kadry.<br \/>\nWysoka jako\u015b\u0107 partnerstw projektowych oraz \u015bcis\u0142a komunikacja i wsp\u00f3\u0142praca mi\u0119dzy lokalizacjami zapewniaj\u0105 skuteczn\u0105 realizacj\u0119 licznych wydarze\u0144 informacyjnych, spotka\u0144, warsztat\u00f3w itp. na ca\u0142ym obszarze programu.<br \/>\nOd maja 2025 roku SID, we wsp\u00f3\u0142pracy z wieloletnim partnerem projektowym STIC, oferuje swoje us\u0142ugi r\u00f3wnie\u017c w nowej lokalizacji \u2013 niemiecko-polskim punkcie spotka\u0144 dla przedsi\u0119biorc\u00f3w MOST na dworcu kolejowym K\u00fcstrin-Kietz. Dzi\u0119ki po\u0142\u0105czeniu kolejowemu z Berlinem i Gorzowem oraz blisko\u015bci mostu granicznego do Kostrzyna nad Odr\u0105, przestrze\u0144 coworkingowa MOST jest \u0142atwo dost\u0119pna dla wszystkich podr\u00f3\u017cnych \u2013 zar\u00f3wno dla mieszka\u0144c\u00f3w, jak i odwiedzaj\u0105cych.<\/p>\n<\/div><\/div><\/div><\/div><\/div><div class=\"fusion-fullwidth fullwidth-box fusion-builder-row-14 fusion-flex-container has-pattern-background has-mask-background nonhundred-percent-fullwidth non-hundred-percent-height-scrolling\" style=\"--awb-border-radius-top-left:0px;--awb-border-radius-top-right:0px;--awb-border-radius-bottom-right:0px;--awb-border-radius-bottom-left:0px;--awb-flex-wrap:wrap;\" ><div class=\"fusion-builder-row fusion-row fusion-flex-align-items-flex-start fusion-flex-content-wrap\" style=\"max-width:1586px;margin-left: calc(-4% \/ 2 );margin-right: calc(-4% \/ 2 );\"><div class=\"fusion-layout-column fusion_builder_column fusion-builder-column-25 fusion_builder_column_1_2 1_2 fusion-flex-column\" style=\"--awb-bg-size:cover;--awb-width-large:50%;--awb-margin-top-large:0px;--awb-spacing-right-large:3.84%;--awb-margin-bottom-large:20px;--awb-spacing-left-large:3.84%;--awb-width-medium:50%;--awb-order-medium:0;--awb-spacing-right-medium:3.84%;--awb-spacing-left-medium:3.84%;--awb-width-small:100%;--awb-order-small:0;--awb-spacing-right-small:1.92%;--awb-spacing-left-small:1.92%;\"><div class=\"fusion-column-wrapper fusion-column-has-shadow fusion-flex-justify-content-flex-start fusion-content-layout-column\"><div class=\"fusion-text fusion-text-27\"><h5>Linki:<\/h5>\n<\/div><\/div><\/div><div class=\"fusion-layout-column fusion_builder_column fusion-builder-column-26 fusion_builder_column_1_2 1_2 fusion-flex-column\" style=\"--awb-bg-size:cover;--awb-width-large:50%;--awb-margin-top-large:0px;--awb-spacing-right-large:3.84%;--awb-margin-bottom-large:20px;--awb-spacing-left-large:3.84%;--awb-width-medium:50%;--awb-order-medium:0;--awb-spacing-right-medium:3.84%;--awb-spacing-left-medium:3.84%;--awb-width-small:100%;--awb-order-small:0;--awb-spacing-right-small:1.92%;--awb-spacing-left-small:1.92%;\"><div class=\"fusion-column-wrapper fusion-column-has-shadow fusion-flex-justify-content-flex-start fusion-content-layout-column\"><div class=\"fusion-text fusion-text-28\"><p><a href=\"https:\/\/ibn-sid.eu\/de\/\">do Projektu<\/a><\/p>\n<p><a href=\"https:\/\/www.interreg6a.net\/pl\/\">do Programu<\/a><\/p>\n<\/div><\/div><\/div><\/div><\/div><div class=\"fusion-fullwidth fullwidth-box fusion-builder-row-15 fusion-flex-container has-pattern-background has-mask-background nonhundred-percent-fullwidth non-hundred-percent-height-scrolling\" style=\"--awb-border-radius-top-left:0px;--awb-border-radius-top-right:0px;--awb-border-radius-bottom-right:0px;--awb-border-radius-bottom-left:0px;--awb-flex-wrap:wrap;\" ><div class=\"fusion-builder-row fusion-row fusion-flex-align-items-flex-start fusion-flex-content-wrap\" style=\"max-width:1586px;margin-left: calc(-4% \/ 2 );margin-right: calc(-4% \/ 2 );\"><div class=\"fusion-layout-column fusion_builder_column fusion-builder-column-27 fusion_builder_column_1_2 1_2 fusion-flex-column\" style=\"--awb-bg-size:cover;--awb-width-large:50%;--awb-margin-top-large:0px;--awb-spacing-right-large:3.84%;--awb-margin-bottom-large:20px;--awb-spacing-left-large:3.84%;--awb-width-medium:50%;--awb-order-medium:0;--awb-spacing-right-medium:3.84%;--awb-spacing-left-medium:3.84%;--awb-width-small:100%;--awb-order-small:0;--awb-spacing-right-small:1.92%;--awb-spacing-left-small:1.92%;\"><div class=\"fusion-column-wrapper fusion-column-has-shadow fusion-flex-justify-content-flex-start fusion-content-layout-column\"><div class=\"fusion-image-element \" style=\"--awb-caption-title-font-family:var(--h2_typography-font-family);--awb-caption-title-font-weight:var(--h2_typography-font-weight);--awb-caption-title-font-style:var(--h2_typography-font-style);--awb-caption-title-size:var(--h2_typography-font-size);--awb-caption-title-transform:var(--h2_typography-text-transform);--awb-caption-title-line-height:var(--h2_typography-line-height);--awb-caption-title-letter-spacing:var(--h2_typography-letter-spacing);\"><span class=\" fusion-imageframe imageframe-none imageframe-1 hover-type-none\"><img decoding=\"async\" width=\"2167\" height=\"1380\" title=\"CDF-Greifswals-07.05.24-scaled-e1749198616538\" src=\"https:\/\/www.interreg6a.net\/wp-content\/uploads\/2025\/06\/CDF-Greifswals-07.05.24-scaled-e1749198616538-1.jpg\" alt class=\"img-responsive wp-image-18116\" srcset=\"https:\/\/www.interreg6a.net\/wp-content\/uploads\/2025\/06\/CDF-Greifswals-07.05.24-scaled-e1749198616538-1-200x127.jpg 200w, https:\/\/www.interreg6a.net\/wp-content\/uploads\/2025\/06\/CDF-Greifswals-07.05.24-scaled-e1749198616538-1-400x255.jpg 400w, https:\/\/www.interreg6a.net\/wp-content\/uploads\/2025\/06\/CDF-Greifswals-07.05.24-scaled-e1749198616538-1-600x382.jpg 600w, https:\/\/www.interreg6a.net\/wp-content\/uploads\/2025\/06\/CDF-Greifswals-07.05.24-scaled-e1749198616538-1-800x509.jpg 800w, https:\/\/www.interreg6a.net\/wp-content\/uploads\/2025\/06\/CDF-Greifswals-07.05.24-scaled-e1749198616538-1-1200x764.jpg 1200w, https:\/\/www.interreg6a.net\/wp-content\/uploads\/2025\/06\/CDF-Greifswals-07.05.24-scaled-e1749198616538-1.jpg 2167w\" sizes=\"(max-width: 575px) 100vw, 800px\" \/><\/span><\/div><\/div><\/div><div class=\"fusion-layout-column fusion_builder_column fusion-builder-column-28 fusion_builder_column_1_2 1_2 fusion-flex-column\" style=\"--awb-bg-size:cover;--awb-width-large:50%;--awb-margin-top-large:0px;--awb-spacing-right-large:3.84%;--awb-margin-bottom-large:20px;--awb-spacing-left-large:3.84%;--awb-width-medium:50%;--awb-order-medium:0;--awb-spacing-right-medium:3.84%;--awb-spacing-left-medium:3.84%;--awb-width-small:100%;--awb-order-small:0;--awb-spacing-right-small:1.92%;--awb-spacing-left-small:1.92%;\"><div class=\"fusion-column-wrapper fusion-column-has-shadow fusion-flex-justify-content-flex-start fusion-content-layout-column\"><div class=\"fusion-image-element \" style=\"--awb-caption-title-font-family:var(--h2_typography-font-family);--awb-caption-title-font-weight:var(--h2_typography-font-weight);--awb-caption-title-font-style:var(--h2_typography-font-style);--awb-caption-title-size:var(--h2_typography-font-size);--awb-caption-title-transform:var(--h2_typography-text-transform);--awb-caption-title-line-height:var(--h2_typography-line-height);--awb-caption-title-letter-spacing:var(--h2_typography-letter-spacing);\"><span class=\" fusion-imageframe imageframe-none imageframe-2 hover-type-none\"><img decoding=\"async\" width=\"1470\" height=\"924\" title=\"Hanfunternehmerforum-scaled-e1749198577144\" src=\"https:\/\/www.interreg6a.net\/wp-content\/uploads\/2025\/06\/Hanfunternehmerforum-scaled-e1749198577144-1.jpg\" alt class=\"img-responsive wp-image-18118\" srcset=\"https:\/\/www.interreg6a.net\/wp-content\/uploads\/2025\/06\/Hanfunternehmerforum-scaled-e1749198577144-1-200x126.jpg 200w, https:\/\/www.interreg6a.net\/wp-content\/uploads\/2025\/06\/Hanfunternehmerforum-scaled-e1749198577144-1-400x251.jpg 400w, https:\/\/www.interreg6a.net\/wp-content\/uploads\/2025\/06\/Hanfunternehmerforum-scaled-e1749198577144-1-600x377.jpg 600w, https:\/\/www.interreg6a.net\/wp-content\/uploads\/2025\/06\/Hanfunternehmerforum-scaled-e1749198577144-1-800x503.jpg 800w, https:\/\/www.interreg6a.net\/wp-content\/uploads\/2025\/06\/Hanfunternehmerforum-scaled-e1749198577144-1-1200x754.jpg 1200w, https:\/\/www.interreg6a.net\/wp-content\/uploads\/2025\/06\/Hanfunternehmerforum-scaled-e1749198577144-1.jpg 1470w\" sizes=\"(max-width: 575px) 100vw, 800px\" \/><\/span><\/div><\/div><\/div><\/div><\/div><div class=\"fusion-fullwidth fullwidth-box fusion-builder-row-16 fusion-flex-container has-pattern-background has-mask-background nonhundred-percent-fullwidth non-hundred-percent-height-scrolling\" style=\"--awb-border-radius-top-left:0px;--awb-border-radius-top-right:0px;--awb-border-radius-bottom-right:0px;--awb-border-radius-bottom-left:0px;--awb-flex-wrap:wrap;\" ><div class=\"fusion-builder-row fusion-row fusion-flex-align-items-flex-start fusion-flex-content-wrap\" style=\"max-width:1586px;margin-left: calc(-4% \/ 2 );margin-right: calc(-4% \/ 2 );\"><div class=\"fusion-layout-column fusion_builder_column fusion-builder-column-29 fusion_builder_column_1_1 1_1 fusion-flex-column\" style=\"--awb-bg-size:cover;--awb-width-large:100%;--awb-margin-top-large:0px;--awb-spacing-right-large:1.92%;--awb-margin-bottom-large:20px;--awb-spacing-left-large:1.92%;--awb-width-medium:100%;--awb-order-medium:0;--awb-spacing-right-medium:1.92%;--awb-spacing-left-medium:1.92%;--awb-width-small:100%;--awb-order-small:0;--awb-spacing-right-small:1.92%;--awb-spacing-left-small:1.92%;\"><div class=\"fusion-column-wrapper fusion-column-has-shadow fusion-flex-justify-content-flex-start fusion-content-layout-column\"><div class=\"fusion-text fusion-text-29\" style=\"--awb-margin-top:20px;\"><p><a href=\"https:\/\/pomerania.net\/pl\/inauguracja-projektu-siec-informacyjno-doradcza-euroregionu-pomerania\/\">Inauguracja projektu<\/a> odby\u0142a si\u0119 4 grudnia 2023 r. w siedzibie Wsp\u00f3lnoty Komunalnej Pomerania<\/p>\n<\/div><div class=\"fusion-image-element \" style=\"--awb-caption-title-font-family:var(--h2_typography-font-family);--awb-caption-title-font-weight:var(--h2_typography-font-weight);--awb-caption-title-font-style:var(--h2_typography-font-style);--awb-caption-title-size:var(--h2_typography-font-size);--awb-caption-title-transform:var(--h2_typography-text-transform);--awb-caption-title-line-height:var(--h2_typography-line-height);--awb-caption-title-letter-spacing:var(--h2_typography-letter-spacing);\"><span class=\" fusion-imageframe imageframe-none imageframe-3 hover-type-none\"><img decoding=\"async\" width=\"1403\" height=\"1047\" title=\"Inauguracja projektu SID\" src=\"https:\/\/www.interreg6a.net\/wp-content\/uploads\/2025\/06\/Inauguracja-projektu-SID.png\" alt class=\"img-responsive wp-image-18110\" srcset=\"https:\/\/www.interreg6a.net\/wp-content\/uploads\/2025\/06\/Inauguracja-projektu-SID-200x149.png 200w, https:\/\/www.interreg6a.net\/wp-content\/uploads\/2025\/06\/Inauguracja-projektu-SID-400x299.png 400w, https:\/\/www.interreg6a.net\/wp-content\/uploads\/2025\/06\/Inauguracja-projektu-SID-600x448.png 600w, https:\/\/www.interreg6a.net\/wp-content\/uploads\/2025\/06\/Inauguracja-projektu-SID-800x597.png 800w, https:\/\/www.interreg6a.net\/wp-content\/uploads\/2025\/06\/Inauguracja-projektu-SID-1200x896.png 1200w, https:\/\/www.interreg6a.net\/wp-content\/uploads\/2025\/06\/Inauguracja-projektu-SID.png 1403w\" sizes=\"(max-width: 575px) 100vw, 1403px\" \/><\/span><\/div><\/div><\/div><\/div><\/div><div class=\"fusion-fullwidth fullwidth-box fusion-builder-row-17 fusion-flex-container has-pattern-background has-mask-background nonhundred-percent-fullwidth non-hundred-percent-height-scrolling\" style=\"--awb-border-radius-top-left:0px;--awb-border-radius-top-right:0px;--awb-border-radius-bottom-right:0px;--awb-border-radius-bottom-left:0px;--awb-flex-wrap:wrap;\" ><div class=\"fusion-builder-row fusion-row fusion-flex-align-items-flex-start fusion-flex-content-wrap\" style=\"max-width:1586px;margin-left: calc(-4% \/ 2 );margin-right: calc(-4% \/ 2 );\"><div class=\"fusion-layout-column fusion_builder_column fusion-builder-column-30 fusion_builder_column_1_1 1_1 fusion-flex-column\" style=\"--awb-bg-size:cover;--awb-width-large:100%;--awb-margin-top-large:0px;--awb-spacing-right-large:1.92%;--awb-margin-bottom-large:20px;--awb-spacing-left-large:1.92%;--awb-width-medium:100%;--awb-order-medium:0;--awb-spacing-right-medium:1.92%;--awb-spacing-left-medium:1.92%;--awb-width-small:100%;--awb-order-small:0;--awb-spacing-right-small:1.92%;--awb-spacing-left-small:1.92%;\"><div class=\"fusion-column-wrapper fusion-column-has-shadow fusion-flex-justify-content-flex-start fusion-content-layout-column\"><div class=\"fusion-text fusion-text-30\" style=\"--awb-margin-top:30px;\"><p>Na naszej stronie internetowej programu \u201e<a href=\"https:\/\/www.interreg6a.net\/pl\/projekty-strategiczne\/\">Projekty strategiczne<\/a>\u201d mo\u017cna znale\u017a\u0107 wi\u0119cej og\u00f3lnych informacji na temat projekt\u00f3w o znaczeniu strategicznym i mi\u0119dzyprogramowym.<\/p>\n<\/div><div class=\"fusion-text fusion-text-31\" style=\"--awb-margin-top:20px;\"><p style=\"text-align: center;\"><strong>Do\u0142\u0105cz do nas, aby przyjrze\u0107 si\u0119 ca\u0142emu polsko-niemieckiemu pograniczu!<\/strong><\/p>\n<\/div><\/div><\/div><\/div><\/div><\/p>\n","protected":false},"excerpt":{"rendered":"","protected":false},"author":25,"featured_media":18114,"comment_status":"closed","ping_status":"closed","sticky":false,"template":"","format":"standard","meta":{"_price":"","_stock":"","_tribe_ticket_header":"","_tribe_default_ticket_provider":"","_tribe_ticket_capacity":"0","_ticket_start_date":"","_ticket_end_date":"","_tribe_ticket_show_description":"","_tribe_ticket_show_not_going":false,"_tribe_ticket_use_global_stock":"","_tribe_ticket_global_stock_level":"","_global_stock_mode":"","_global_stock_cap":"","_tribe_rsvp_for_event":"","_tribe_ticket_going_count":"","_tribe_ticket_not_going_count":"","_tribe_tickets_list":"[]","_tribe_ticket_has_attendee_info_fields":false,"footnotes":""},"categories":[20,169,170],"tags":[],"class_list":["post-18129","post","type-post","status-publish","format-standard","has-post-thumbnail","hentry","category-aktualnosci","category-wspolne-dzialania-sekretariatow","category-wspolne-dzialania-sekretariatow-pl"],"yoast_head":"<!-- This site is optimized with the Yoast SEO plugin v27.3 - https:\/\/yoast.com\/product\/yoast-seo-wordpress\/ -->\n<title>3\ufe0f\u20e3 Sekretariaty, 2\ufe0f\u20e3 Kraje, 1\ufe0f\u20e3 wsp\u00f3lny cel! - Cz\u0119\u015b\u0107 3: IBN\/SID - Interreg VI A MV\/BB\/PL<\/title>\n<meta name=\"robots\" content=\"index, follow, max-snippet:-1, max-image-preview:large, max-video-preview:-1\" \/>\n<link rel=\"canonical\" href=\"https:\/\/www.interreg6a.net\/pl\/3%ef%b8%8f%e2%83%a3-sekretariaty-2%ef%b8%8f%e2%83%a3-kraje-1%ef%b8%8f%e2%83%a3-wspolny-cel-czesc-3-ibn-sid\/\" \/>\n<meta property=\"og:locale\" content=\"pl_PL\" \/>\n<meta property=\"og:type\" content=\"article\" \/>\n<meta property=\"og:title\" content=\"3\ufe0f\u20e3 Sekretariaty, 2\ufe0f\u20e3 Kraje, 1\ufe0f\u20e3 wsp\u00f3lny cel! - Cz\u0119\u015b\u0107 3: IBN\/SID - Interreg VI A MV\/BB\/PL\" \/>\n<meta property=\"og:url\" content=\"https:\/\/www.interreg6a.net\/pl\/3%ef%b8%8f%e2%83%a3-sekretariaty-2%ef%b8%8f%e2%83%a3-kraje-1%ef%b8%8f%e2%83%a3-wspolny-cel-czesc-3-ibn-sid\/\" \/>\n<meta property=\"og:site_name\" content=\"Interreg VI A MV\/BB\/PL\" \/>\n<meta property=\"article:published_time\" content=\"2025-06-13T08:00:53+00:00\" \/>\n<meta property=\"article:modified_time\" content=\"2025-10-01T11:32:25+00:00\" \/>\n<meta property=\"og:image\" content=\"https:\/\/www.interreg6a.net\/wp-content\/uploads\/2025\/06\/2025-05-26-Eroeffnung_MOST_Kuestrin_Kietz-scaled-e1749198316953-1-e1753103588702.jpg\" \/>\n\t<meta property=\"og:image:width\" content=\"2496\" \/>\n\t<meta property=\"og:image:height\" content=\"1643\" \/>\n\t<meta property=\"og:image:type\" content=\"image\/jpeg\" \/>\n<meta name=\"author\" content=\"semeniuk\" \/>\n<meta name=\"twitter:card\" content=\"summary_large_image\" \/>\n<meta name=\"twitter:label1\" content=\"Napisane przez\" \/>\n\t<meta name=\"twitter:data1\" content=\"semeniuk\" \/>\n\t<meta name=\"twitter:label2\" content=\"Szacowany czas czytania\" \/>\n\t<meta name=\"twitter:data2\" content=\"5 minut\" \/>\n<script type=\"application\/ld+json\" class=\"yoast-schema-graph\">{\"@context\":\"https:\\\/\\\/schema.org\",\"@graph\":[{\"@type\":\"Article\",\"@id\":\"https:\\\/\\\/www.interreg6a.net\\\/pl\\\/3%ef%b8%8f%e2%83%a3-sekretariaty-2%ef%b8%8f%e2%83%a3-kraje-1%ef%b8%8f%e2%83%a3-wspolny-cel-czesc-3-ibn-sid\\\/#article\",\"isPartOf\":{\"@id\":\"https:\\\/\\\/www.interreg6a.net\\\/pl\\\/3%ef%b8%8f%e2%83%a3-sekretariaty-2%ef%b8%8f%e2%83%a3-kraje-1%ef%b8%8f%e2%83%a3-wspolny-cel-czesc-3-ibn-sid\\\/\"},\"author\":{\"name\":\"semeniuk\",\"@id\":\"https:\\\/\\\/www.interreg6a.net\\\/pl\\\/#\\\/schema\\\/person\\\/4c87761287b75456c2ed5cfbf95e4e8b\"},\"headline\":\"3\ufe0f\u20e3 Sekretariaty, 2\ufe0f\u20e3 Kraje, 1\ufe0f\u20e3 wsp\u00f3lny cel! &#8211; Cz\u0119\u015b\u0107 3: IBN\\\/SID\",\"datePublished\":\"2025-06-13T08:00:53+00:00\",\"dateModified\":\"2025-10-01T11:32:25+00:00\",\"mainEntityOfPage\":{\"@id\":\"https:\\\/\\\/www.interreg6a.net\\\/pl\\\/3%ef%b8%8f%e2%83%a3-sekretariaty-2%ef%b8%8f%e2%83%a3-kraje-1%ef%b8%8f%e2%83%a3-wspolny-cel-czesc-3-ibn-sid\\\/\"},\"wordCount\":24696,\"image\":{\"@id\":\"https:\\\/\\\/www.interreg6a.net\\\/pl\\\/3%ef%b8%8f%e2%83%a3-sekretariaty-2%ef%b8%8f%e2%83%a3-kraje-1%ef%b8%8f%e2%83%a3-wspolny-cel-czesc-3-ibn-sid\\\/#primaryimage\"},\"thumbnailUrl\":\"https:\\\/\\\/www.interreg6a.net\\\/wp-content\\\/uploads\\\/2025\\\/06\\\/2025-05-26-Eroeffnung_MOST_Kuestrin_Kietz-scaled-e1749198316953-1-e1753103588702.jpg\",\"articleSection\":[\"Aktualno\u015bci\",\"Wsp\u00f3lne dzia\u0142ania Sekretariat\u00f3w\",\"Wsp\u00f3lne dzia\u0142ania Sekretariat\u00f3w\"],\"inLanguage\":\"pl-PL\"},{\"@type\":\"WebPage\",\"@id\":\"https:\\\/\\\/www.interreg6a.net\\\/pl\\\/3%ef%b8%8f%e2%83%a3-sekretariaty-2%ef%b8%8f%e2%83%a3-kraje-1%ef%b8%8f%e2%83%a3-wspolny-cel-czesc-3-ibn-sid\\\/\",\"url\":\"https:\\\/\\\/www.interreg6a.net\\\/pl\\\/3%ef%b8%8f%e2%83%a3-sekretariaty-2%ef%b8%8f%e2%83%a3-kraje-1%ef%b8%8f%e2%83%a3-wspolny-cel-czesc-3-ibn-sid\\\/\",\"name\":\"3\ufe0f\u20e3 Sekretariaty, 2\ufe0f\u20e3 Kraje, 1\ufe0f\u20e3 wsp\u00f3lny cel! - Cz\u0119\u015b\u0107 3: IBN\\\/SID - Interreg VI A MV\\\/BB\\\/PL\",\"isPartOf\":{\"@id\":\"https:\\\/\\\/www.interreg6a.net\\\/pl\\\/#website\"},\"primaryImageOfPage\":{\"@id\":\"https:\\\/\\\/www.interreg6a.net\\\/pl\\\/3%ef%b8%8f%e2%83%a3-sekretariaty-2%ef%b8%8f%e2%83%a3-kraje-1%ef%b8%8f%e2%83%a3-wspolny-cel-czesc-3-ibn-sid\\\/#primaryimage\"},\"image\":{\"@id\":\"https:\\\/\\\/www.interreg6a.net\\\/pl\\\/3%ef%b8%8f%e2%83%a3-sekretariaty-2%ef%b8%8f%e2%83%a3-kraje-1%ef%b8%8f%e2%83%a3-wspolny-cel-czesc-3-ibn-sid\\\/#primaryimage\"},\"thumbnailUrl\":\"https:\\\/\\\/www.interreg6a.net\\\/wp-content\\\/uploads\\\/2025\\\/06\\\/2025-05-26-Eroeffnung_MOST_Kuestrin_Kietz-scaled-e1749198316953-1-e1753103588702.jpg\",\"datePublished\":\"2025-06-13T08:00:53+00:00\",\"dateModified\":\"2025-10-01T11:32:25+00:00\",\"author\":{\"@id\":\"https:\\\/\\\/www.interreg6a.net\\\/pl\\\/#\\\/schema\\\/person\\\/4c87761287b75456c2ed5cfbf95e4e8b\"},\"breadcrumb\":{\"@id\":\"https:\\\/\\\/www.interreg6a.net\\\/pl\\\/3%ef%b8%8f%e2%83%a3-sekretariaty-2%ef%b8%8f%e2%83%a3-kraje-1%ef%b8%8f%e2%83%a3-wspolny-cel-czesc-3-ibn-sid\\\/#breadcrumb\"},\"inLanguage\":\"pl-PL\",\"potentialAction\":[{\"@type\":\"ReadAction\",\"target\":[\"https:\\\/\\\/www.interreg6a.net\\\/pl\\\/3%ef%b8%8f%e2%83%a3-sekretariaty-2%ef%b8%8f%e2%83%a3-kraje-1%ef%b8%8f%e2%83%a3-wspolny-cel-czesc-3-ibn-sid\\\/\"]}]},{\"@type\":\"ImageObject\",\"inLanguage\":\"pl-PL\",\"@id\":\"https:\\\/\\\/www.interreg6a.net\\\/pl\\\/3%ef%b8%8f%e2%83%a3-sekretariaty-2%ef%b8%8f%e2%83%a3-kraje-1%ef%b8%8f%e2%83%a3-wspolny-cel-czesc-3-ibn-sid\\\/#primaryimage\",\"url\":\"https:\\\/\\\/www.interreg6a.net\\\/wp-content\\\/uploads\\\/2025\\\/06\\\/2025-05-26-Eroeffnung_MOST_Kuestrin_Kietz-scaled-e1749198316953-1-e1753103588702.jpg\",\"contentUrl\":\"https:\\\/\\\/www.interreg6a.net\\\/wp-content\\\/uploads\\\/2025\\\/06\\\/2025-05-26-Eroeffnung_MOST_Kuestrin_Kietz-scaled-e1749198316953-1-e1753103588702.jpg\",\"width\":2496,\"height\":1643},{\"@type\":\"BreadcrumbList\",\"@id\":\"https:\\\/\\\/www.interreg6a.net\\\/pl\\\/3%ef%b8%8f%e2%83%a3-sekretariaty-2%ef%b8%8f%e2%83%a3-kraje-1%ef%b8%8f%e2%83%a3-wspolny-cel-czesc-3-ibn-sid\\\/#breadcrumb\",\"itemListElement\":[{\"@type\":\"ListItem\",\"position\":1,\"name\":\"Strona g\u0142\u00f3wna\",\"item\":\"https:\\\/\\\/www.interreg6a.net\\\/pl\\\/\"},{\"@type\":\"ListItem\",\"position\":2,\"name\":\"3\ufe0f\u20e3 Sekretariaty, 2\ufe0f\u20e3 Kraje, 1\ufe0f\u20e3 wsp\u00f3lny cel! &#8211; Cz\u0119\u015b\u0107 3: IBN\\\/SID\"}]},{\"@type\":\"WebSite\",\"@id\":\"https:\\\/\\\/www.interreg6a.net\\\/pl\\\/#website\",\"url\":\"https:\\\/\\\/www.interreg6a.net\\\/pl\\\/\",\"name\":\"Interreg VI A MV\\\/BB\\\/PL\",\"description\":\"\",\"potentialAction\":[{\"@type\":\"SearchAction\",\"target\":{\"@type\":\"EntryPoint\",\"urlTemplate\":\"https:\\\/\\\/www.interreg6a.net\\\/pl\\\/?s={search_term_string}\"},\"query-input\":{\"@type\":\"PropertyValueSpecification\",\"valueRequired\":true,\"valueName\":\"search_term_string\"}}],\"inLanguage\":\"pl-PL\"},{\"@type\":\"Person\",\"@id\":\"https:\\\/\\\/www.interreg6a.net\\\/pl\\\/#\\\/schema\\\/person\\\/4c87761287b75456c2ed5cfbf95e4e8b\",\"name\":\"semeniuk\",\"image\":{\"@type\":\"ImageObject\",\"inLanguage\":\"pl-PL\",\"@id\":\"https:\\\/\\\/secure.gravatar.com\\\/avatar\\\/2aab4d2ca365cd79a4eb712e81052078a3fa7ddccf6c3d13d25230ebeeea8344?s=96&d=mm&r=g\",\"url\":\"https:\\\/\\\/secure.gravatar.com\\\/avatar\\\/2aab4d2ca365cd79a4eb712e81052078a3fa7ddccf6c3d13d25230ebeeea8344?s=96&d=mm&r=g\",\"contentUrl\":\"https:\\\/\\\/secure.gravatar.com\\\/avatar\\\/2aab4d2ca365cd79a4eb712e81052078a3fa7ddccf6c3d13d25230ebeeea8344?s=96&d=mm&r=g\",\"caption\":\"semeniuk\"},\"url\":\"https:\\\/\\\/www.interreg6a.net\\\/pl\\\/author\\\/semeniuk\\\/\"}]}<\/script>\n<!-- \/ Yoast SEO plugin. -->","yoast_head_json":{"title":"3\ufe0f\u20e3 Sekretariaty, 2\ufe0f\u20e3 Kraje, 1\ufe0f\u20e3 wsp\u00f3lny cel! - Cz\u0119\u015b\u0107 3: IBN\/SID - Interreg VI A MV\/BB\/PL","robots":{"index":"index","follow":"follow","max-snippet":"max-snippet:-1","max-image-preview":"max-image-preview:large","max-video-preview":"max-video-preview:-1"},"canonical":"https:\/\/www.interreg6a.net\/pl\/3%ef%b8%8f%e2%83%a3-sekretariaty-2%ef%b8%8f%e2%83%a3-kraje-1%ef%b8%8f%e2%83%a3-wspolny-cel-czesc-3-ibn-sid\/","og_locale":"pl_PL","og_type":"article","og_title":"3\ufe0f\u20e3 Sekretariaty, 2\ufe0f\u20e3 Kraje, 1\ufe0f\u20e3 wsp\u00f3lny cel! - Cz\u0119\u015b\u0107 3: IBN\/SID - Interreg VI A MV\/BB\/PL","og_url":"https:\/\/www.interreg6a.net\/pl\/3%ef%b8%8f%e2%83%a3-sekretariaty-2%ef%b8%8f%e2%83%a3-kraje-1%ef%b8%8f%e2%83%a3-wspolny-cel-czesc-3-ibn-sid\/","og_site_name":"Interreg VI A MV\/BB\/PL","article_published_time":"2025-06-13T08:00:53+00:00","article_modified_time":"2025-10-01T11:32:25+00:00","og_image":[{"width":2496,"height":1643,"url":"https:\/\/www.interreg6a.net\/wp-content\/uploads\/2025\/06\/2025-05-26-Eroeffnung_MOST_Kuestrin_Kietz-scaled-e1749198316953-1-e1753103588702.jpg","type":"image\/jpeg"}],"author":"semeniuk","twitter_card":"summary_large_image","twitter_misc":{"Napisane przez":"semeniuk","Szacowany czas czytania":"5 minut"},"schema":{"@context":"https:\/\/schema.org","@graph":[{"@type":"Article","@id":"https:\/\/www.interreg6a.net\/pl\/3%ef%b8%8f%e2%83%a3-sekretariaty-2%ef%b8%8f%e2%83%a3-kraje-1%ef%b8%8f%e2%83%a3-wspolny-cel-czesc-3-ibn-sid\/#article","isPartOf":{"@id":"https:\/\/www.interreg6a.net\/pl\/3%ef%b8%8f%e2%83%a3-sekretariaty-2%ef%b8%8f%e2%83%a3-kraje-1%ef%b8%8f%e2%83%a3-wspolny-cel-czesc-3-ibn-sid\/"},"author":{"name":"semeniuk","@id":"https:\/\/www.interreg6a.net\/pl\/#\/schema\/person\/4c87761287b75456c2ed5cfbf95e4e8b"},"headline":"3\ufe0f\u20e3 Sekretariaty, 2\ufe0f\u20e3 Kraje, 1\ufe0f\u20e3 wsp\u00f3lny cel! &#8211; Cz\u0119\u015b\u0107 3: IBN\/SID","datePublished":"2025-06-13T08:00:53+00:00","dateModified":"2025-10-01T11:32:25+00:00","mainEntityOfPage":{"@id":"https:\/\/www.interreg6a.net\/pl\/3%ef%b8%8f%e2%83%a3-sekretariaty-2%ef%b8%8f%e2%83%a3-kraje-1%ef%b8%8f%e2%83%a3-wspolny-cel-czesc-3-ibn-sid\/"},"wordCount":24696,"image":{"@id":"https:\/\/www.interreg6a.net\/pl\/3%ef%b8%8f%e2%83%a3-sekretariaty-2%ef%b8%8f%e2%83%a3-kraje-1%ef%b8%8f%e2%83%a3-wspolny-cel-czesc-3-ibn-sid\/#primaryimage"},"thumbnailUrl":"https:\/\/www.interreg6a.net\/wp-content\/uploads\/2025\/06\/2025-05-26-Eroeffnung_MOST_Kuestrin_Kietz-scaled-e1749198316953-1-e1753103588702.jpg","articleSection":["Aktualno\u015bci","Wsp\u00f3lne dzia\u0142ania Sekretariat\u00f3w","Wsp\u00f3lne dzia\u0142ania Sekretariat\u00f3w"],"inLanguage":"pl-PL"},{"@type":"WebPage","@id":"https:\/\/www.interreg6a.net\/pl\/3%ef%b8%8f%e2%83%a3-sekretariaty-2%ef%b8%8f%e2%83%a3-kraje-1%ef%b8%8f%e2%83%a3-wspolny-cel-czesc-3-ibn-sid\/","url":"https:\/\/www.interreg6a.net\/pl\/3%ef%b8%8f%e2%83%a3-sekretariaty-2%ef%b8%8f%e2%83%a3-kraje-1%ef%b8%8f%e2%83%a3-wspolny-cel-czesc-3-ibn-sid\/","name":"3\ufe0f\u20e3 Sekretariaty, 2\ufe0f\u20e3 Kraje, 1\ufe0f\u20e3 wsp\u00f3lny cel! - Cz\u0119\u015b\u0107 3: IBN\/SID - Interreg VI A MV\/BB\/PL","isPartOf":{"@id":"https:\/\/www.interreg6a.net\/pl\/#website"},"primaryImageOfPage":{"@id":"https:\/\/www.interreg6a.net\/pl\/3%ef%b8%8f%e2%83%a3-sekretariaty-2%ef%b8%8f%e2%83%a3-kraje-1%ef%b8%8f%e2%83%a3-wspolny-cel-czesc-3-ibn-sid\/#primaryimage"},"image":{"@id":"https:\/\/www.interreg6a.net\/pl\/3%ef%b8%8f%e2%83%a3-sekretariaty-2%ef%b8%8f%e2%83%a3-kraje-1%ef%b8%8f%e2%83%a3-wspolny-cel-czesc-3-ibn-sid\/#primaryimage"},"thumbnailUrl":"https:\/\/www.interreg6a.net\/wp-content\/uploads\/2025\/06\/2025-05-26-Eroeffnung_MOST_Kuestrin_Kietz-scaled-e1749198316953-1-e1753103588702.jpg","datePublished":"2025-06-13T08:00:53+00:00","dateModified":"2025-10-01T11:32:25+00:00","author":{"@id":"https:\/\/www.interreg6a.net\/pl\/#\/schema\/person\/4c87761287b75456c2ed5cfbf95e4e8b"},"breadcrumb":{"@id":"https:\/\/www.interreg6a.net\/pl\/3%ef%b8%8f%e2%83%a3-sekretariaty-2%ef%b8%8f%e2%83%a3-kraje-1%ef%b8%8f%e2%83%a3-wspolny-cel-czesc-3-ibn-sid\/#breadcrumb"},"inLanguage":"pl-PL","potentialAction":[{"@type":"ReadAction","target":["https:\/\/www.interreg6a.net\/pl\/3%ef%b8%8f%e2%83%a3-sekretariaty-2%ef%b8%8f%e2%83%a3-kraje-1%ef%b8%8f%e2%83%a3-wspolny-cel-czesc-3-ibn-sid\/"]}]},{"@type":"ImageObject","inLanguage":"pl-PL","@id":"https:\/\/www.interreg6a.net\/pl\/3%ef%b8%8f%e2%83%a3-sekretariaty-2%ef%b8%8f%e2%83%a3-kraje-1%ef%b8%8f%e2%83%a3-wspolny-cel-czesc-3-ibn-sid\/#primaryimage","url":"https:\/\/www.interreg6a.net\/wp-content\/uploads\/2025\/06\/2025-05-26-Eroeffnung_MOST_Kuestrin_Kietz-scaled-e1749198316953-1-e1753103588702.jpg","contentUrl":"https:\/\/www.interreg6a.net\/wp-content\/uploads\/2025\/06\/2025-05-26-Eroeffnung_MOST_Kuestrin_Kietz-scaled-e1749198316953-1-e1753103588702.jpg","width":2496,"height":1643},{"@type":"BreadcrumbList","@id":"https:\/\/www.interreg6a.net\/pl\/3%ef%b8%8f%e2%83%a3-sekretariaty-2%ef%b8%8f%e2%83%a3-kraje-1%ef%b8%8f%e2%83%a3-wspolny-cel-czesc-3-ibn-sid\/#breadcrumb","itemListElement":[{"@type":"ListItem","position":1,"name":"Strona g\u0142\u00f3wna","item":"https:\/\/www.interreg6a.net\/pl\/"},{"@type":"ListItem","position":2,"name":"3\ufe0f\u20e3 Sekretariaty, 2\ufe0f\u20e3 Kraje, 1\ufe0f\u20e3 wsp\u00f3lny cel! &#8211; Cz\u0119\u015b\u0107 3: IBN\/SID"}]},{"@type":"WebSite","@id":"https:\/\/www.interreg6a.net\/pl\/#website","url":"https:\/\/www.interreg6a.net\/pl\/","name":"Interreg VI A MV\/BB\/PL","description":"","potentialAction":[{"@type":"SearchAction","target":{"@type":"EntryPoint","urlTemplate":"https:\/\/www.interreg6a.net\/pl\/?s={search_term_string}"},"query-input":{"@type":"PropertyValueSpecification","valueRequired":true,"valueName":"search_term_string"}}],"inLanguage":"pl-PL"},{"@type":"Person","@id":"https:\/\/www.interreg6a.net\/pl\/#\/schema\/person\/4c87761287b75456c2ed5cfbf95e4e8b","name":"semeniuk","image":{"@type":"ImageObject","inLanguage":"pl-PL","@id":"https:\/\/secure.gravatar.com\/avatar\/2aab4d2ca365cd79a4eb712e81052078a3fa7ddccf6c3d13d25230ebeeea8344?s=96&d=mm&r=g","url":"https:\/\/secure.gravatar.com\/avatar\/2aab4d2ca365cd79a4eb712e81052078a3fa7ddccf6c3d13d25230ebeeea8344?s=96&d=mm&r=g","contentUrl":"https:\/\/secure.gravatar.com\/avatar\/2aab4d2ca365cd79a4eb712e81052078a3fa7ddccf6c3d13d25230ebeeea8344?s=96&d=mm&r=g","caption":"semeniuk"},"url":"https:\/\/www.interreg6a.net\/pl\/author\/semeniuk\/"}]}},"_links":{"self":[{"href":"https:\/\/www.interreg6a.net\/pl\/wp-json\/wp\/v2\/posts\/18129","targetHints":{"allow":["GET"]}}],"collection":[{"href":"https:\/\/www.interreg6a.net\/pl\/wp-json\/wp\/v2\/posts"}],"about":[{"href":"https:\/\/www.interreg6a.net\/pl\/wp-json\/wp\/v2\/types\/post"}],"author":[{"embeddable":true,"href":"https:\/\/www.interreg6a.net\/pl\/wp-json\/wp\/v2\/users\/25"}],"replies":[{"embeddable":true,"href":"https:\/\/www.interreg6a.net\/pl\/wp-json\/wp\/v2\/comments?post=18129"}],"version-history":[{"count":7,"href":"https:\/\/www.interreg6a.net\/pl\/wp-json\/wp\/v2\/posts\/18129\/revisions"}],"predecessor-version":[{"id":19968,"href":"https:\/\/www.interreg6a.net\/pl\/wp-json\/wp\/v2\/posts\/18129\/revisions\/19968"}],"wp:featuredmedia":[{"embeddable":true,"href":"https:\/\/www.interreg6a.net\/pl\/wp-json\/wp\/v2\/media\/18114"}],"wp:attachment":[{"href":"https:\/\/www.interreg6a.net\/pl\/wp-json\/wp\/v2\/media?parent=18129"}],"wp:term":[{"taxonomy":"category","embeddable":true,"href":"https:\/\/www.interreg6a.net\/pl\/wp-json\/wp\/v2\/categories?post=18129"},{"taxonomy":"post_tag","embeddable":true,"href":"https:\/\/www.interreg6a.net\/pl\/wp-json\/wp\/v2\/tags?post=18129"}],"curies":[{"name":"wp","href":"https:\/\/api.w.org\/{rel}","templated":true}]}}