{"id":18203,"date":"2025-06-17T14:48:58","date_gmt":"2025-06-17T12:48:58","guid":{"rendered":"https:\/\/www.interreg6a.net\/?p=18203"},"modified":"2025-07-07T15:29:43","modified_gmt":"2025-07-07T13:29:43","slug":"planowana-procedura-udzielenia-zamowienia","status":"publish","type":"post","link":"https:\/\/www.interreg6a.net\/pl\/planowana-procedura-udzielenia-zamowienia\/","title":{"rendered":"Planowana procedura udzielenia zam\u00f3wienia"},"content":{"rendered":"<p><div class=\"fusion-fullwidth fullwidth-box fusion-builder-row-1 fusion-flex-container has-pattern-background has-mask-background nonhundred-percent-fullwidth non-hundred-percent-height-scrolling\" style=\"--awb-border-radius-top-left:0px;--awb-border-radius-top-right:0px;--awb-border-radius-bottom-right:0px;--awb-border-radius-bottom-left:0px;--awb-margin-bottom:20px;--awb-flex-wrap:wrap;\" ><div class=\"fusion-builder-row fusion-row fusion-flex-align-items-flex-start fusion-flex-content-wrap\" style=\"max-width:1586px;margin-left: calc(-4% \/ 2 );margin-right: calc(-4% \/ 2 );\"><div class=\"fusion-layout-column fusion_builder_column fusion-builder-column-0 fusion_builder_column_1_1 1_1 fusion-flex-column\" style=\"--awb-bg-size:cover;--awb-width-large:100%;--awb-margin-top-large:0px;--awb-spacing-right-large:1.92%;--awb-margin-bottom-large:20px;--awb-spacing-left-large:1.92%;--awb-width-medium:100%;--awb-order-medium:0;--awb-spacing-right-medium:1.92%;--awb-spacing-left-medium:1.92%;--awb-width-small:100%;--awb-order-small:0;--awb-spacing-right-small:1.92%;--awb-spacing-left-small:1.92%;\"><div class=\"fusion-column-wrapper fusion-column-has-shadow fusion-flex-justify-content-flex-start fusion-content-layout-column\"><div class=\"fusion-title title fusion-title-1 fusion-sep-none fusion-title-text fusion-title-size-one\" style=\"--awb-margin-top-small:10px;--awb-margin-right-small:0px;--awb-margin-bottom-small:10px;--awb-margin-left-small:0px;\"><h1 class=\"fusion-title-heading title-heading-left\" style=\"margin:0;\">Planowana procedura udzielenia zam\u00f3wienia na us\u0142ugi w zakresie t\u0142umacze\u0144 ustnych i pisemnych<\/h1><\/div><div class=\"fusion-text fusion-text-1\"><h3 style=\"text-align: center;\"><strong>Og\u0142oszenie o zam\u00f3wieniu zgodne z niemieckimi przepisami dot. zam\u00f3wie\u0144 podprogowych \u00a7 27 UVgO<\/strong><\/h3>\n<\/div><\/div><\/div><\/div><\/div><div class=\"fusion-fullwidth fullwidth-box fusion-builder-row-2 fusion-flex-container has-pattern-background has-mask-background nonhundred-percent-fullwidth non-hundred-percent-height-scrolling\" style=\"--awb-border-radius-top-left:0px;--awb-border-radius-top-right:0px;--awb-border-radius-bottom-right:0px;--awb-border-radius-bottom-left:0px;--awb-flex-wrap:wrap;\" ><div class=\"fusion-builder-row fusion-row fusion-flex-align-items-flex-start fusion-flex-content-wrap\" style=\"max-width:1586px;margin-left: calc(-4% \/ 2 );margin-right: calc(-4% \/ 2 );\"><div class=\"fusion-layout-column fusion_builder_column fusion-builder-column-1 fusion_builder_column_1_1 1_1 fusion-flex-column\" style=\"--awb-bg-size:cover;--awb-width-large:100%;--awb-margin-top-large:0px;--awb-spacing-right-large:1.92%;--awb-margin-bottom-large:20px;--awb-spacing-left-large:1.92%;--awb-width-medium:100%;--awb-order-medium:0;--awb-spacing-right-medium:1.92%;--awb-spacing-left-medium:1.92%;--awb-width-small:100%;--awb-order-small:0;--awb-spacing-right-small:1.92%;--awb-spacing-left-small:1.92%;\"><div class=\"fusion-column-wrapper fusion-column-has-shadow fusion-flex-justify-content-flex-start fusion-content-layout-column\"><div class=\"fusion-text fusion-text-2\"><p>W ramach realizacji programu wsp\u00f3\u0142pracy Interreg VI A Meklemburgia-Pomorze Przednie \/ Brandenburgia \/ Polska 2021-2027 zostanie przeprowadzone post\u0119powanie o udzielenie zam\u00f3wienia na umow\u0119 ramow\u0105 na us\u0142ugi t\u0142umacze\u0144 ustnych i pisemnych \u015bwiadczone na obszarze obj\u0119tym programem w latach 2025-2029.<\/p>\n<p>Zam\u00f3wienie zostanie udzielone w drodze przetargu publicznego. Publiczne zaproszenie do sk\u0142adania ofert zostanie opublikowane w formie og\u0142oszenia na stronie internetowej programu www.interreg6a.net w 26. tygodniu (23-27 czerwca 2025 r.). Okres sk\u0142adania ofert wynosi jeden miesi\u0105c i ko\u0144czy si\u0119 w 30. tygodniu (21-25 lipca 2025 r.).<\/p>\n<p>Zainteresowanych oferent\u00f3w serdecznie zapraszamy do wzi\u0119cia udzia\u0142u w post\u0119powaniu o udzielenie zam\u00f3wienia i z\u0142o\u017cenia oferty!<\/p>\n<\/div><\/div><\/div><\/div><\/div><div class=\"fusion-fullwidth fullwidth-box fusion-builder-row-3 fusion-flex-container has-pattern-background has-mask-background nonhundred-percent-fullwidth non-hundred-percent-height-scrolling\" style=\"--awb-border-radius-top-left:0px;--awb-border-radius-top-right:0px;--awb-border-radius-bottom-right:0px;--awb-border-radius-bottom-left:0px;--awb-flex-wrap:wrap;\" ><div class=\"fusion-builder-row fusion-row fusion-flex-align-items-flex-start fusion-flex-content-wrap\" style=\"max-width:1586px;margin-left: calc(-4% \/ 2 );margin-right: calc(-4% \/ 2 );\"><div class=\"fusion-layout-column fusion_builder_column fusion-builder-column-2 fusion_builder_column_1_1 1_1 fusion-flex-column\" style=\"--awb-bg-size:cover;--awb-width-large:100%;--awb-margin-top-large:0px;--awb-spacing-right-large:1.92%;--awb-margin-bottom-large:20px;--awb-spacing-left-large:1.92%;--awb-width-medium:100%;--awb-order-medium:0;--awb-spacing-right-medium:1.92%;--awb-spacing-left-medium:1.92%;--awb-width-small:100%;--awb-order-small:0;--awb-spacing-right-small:1.92%;--awb-spacing-left-small:1.92%;\"><div class=\"fusion-column-wrapper fusion-column-has-shadow fusion-flex-justify-content-flex-start fusion-content-layout-column\"><div class=\"fusion-text fusion-text-3\"><h3><strong>Informacje na temat procedury przydzielania zam\u00f3wie\u0144 podprogowych:<\/strong><\/h3>\n<\/div><\/div><\/div><\/div><\/div><div class=\"fusion-fullwidth fullwidth-box fusion-builder-row-4 fusion-flex-container has-pattern-background has-mask-background nonhundred-percent-fullwidth non-hundred-percent-height-scrolling\" style=\"--awb-border-radius-top-left:0px;--awb-border-radius-top-right:0px;--awb-border-radius-bottom-right:0px;--awb-border-radius-bottom-left:0px;--awb-flex-wrap:wrap;\" ><div class=\"fusion-builder-row fusion-row fusion-flex-align-items-flex-start fusion-flex-content-wrap\" style=\"max-width:1586px;margin-left: calc(-4% \/ 2 );margin-right: calc(-4% \/ 2 );\"><div class=\"fusion-layout-column fusion_builder_column fusion-builder-column-3 fusion_builder_column_1_3 1_3 fusion-flex-column\" style=\"--awb-bg-size:cover;--awb-width-large:33.333333333333%;--awb-margin-top-large:0px;--awb-spacing-right-large:5.76%;--awb-margin-bottom-large:20px;--awb-spacing-left-large:5.76%;--awb-width-medium:33.333333333333%;--awb-order-medium:0;--awb-spacing-right-medium:5.76%;--awb-spacing-left-medium:5.76%;--awb-width-small:100%;--awb-order-small:0;--awb-spacing-right-small:1.92%;--awb-spacing-left-small:1.92%;\"><div class=\"fusion-column-wrapper fusion-column-has-shadow fusion-flex-justify-content-flex-start fusion-content-layout-column\"><div class=\"fusion-text fusion-text-4\"><h5>Zleceniodawca:<\/h5>\n<h5><\/h5>\n<\/div><\/div><\/div><div class=\"fusion-layout-column fusion_builder_column fusion-builder-column-4 fusion_builder_column_2_3 2_3 fusion-flex-column\" style=\"--awb-bg-size:cover;--awb-width-large:66.666666666667%;--awb-margin-top-large:0px;--awb-spacing-right-large:2.88%;--awb-margin-bottom-large:20px;--awb-spacing-left-large:2.88%;--awb-width-medium:66.666666666667%;--awb-order-medium:0;--awb-spacing-right-medium:2.88%;--awb-spacing-left-medium:2.88%;--awb-width-small:100%;--awb-order-small:0;--awb-spacing-right-small:1.92%;--awb-spacing-left-small:1.92%;\"><div class=\"fusion-column-wrapper fusion-column-has-shadow fusion-flex-justify-content-flex-start fusion-content-layout-column\"><div class=\"fusion-text fusion-text-5\"><p>Ministerstwo Gospodarki, Infrastruktury, Turystyki i Pracy Kraju Zwi\u0105zkowego Meklemburgia-Pomorze Przednie<\/p>\n<p>Referat 430<\/p>\n<p>(Interreg VI A Meklemburgia-Pomorze Przednie, Brandenburgia, Polska)<\/p>\n<\/div><\/div><\/div><\/div><\/div><div class=\"fusion-fullwidth fullwidth-box fusion-builder-row-5 fusion-flex-container has-pattern-background has-mask-background nonhundred-percent-fullwidth non-hundred-percent-height-scrolling\" style=\"--awb-border-radius-top-left:0px;--awb-border-radius-top-right:0px;--awb-border-radius-bottom-right:0px;--awb-border-radius-bottom-left:0px;--awb-flex-wrap:wrap;\" ><div class=\"fusion-builder-row fusion-row fusion-flex-align-items-flex-start fusion-flex-content-wrap\" style=\"max-width:1586px;margin-left: calc(-4% \/ 2 );margin-right: calc(-4% \/ 2 );\"><div class=\"fusion-layout-column fusion_builder_column fusion-builder-column-5 fusion_builder_column_1_3 1_3 fusion-flex-column\" style=\"--awb-bg-size:cover;--awb-width-large:33.333333333333%;--awb-margin-top-large:0px;--awb-spacing-right-large:5.76%;--awb-margin-bottom-large:20px;--awb-spacing-left-large:5.76%;--awb-width-medium:33.333333333333%;--awb-order-medium:0;--awb-spacing-right-medium:5.76%;--awb-spacing-left-medium:5.76%;--awb-width-small:100%;--awb-order-small:0;--awb-spacing-right-small:1.92%;--awb-spacing-left-small:1.92%;\"><div class=\"fusion-column-wrapper fusion-column-has-shadow fusion-flex-justify-content-flex-start fusion-content-layout-column\"><div class=\"fusion-text fusion-text-6\"><h5>Typ zam\u00f3wienia:<\/h5>\n<\/div><\/div><\/div><div class=\"fusion-layout-column fusion_builder_column fusion-builder-column-6 fusion_builder_column_2_3 2_3 fusion-flex-column\" style=\"--awb-bg-size:cover;--awb-width-large:66.666666666667%;--awb-margin-top-large:0px;--awb-spacing-right-large:2.88%;--awb-margin-bottom-large:20px;--awb-spacing-left-large:2.88%;--awb-width-medium:66.666666666667%;--awb-order-medium:0;--awb-spacing-right-medium:2.88%;--awb-spacing-left-medium:2.88%;--awb-width-small:100%;--awb-order-small:0;--awb-spacing-right-small:1.92%;--awb-spacing-left-small:1.92%;\"><div class=\"fusion-column-wrapper fusion-column-has-shadow fusion-flex-justify-content-flex-start fusion-content-layout-column\"><div class=\"fusion-text fusion-text-7\"><p>Publiczne zaproszenie do sk\u0142adania ofert zgodnie z niemieckimi przepisami dot. zam\u00f3wie\u0144 podprogowych (\u00a7 9 UVgO)<\/p>\n<\/div><\/div><\/div><\/div><\/div><div class=\"fusion-fullwidth fullwidth-box fusion-builder-row-6 fusion-flex-container has-pattern-background has-mask-background nonhundred-percent-fullwidth non-hundred-percent-height-scrolling\" style=\"--awb-border-radius-top-left:0px;--awb-border-radius-top-right:0px;--awb-border-radius-bottom-right:0px;--awb-border-radius-bottom-left:0px;--awb-flex-wrap:wrap;\" ><div class=\"fusion-builder-row fusion-row fusion-flex-align-items-flex-start fusion-flex-content-wrap\" style=\"max-width:1586px;margin-left: calc(-4% \/ 2 );margin-right: calc(-4% \/ 2 );\"><div class=\"fusion-layout-column fusion_builder_column fusion-builder-column-7 fusion_builder_column_1_3 1_3 fusion-flex-column\" style=\"--awb-bg-size:cover;--awb-width-large:33.333333333333%;--awb-margin-top-large:0px;--awb-spacing-right-large:5.76%;--awb-margin-bottom-large:20px;--awb-spacing-left-large:5.76%;--awb-width-medium:33.333333333333%;--awb-order-medium:0;--awb-spacing-right-medium:5.76%;--awb-spacing-left-medium:5.76%;--awb-width-small:100%;--awb-order-small:0;--awb-spacing-right-small:1.92%;--awb-spacing-left-small:1.92%;\"><div class=\"fusion-column-wrapper fusion-column-has-shadow fusion-flex-justify-content-flex-start fusion-content-layout-column\"><div class=\"fusion-text fusion-text-8\"><h5>Rodzaj i zakres us\u0142ugi:<\/h5>\n<\/div><\/div><\/div><div class=\"fusion-layout-column fusion_builder_column fusion-builder-column-8 fusion_builder_column_2_3 2_3 fusion-flex-column\" style=\"--awb-bg-size:cover;--awb-width-large:66.666666666667%;--awb-margin-top-large:0px;--awb-spacing-right-large:2.88%;--awb-margin-bottom-large:20px;--awb-spacing-left-large:2.88%;--awb-width-medium:66.666666666667%;--awb-order-medium:0;--awb-spacing-right-medium:2.88%;--awb-spacing-left-medium:2.88%;--awb-width-small:100%;--awb-order-small:0;--awb-spacing-right-small:1.92%;--awb-spacing-left-small:1.92%;\"><div class=\"fusion-column-wrapper fusion-column-has-shadow fusion-flex-justify-content-flex-start fusion-content-layout-column\"><div class=\"fusion-text fusion-text-9\"><p>Przedmiotem umowy s\u0105 t\u0142umaczenia ustne i pisemne z j\u0119zyka polskiego na j\u0119zyk niemiecki oraz z j\u0119zyka niemieckiego na j\u0119zyk polski:<\/p>\n<ul>\n<li>t\u0142umaczenie konsekutywne<\/li>\n<li>t\u0142umaczenie symultaniczne<\/li>\n<li>us\u0142ugi t\u0142umacze\u0144 pisemnych.<\/li>\n<\/ul>\n<\/div><\/div><\/div><\/div><\/div><div class=\"fusion-fullwidth fullwidth-box fusion-builder-row-7 fusion-flex-container has-pattern-background has-mask-background nonhundred-percent-fullwidth non-hundred-percent-height-scrolling\" style=\"--awb-border-radius-top-left:0px;--awb-border-radius-top-right:0px;--awb-border-radius-bottom-right:0px;--awb-border-radius-bottom-left:0px;--awb-flex-wrap:wrap;\" ><div class=\"fusion-builder-row fusion-row fusion-flex-align-items-flex-start fusion-flex-content-wrap\" style=\"max-width:1586px;margin-left: calc(-4% \/ 2 );margin-right: calc(-4% \/ 2 );\"><div class=\"fusion-layout-column fusion_builder_column fusion-builder-column-9 fusion_builder_column_1_3 1_3 fusion-flex-column\" style=\"--awb-bg-size:cover;--awb-width-large:33.333333333333%;--awb-margin-top-large:0px;--awb-spacing-right-large:5.76%;--awb-margin-bottom-large:20px;--awb-spacing-left-large:5.76%;--awb-width-medium:33.333333333333%;--awb-order-medium:0;--awb-spacing-right-medium:5.76%;--awb-spacing-left-medium:5.76%;--awb-width-small:100%;--awb-order-small:0;--awb-spacing-right-small:1.92%;--awb-spacing-left-small:1.92%;\"><div class=\"fusion-column-wrapper fusion-column-has-shadow fusion-flex-justify-content-flex-start fusion-content-layout-column\"><div class=\"fusion-text fusion-text-10\"><h5>Miejsce wykonania:<\/h5>\n<\/div><\/div><\/div><div class=\"fusion-layout-column fusion_builder_column fusion-builder-column-10 fusion_builder_column_2_3 2_3 fusion-flex-column\" style=\"--awb-bg-size:cover;--awb-width-large:66.666666666667%;--awb-margin-top-large:0px;--awb-spacing-right-large:2.88%;--awb-margin-bottom-large:20px;--awb-spacing-left-large:2.88%;--awb-width-medium:66.666666666667%;--awb-order-medium:0;--awb-spacing-right-medium:2.88%;--awb-spacing-left-medium:2.88%;--awb-width-small:100%;--awb-order-small:0;--awb-spacing-right-small:1.92%;--awb-spacing-left-small:1.92%;\"><div class=\"fusion-column-wrapper fusion-column-has-shadow fusion-flex-justify-content-flex-start fusion-content-layout-column\"><div class=\"fusion-text fusion-text-11\"><p>Obszar programowy Programu Interreg VI Meklemburgia-Pomorze Przednie\/ Brandenburgia\/ Polska (polsko-niemiecki region przygraniczny)<\/p>\n<\/div><\/div><\/div><\/div><\/div><div class=\"fusion-fullwidth fullwidth-box fusion-builder-row-8 fusion-flex-container has-pattern-background has-mask-background nonhundred-percent-fullwidth non-hundred-percent-height-scrolling\" style=\"--awb-border-radius-top-left:0px;--awb-border-radius-top-right:0px;--awb-border-radius-bottom-right:0px;--awb-border-radius-bottom-left:0px;--awb-flex-wrap:wrap;\" ><div class=\"fusion-builder-row fusion-row fusion-flex-align-items-flex-start fusion-flex-content-wrap\" style=\"max-width:1586px;margin-left: calc(-4% \/ 2 );margin-right: calc(-4% \/ 2 );\"><div class=\"fusion-layout-column fusion_builder_column fusion-builder-column-11 fusion_builder_column_1_3 1_3 fusion-flex-column\" style=\"--awb-bg-size:cover;--awb-width-large:33.333333333333%;--awb-margin-top-large:0px;--awb-spacing-right-large:5.76%;--awb-margin-bottom-large:20px;--awb-spacing-left-large:5.76%;--awb-width-medium:33.333333333333%;--awb-order-medium:0;--awb-spacing-right-medium:5.76%;--awb-spacing-left-medium:5.76%;--awb-width-small:100%;--awb-order-small:0;--awb-spacing-right-small:1.92%;--awb-spacing-left-small:1.92%;\"><div class=\"fusion-column-wrapper fusion-column-has-shadow fusion-flex-justify-content-flex-start fusion-content-layout-column\"><div class=\"fusion-text fusion-text-12\"><h5>Okres obowi\u0105zywania umowy ramowej:<\/h5>\n<\/div><\/div><\/div><div class=\"fusion-layout-column fusion_builder_column fusion-builder-column-12 fusion_builder_column_2_3 2_3 fusion-flex-column\" style=\"--awb-bg-size:cover;--awb-width-large:66.666666666667%;--awb-margin-top-large:0px;--awb-spacing-right-large:2.88%;--awb-margin-bottom-large:20px;--awb-spacing-left-large:2.88%;--awb-width-medium:66.666666666667%;--awb-order-medium:0;--awb-spacing-right-medium:2.88%;--awb-spacing-left-medium:2.88%;--awb-width-small:100%;--awb-order-small:0;--awb-spacing-right-small:1.92%;--awb-spacing-left-small:1.92%;\"><div class=\"fusion-column-wrapper fusion-column-has-shadow fusion-flex-justify-content-flex-start fusion-content-layout-column\"><div class=\"fusion-text fusion-text-13\"><p>4 lata z opcj\u0105 przed\u0142u\u017cenia o rok (przewidywany okres od sierpnia 2025 r. do sierpnia 2029 r. lub do sierpnia 2030 r. w przypadku przed\u0142u\u017cenia)<\/p>\n<\/div><\/div><\/div><\/div><\/div><div class=\"fusion-fullwidth fullwidth-box fusion-builder-row-9 fusion-flex-container has-pattern-background has-mask-background nonhundred-percent-fullwidth non-hundred-percent-height-scrolling\" style=\"--awb-border-radius-top-left:0px;--awb-border-radius-top-right:0px;--awb-border-radius-bottom-right:0px;--awb-border-radius-bottom-left:0px;--awb-flex-wrap:wrap;\" ><div class=\"fusion-builder-row fusion-row fusion-flex-align-items-flex-start fusion-flex-content-wrap\" style=\"max-width:1586px;margin-left: calc(-4% \/ 2 );margin-right: calc(-4% \/ 2 );\"><div class=\"fusion-layout-column fusion_builder_column fusion-builder-column-13 fusion_builder_column_1_3 1_3 fusion-flex-column\" style=\"--awb-bg-size:cover;--awb-width-large:33.333333333333%;--awb-margin-top-large:0px;--awb-spacing-right-large:5.76%;--awb-margin-bottom-large:20px;--awb-spacing-left-large:5.76%;--awb-width-medium:33.333333333333%;--awb-order-medium:0;--awb-spacing-right-medium:5.76%;--awb-spacing-left-medium:5.76%;--awb-width-small:100%;--awb-order-small:0;--awb-spacing-right-small:1.92%;--awb-spacing-left-small:1.92%;\"><div class=\"fusion-column-wrapper fusion-column-has-shadow fusion-flex-justify-content-flex-start fusion-content-layout-column\"><div class=\"fusion-text fusion-text-14\"><h5>Szacunkowa maksymalna warto\u015b\u0107 umowy ramowej:<\/h5>\n<\/div><\/div><\/div><div class=\"fusion-layout-column fusion_builder_column fusion-builder-column-14 fusion_builder_column_2_3 2_3 fusion-flex-column\" style=\"--awb-bg-size:cover;--awb-width-large:66.666666666667%;--awb-margin-top-large:0px;--awb-spacing-right-large:2.88%;--awb-margin-bottom-large:20px;--awb-spacing-left-large:2.88%;--awb-width-medium:66.666666666667%;--awb-order-medium:0;--awb-spacing-right-medium:2.88%;--awb-spacing-left-medium:2.88%;--awb-width-small:100%;--awb-order-small:0;--awb-spacing-right-small:1.92%;--awb-spacing-left-small:1.92%;\"><div class=\"fusion-column-wrapper fusion-column-has-shadow fusion-flex-justify-content-flex-start fusion-content-layout-column\"><div class=\"fusion-text fusion-text-15\"><p>150.000 Euro (netto)<\/p>\n<\/div><\/div><\/div><\/div><\/div><div class=\"fusion-fullwidth fullwidth-box fusion-builder-row-10 fusion-flex-container has-pattern-background has-mask-background nonhundred-percent-fullwidth non-hundred-percent-height-scrolling\" style=\"--awb-border-radius-top-left:0px;--awb-border-radius-top-right:0px;--awb-border-radius-bottom-right:0px;--awb-border-radius-bottom-left:0px;--awb-flex-wrap:wrap;\" ><div class=\"fusion-builder-row fusion-row fusion-flex-align-items-flex-start fusion-flex-content-wrap\" style=\"max-width:1586px;margin-left: calc(-4% \/ 2 );margin-right: calc(-4% \/ 2 );\"><div class=\"fusion-layout-column fusion_builder_column fusion-builder-column-15 fusion_builder_column_1_3 1_3 fusion-flex-column\" style=\"--awb-bg-size:cover;--awb-width-large:33.333333333333%;--awb-margin-top-large:0px;--awb-spacing-right-large:5.76%;--awb-margin-bottom-large:20px;--awb-spacing-left-large:5.76%;--awb-width-medium:33.333333333333%;--awb-order-medium:0;--awb-spacing-right-medium:5.76%;--awb-spacing-left-medium:5.76%;--awb-width-small:100%;--awb-order-small:0;--awb-spacing-right-small:1.92%;--awb-spacing-left-small:1.92%;\"><div class=\"fusion-column-wrapper fusion-column-has-shadow fusion-flex-justify-content-flex-start fusion-content-layout-column\"><div class=\"fusion-text fusion-text-16\"><h5>Sk\u0142adanie ofert:<\/h5>\n<\/div><\/div><\/div><div class=\"fusion-layout-column fusion_builder_column fusion-builder-column-16 fusion_builder_column_2_3 2_3 fusion-flex-column\" style=\"--awb-bg-size:cover;--awb-width-large:66.666666666667%;--awb-margin-top-large:0px;--awb-spacing-right-large:2.88%;--awb-margin-bottom-large:20px;--awb-spacing-left-large:2.88%;--awb-width-medium:66.666666666667%;--awb-order-medium:0;--awb-spacing-right-medium:2.88%;--awb-spacing-left-medium:2.88%;--awb-width-small:100%;--awb-order-small:0;--awb-spacing-right-small:1.92%;--awb-spacing-left-small:1.92%;\"><div class=\"fusion-column-wrapper fusion-column-has-shadow fusion-flex-justify-content-flex-start fusion-content-layout-column\"><div class=\"fusion-text fusion-text-17\"><p>Oferty nale\u017cy sk\u0142ada\u0107 w j\u0119zyku niemieckim, w formie pisemnej do Ministerstwa Gospodarki, Infrastruktury, Turystyki i Pracy Kraju Zwi\u0105zkowego Meklemburgia-Pomorze Przednie, Referat 430.<\/p>\n<\/div><\/div><\/div><\/div><\/div><div class=\"fusion-fullwidth fullwidth-box fusion-builder-row-11 fusion-flex-container has-pattern-background has-mask-background nonhundred-percent-fullwidth non-hundred-percent-height-scrolling\" style=\"--awb-border-radius-top-left:0px;--awb-border-radius-top-right:0px;--awb-border-radius-bottom-right:0px;--awb-border-radius-bottom-left:0px;--awb-flex-wrap:wrap;\" ><div class=\"fusion-builder-row fusion-row fusion-flex-align-items-flex-start fusion-flex-content-wrap\" style=\"max-width:1586px;margin-left: calc(-4% \/ 2 );margin-right: calc(-4% \/ 2 );\"><div class=\"fusion-layout-column fusion_builder_column fusion-builder-column-17 fusion_builder_column_1_3 1_3 fusion-flex-column\" style=\"--awb-bg-size:cover;--awb-width-large:33.333333333333%;--awb-margin-top-large:0px;--awb-spacing-right-large:5.76%;--awb-margin-bottom-large:20px;--awb-spacing-left-large:5.76%;--awb-width-medium:33.333333333333%;--awb-order-medium:0;--awb-spacing-right-medium:5.76%;--awb-spacing-left-medium:5.76%;--awb-width-small:100%;--awb-order-small:0;--awb-spacing-right-small:1.92%;--awb-spacing-left-small:1.92%;\"><div class=\"fusion-column-wrapper fusion-column-has-shadow fusion-flex-justify-content-flex-start fusion-content-layout-column\"><div class=\"fusion-text fusion-text-18\"><h5>Termin sk\u0142adania ofert:<\/h5>\n<\/div><\/div><\/div><div class=\"fusion-layout-column fusion_builder_column fusion-builder-column-18 fusion_builder_column_2_3 2_3 fusion-flex-column\" style=\"--awb-bg-size:cover;--awb-width-large:66.666666666667%;--awb-margin-top-large:0px;--awb-spacing-right-large:2.88%;--awb-margin-bottom-large:20px;--awb-spacing-left-large:2.88%;--awb-width-medium:66.666666666667%;--awb-order-medium:0;--awb-spacing-right-medium:2.88%;--awb-spacing-left-medium:2.88%;--awb-width-small:100%;--awb-order-small:0;--awb-spacing-right-small:1.92%;--awb-spacing-left-small:1.92%;\"><div class=\"fusion-column-wrapper fusion-column-has-shadow fusion-flex-justify-content-flex-start fusion-content-layout-column\"><div class=\"fusion-text fusion-text-19\"><p>25.07.2026 (decyduj\u0105ca jest data stempla pocztowego)<\/p>\n<\/div><\/div><\/div><\/div><\/div><div class=\"fusion-fullwidth fullwidth-box fusion-builder-row-12 fusion-flex-container has-pattern-background has-mask-background nonhundred-percent-fullwidth non-hundred-percent-height-scrolling\" style=\"--awb-border-radius-top-left:0px;--awb-border-radius-top-right:0px;--awb-border-radius-bottom-right:0px;--awb-border-radius-bottom-left:0px;--awb-flex-wrap:wrap;\" ><div class=\"fusion-builder-row fusion-row fusion-flex-align-items-flex-start fusion-flex-content-wrap\" style=\"max-width:1586px;margin-left: calc(-4% \/ 2 );margin-right: calc(-4% \/ 2 );\"><div class=\"fusion-layout-column fusion_builder_column fusion-builder-column-19 fusion_builder_column_1_3 1_3 fusion-flex-column\" style=\"--awb-bg-size:cover;--awb-width-large:33.333333333333%;--awb-margin-top-large:0px;--awb-spacing-right-large:5.76%;--awb-margin-bottom-large:20px;--awb-spacing-left-large:5.76%;--awb-width-medium:33.333333333333%;--awb-order-medium:0;--awb-spacing-right-medium:5.76%;--awb-spacing-left-medium:5.76%;--awb-width-small:100%;--awb-order-small:0;--awb-spacing-right-small:1.92%;--awb-spacing-left-small:1.92%;\"><div class=\"fusion-column-wrapper fusion-column-has-shadow fusion-flex-justify-content-flex-start fusion-content-layout-column\"><div class=\"fusion-text fusion-text-20\"><h5>Okres wi\u0105\u017c\u0105cy:<\/h5>\n<\/div><\/div><\/div><div class=\"fusion-layout-column fusion_builder_column fusion-builder-column-20 fusion_builder_column_2_3 2_3 fusion-flex-column\" style=\"--awb-bg-size:cover;--awb-width-large:66.666666666667%;--awb-margin-top-large:0px;--awb-spacing-right-large:2.88%;--awb-margin-bottom-large:20px;--awb-spacing-left-large:2.88%;--awb-width-medium:66.666666666667%;--awb-order-medium:0;--awb-spacing-right-medium:2.88%;--awb-spacing-left-medium:2.88%;--awb-width-small:100%;--awb-order-small:0;--awb-spacing-right-small:1.92%;--awb-spacing-left-small:1.92%;\"><div class=\"fusion-column-wrapper fusion-column-has-shadow fusion-flex-justify-content-flex-start fusion-content-layout-column\"><div class=\"fusion-text fusion-text-21\"><p>19.09.2025<\/p>\n<\/div><\/div><\/div><\/div><\/div><div class=\"fusion-fullwidth fullwidth-box fusion-builder-row-13 fusion-flex-container has-pattern-background has-mask-background nonhundred-percent-fullwidth non-hundred-percent-height-scrolling\" style=\"--awb-border-radius-top-left:0px;--awb-border-radius-top-right:0px;--awb-border-radius-bottom-right:0px;--awb-border-radius-bottom-left:0px;--awb-flex-wrap:wrap;\" ><div class=\"fusion-builder-row fusion-row fusion-flex-align-items-flex-start fusion-flex-content-wrap\" style=\"max-width:1586px;margin-left: calc(-4% \/ 2 );margin-right: calc(-4% \/ 2 );\"><div class=\"fusion-layout-column fusion_builder_column fusion-builder-column-21 fusion_builder_column_1_3 1_3 fusion-flex-column\" style=\"--awb-bg-size:cover;--awb-width-large:33.333333333333%;--awb-margin-top-large:0px;--awb-spacing-right-large:5.76%;--awb-margin-bottom-large:20px;--awb-spacing-left-large:5.76%;--awb-width-medium:33.333333333333%;--awb-order-medium:0;--awb-spacing-right-medium:5.76%;--awb-spacing-left-medium:5.76%;--awb-width-small:100%;--awb-order-small:0;--awb-spacing-right-small:1.92%;--awb-spacing-left-small:1.92%;\"><div class=\"fusion-column-wrapper fusion-column-has-shadow fusion-flex-justify-content-flex-start fusion-content-layout-column\"><div class=\"fusion-text fusion-text-22\"><h5>Wymagane dokumenty:<\/h5>\n<\/div><\/div><\/div><div class=\"fusion-layout-column fusion_builder_column fusion-builder-column-22 fusion_builder_column_2_3 2_3 fusion-flex-column\" style=\"--awb-bg-size:cover;--awb-width-large:66.666666666667%;--awb-margin-top-large:0px;--awb-spacing-right-large:2.88%;--awb-margin-bottom-large:20px;--awb-spacing-left-large:2.88%;--awb-width-medium:66.666666666667%;--awb-order-medium:0;--awb-spacing-right-medium:2.88%;--awb-spacing-left-medium:2.88%;--awb-width-small:100%;--awb-order-small:0;--awb-spacing-right-small:1.92%;--awb-spacing-left-small:1.92%;\"><div class=\"fusion-column-wrapper fusion-column-has-shadow fusion-flex-justify-content-flex-start fusion-content-layout-column\"><div class=\"fusion-text fusion-text-23\"><ul>\n<li>O\u015bwiadczenie oferenta<\/li>\n<li>Dow\u00f3d odpowiedniego do\u015bwiadczenia w t\u0142umaczeniu pisemnym i symultanicznym DE\/PL w zwi\u0105zku z Programem Interreg (nazwa wydarzenia, data, miejsce, nazwa dokumentu itp.)<\/li>\n<\/ul>\n<\/div><\/div><\/div><\/div><\/div><div class=\"fusion-fullwidth fullwidth-box fusion-builder-row-14 fusion-flex-container has-pattern-background has-mask-background nonhundred-percent-fullwidth non-hundred-percent-height-scrolling\" style=\"--awb-border-radius-top-left:0px;--awb-border-radius-top-right:0px;--awb-border-radius-bottom-right:0px;--awb-border-radius-bottom-left:0px;--awb-flex-wrap:wrap;\" ><div class=\"fusion-builder-row fusion-row fusion-flex-align-items-flex-start fusion-flex-content-wrap\" style=\"max-width:1586px;margin-left: calc(-4% \/ 2 );margin-right: calc(-4% \/ 2 );\"><div class=\"fusion-layout-column fusion_builder_column fusion-builder-column-23 fusion_builder_column_1_3 1_3 fusion-flex-column\" style=\"--awb-bg-size:cover;--awb-width-large:33.333333333333%;--awb-margin-top-large:0px;--awb-spacing-right-large:5.76%;--awb-margin-bottom-large:20px;--awb-spacing-left-large:5.76%;--awb-width-medium:33.333333333333%;--awb-order-medium:0;--awb-spacing-right-medium:5.76%;--awb-spacing-left-medium:5.76%;--awb-width-small:100%;--awb-order-small:0;--awb-spacing-right-small:1.92%;--awb-spacing-left-small:1.92%;\"><div class=\"fusion-column-wrapper fusion-column-has-shadow fusion-flex-justify-content-flex-start fusion-content-layout-column\"><div class=\"fusion-text fusion-text-24\"><h5>Wi\u0119cej informacji:<\/h5>\n<\/div><\/div><\/div><div class=\"fusion-layout-column fusion_builder_column fusion-builder-column-24 fusion_builder_column_2_3 2_3 fusion-flex-column\" style=\"--awb-bg-size:cover;--awb-width-large:66.666666666667%;--awb-margin-top-large:0px;--awb-spacing-right-large:2.88%;--awb-margin-bottom-large:20px;--awb-spacing-left-large:2.88%;--awb-width-medium:66.666666666667%;--awb-order-medium:0;--awb-spacing-right-medium:2.88%;--awb-spacing-left-medium:2.88%;--awb-width-small:100%;--awb-order-small:0;--awb-spacing-right-small:1.92%;--awb-spacing-left-small:1.92%;\"><div class=\"fusion-column-wrapper fusion-column-has-shadow fusion-flex-justify-content-flex-start fusion-content-layout-column\"><div class=\"fusion-text fusion-text-25\"><p>Informacje na temat kryteri\u00f3w udzielenia zam\u00f3wienia, realizacji poszczeg\u00f3lnych um\u00f3w oraz warunk\u00f3w p\u0142atno\u015bci zawarte s\u0105 w dokumentacji przetargowej.<\/p>\n<\/div><\/div><\/div><\/div><\/div><div class=\"fusion-fullwidth fullwidth-box fusion-builder-row-15 fusion-flex-container has-pattern-background has-mask-background nonhundred-percent-fullwidth non-hundred-percent-height-scrolling\" style=\"--awb-border-radius-top-left:0px;--awb-border-radius-top-right:0px;--awb-border-radius-bottom-right:0px;--awb-border-radius-bottom-left:0px;--awb-flex-wrap:wrap;\" ><div class=\"fusion-builder-row fusion-row fusion-flex-align-items-flex-start fusion-flex-content-wrap\" style=\"max-width:1586px;margin-left: calc(-4% \/ 2 );margin-right: calc(-4% \/ 2 );\"><div class=\"fusion-layout-column fusion_builder_column fusion-builder-column-25 fusion_builder_column_1_1 1_1 fusion-flex-column\" style=\"--awb-bg-size:cover;--awb-width-large:100%;--awb-margin-top-large:0px;--awb-spacing-right-large:1.92%;--awb-margin-bottom-large:20px;--awb-spacing-left-large:1.92%;--awb-width-medium:100%;--awb-order-medium:0;--awb-spacing-right-medium:1.92%;--awb-spacing-left-medium:1.92%;--awb-width-small:100%;--awb-order-small:0;--awb-spacing-right-small:1.92%;--awb-spacing-left-small:1.92%;\"><div class=\"fusion-column-wrapper fusion-column-has-shadow fusion-flex-justify-content-flex-start fusion-content-layout-column\"><div class=\"fusion-text fusion-text-26\"><h3><strong>Dokumenty dotycz\u0105ce zam\u00f3wienia:<\/strong><\/h3>\n<\/div><div class='w3eden'>\n<!-- WPDM Link Template: Default Template -->\n\n<div class=\"link-template-default card mb-2\">\n    <div class=\"card-body\">\n        <div class=\"media\">\n            <div class=\"media-pic-icon\">\n                <a class='wpdm-download-link download-on-click btn btn-primary ' rel='nofollow' href='#' data-downloadurl=\"https:\/\/www.interreg6a.net\/pl\/download\/zaproszenie-do-skladania-ofert-2\/?wpdmdl=18306&refresh=69f37917bca861777563927\">Pobierz<\/a>\n            <\/div>\n            <div class=\"media-body\">\n                <h3 class=\"package-title\">Zaproszenie do sk\u0142adania ofert<\/h3>\n                <div class=\"text-muted text-small\">\n                    <span class=\"wpdm_file_ext\">pdf<\/span> | <span class=\"wpdm_file_size\">56.74 KB<\/span> | <span class=\"wpdm_update_date\">24. czerwca 2025<\/span> <!-- 7. lipca 2025 -->\n                <\/div>\n            <\/div>\n\n        <\/div>\n    <\/div>\n<\/div>\n\n<\/div><div class='w3eden'>\n<!-- WPDM Link Template: Default Template -->\n\n<div class=\"link-template-default card mb-2\">\n    <div class=\"card-body\">\n        <div class=\"media\">\n            <div class=\"media-pic-icon\">\n                <a class='wpdm-download-link download-on-click btn btn-primary ' rel='nofollow' href='#' data-downloadurl=\"https:\/\/www.interreg6a.net\/pl\/download\/wzor-umowy-ramowej\/?wpdmdl=18213&refresh=69f37917c71091777563927\">Pobierz<\/a>\n            <\/div>\n            <div class=\"media-body\">\n                <h3 class=\"package-title\">Wz\u00f3r umowy ramowej<\/h3>\n                <div class=\"text-muted text-small\">\n                    <span class=\"wpdm_file_ext\">pdf<\/span> | <span class=\"wpdm_file_size\">55.33 KB<\/span> | <span class=\"wpdm_update_date\">17. czerwca 2025<\/span> <!-- 24. czerwca 2025 -->\n                <\/div>\n            <\/div>\n\n        <\/div>\n    <\/div>\n<\/div>\n\n<\/div><div class='w3eden'>\n<!-- WPDM Link Template: Default Template -->\n\n<div class=\"link-template-default card mb-2\">\n    <div class=\"card-body\">\n        <div class=\"media\">\n            <div class=\"media-pic-icon\">\n                <a class='wpdm-download-link download-on-click btn btn-primary ' rel='nofollow' href='#' data-downloadurl=\"https:\/\/www.interreg6a.net\/pl\/download\/wzor-indywidualnego-zamowienia-do-umowy-ramowej\/?wpdmdl=18215&refresh=69f37917cf1dc1777563927\">Pobierz<\/a>\n            <\/div>\n            <div class=\"media-body\">\n                <h3 class=\"package-title\">Wz\u00f3r indywidualnego zam\u00f3wienia do umowy ramowej<\/h3>\n                <div class=\"text-muted text-small\">\n                    <span class=\"wpdm_file_ext\">pdf<\/span> | <span class=\"wpdm_file_size\">62.96 KB<\/span> | <span class=\"wpdm_update_date\">17. czerwca 2025<\/span> <!-- 18. czerwca 2025 -->\n                <\/div>\n            <\/div>\n\n        <\/div>\n    <\/div>\n<\/div>\n\n<\/div><div class='w3eden'>\n<!-- WPDM Link Template: Default Template -->\n\n<div class=\"link-template-default card mb-2\">\n    <div class=\"card-body\">\n        <div class=\"media\">\n            <div class=\"media-pic-icon\">\n                <a class='wpdm-download-link download-on-click btn btn-primary ' rel='nofollow' href='#' data-downloadurl=\"https:\/\/www.interreg6a.net\/pl\/download\/oswiadczenie-oferenta\/?wpdmdl=18216&refresh=69f37917d80a31777563927\">Pobierz<\/a>\n            <\/div>\n            <div class=\"media-body\">\n                <h3 class=\"package-title\">O\u015bwiadczenie oferenta<\/h3>\n                <div class=\"text-muted text-small\">\n                    <span class=\"wpdm_file_ext\">pdf<\/span> | <span class=\"wpdm_file_size\">67.78 KB<\/span> | <span class=\"wpdm_update_date\">24. czerwca 2025<\/span> <!-- 24. czerwca 2025 -->\n                <\/div>\n            <\/div>\n\n        <\/div>\n    <\/div>\n<\/div>\n\n<\/div><\/div><\/div><\/div><\/div><\/p>\n","protected":false},"excerpt":{"rendered":"","protected":false},"author":33,"featured_media":18147,"comment_status":"closed","ping_status":"closed","sticky":false,"template":"","format":"standard","meta":{"_price":"","_stock":"","_tribe_ticket_header":"","_tribe_default_ticket_provider":"","_tribe_ticket_capacity":"0","_ticket_start_date":"","_ticket_end_date":"","_tribe_ticket_show_description":"","_tribe_ticket_show_not_going":false,"_tribe_ticket_use_global_stock":"","_tribe_ticket_global_stock_level":"","_global_stock_mode":"","_global_stock_cap":"","_tribe_rsvp_for_event":"","_tribe_ticket_going_count":"","_tribe_ticket_not_going_count":"","_tribe_tickets_list":"[]","_tribe_ticket_has_attendee_info_fields":false,"footnotes":""},"categories":[20],"tags":[],"class_list":["post-18203","post","type-post","status-publish","format-standard","has-post-thumbnail","hentry","category-aktualnosci"],"yoast_head":"<!-- This site is optimized with the Yoast SEO plugin v27.3 - https:\/\/yoast.com\/product\/yoast-seo-wordpress\/ -->\n<title>Planowana procedura udzielenia zam\u00f3wienia - Interreg VI A MV\/BB\/PL<\/title>\n<meta name=\"robots\" content=\"index, follow, max-snippet:-1, max-image-preview:large, max-video-preview:-1\" \/>\n<link rel=\"canonical\" href=\"https:\/\/www.interreg6a.net\/pl\/planowana-procedura-udzielenia-zamowienia\/\" \/>\n<meta property=\"og:locale\" content=\"pl_PL\" \/>\n<meta property=\"og:type\" content=\"article\" \/>\n<meta property=\"og:title\" content=\"Planowana procedura udzielenia zam\u00f3wienia - Interreg VI A MV\/BB\/PL\" \/>\n<meta property=\"og:url\" content=\"https:\/\/www.interreg6a.net\/pl\/planowana-procedura-udzielenia-zamowienia\/\" \/>\n<meta property=\"og:site_name\" content=\"Interreg VI A MV\/BB\/PL\" \/>\n<meta property=\"article:published_time\" content=\"2025-06-17T12:48:58+00:00\" \/>\n<meta property=\"article:modified_time\" content=\"2025-07-07T13:29:43+00:00\" \/>\n<meta property=\"og:image\" content=\"https:\/\/www.interreg6a.net\/wp-content\/uploads\/2025\/06\/Neuigkeit-Rahmenvereinbarung1-e1750770438665.png\" \/>\n\t<meta property=\"og:image:width\" content=\"602\" \/>\n\t<meta property=\"og:image:height\" content=\"401\" \/>\n\t<meta property=\"og:image:type\" content=\"image\/png\" \/>\n<meta name=\"author\" content=\"Marta Werner\" \/>\n<meta name=\"twitter:card\" content=\"summary_large_image\" \/>\n<meta name=\"twitter:label1\" content=\"Napisane przez\" \/>\n\t<meta name=\"twitter:data1\" content=\"Marta Werner\" \/>\n\t<meta name=\"twitter:label2\" content=\"Szacowany czas czytania\" \/>\n\t<meta name=\"twitter:data2\" content=\"3 minuty\" \/>\n<script type=\"application\/ld+json\" class=\"yoast-schema-graph\">{\"@context\":\"https:\\\/\\\/schema.org\",\"@graph\":[{\"@type\":\"Article\",\"@id\":\"https:\\\/\\\/www.interreg6a.net\\\/pl\\\/planowana-procedura-udzielenia-zamowienia\\\/#article\",\"isPartOf\":{\"@id\":\"https:\\\/\\\/www.interreg6a.net\\\/pl\\\/planowana-procedura-udzielenia-zamowienia\\\/\"},\"author\":{\"name\":\"Marta Werner\",\"@id\":\"https:\\\/\\\/www.interreg6a.net\\\/pl\\\/#\\\/schema\\\/person\\\/d5543128d302034358cb05f32c3f6400\"},\"headline\":\"Planowana procedura udzielenia zam\u00f3wienia\",\"datePublished\":\"2025-06-17T12:48:58+00:00\",\"dateModified\":\"2025-07-07T13:29:43+00:00\",\"mainEntityOfPage\":{\"@id\":\"https:\\\/\\\/www.interreg6a.net\\\/pl\\\/planowana-procedura-udzielenia-zamowienia\\\/\"},\"wordCount\":22847,\"image\":{\"@id\":\"https:\\\/\\\/www.interreg6a.net\\\/pl\\\/planowana-procedura-udzielenia-zamowienia\\\/#primaryimage\"},\"thumbnailUrl\":\"https:\\\/\\\/www.interreg6a.net\\\/wp-content\\\/uploads\\\/2025\\\/06\\\/Neuigkeit-Rahmenvereinbarung1-e1750770438665.png\",\"articleSection\":[\"Aktualno\u015bci\"],\"inLanguage\":\"pl-PL\"},{\"@type\":\"WebPage\",\"@id\":\"https:\\\/\\\/www.interreg6a.net\\\/pl\\\/planowana-procedura-udzielenia-zamowienia\\\/\",\"url\":\"https:\\\/\\\/www.interreg6a.net\\\/pl\\\/planowana-procedura-udzielenia-zamowienia\\\/\",\"name\":\"Planowana procedura udzielenia zam\u00f3wienia - Interreg VI A MV\\\/BB\\\/PL\",\"isPartOf\":{\"@id\":\"https:\\\/\\\/www.interreg6a.net\\\/pl\\\/#website\"},\"primaryImageOfPage\":{\"@id\":\"https:\\\/\\\/www.interreg6a.net\\\/pl\\\/planowana-procedura-udzielenia-zamowienia\\\/#primaryimage\"},\"image\":{\"@id\":\"https:\\\/\\\/www.interreg6a.net\\\/pl\\\/planowana-procedura-udzielenia-zamowienia\\\/#primaryimage\"},\"thumbnailUrl\":\"https:\\\/\\\/www.interreg6a.net\\\/wp-content\\\/uploads\\\/2025\\\/06\\\/Neuigkeit-Rahmenvereinbarung1-e1750770438665.png\",\"datePublished\":\"2025-06-17T12:48:58+00:00\",\"dateModified\":\"2025-07-07T13:29:43+00:00\",\"author\":{\"@id\":\"https:\\\/\\\/www.interreg6a.net\\\/pl\\\/#\\\/schema\\\/person\\\/d5543128d302034358cb05f32c3f6400\"},\"breadcrumb\":{\"@id\":\"https:\\\/\\\/www.interreg6a.net\\\/pl\\\/planowana-procedura-udzielenia-zamowienia\\\/#breadcrumb\"},\"inLanguage\":\"pl-PL\",\"potentialAction\":[{\"@type\":\"ReadAction\",\"target\":[\"https:\\\/\\\/www.interreg6a.net\\\/pl\\\/planowana-procedura-udzielenia-zamowienia\\\/\"]}]},{\"@type\":\"ImageObject\",\"inLanguage\":\"pl-PL\",\"@id\":\"https:\\\/\\\/www.interreg6a.net\\\/pl\\\/planowana-procedura-udzielenia-zamowienia\\\/#primaryimage\",\"url\":\"https:\\\/\\\/www.interreg6a.net\\\/wp-content\\\/uploads\\\/2025\\\/06\\\/Neuigkeit-Rahmenvereinbarung1-e1750770438665.png\",\"contentUrl\":\"https:\\\/\\\/www.interreg6a.net\\\/wp-content\\\/uploads\\\/2025\\\/06\\\/Neuigkeit-Rahmenvereinbarung1-e1750770438665.png\",\"width\":602,\"height\":401},{\"@type\":\"BreadcrumbList\",\"@id\":\"https:\\\/\\\/www.interreg6a.net\\\/pl\\\/planowana-procedura-udzielenia-zamowienia\\\/#breadcrumb\",\"itemListElement\":[{\"@type\":\"ListItem\",\"position\":1,\"name\":\"Strona g\u0142\u00f3wna\",\"item\":\"https:\\\/\\\/www.interreg6a.net\\\/pl\\\/\"},{\"@type\":\"ListItem\",\"position\":2,\"name\":\"Planowana procedura udzielenia zam\u00f3wienia\"}]},{\"@type\":\"WebSite\",\"@id\":\"https:\\\/\\\/www.interreg6a.net\\\/pl\\\/#website\",\"url\":\"https:\\\/\\\/www.interreg6a.net\\\/pl\\\/\",\"name\":\"Interreg VI A MV\\\/BB\\\/PL\",\"description\":\"\",\"potentialAction\":[{\"@type\":\"SearchAction\",\"target\":{\"@type\":\"EntryPoint\",\"urlTemplate\":\"https:\\\/\\\/www.interreg6a.net\\\/pl\\\/?s={search_term_string}\"},\"query-input\":{\"@type\":\"PropertyValueSpecification\",\"valueRequired\":true,\"valueName\":\"search_term_string\"}}],\"inLanguage\":\"pl-PL\"},{\"@type\":\"Person\",\"@id\":\"https:\\\/\\\/www.interreg6a.net\\\/pl\\\/#\\\/schema\\\/person\\\/d5543128d302034358cb05f32c3f6400\",\"name\":\"Marta Werner\",\"image\":{\"@type\":\"ImageObject\",\"inLanguage\":\"pl-PL\",\"@id\":\"https:\\\/\\\/secure.gravatar.com\\\/avatar\\\/576f909861a89c05a65b5c0e9dd5dee6df695525056504f84660761ea9ef4355?s=96&d=mm&r=g\",\"url\":\"https:\\\/\\\/secure.gravatar.com\\\/avatar\\\/576f909861a89c05a65b5c0e9dd5dee6df695525056504f84660761ea9ef4355?s=96&d=mm&r=g\",\"contentUrl\":\"https:\\\/\\\/secure.gravatar.com\\\/avatar\\\/576f909861a89c05a65b5c0e9dd5dee6df695525056504f84660761ea9ef4355?s=96&d=mm&r=g\",\"caption\":\"Marta Werner\"},\"url\":\"https:\\\/\\\/www.interreg6a.net\\\/pl\\\/author\\\/werner\\\/\"}]}<\/script>\n<!-- \/ Yoast SEO plugin. -->","yoast_head_json":{"title":"Planowana procedura udzielenia zam\u00f3wienia - Interreg VI A MV\/BB\/PL","robots":{"index":"index","follow":"follow","max-snippet":"max-snippet:-1","max-image-preview":"max-image-preview:large","max-video-preview":"max-video-preview:-1"},"canonical":"https:\/\/www.interreg6a.net\/pl\/planowana-procedura-udzielenia-zamowienia\/","og_locale":"pl_PL","og_type":"article","og_title":"Planowana procedura udzielenia zam\u00f3wienia - Interreg VI A MV\/BB\/PL","og_url":"https:\/\/www.interreg6a.net\/pl\/planowana-procedura-udzielenia-zamowienia\/","og_site_name":"Interreg VI A MV\/BB\/PL","article_published_time":"2025-06-17T12:48:58+00:00","article_modified_time":"2025-07-07T13:29:43+00:00","og_image":[{"width":602,"height":401,"url":"https:\/\/www.interreg6a.net\/wp-content\/uploads\/2025\/06\/Neuigkeit-Rahmenvereinbarung1-e1750770438665.png","type":"image\/png"}],"author":"Marta Werner","twitter_card":"summary_large_image","twitter_misc":{"Napisane przez":"Marta Werner","Szacowany czas czytania":"3 minuty"},"schema":{"@context":"https:\/\/schema.org","@graph":[{"@type":"Article","@id":"https:\/\/www.interreg6a.net\/pl\/planowana-procedura-udzielenia-zamowienia\/#article","isPartOf":{"@id":"https:\/\/www.interreg6a.net\/pl\/planowana-procedura-udzielenia-zamowienia\/"},"author":{"name":"Marta Werner","@id":"https:\/\/www.interreg6a.net\/pl\/#\/schema\/person\/d5543128d302034358cb05f32c3f6400"},"headline":"Planowana procedura udzielenia zam\u00f3wienia","datePublished":"2025-06-17T12:48:58+00:00","dateModified":"2025-07-07T13:29:43+00:00","mainEntityOfPage":{"@id":"https:\/\/www.interreg6a.net\/pl\/planowana-procedura-udzielenia-zamowienia\/"},"wordCount":22847,"image":{"@id":"https:\/\/www.interreg6a.net\/pl\/planowana-procedura-udzielenia-zamowienia\/#primaryimage"},"thumbnailUrl":"https:\/\/www.interreg6a.net\/wp-content\/uploads\/2025\/06\/Neuigkeit-Rahmenvereinbarung1-e1750770438665.png","articleSection":["Aktualno\u015bci"],"inLanguage":"pl-PL"},{"@type":"WebPage","@id":"https:\/\/www.interreg6a.net\/pl\/planowana-procedura-udzielenia-zamowienia\/","url":"https:\/\/www.interreg6a.net\/pl\/planowana-procedura-udzielenia-zamowienia\/","name":"Planowana procedura udzielenia zam\u00f3wienia - Interreg VI A MV\/BB\/PL","isPartOf":{"@id":"https:\/\/www.interreg6a.net\/pl\/#website"},"primaryImageOfPage":{"@id":"https:\/\/www.interreg6a.net\/pl\/planowana-procedura-udzielenia-zamowienia\/#primaryimage"},"image":{"@id":"https:\/\/www.interreg6a.net\/pl\/planowana-procedura-udzielenia-zamowienia\/#primaryimage"},"thumbnailUrl":"https:\/\/www.interreg6a.net\/wp-content\/uploads\/2025\/06\/Neuigkeit-Rahmenvereinbarung1-e1750770438665.png","datePublished":"2025-06-17T12:48:58+00:00","dateModified":"2025-07-07T13:29:43+00:00","author":{"@id":"https:\/\/www.interreg6a.net\/pl\/#\/schema\/person\/d5543128d302034358cb05f32c3f6400"},"breadcrumb":{"@id":"https:\/\/www.interreg6a.net\/pl\/planowana-procedura-udzielenia-zamowienia\/#breadcrumb"},"inLanguage":"pl-PL","potentialAction":[{"@type":"ReadAction","target":["https:\/\/www.interreg6a.net\/pl\/planowana-procedura-udzielenia-zamowienia\/"]}]},{"@type":"ImageObject","inLanguage":"pl-PL","@id":"https:\/\/www.interreg6a.net\/pl\/planowana-procedura-udzielenia-zamowienia\/#primaryimage","url":"https:\/\/www.interreg6a.net\/wp-content\/uploads\/2025\/06\/Neuigkeit-Rahmenvereinbarung1-e1750770438665.png","contentUrl":"https:\/\/www.interreg6a.net\/wp-content\/uploads\/2025\/06\/Neuigkeit-Rahmenvereinbarung1-e1750770438665.png","width":602,"height":401},{"@type":"BreadcrumbList","@id":"https:\/\/www.interreg6a.net\/pl\/planowana-procedura-udzielenia-zamowienia\/#breadcrumb","itemListElement":[{"@type":"ListItem","position":1,"name":"Strona g\u0142\u00f3wna","item":"https:\/\/www.interreg6a.net\/pl\/"},{"@type":"ListItem","position":2,"name":"Planowana procedura udzielenia zam\u00f3wienia"}]},{"@type":"WebSite","@id":"https:\/\/www.interreg6a.net\/pl\/#website","url":"https:\/\/www.interreg6a.net\/pl\/","name":"Interreg VI A MV\/BB\/PL","description":"","potentialAction":[{"@type":"SearchAction","target":{"@type":"EntryPoint","urlTemplate":"https:\/\/www.interreg6a.net\/pl\/?s={search_term_string}"},"query-input":{"@type":"PropertyValueSpecification","valueRequired":true,"valueName":"search_term_string"}}],"inLanguage":"pl-PL"},{"@type":"Person","@id":"https:\/\/www.interreg6a.net\/pl\/#\/schema\/person\/d5543128d302034358cb05f32c3f6400","name":"Marta Werner","image":{"@type":"ImageObject","inLanguage":"pl-PL","@id":"https:\/\/secure.gravatar.com\/avatar\/576f909861a89c05a65b5c0e9dd5dee6df695525056504f84660761ea9ef4355?s=96&d=mm&r=g","url":"https:\/\/secure.gravatar.com\/avatar\/576f909861a89c05a65b5c0e9dd5dee6df695525056504f84660761ea9ef4355?s=96&d=mm&r=g","contentUrl":"https:\/\/secure.gravatar.com\/avatar\/576f909861a89c05a65b5c0e9dd5dee6df695525056504f84660761ea9ef4355?s=96&d=mm&r=g","caption":"Marta Werner"},"url":"https:\/\/www.interreg6a.net\/pl\/author\/werner\/"}]}},"_links":{"self":[{"href":"https:\/\/www.interreg6a.net\/pl\/wp-json\/wp\/v2\/posts\/18203","targetHints":{"allow":["GET"]}}],"collection":[{"href":"https:\/\/www.interreg6a.net\/pl\/wp-json\/wp\/v2\/posts"}],"about":[{"href":"https:\/\/www.interreg6a.net\/pl\/wp-json\/wp\/v2\/types\/post"}],"author":[{"embeddable":true,"href":"https:\/\/www.interreg6a.net\/pl\/wp-json\/wp\/v2\/users\/33"}],"replies":[{"embeddable":true,"href":"https:\/\/www.interreg6a.net\/pl\/wp-json\/wp\/v2\/comments?post=18203"}],"version-history":[{"count":17,"href":"https:\/\/www.interreg6a.net\/pl\/wp-json\/wp\/v2\/posts\/18203\/revisions"}],"predecessor-version":[{"id":18554,"href":"https:\/\/www.interreg6a.net\/pl\/wp-json\/wp\/v2\/posts\/18203\/revisions\/18554"}],"wp:featuredmedia":[{"embeddable":true,"href":"https:\/\/www.interreg6a.net\/pl\/wp-json\/wp\/v2\/media\/18147"}],"wp:attachment":[{"href":"https:\/\/www.interreg6a.net\/pl\/wp-json\/wp\/v2\/media?parent=18203"}],"wp:term":[{"taxonomy":"category","embeddable":true,"href":"https:\/\/www.interreg6a.net\/pl\/wp-json\/wp\/v2\/categories?post=18203"},{"taxonomy":"post_tag","embeddable":true,"href":"https:\/\/www.interreg6a.net\/pl\/wp-json\/wp\/v2\/tags?post=18203"}],"curies":[{"name":"wp","href":"https:\/\/api.w.org\/{rel}","templated":true}]}}