{"id":19763,"date":"2025-09-25T11:27:59","date_gmt":"2025-09-25T09:27:59","guid":{"rendered":"https:\/\/www.interreg6a.net\/?p=19763"},"modified":"2025-09-26T07:27:12","modified_gmt":"2025-09-26T05:27:12","slug":"interreg-central-europe-strategiczny-nabor-wnioskow-o-kapitalizacje","status":"publish","type":"post","link":"https:\/\/www.interreg6a.net\/pl\/interreg-central-europe-strategiczny-nabor-wnioskow-o-kapitalizacje\/","title":{"rendered":"Interreg CENTRAL EUROPE &#8211; Strategiczny nab\u00f3r wniosk\u00f3w o kapitalizacj\u0119"},"content":{"rendered":"<div class=\"fusion-fullwidth fullwidth-box fusion-builder-row-1 fusion-flex-container has-pattern-background has-mask-background nonhundred-percent-fullwidth non-hundred-percent-height-scrolling\" style=\"--awb-border-radius-top-left:0px;--awb-border-radius-top-right:0px;--awb-border-radius-bottom-right:0px;--awb-border-radius-bottom-left:0px;--awb-flex-wrap:wrap;\" ><div class=\"fusion-builder-row fusion-row fusion-flex-align-items-flex-start fusion-flex-content-wrap\" style=\"max-width:1586px;margin-left: calc(-4% \/ 2 );margin-right: calc(-4% \/ 2 );\"><div class=\"fusion-layout-column fusion_builder_column fusion-builder-column-0 fusion_builder_column_1_1 1_1 fusion-flex-column\" style=\"--awb-bg-size:cover;--awb-width-large:100%;--awb-margin-top-large:0px;--awb-spacing-right-large:1.92%;--awb-margin-bottom-large:20px;--awb-spacing-left-large:1.92%;--awb-width-medium:100%;--awb-order-medium:0;--awb-spacing-right-medium:1.92%;--awb-spacing-left-medium:1.92%;--awb-width-small:100%;--awb-order-small:0;--awb-spacing-right-small:1.92%;--awb-spacing-left-small:1.92%;\"><div class=\"fusion-column-wrapper fusion-column-has-shadow fusion-flex-justify-content-flex-start fusion-content-layout-column\"><div class=\"fusion-title title fusion-title-1 fusion-sep-none fusion-title-text fusion-title-size-one\" style=\"--awb-margin-top-small:10px;--awb-margin-right-small:0px;--awb-margin-bottom-small:10px;--awb-margin-left-small:0px;\"><h1 class=\"fusion-title-heading title-heading-left\" style=\"margin:0;\"><p style=\"text-align: center;\">Interreg CENTRAL EUROPE &#8211; Strategiczny nab\u00f3r wniosk\u00f3w o kapitalizacj\u0119<\/p><\/h1><\/div><div class=\"fusion-text fusion-text-1\"><h2 style=\"text-align: left;\">Informacje z naszego s\u0105siedniego programu<\/h2>\n<p>W poniedzia\u0142ek 29 wrze\u015bnia 2025 r. rusza strategiczny nab\u00f3r wniosk\u00f3w o kapitalizacj\u0119 w ramach <a href=\"https:\/\/interreg-central.de\/\">programu Interreg CENTRAL EUROPE<\/a>. Poszukiwane s\u0105 projekty, kt\u00f3re wykorzystuj\u0105 istniej\u0105ce wyniki i zapewniaj\u0105 nowe impulsy dla rozwoju regionalnego poprzez wsp\u00f3\u0142prac\u0119 transgraniczn\u0105. Dla potencjalnych wnioskodawc\u00f3w zorganizowane zostan\u0105 nast\u0119puj\u0105ce wydarzenia informacyjne:<\/p>\n<p><strong>Webinarium inauguracyjne 29 wrze\u015bnia 2025 r.<\/strong>, godz. 10:30. Zg\u0142oszenia na <a href=\"https:\/\/www.interreg-central.eu\/event\/register-now-strategic-call-launch-webinar\/\">platformie spo\u0142eczno\u015bciowej CENTRAL EUROPE<\/a>.<\/p>\n<p><strong>Krajowa sesja informacyjna 2 pa\u017adziernika 2025 r.<\/strong>, godz. 09:30\u201311:00. Zg\u0142oszenia na stronie internetowej <a href=\"https:\/\/interreg-central.de\/nationale-info-session-zum-strategischen-call-zur-kapitalisierung-02-10-2025-0930-1100-uhr\/\">Interreg CENTRAL EUROPE<\/a><\/p>\n<p>Ponadto 16 pa\u017adziernika 2025 r. odb\u0119dzie si\u0119 dodatkowa sesja pyta\u0144 i odpowiedzi w formie webinarium. Prosimy o zapoznanie si\u0119 z informacjami na <a href=\"https:\/\/www.interreg-central.eu\/\">stronie internetowej Interreg CENTRAL EUROPE<\/a>. W okresie od 30 wrze\u015bnia do 19 listopada za po\u015brednictwem <a href=\"https:\/\/www.interreg-central.eu\/support-for-applicants\/#community\">platformy spo\u0142eczno\u015bciowej <\/a> mo\u017cna r\u00f3wnie\u017c zarezerwowa\u0107 indywidualne konsultacje dla g\u0142\u00f3wnych wnioskodawc\u00f3w.<\/p>\n<\/div><\/div><\/div><\/div><\/div>\n","protected":false},"excerpt":{"rendered":"","protected":false},"author":25,"featured_media":19752,"comment_status":"closed","ping_status":"closed","sticky":false,"template":"","format":"standard","meta":{"_price":"","_stock":"","_tribe_ticket_header":"","_tribe_default_ticket_provider":"","_tribe_ticket_capacity":"0","_ticket_start_date":"","_ticket_end_date":"","_tribe_ticket_show_description":"","_tribe_ticket_show_not_going":false,"_tribe_ticket_use_global_stock":"","_tribe_ticket_global_stock_level":"","_global_stock_mode":"","_global_stock_cap":"","_tribe_rsvp_for_event":"","_tribe_ticket_going_count":"","_tribe_ticket_not_going_count":"","_tribe_tickets_list":"[]","_tribe_ticket_has_attendee_info_fields":false,"footnotes":""},"categories":[20],"tags":[],"class_list":["post-19763","post","type-post","status-publish","format-standard","has-post-thumbnail","hentry","category-aktualnosci"],"yoast_head":"<!-- This site is optimized with the Yoast SEO plugin v27.3 - https:\/\/yoast.com\/product\/yoast-seo-wordpress\/ -->\n<title>Interreg CENTRAL EUROPE - Strategiczny nab\u00f3r wniosk\u00f3w o kapitalizacj\u0119 - Interreg VI A MV\/BB\/PL<\/title>\n<meta name=\"robots\" content=\"index, follow, max-snippet:-1, max-image-preview:large, max-video-preview:-1\" \/>\n<link rel=\"canonical\" href=\"https:\/\/www.interreg6a.net\/pl\/interreg-central-europe-strategiczny-nabor-wnioskow-o-kapitalizacje\/\" \/>\n<meta property=\"og:locale\" content=\"pl_PL\" \/>\n<meta property=\"og:type\" content=\"article\" \/>\n<meta property=\"og:title\" content=\"Interreg CENTRAL EUROPE - Strategiczny nab\u00f3r wniosk\u00f3w o kapitalizacj\u0119 - Interreg VI A MV\/BB\/PL\" \/>\n<meta property=\"og:url\" content=\"https:\/\/www.interreg6a.net\/pl\/interreg-central-europe-strategiczny-nabor-wnioskow-o-kapitalizacje\/\" \/>\n<meta property=\"og:site_name\" content=\"Interreg VI A MV\/BB\/PL\" \/>\n<meta property=\"article:published_time\" content=\"2025-09-25T09:27:59+00:00\" \/>\n<meta property=\"article:modified_time\" content=\"2025-09-26T05:27:12+00:00\" \/>\n<meta property=\"og:image\" content=\"https:\/\/www.interreg6a.net\/wp-content\/uploads\/2025\/09\/Interreg-Cental-Europe-.png\" \/>\n\t<meta property=\"og:image:width\" content=\"592\" \/>\n\t<meta property=\"og:image:height\" content=\"579\" \/>\n\t<meta property=\"og:image:type\" content=\"image\/png\" \/>\n<meta name=\"author\" content=\"semeniuk\" \/>\n<meta name=\"twitter:card\" content=\"summary_large_image\" \/>\n<meta name=\"twitter:label1\" content=\"Napisane przez\" \/>\n\t<meta name=\"twitter:data1\" content=\"semeniuk\" \/>\n\t<meta name=\"twitter:label2\" content=\"Szacowany czas czytania\" \/>\n\t<meta name=\"twitter:data2\" content=\"1 minuta\" \/>\n<script type=\"application\/ld+json\" class=\"yoast-schema-graph\">{\"@context\":\"https:\\\/\\\/schema.org\",\"@graph\":[{\"@type\":\"Article\",\"@id\":\"https:\\\/\\\/www.interreg6a.net\\\/pl\\\/interreg-central-europe-strategiczny-nabor-wnioskow-o-kapitalizacje\\\/#article\",\"isPartOf\":{\"@id\":\"https:\\\/\\\/www.interreg6a.net\\\/pl\\\/interreg-central-europe-strategiczny-nabor-wnioskow-o-kapitalizacje\\\/\"},\"author\":{\"name\":\"semeniuk\",\"@id\":\"https:\\\/\\\/www.interreg6a.net\\\/pl\\\/#\\\/schema\\\/person\\\/4c87761287b75456c2ed5cfbf95e4e8b\"},\"headline\":\"Interreg CENTRAL EUROPE &#8211; Strategiczny nab\u00f3r wniosk\u00f3w o kapitalizacj\u0119\",\"datePublished\":\"2025-09-25T09:27:59+00:00\",\"dateModified\":\"2025-09-26T05:27:12+00:00\",\"mainEntityOfPage\":{\"@id\":\"https:\\\/\\\/www.interreg6a.net\\\/pl\\\/interreg-central-europe-strategiczny-nabor-wnioskow-o-kapitalizacje\\\/\"},\"wordCount\":1504,\"image\":{\"@id\":\"https:\\\/\\\/www.interreg6a.net\\\/pl\\\/interreg-central-europe-strategiczny-nabor-wnioskow-o-kapitalizacje\\\/#primaryimage\"},\"thumbnailUrl\":\"https:\\\/\\\/www.interreg6a.net\\\/wp-content\\\/uploads\\\/2025\\\/09\\\/Interreg-Cental-Europe-.png\",\"articleSection\":[\"Aktualno\u015bci\"],\"inLanguage\":\"pl-PL\"},{\"@type\":\"WebPage\",\"@id\":\"https:\\\/\\\/www.interreg6a.net\\\/pl\\\/interreg-central-europe-strategiczny-nabor-wnioskow-o-kapitalizacje\\\/\",\"url\":\"https:\\\/\\\/www.interreg6a.net\\\/pl\\\/interreg-central-europe-strategiczny-nabor-wnioskow-o-kapitalizacje\\\/\",\"name\":\"Interreg CENTRAL EUROPE - Strategiczny nab\u00f3r wniosk\u00f3w o kapitalizacj\u0119 - Interreg VI A MV\\\/BB\\\/PL\",\"isPartOf\":{\"@id\":\"https:\\\/\\\/www.interreg6a.net\\\/pl\\\/#website\"},\"primaryImageOfPage\":{\"@id\":\"https:\\\/\\\/www.interreg6a.net\\\/pl\\\/interreg-central-europe-strategiczny-nabor-wnioskow-o-kapitalizacje\\\/#primaryimage\"},\"image\":{\"@id\":\"https:\\\/\\\/www.interreg6a.net\\\/pl\\\/interreg-central-europe-strategiczny-nabor-wnioskow-o-kapitalizacje\\\/#primaryimage\"},\"thumbnailUrl\":\"https:\\\/\\\/www.interreg6a.net\\\/wp-content\\\/uploads\\\/2025\\\/09\\\/Interreg-Cental-Europe-.png\",\"datePublished\":\"2025-09-25T09:27:59+00:00\",\"dateModified\":\"2025-09-26T05:27:12+00:00\",\"author\":{\"@id\":\"https:\\\/\\\/www.interreg6a.net\\\/pl\\\/#\\\/schema\\\/person\\\/4c87761287b75456c2ed5cfbf95e4e8b\"},\"breadcrumb\":{\"@id\":\"https:\\\/\\\/www.interreg6a.net\\\/pl\\\/interreg-central-europe-strategiczny-nabor-wnioskow-o-kapitalizacje\\\/#breadcrumb\"},\"inLanguage\":\"pl-PL\",\"potentialAction\":[{\"@type\":\"ReadAction\",\"target\":[\"https:\\\/\\\/www.interreg6a.net\\\/pl\\\/interreg-central-europe-strategiczny-nabor-wnioskow-o-kapitalizacje\\\/\"]}]},{\"@type\":\"ImageObject\",\"inLanguage\":\"pl-PL\",\"@id\":\"https:\\\/\\\/www.interreg6a.net\\\/pl\\\/interreg-central-europe-strategiczny-nabor-wnioskow-o-kapitalizacje\\\/#primaryimage\",\"url\":\"https:\\\/\\\/www.interreg6a.net\\\/wp-content\\\/uploads\\\/2025\\\/09\\\/Interreg-Cental-Europe-.png\",\"contentUrl\":\"https:\\\/\\\/www.interreg6a.net\\\/wp-content\\\/uploads\\\/2025\\\/09\\\/Interreg-Cental-Europe-.png\",\"width\":592,\"height\":579},{\"@type\":\"BreadcrumbList\",\"@id\":\"https:\\\/\\\/www.interreg6a.net\\\/pl\\\/interreg-central-europe-strategiczny-nabor-wnioskow-o-kapitalizacje\\\/#breadcrumb\",\"itemListElement\":[{\"@type\":\"ListItem\",\"position\":1,\"name\":\"Strona g\u0142\u00f3wna\",\"item\":\"https:\\\/\\\/www.interreg6a.net\\\/pl\\\/\"},{\"@type\":\"ListItem\",\"position\":2,\"name\":\"Interreg CENTRAL EUROPE &#8211; Strategiczny nab\u00f3r wniosk\u00f3w o kapitalizacj\u0119\"}]},{\"@type\":\"WebSite\",\"@id\":\"https:\\\/\\\/www.interreg6a.net\\\/pl\\\/#website\",\"url\":\"https:\\\/\\\/www.interreg6a.net\\\/pl\\\/\",\"name\":\"Interreg VI A MV\\\/BB\\\/PL\",\"description\":\"\",\"potentialAction\":[{\"@type\":\"SearchAction\",\"target\":{\"@type\":\"EntryPoint\",\"urlTemplate\":\"https:\\\/\\\/www.interreg6a.net\\\/pl\\\/?s={search_term_string}\"},\"query-input\":{\"@type\":\"PropertyValueSpecification\",\"valueRequired\":true,\"valueName\":\"search_term_string\"}}],\"inLanguage\":\"pl-PL\"},{\"@type\":\"Person\",\"@id\":\"https:\\\/\\\/www.interreg6a.net\\\/pl\\\/#\\\/schema\\\/person\\\/4c87761287b75456c2ed5cfbf95e4e8b\",\"name\":\"semeniuk\",\"image\":{\"@type\":\"ImageObject\",\"inLanguage\":\"pl-PL\",\"@id\":\"https:\\\/\\\/secure.gravatar.com\\\/avatar\\\/2aab4d2ca365cd79a4eb712e81052078a3fa7ddccf6c3d13d25230ebeeea8344?s=96&d=mm&r=g\",\"url\":\"https:\\\/\\\/secure.gravatar.com\\\/avatar\\\/2aab4d2ca365cd79a4eb712e81052078a3fa7ddccf6c3d13d25230ebeeea8344?s=96&d=mm&r=g\",\"contentUrl\":\"https:\\\/\\\/secure.gravatar.com\\\/avatar\\\/2aab4d2ca365cd79a4eb712e81052078a3fa7ddccf6c3d13d25230ebeeea8344?s=96&d=mm&r=g\",\"caption\":\"semeniuk\"},\"url\":\"https:\\\/\\\/www.interreg6a.net\\\/pl\\\/author\\\/semeniuk\\\/\"}]}<\/script>\n<!-- \/ Yoast SEO plugin. -->","yoast_head_json":{"title":"Interreg CENTRAL EUROPE - Strategiczny nab\u00f3r wniosk\u00f3w o kapitalizacj\u0119 - Interreg VI A MV\/BB\/PL","robots":{"index":"index","follow":"follow","max-snippet":"max-snippet:-1","max-image-preview":"max-image-preview:large","max-video-preview":"max-video-preview:-1"},"canonical":"https:\/\/www.interreg6a.net\/pl\/interreg-central-europe-strategiczny-nabor-wnioskow-o-kapitalizacje\/","og_locale":"pl_PL","og_type":"article","og_title":"Interreg CENTRAL EUROPE - Strategiczny nab\u00f3r wniosk\u00f3w o kapitalizacj\u0119 - Interreg VI A MV\/BB\/PL","og_url":"https:\/\/www.interreg6a.net\/pl\/interreg-central-europe-strategiczny-nabor-wnioskow-o-kapitalizacje\/","og_site_name":"Interreg VI A MV\/BB\/PL","article_published_time":"2025-09-25T09:27:59+00:00","article_modified_time":"2025-09-26T05:27:12+00:00","og_image":[{"width":592,"height":579,"url":"https:\/\/www.interreg6a.net\/wp-content\/uploads\/2025\/09\/Interreg-Cental-Europe-.png","type":"image\/png"}],"author":"semeniuk","twitter_card":"summary_large_image","twitter_misc":{"Napisane przez":"semeniuk","Szacowany czas czytania":"1 minuta"},"schema":{"@context":"https:\/\/schema.org","@graph":[{"@type":"Article","@id":"https:\/\/www.interreg6a.net\/pl\/interreg-central-europe-strategiczny-nabor-wnioskow-o-kapitalizacje\/#article","isPartOf":{"@id":"https:\/\/www.interreg6a.net\/pl\/interreg-central-europe-strategiczny-nabor-wnioskow-o-kapitalizacje\/"},"author":{"name":"semeniuk","@id":"https:\/\/www.interreg6a.net\/pl\/#\/schema\/person\/4c87761287b75456c2ed5cfbf95e4e8b"},"headline":"Interreg CENTRAL EUROPE &#8211; Strategiczny nab\u00f3r wniosk\u00f3w o kapitalizacj\u0119","datePublished":"2025-09-25T09:27:59+00:00","dateModified":"2025-09-26T05:27:12+00:00","mainEntityOfPage":{"@id":"https:\/\/www.interreg6a.net\/pl\/interreg-central-europe-strategiczny-nabor-wnioskow-o-kapitalizacje\/"},"wordCount":1504,"image":{"@id":"https:\/\/www.interreg6a.net\/pl\/interreg-central-europe-strategiczny-nabor-wnioskow-o-kapitalizacje\/#primaryimage"},"thumbnailUrl":"https:\/\/www.interreg6a.net\/wp-content\/uploads\/2025\/09\/Interreg-Cental-Europe-.png","articleSection":["Aktualno\u015bci"],"inLanguage":"pl-PL"},{"@type":"WebPage","@id":"https:\/\/www.interreg6a.net\/pl\/interreg-central-europe-strategiczny-nabor-wnioskow-o-kapitalizacje\/","url":"https:\/\/www.interreg6a.net\/pl\/interreg-central-europe-strategiczny-nabor-wnioskow-o-kapitalizacje\/","name":"Interreg CENTRAL EUROPE - Strategiczny nab\u00f3r wniosk\u00f3w o kapitalizacj\u0119 - Interreg VI A MV\/BB\/PL","isPartOf":{"@id":"https:\/\/www.interreg6a.net\/pl\/#website"},"primaryImageOfPage":{"@id":"https:\/\/www.interreg6a.net\/pl\/interreg-central-europe-strategiczny-nabor-wnioskow-o-kapitalizacje\/#primaryimage"},"image":{"@id":"https:\/\/www.interreg6a.net\/pl\/interreg-central-europe-strategiczny-nabor-wnioskow-o-kapitalizacje\/#primaryimage"},"thumbnailUrl":"https:\/\/www.interreg6a.net\/wp-content\/uploads\/2025\/09\/Interreg-Cental-Europe-.png","datePublished":"2025-09-25T09:27:59+00:00","dateModified":"2025-09-26T05:27:12+00:00","author":{"@id":"https:\/\/www.interreg6a.net\/pl\/#\/schema\/person\/4c87761287b75456c2ed5cfbf95e4e8b"},"breadcrumb":{"@id":"https:\/\/www.interreg6a.net\/pl\/interreg-central-europe-strategiczny-nabor-wnioskow-o-kapitalizacje\/#breadcrumb"},"inLanguage":"pl-PL","potentialAction":[{"@type":"ReadAction","target":["https:\/\/www.interreg6a.net\/pl\/interreg-central-europe-strategiczny-nabor-wnioskow-o-kapitalizacje\/"]}]},{"@type":"ImageObject","inLanguage":"pl-PL","@id":"https:\/\/www.interreg6a.net\/pl\/interreg-central-europe-strategiczny-nabor-wnioskow-o-kapitalizacje\/#primaryimage","url":"https:\/\/www.interreg6a.net\/wp-content\/uploads\/2025\/09\/Interreg-Cental-Europe-.png","contentUrl":"https:\/\/www.interreg6a.net\/wp-content\/uploads\/2025\/09\/Interreg-Cental-Europe-.png","width":592,"height":579},{"@type":"BreadcrumbList","@id":"https:\/\/www.interreg6a.net\/pl\/interreg-central-europe-strategiczny-nabor-wnioskow-o-kapitalizacje\/#breadcrumb","itemListElement":[{"@type":"ListItem","position":1,"name":"Strona g\u0142\u00f3wna","item":"https:\/\/www.interreg6a.net\/pl\/"},{"@type":"ListItem","position":2,"name":"Interreg CENTRAL EUROPE &#8211; Strategiczny nab\u00f3r wniosk\u00f3w o kapitalizacj\u0119"}]},{"@type":"WebSite","@id":"https:\/\/www.interreg6a.net\/pl\/#website","url":"https:\/\/www.interreg6a.net\/pl\/","name":"Interreg VI A MV\/BB\/PL","description":"","potentialAction":[{"@type":"SearchAction","target":{"@type":"EntryPoint","urlTemplate":"https:\/\/www.interreg6a.net\/pl\/?s={search_term_string}"},"query-input":{"@type":"PropertyValueSpecification","valueRequired":true,"valueName":"search_term_string"}}],"inLanguage":"pl-PL"},{"@type":"Person","@id":"https:\/\/www.interreg6a.net\/pl\/#\/schema\/person\/4c87761287b75456c2ed5cfbf95e4e8b","name":"semeniuk","image":{"@type":"ImageObject","inLanguage":"pl-PL","@id":"https:\/\/secure.gravatar.com\/avatar\/2aab4d2ca365cd79a4eb712e81052078a3fa7ddccf6c3d13d25230ebeeea8344?s=96&d=mm&r=g","url":"https:\/\/secure.gravatar.com\/avatar\/2aab4d2ca365cd79a4eb712e81052078a3fa7ddccf6c3d13d25230ebeeea8344?s=96&d=mm&r=g","contentUrl":"https:\/\/secure.gravatar.com\/avatar\/2aab4d2ca365cd79a4eb712e81052078a3fa7ddccf6c3d13d25230ebeeea8344?s=96&d=mm&r=g","caption":"semeniuk"},"url":"https:\/\/www.interreg6a.net\/pl\/author\/semeniuk\/"}]}},"_links":{"self":[{"href":"https:\/\/www.interreg6a.net\/pl\/wp-json\/wp\/v2\/posts\/19763","targetHints":{"allow":["GET"]}}],"collection":[{"href":"https:\/\/www.interreg6a.net\/pl\/wp-json\/wp\/v2\/posts"}],"about":[{"href":"https:\/\/www.interreg6a.net\/pl\/wp-json\/wp\/v2\/types\/post"}],"author":[{"embeddable":true,"href":"https:\/\/www.interreg6a.net\/pl\/wp-json\/wp\/v2\/users\/25"}],"replies":[{"embeddable":true,"href":"https:\/\/www.interreg6a.net\/pl\/wp-json\/wp\/v2\/comments?post=19763"}],"version-history":[{"count":6,"href":"https:\/\/www.interreg6a.net\/pl\/wp-json\/wp\/v2\/posts\/19763\/revisions"}],"predecessor-version":[{"id":19770,"href":"https:\/\/www.interreg6a.net\/pl\/wp-json\/wp\/v2\/posts\/19763\/revisions\/19770"}],"wp:featuredmedia":[{"embeddable":true,"href":"https:\/\/www.interreg6a.net\/pl\/wp-json\/wp\/v2\/media\/19752"}],"wp:attachment":[{"href":"https:\/\/www.interreg6a.net\/pl\/wp-json\/wp\/v2\/media?parent=19763"}],"wp:term":[{"taxonomy":"category","embeddable":true,"href":"https:\/\/www.interreg6a.net\/pl\/wp-json\/wp\/v2\/categories?post=19763"},{"taxonomy":"post_tag","embeddable":true,"href":"https:\/\/www.interreg6a.net\/pl\/wp-json\/wp\/v2\/tags?post=19763"}],"curies":[{"name":"wp","href":"https:\/\/api.w.org\/{rel}","templated":true}]}}