{"id":19872,"date":"2025-10-01T10:06:44","date_gmt":"2025-10-01T08:06:44","guid":{"rendered":"https:\/\/www.interreg6a.net\/?p=19872"},"modified":"2025-10-09T13:22:55","modified_gmt":"2025-10-09T11:22:55","slug":"projekty-o-malej-skali-dostepne-wkrotce","status":"publish","type":"post","link":"https:\/\/www.interreg6a.net\/pl\/projekty-o-malej-skali-dostepne-wkrotce\/","title":{"rendered":"Projekty o ma\u0142ej skali dost\u0119pne wkr\u00f3tce"},"content":{"rendered":"<p><div class=\"fusion-fullwidth fullwidth-box fusion-builder-row-1 fusion-flex-container nonhundred-percent-fullwidth non-hundred-percent-height-scrolling\" style=\"--awb-border-radius-top-left:0px;--awb-border-radius-top-right:0px;--awb-border-radius-bottom-right:0px;--awb-border-radius-bottom-left:0px;--awb-flex-wrap:wrap;\" ><div class=\"fusion-builder-row fusion-row fusion-flex-align-items-flex-start fusion-flex-content-wrap\" style=\"max-width:1586px;margin-left: calc(-4% \/ 2 );margin-right: calc(-4% \/ 2 );\"><div class=\"fusion-layout-column fusion_builder_column fusion-builder-column-0 fusion-flex-column\" style=\"--awb-bg-size:cover;--awb-width-large:10%;--awb-margin-top-large:0px;--awb-spacing-right-large:19.2%;--awb-margin-bottom-large:20px;--awb-spacing-left-large:19.2%;--awb-order-medium:0;--awb-spacing-right-medium:0px;--awb-spacing-left-medium:0px;--awb-width-small:100%;--awb-order-small:0;--awb-spacing-right-small:1.92%;--awb-spacing-left-small:1.92%;\"><div class=\"fusion-column-wrapper fusion-column-has-shadow fusion-flex-justify-content-flex-start fusion-content-layout-column\"><\/div><\/div><div class=\"fusion-layout-column fusion_builder_column fusion-builder-column-1 fusion-flex-column\" style=\"--awb-bg-size:cover;--awb-width-large:79%;--awb-margin-top-large:0px;--awb-spacing-right-large:0%;--awb-margin-bottom-large:20px;--awb-spacing-left-large:0%;--awb-width-medium:100%;--awb-order-medium:0;--awb-spacing-right-medium:0%;--awb-spacing-left-medium:0%;--awb-width-small:100%;--awb-order-small:0;--awb-spacing-right-small:1.92%;--awb-spacing-left-small:1.92%;\"><div class=\"fusion-column-wrapper fusion-column-has-shadow fusion-flex-justify-content-flex-start fusion-content-layout-column\"><div class=\"fusion-title title fusion-title-1 fusion-sep-none fusion-title-center fusion-title-text fusion-title-size-one\" style=\"--awb-margin-top-small:10px;--awb-margin-right-small:0px;--awb-margin-bottom-small:10px;--awb-margin-left-small:0px;--awb-sep-color:var(--awb-custom_color_1);\"><h1 class=\"fusion-title-heading title-heading-center\" style=\"margin:0;\">Projekty o ma\u0142ej skali dost\u0119pne wkr\u00f3tce!<\/h1><\/div><\/div><\/div><div class=\"fusion-layout-column fusion_builder_column fusion-builder-column-2 fusion-flex-column\" style=\"--awb-bg-size:cover;--awb-width-large:10%;--awb-margin-top-large:0px;--awb-spacing-right-large:19.2%;--awb-margin-bottom-large:20px;--awb-spacing-left-large:19.2%;--awb-order-medium:0;--awb-spacing-right-medium:0px;--awb-spacing-left-medium:0px;--awb-width-small:100%;--awb-order-small:0;--awb-spacing-right-small:0px;--awb-spacing-left-small:0px;\"><div class=\"fusion-column-wrapper fusion-column-has-shadow fusion-flex-justify-content-flex-start fusion-content-layout-column\"><\/div><\/div><\/div><\/div><div class=\"fusion-fullwidth fullwidth-box fusion-builder-row-2 fusion-flex-container has-pattern-background has-mask-background nonhundred-percent-fullwidth non-hundred-percent-height-scrolling\" style=\"--awb-border-radius-top-left:0px;--awb-border-radius-top-right:0px;--awb-border-radius-bottom-right:0px;--awb-border-radius-bottom-left:0px;--awb-flex-wrap:wrap;\" ><div class=\"fusion-builder-row fusion-row fusion-flex-align-items-flex-start fusion-flex-content-wrap\" style=\"max-width:1586px;margin-left: calc(-4% \/ 2 );margin-right: calc(-4% \/ 2 );\"><div class=\"fusion-layout-column fusion_builder_column fusion-builder-column-3 fusion_builder_column_1_1 1_1 fusion-flex-column\" style=\"--awb-bg-size:cover;--awb-width-large:100%;--awb-margin-top-large:0px;--awb-spacing-right-large:1.92%;--awb-margin-bottom-large:20px;--awb-spacing-left-large:1.92%;--awb-width-medium:100%;--awb-order-medium:0;--awb-spacing-right-medium:1.92%;--awb-spacing-left-medium:1.92%;--awb-width-small:100%;--awb-order-small:0;--awb-spacing-right-small:1.92%;--awb-spacing-left-small:1.92%;\"><div class=\"fusion-column-wrapper fusion-column-has-shadow fusion-flex-justify-content-flex-start fusion-content-layout-column\"><div class=\"fusion-text fusion-text-1\"><p>W ostatnich tygodniach Instytucja Zarz\u0105dzaj\u0105ca i Wsp\u00f3lny Sekretariat intensywnie wsp\u00f3\u0142pracowa\u0142y z Partnerami Programu z Brandenburgii i Polski nad wprowadzeniem nowego typu projekt\u00f3w \u2013 projekt\u00f3w o ma\u0142ej skali.<\/p>\n<p>Projekty o ma\u0142ej skali to projekty z bud\u017cetem EFRR w wysoko\u015bci co najmniej 50 000 EUR i ca\u0142kowitym bud\u017cetem do maksymalnie 200 000 EUR oraz poziomie dofinansowania\u00a0maksymalnie do 80%, kt\u00f3re nie s\u0105 realizowane w ramach Funduszu Ma\u0142ych Projekt\u00f3w.<\/p>\n<\/div><div class=\"fusion-text fusion-text-2\"><p><strong>Procedura dla projekt\u00f3w o ma\u0142ej skali b\u0119dzie charakteryzowa\u0107 si\u0119 r\u00f3\u017cnymi uproszczeniami:<\/strong><\/p>\n<ul>\n<li>Uproszczony wniosek<\/li>\n<li>Organizacje publiczne i niepubliczne mog\u0105 by\u0107 partnerami wiod\u0105cymi<\/li>\n<li>Mo\u017cliwo\u015b\u0107 ubiegania si\u0119 o zaliczki w wysoko\u015bci do 60% bud\u017cetu projektu (EFRE)<\/li>\n<li>Zastosowanie katalogu koszt\u00f3w referencyjnych funduszu ma\u0142ych projekt\u00f3w<\/li>\n<li>Obowi\u0105zkowe doradztwo przy sk\u0142adaniu wniosk\u00f3w<\/li>\n<li>Szybka decyzja o wyborze projektu przez Komitet Monitoruj\u0105cy<\/li>\n<li>Okre\u015blenie specyficznej dla projektu kwoty rycza\u0142towej wraz z zatwierdzeniem<\/li>\n<li>Tylko 1 raport od partnera wiod\u0105cego na koniec okresu wdra\u017cania<\/li>\n<li>Brak kontroli pierwszego stopnia<\/li>\n<\/ul>\n<\/div><div class=\"fusion-text fusion-text-3\"><p>Obecnie trwa ko\u0144cowa koordynacja z Partnerami Programu i Komitetem Monitoruj\u0105cym.<\/p>\n<p>Planujemy opublikowa\u0107 pakiet informacyjny ze zaktualizowanym Podr\u0119cznikiem Programu i warunkami naboru w pa\u017adzierniku.<\/p>\n<p>Utworzyli\u015bmy r\u00f3wnie\u017c now\u0105 stron\u0119 \u201eProjekty o ma\u0142ej skali\u201d na naszej stronie internetowej w sekcji \u201eProjekty\u201d, kt\u00f3r\u0105 b\u0119dziemy stopniowo uzupe\u0142nia\u0107 o odpowiednie informacje:<br \/>\n<a href=\"https:\/\/www.interreg6a.net\/pl\/projekty-o-malej-skali\/\">https:\/\/www.interreg6a.net\/pl\/projekty-o-malej-skali\/<\/a><\/p>\n<p>Szczeg\u00f3\u0142y wkr\u00f3tce!<\/p>\n<p>Poinformujemy o tym w odpowiednim czasie na naszej stronie internetowej oraz w Interreg Newsflash!<\/p>\n<\/div><\/div><\/div><\/div><\/div><\/p>\n","protected":false},"excerpt":{"rendered":"","protected":false},"author":33,"featured_media":18764,"comment_status":"closed","ping_status":"closed","sticky":false,"template":"","format":"standard","meta":{"_price":"","_stock":"","_tribe_ticket_header":"","_tribe_default_ticket_provider":"","_tribe_ticket_capacity":"0","_ticket_start_date":"","_ticket_end_date":"","_tribe_ticket_show_description":"","_tribe_ticket_show_not_going":false,"_tribe_ticket_use_global_stock":"","_tribe_ticket_global_stock_level":"","_global_stock_mode":"","_global_stock_cap":"","_tribe_rsvp_for_event":"","_tribe_ticket_going_count":"","_tribe_ticket_not_going_count":"","_tribe_tickets_list":"[]","_tribe_ticket_has_attendee_info_fields":false,"footnotes":""},"categories":[20,183],"tags":[],"class_list":["post-19872","post","type-post","status-publish","format-standard","has-post-thumbnail","hentry","category-aktualnosci","category-projekty-o-malej-skali"],"yoast_head":"<!-- This site is optimized with the Yoast SEO plugin v27.3 - https:\/\/yoast.com\/product\/yoast-seo-wordpress\/ -->\n<title>Projekty o ma\u0142ej skali dost\u0119pne wkr\u00f3tce - Interreg VI A MV\/BB\/PL<\/title>\n<meta name=\"robots\" content=\"index, follow, max-snippet:-1, max-image-preview:large, max-video-preview:-1\" \/>\n<link rel=\"canonical\" href=\"https:\/\/www.interreg6a.net\/pl\/projekty-o-malej-skali-dostepne-wkrotce\/\" \/>\n<meta property=\"og:locale\" content=\"pl_PL\" \/>\n<meta property=\"og:type\" content=\"article\" \/>\n<meta property=\"og:title\" content=\"Projekty o ma\u0142ej skali dost\u0119pne wkr\u00f3tce - Interreg VI A MV\/BB\/PL\" \/>\n<meta property=\"og:url\" content=\"https:\/\/www.interreg6a.net\/pl\/projekty-o-malej-skali-dostepne-wkrotce\/\" \/>\n<meta property=\"og:site_name\" content=\"Interreg VI A MV\/BB\/PL\" \/>\n<meta property=\"article:published_time\" content=\"2025-10-01T08:06:44+00:00\" \/>\n<meta property=\"article:modified_time\" content=\"2025-10-09T11:22:55+00:00\" \/>\n<meta property=\"og:image\" content=\"https:\/\/www.interreg6a.net\/wp-content\/uploads\/2025\/07\/Projekty-o-malej-skali-pic.png\" \/>\n\t<meta property=\"og:image:width\" content=\"905\" \/>\n\t<meta property=\"og:image:height\" content=\"606\" \/>\n\t<meta property=\"og:image:type\" content=\"image\/png\" \/>\n<meta name=\"author\" content=\"Marta Werner\" \/>\n<meta name=\"twitter:card\" content=\"summary_large_image\" \/>\n<meta name=\"twitter:label1\" content=\"Napisane przez\" \/>\n\t<meta name=\"twitter:data1\" content=\"Marta Werner\" \/>\n\t<meta name=\"twitter:label2\" content=\"Szacowany czas czytania\" \/>\n\t<meta name=\"twitter:data2\" content=\"2 minuty\" \/>\n<script type=\"application\/ld+json\" class=\"yoast-schema-graph\">{\"@context\":\"https:\\\/\\\/schema.org\",\"@graph\":[{\"@type\":\"Article\",\"@id\":\"https:\\\/\\\/www.interreg6a.net\\\/pl\\\/projekty-o-malej-skali-dostepne-wkrotce\\\/#article\",\"isPartOf\":{\"@id\":\"https:\\\/\\\/www.interreg6a.net\\\/pl\\\/projekty-o-malej-skali-dostepne-wkrotce\\\/\"},\"author\":{\"name\":\"Marta Werner\",\"@id\":\"https:\\\/\\\/www.interreg6a.net\\\/pl\\\/#\\\/schema\\\/person\\\/d5543128d302034358cb05f32c3f6400\"},\"headline\":\"Projekty o ma\u0142ej skali dost\u0119pne wkr\u00f3tce\",\"datePublished\":\"2025-10-01T08:06:44+00:00\",\"dateModified\":\"2025-10-09T11:22:55+00:00\",\"mainEntityOfPage\":{\"@id\":\"https:\\\/\\\/www.interreg6a.net\\\/pl\\\/projekty-o-malej-skali-dostepne-wkrotce\\\/\"},\"wordCount\":2549,\"image\":{\"@id\":\"https:\\\/\\\/www.interreg6a.net\\\/pl\\\/projekty-o-malej-skali-dostepne-wkrotce\\\/#primaryimage\"},\"thumbnailUrl\":\"https:\\\/\\\/www.interreg6a.net\\\/wp-content\\\/uploads\\\/2025\\\/07\\\/Projekty-o-malej-skali-pic.png\",\"articleSection\":[\"Aktualno\u015bci\",\"Projekty o ma\u0142ej skali\"],\"inLanguage\":\"pl-PL\"},{\"@type\":\"WebPage\",\"@id\":\"https:\\\/\\\/www.interreg6a.net\\\/pl\\\/projekty-o-malej-skali-dostepne-wkrotce\\\/\",\"url\":\"https:\\\/\\\/www.interreg6a.net\\\/pl\\\/projekty-o-malej-skali-dostepne-wkrotce\\\/\",\"name\":\"Projekty o ma\u0142ej skali dost\u0119pne wkr\u00f3tce - Interreg VI A MV\\\/BB\\\/PL\",\"isPartOf\":{\"@id\":\"https:\\\/\\\/www.interreg6a.net\\\/pl\\\/#website\"},\"primaryImageOfPage\":{\"@id\":\"https:\\\/\\\/www.interreg6a.net\\\/pl\\\/projekty-o-malej-skali-dostepne-wkrotce\\\/#primaryimage\"},\"image\":{\"@id\":\"https:\\\/\\\/www.interreg6a.net\\\/pl\\\/projekty-o-malej-skali-dostepne-wkrotce\\\/#primaryimage\"},\"thumbnailUrl\":\"https:\\\/\\\/www.interreg6a.net\\\/wp-content\\\/uploads\\\/2025\\\/07\\\/Projekty-o-malej-skali-pic.png\",\"datePublished\":\"2025-10-01T08:06:44+00:00\",\"dateModified\":\"2025-10-09T11:22:55+00:00\",\"author\":{\"@id\":\"https:\\\/\\\/www.interreg6a.net\\\/pl\\\/#\\\/schema\\\/person\\\/d5543128d302034358cb05f32c3f6400\"},\"breadcrumb\":{\"@id\":\"https:\\\/\\\/www.interreg6a.net\\\/pl\\\/projekty-o-malej-skali-dostepne-wkrotce\\\/#breadcrumb\"},\"inLanguage\":\"pl-PL\",\"potentialAction\":[{\"@type\":\"ReadAction\",\"target\":[\"https:\\\/\\\/www.interreg6a.net\\\/pl\\\/projekty-o-malej-skali-dostepne-wkrotce\\\/\"]}]},{\"@type\":\"ImageObject\",\"inLanguage\":\"pl-PL\",\"@id\":\"https:\\\/\\\/www.interreg6a.net\\\/pl\\\/projekty-o-malej-skali-dostepne-wkrotce\\\/#primaryimage\",\"url\":\"https:\\\/\\\/www.interreg6a.net\\\/wp-content\\\/uploads\\\/2025\\\/07\\\/Projekty-o-malej-skali-pic.png\",\"contentUrl\":\"https:\\\/\\\/www.interreg6a.net\\\/wp-content\\\/uploads\\\/2025\\\/07\\\/Projekty-o-malej-skali-pic.png\",\"width\":905,\"height\":606},{\"@type\":\"BreadcrumbList\",\"@id\":\"https:\\\/\\\/www.interreg6a.net\\\/pl\\\/projekty-o-malej-skali-dostepne-wkrotce\\\/#breadcrumb\",\"itemListElement\":[{\"@type\":\"ListItem\",\"position\":1,\"name\":\"Strona g\u0142\u00f3wna\",\"item\":\"https:\\\/\\\/www.interreg6a.net\\\/pl\\\/\"},{\"@type\":\"ListItem\",\"position\":2,\"name\":\"Projekty o ma\u0142ej skali dost\u0119pne wkr\u00f3tce\"}]},{\"@type\":\"WebSite\",\"@id\":\"https:\\\/\\\/www.interreg6a.net\\\/pl\\\/#website\",\"url\":\"https:\\\/\\\/www.interreg6a.net\\\/pl\\\/\",\"name\":\"Interreg VI A MV\\\/BB\\\/PL\",\"description\":\"\",\"potentialAction\":[{\"@type\":\"SearchAction\",\"target\":{\"@type\":\"EntryPoint\",\"urlTemplate\":\"https:\\\/\\\/www.interreg6a.net\\\/pl\\\/?s={search_term_string}\"},\"query-input\":{\"@type\":\"PropertyValueSpecification\",\"valueRequired\":true,\"valueName\":\"search_term_string\"}}],\"inLanguage\":\"pl-PL\"},{\"@type\":\"Person\",\"@id\":\"https:\\\/\\\/www.interreg6a.net\\\/pl\\\/#\\\/schema\\\/person\\\/d5543128d302034358cb05f32c3f6400\",\"name\":\"Marta Werner\",\"image\":{\"@type\":\"ImageObject\",\"inLanguage\":\"pl-PL\",\"@id\":\"https:\\\/\\\/secure.gravatar.com\\\/avatar\\\/576f909861a89c05a65b5c0e9dd5dee6df695525056504f84660761ea9ef4355?s=96&d=mm&r=g\",\"url\":\"https:\\\/\\\/secure.gravatar.com\\\/avatar\\\/576f909861a89c05a65b5c0e9dd5dee6df695525056504f84660761ea9ef4355?s=96&d=mm&r=g\",\"contentUrl\":\"https:\\\/\\\/secure.gravatar.com\\\/avatar\\\/576f909861a89c05a65b5c0e9dd5dee6df695525056504f84660761ea9ef4355?s=96&d=mm&r=g\",\"caption\":\"Marta Werner\"},\"url\":\"https:\\\/\\\/www.interreg6a.net\\\/pl\\\/author\\\/werner\\\/\"}]}<\/script>\n<!-- \/ Yoast SEO plugin. -->","yoast_head_json":{"title":"Projekty o ma\u0142ej skali dost\u0119pne wkr\u00f3tce - Interreg VI A MV\/BB\/PL","robots":{"index":"index","follow":"follow","max-snippet":"max-snippet:-1","max-image-preview":"max-image-preview:large","max-video-preview":"max-video-preview:-1"},"canonical":"https:\/\/www.interreg6a.net\/pl\/projekty-o-malej-skali-dostepne-wkrotce\/","og_locale":"pl_PL","og_type":"article","og_title":"Projekty o ma\u0142ej skali dost\u0119pne wkr\u00f3tce - Interreg VI A MV\/BB\/PL","og_url":"https:\/\/www.interreg6a.net\/pl\/projekty-o-malej-skali-dostepne-wkrotce\/","og_site_name":"Interreg VI A MV\/BB\/PL","article_published_time":"2025-10-01T08:06:44+00:00","article_modified_time":"2025-10-09T11:22:55+00:00","og_image":[{"width":905,"height":606,"url":"https:\/\/www.interreg6a.net\/wp-content\/uploads\/2025\/07\/Projekty-o-malej-skali-pic.png","type":"image\/png"}],"author":"Marta Werner","twitter_card":"summary_large_image","twitter_misc":{"Napisane przez":"Marta Werner","Szacowany czas czytania":"2 minuty"},"schema":{"@context":"https:\/\/schema.org","@graph":[{"@type":"Article","@id":"https:\/\/www.interreg6a.net\/pl\/projekty-o-malej-skali-dostepne-wkrotce\/#article","isPartOf":{"@id":"https:\/\/www.interreg6a.net\/pl\/projekty-o-malej-skali-dostepne-wkrotce\/"},"author":{"name":"Marta Werner","@id":"https:\/\/www.interreg6a.net\/pl\/#\/schema\/person\/d5543128d302034358cb05f32c3f6400"},"headline":"Projekty o ma\u0142ej skali dost\u0119pne wkr\u00f3tce","datePublished":"2025-10-01T08:06:44+00:00","dateModified":"2025-10-09T11:22:55+00:00","mainEntityOfPage":{"@id":"https:\/\/www.interreg6a.net\/pl\/projekty-o-malej-skali-dostepne-wkrotce\/"},"wordCount":2549,"image":{"@id":"https:\/\/www.interreg6a.net\/pl\/projekty-o-malej-skali-dostepne-wkrotce\/#primaryimage"},"thumbnailUrl":"https:\/\/www.interreg6a.net\/wp-content\/uploads\/2025\/07\/Projekty-o-malej-skali-pic.png","articleSection":["Aktualno\u015bci","Projekty o ma\u0142ej skali"],"inLanguage":"pl-PL"},{"@type":"WebPage","@id":"https:\/\/www.interreg6a.net\/pl\/projekty-o-malej-skali-dostepne-wkrotce\/","url":"https:\/\/www.interreg6a.net\/pl\/projekty-o-malej-skali-dostepne-wkrotce\/","name":"Projekty o ma\u0142ej skali dost\u0119pne wkr\u00f3tce - Interreg VI A MV\/BB\/PL","isPartOf":{"@id":"https:\/\/www.interreg6a.net\/pl\/#website"},"primaryImageOfPage":{"@id":"https:\/\/www.interreg6a.net\/pl\/projekty-o-malej-skali-dostepne-wkrotce\/#primaryimage"},"image":{"@id":"https:\/\/www.interreg6a.net\/pl\/projekty-o-malej-skali-dostepne-wkrotce\/#primaryimage"},"thumbnailUrl":"https:\/\/www.interreg6a.net\/wp-content\/uploads\/2025\/07\/Projekty-o-malej-skali-pic.png","datePublished":"2025-10-01T08:06:44+00:00","dateModified":"2025-10-09T11:22:55+00:00","author":{"@id":"https:\/\/www.interreg6a.net\/pl\/#\/schema\/person\/d5543128d302034358cb05f32c3f6400"},"breadcrumb":{"@id":"https:\/\/www.interreg6a.net\/pl\/projekty-o-malej-skali-dostepne-wkrotce\/#breadcrumb"},"inLanguage":"pl-PL","potentialAction":[{"@type":"ReadAction","target":["https:\/\/www.interreg6a.net\/pl\/projekty-o-malej-skali-dostepne-wkrotce\/"]}]},{"@type":"ImageObject","inLanguage":"pl-PL","@id":"https:\/\/www.interreg6a.net\/pl\/projekty-o-malej-skali-dostepne-wkrotce\/#primaryimage","url":"https:\/\/www.interreg6a.net\/wp-content\/uploads\/2025\/07\/Projekty-o-malej-skali-pic.png","contentUrl":"https:\/\/www.interreg6a.net\/wp-content\/uploads\/2025\/07\/Projekty-o-malej-skali-pic.png","width":905,"height":606},{"@type":"BreadcrumbList","@id":"https:\/\/www.interreg6a.net\/pl\/projekty-o-malej-skali-dostepne-wkrotce\/#breadcrumb","itemListElement":[{"@type":"ListItem","position":1,"name":"Strona g\u0142\u00f3wna","item":"https:\/\/www.interreg6a.net\/pl\/"},{"@type":"ListItem","position":2,"name":"Projekty o ma\u0142ej skali dost\u0119pne wkr\u00f3tce"}]},{"@type":"WebSite","@id":"https:\/\/www.interreg6a.net\/pl\/#website","url":"https:\/\/www.interreg6a.net\/pl\/","name":"Interreg VI A MV\/BB\/PL","description":"","potentialAction":[{"@type":"SearchAction","target":{"@type":"EntryPoint","urlTemplate":"https:\/\/www.interreg6a.net\/pl\/?s={search_term_string}"},"query-input":{"@type":"PropertyValueSpecification","valueRequired":true,"valueName":"search_term_string"}}],"inLanguage":"pl-PL"},{"@type":"Person","@id":"https:\/\/www.interreg6a.net\/pl\/#\/schema\/person\/d5543128d302034358cb05f32c3f6400","name":"Marta Werner","image":{"@type":"ImageObject","inLanguage":"pl-PL","@id":"https:\/\/secure.gravatar.com\/avatar\/576f909861a89c05a65b5c0e9dd5dee6df695525056504f84660761ea9ef4355?s=96&d=mm&r=g","url":"https:\/\/secure.gravatar.com\/avatar\/576f909861a89c05a65b5c0e9dd5dee6df695525056504f84660761ea9ef4355?s=96&d=mm&r=g","contentUrl":"https:\/\/secure.gravatar.com\/avatar\/576f909861a89c05a65b5c0e9dd5dee6df695525056504f84660761ea9ef4355?s=96&d=mm&r=g","caption":"Marta Werner"},"url":"https:\/\/www.interreg6a.net\/pl\/author\/werner\/"}]}},"_links":{"self":[{"href":"https:\/\/www.interreg6a.net\/pl\/wp-json\/wp\/v2\/posts\/19872","targetHints":{"allow":["GET"]}}],"collection":[{"href":"https:\/\/www.interreg6a.net\/pl\/wp-json\/wp\/v2\/posts"}],"about":[{"href":"https:\/\/www.interreg6a.net\/pl\/wp-json\/wp\/v2\/types\/post"}],"author":[{"embeddable":true,"href":"https:\/\/www.interreg6a.net\/pl\/wp-json\/wp\/v2\/users\/33"}],"replies":[{"embeddable":true,"href":"https:\/\/www.interreg6a.net\/pl\/wp-json\/wp\/v2\/comments?post=19872"}],"version-history":[{"count":49,"href":"https:\/\/www.interreg6a.net\/pl\/wp-json\/wp\/v2\/posts\/19872\/revisions"}],"predecessor-version":[{"id":20081,"href":"https:\/\/www.interreg6a.net\/pl\/wp-json\/wp\/v2\/posts\/19872\/revisions\/20081"}],"wp:featuredmedia":[{"embeddable":true,"href":"https:\/\/www.interreg6a.net\/pl\/wp-json\/wp\/v2\/media\/18764"}],"wp:attachment":[{"href":"https:\/\/www.interreg6a.net\/pl\/wp-json\/wp\/v2\/media?parent=19872"}],"wp:term":[{"taxonomy":"category","embeddable":true,"href":"https:\/\/www.interreg6a.net\/pl\/wp-json\/wp\/v2\/categories?post=19872"},{"taxonomy":"post_tag","embeddable":true,"href":"https:\/\/www.interreg6a.net\/pl\/wp-json\/wp\/v2\/tags?post=19872"}],"curies":[{"name":"wp","href":"https:\/\/api.w.org\/{rel}","templated":true}]}}