{"id":20178,"date":"2025-10-15T10:01:06","date_gmt":"2025-10-15T08:01:06","guid":{"rendered":"https:\/\/www.interreg6a.net\/?p=20178"},"modified":"2025-10-17T09:16:43","modified_gmt":"2025-10-17T07:16:43","slug":"3%ef%b8%8f%e2%83%a3-sekretariaty-2%ef%b8%8f%e2%83%a3-kraje-1%ef%b8%8f%e2%83%a3-wspolny-cel-czesc-6-polsma","status":"publish","type":"post","link":"https:\/\/www.interreg6a.net\/pl\/3%ef%b8%8f%e2%83%a3-sekretariaty-2%ef%b8%8f%e2%83%a3-kraje-1%ef%b8%8f%e2%83%a3-wspolny-cel-czesc-6-polsma\/","title":{"rendered":"3\ufe0f\u20e3 Sekretariaty, 2\ufe0f\u20e3 Kraje, 1\ufe0f\u20e3 wsp\u00f3lny cel! &#8211; Cz\u0119\u015b\u0107 6: POLSMA"},"content":{"rendered":"<p><div class=\"fusion-fullwidth fullwidth-box fusion-builder-row-1 fusion-flex-container has-pattern-background has-mask-background nonhundred-percent-fullwidth non-hundred-percent-height-scrolling\" style=\"--awb-border-radius-top-left:0px;--awb-border-radius-top-right:0px;--awb-border-radius-bottom-right:0px;--awb-border-radius-bottom-left:0px;--awb-flex-wrap:wrap;\" ><div class=\"fusion-builder-row fusion-row fusion-flex-align-items-flex-start fusion-flex-content-wrap\" style=\"max-width:1586px;margin-left: calc(-4% \/ 2 );margin-right: calc(-4% \/ 2 );\"><div class=\"fusion-layout-column fusion_builder_column fusion-builder-column-0 fusion_builder_column_1_1 1_1 fusion-flex-column\" style=\"--awb-bg-size:cover;--awb-width-large:100%;--awb-margin-top-large:0px;--awb-spacing-right-large:1.92%;--awb-margin-bottom-large:20px;--awb-spacing-left-large:1.92%;--awb-width-medium:100%;--awb-order-medium:0;--awb-spacing-right-medium:1.92%;--awb-spacing-left-medium:1.92%;--awb-width-small:100%;--awb-order-small:0;--awb-spacing-right-small:1.92%;--awb-spacing-left-small:1.92%;\"><div class=\"fusion-column-wrapper fusion-column-has-shadow fusion-flex-justify-content-flex-start fusion-content-layout-column\"><div class=\"fusion-title title fusion-title-1 fusion-sep-none fusion-title-text fusion-title-size-one\" style=\"--awb-margin-top-small:10px;--awb-margin-right-small:0px;--awb-margin-bottom-small:10px;--awb-margin-left-small:0px;\"><h1 class=\"fusion-title-heading title-heading-left\" style=\"margin:0;\"><p style=\"text-align: center;\">3\ufe0f\u20e3 Sekretariaty, 2\ufe0f\u20e3 Kraje, 1\ufe0f\u20e3 wsp\u00f3lny cel!<\/p>\n<p style=\"text-align: center;\">Cz\u0119\u015b\u0107 6: POLSMA<\/p><\/h1><\/div><div class=\"fusion-text fusion-text-1\" style=\"--awb-margin-top:30px;\"><h3 style=\"text-align: center;\">Projekty strategiczne i projekty o znaczeniu ponadprogramowym wzd\u0142u\u017c granicy polsko-niemieckiej<\/h3>\n<\/div><div class=\"fusion-text fusion-text-2\" style=\"--awb-margin-top:30px;\"><p>Wsp\u00f3lna kampania informacyjna trwa! Dzisiaj prezentujemy projekt o znaczeniu strategicznym realizowany w ramach naszego programu Interreg Meklemburgia-Pomorze Przednie \/ Brandenburgia \/ Polska 2021-2027.<\/p>\n<\/div><\/div><\/div><\/div><\/div><div class=\"fusion-fullwidth fullwidth-box fusion-builder-row-2 fusion-flex-container has-pattern-background has-mask-background nonhundred-percent-fullwidth non-hundred-percent-height-scrolling\" style=\"--awb-border-radius-top-left:0px;--awb-border-radius-top-right:0px;--awb-border-radius-bottom-right:0px;--awb-border-radius-bottom-left:0px;--awb-flex-wrap:wrap;\" ><div class=\"fusion-builder-row fusion-row fusion-flex-align-items-flex-start fusion-flex-content-wrap\" style=\"max-width:1586px;margin-left: calc(-4% \/ 2 );margin-right: calc(-4% \/ 2 );\"><div class=\"fusion-layout-column fusion_builder_column fusion-builder-column-1 fusion_builder_column_1_2 1_2 fusion-flex-column\" style=\"--awb-bg-size:cover;--awb-width-large:50%;--awb-margin-top-large:0px;--awb-spacing-right-large:3.84%;--awb-margin-bottom-large:20px;--awb-spacing-left-large:3.84%;--awb-width-medium:50%;--awb-order-medium:0;--awb-spacing-right-medium:3.84%;--awb-spacing-left-medium:3.84%;--awb-width-small:100%;--awb-order-small:0;--awb-spacing-right-small:1.92%;--awb-spacing-left-small:1.92%;\"><div class=\"fusion-column-wrapper fusion-column-has-shadow fusion-flex-justify-content-flex-start fusion-content-layout-column\"><div class=\"fusion-text fusion-text-3\"><h5>Nazwa projektu:<\/h5>\n<\/div><\/div><\/div><div class=\"fusion-layout-column fusion_builder_column fusion-builder-column-2 fusion_builder_column_1_2 1_2 fusion-flex-column\" style=\"--awb-bg-size:cover;--awb-width-large:50%;--awb-margin-top-large:0px;--awb-spacing-right-large:3.84%;--awb-margin-bottom-large:20px;--awb-spacing-left-large:3.84%;--awb-width-medium:50%;--awb-order-medium:0;--awb-spacing-right-medium:3.84%;--awb-spacing-left-medium:3.84%;--awb-width-small:100%;--awb-order-small:0;--awb-spacing-right-small:1.92%;--awb-spacing-left-small:1.92%;\"><div class=\"fusion-column-wrapper fusion-column-has-shadow fusion-flex-justify-content-flex-start fusion-content-layout-column\"><div class=\"fusion-text fusion-text-4\"><p>Region Pomerania \u017cyje zr\u00f3wnowa\u017conym zarz\u0105dzaniem<\/p>\n<\/div><\/div><\/div><\/div><\/div><div class=\"fusion-fullwidth fullwidth-box fusion-builder-row-3 fusion-flex-container has-pattern-background has-mask-background nonhundred-percent-fullwidth non-hundred-percent-height-scrolling\" style=\"--awb-border-radius-top-left:0px;--awb-border-radius-top-right:0px;--awb-border-radius-bottom-right:0px;--awb-border-radius-bottom-left:0px;--awb-flex-wrap:wrap;\" ><div class=\"fusion-builder-row fusion-row fusion-flex-align-items-flex-start fusion-flex-content-wrap\" style=\"max-width:1586px;margin-left: calc(-4% \/ 2 );margin-right: calc(-4% \/ 2 );\"><div class=\"fusion-layout-column fusion_builder_column fusion-builder-column-3 fusion_builder_column_1_2 1_2 fusion-flex-column\" style=\"--awb-bg-size:cover;--awb-width-large:50%;--awb-margin-top-large:0px;--awb-spacing-right-large:3.84%;--awb-margin-bottom-large:20px;--awb-spacing-left-large:3.84%;--awb-width-medium:50%;--awb-order-medium:0;--awb-spacing-right-medium:3.84%;--awb-spacing-left-medium:3.84%;--awb-width-small:100%;--awb-order-small:0;--awb-spacing-right-small:1.92%;--awb-spacing-left-small:1.92%;\"><div class=\"fusion-column-wrapper fusion-column-has-shadow fusion-flex-justify-content-flex-start fusion-content-layout-column\"><div class=\"fusion-text fusion-text-5\"><h5>Program wspieraj\u0105cy:<\/h5>\n<\/div><\/div><\/div><div class=\"fusion-layout-column fusion_builder_column fusion-builder-column-4 fusion_builder_column_1_2 1_2 fusion-flex-column\" style=\"--awb-bg-size:cover;--awb-width-large:50%;--awb-margin-top-large:0px;--awb-spacing-right-large:3.84%;--awb-margin-bottom-large:20px;--awb-spacing-left-large:3.84%;--awb-width-medium:50%;--awb-order-medium:0;--awb-spacing-right-medium:3.84%;--awb-spacing-left-medium:3.84%;--awb-width-small:100%;--awb-order-small:0;--awb-spacing-right-small:1.92%;--awb-spacing-left-small:1.92%;\"><div class=\"fusion-column-wrapper fusion-column-has-shadow fusion-flex-justify-content-flex-start fusion-content-layout-column\"><div class=\"fusion-text fusion-text-6\"><p>Program Wsp\u00f3\u0142pracy Interreg VI A Mecklenburg-Vorpommern \/ Brandenburg \/ Polska 2021-2027<\/p>\n<\/div><\/div><\/div><\/div><\/div><div class=\"fusion-fullwidth fullwidth-box fusion-builder-row-4 fusion-flex-container has-pattern-background has-mask-background nonhundred-percent-fullwidth non-hundred-percent-height-scrolling\" style=\"--awb-border-radius-top-left:0px;--awb-border-radius-top-right:0px;--awb-border-radius-bottom-right:0px;--awb-border-radius-bottom-left:0px;--awb-flex-wrap:wrap;\" ><div class=\"fusion-builder-row fusion-row fusion-flex-align-items-flex-start fusion-flex-content-wrap\" style=\"max-width:1586px;margin-left: calc(-4% \/ 2 );margin-right: calc(-4% \/ 2 );\"><div class=\"fusion-layout-column fusion_builder_column fusion-builder-column-5 fusion_builder_column_1_2 1_2 fusion-flex-column\" style=\"--awb-bg-size:cover;--awb-width-large:50%;--awb-margin-top-large:0px;--awb-spacing-right-large:3.84%;--awb-margin-bottom-large:20px;--awb-spacing-left-large:3.84%;--awb-width-medium:50%;--awb-order-medium:0;--awb-spacing-right-medium:3.84%;--awb-spacing-left-medium:3.84%;--awb-width-small:100%;--awb-order-small:0;--awb-spacing-right-small:1.92%;--awb-spacing-left-small:1.92%;\"><div class=\"fusion-column-wrapper fusion-column-has-shadow fusion-flex-justify-content-flex-start fusion-content-layout-column\"><div class=\"fusion-text fusion-text-7\"><h5>Partner wiod\u0105cy:<\/h5>\n<\/div><\/div><\/div><div class=\"fusion-layout-column fusion_builder_column fusion-builder-column-6 fusion_builder_column_1_2 1_2 fusion-flex-column\" style=\"--awb-bg-size:cover;--awb-width-large:50%;--awb-margin-top-large:0px;--awb-spacing-right-large:3.84%;--awb-margin-bottom-large:20px;--awb-spacing-left-large:3.84%;--awb-width-medium:50%;--awb-order-medium:0;--awb-spacing-right-medium:3.84%;--awb-spacing-left-medium:3.84%;--awb-width-small:100%;--awb-order-small:0;--awb-spacing-right-small:1.92%;--awb-spacing-left-small:1.92%;\"><div class=\"fusion-column-wrapper fusion-column-has-shadow fusion-flex-justify-content-flex-start fusion-content-layout-column\"><div class=\"fusion-text fusion-text-8\"><p>IHK Ostbrandenburg<\/p>\n<\/div><\/div><\/div><\/div><\/div><div class=\"fusion-fullwidth fullwidth-box fusion-builder-row-5 fusion-flex-container has-pattern-background has-mask-background nonhundred-percent-fullwidth non-hundred-percent-height-scrolling\" style=\"--awb-border-radius-top-left:0px;--awb-border-radius-top-right:0px;--awb-border-radius-bottom-right:0px;--awb-border-radius-bottom-left:0px;--awb-flex-wrap:wrap;\" ><div class=\"fusion-builder-row fusion-row fusion-flex-align-items-flex-start fusion-flex-content-wrap\" style=\"max-width:1586px;margin-left: calc(-4% \/ 2 );margin-right: calc(-4% \/ 2 );\"><div class=\"fusion-layout-column fusion_builder_column fusion-builder-column-7 fusion_builder_column_1_2 1_2 fusion-flex-column\" style=\"--awb-bg-size:cover;--awb-width-large:50%;--awb-margin-top-large:0px;--awb-spacing-right-large:3.84%;--awb-margin-bottom-large:20px;--awb-spacing-left-large:3.84%;--awb-width-medium:50%;--awb-order-medium:0;--awb-spacing-right-medium:3.84%;--awb-spacing-left-medium:3.84%;--awb-width-small:100%;--awb-order-small:0;--awb-spacing-right-small:1.92%;--awb-spacing-left-small:1.92%;\"><div class=\"fusion-column-wrapper fusion-column-has-shadow fusion-flex-justify-content-flex-start fusion-content-layout-column\"><div class=\"fusion-text fusion-text-9\"><h5>Partnerzy projektu:<\/h5>\n<\/div><\/div><\/div><div class=\"fusion-layout-column fusion_builder_column fusion-builder-column-8 fusion_builder_column_1_2 1_2 fusion-flex-column\" style=\"--awb-bg-size:cover;--awb-width-large:50%;--awb-margin-top-large:0px;--awb-spacing-right-large:3.84%;--awb-margin-bottom-large:20px;--awb-spacing-left-large:3.84%;--awb-width-medium:50%;--awb-order-medium:0;--awb-spacing-right-medium:3.84%;--awb-spacing-left-medium:3.84%;--awb-width-small:100%;--awb-order-small:0;--awb-spacing-right-small:1.92%;--awb-spacing-left-small:1.92%;\"><div class=\"fusion-column-wrapper fusion-column-has-shadow fusion-flex-justify-content-flex-start fusion-content-layout-column\"><div class=\"fusion-text fusion-text-10\"><ol>\n<li>Oddzia\u0142 Szczeci\u0144ski Stowarzyszenia Elektryk\u00f3w Polskich<\/li>\n<li>Zachodniopomorski Uniwersytet Technologiczny w Szczecinie<\/li>\n<li>IHK-Projektgesellschaft mbH Ostbrandenburg<\/li>\n<li>P\u00f3\u0142nocna Izba Gospodarcza w Szczecinie<\/li>\n<li>IHK Neubrandenburg f\u00fcr das \u00f6stliche Mecklenburg-Vorpommern<\/li>\n<\/ol>\n<\/div><\/div><\/div><\/div><\/div><div class=\"fusion-fullwidth fullwidth-box fusion-builder-row-6 fusion-flex-container has-pattern-background has-mask-background nonhundred-percent-fullwidth non-hundred-percent-height-scrolling\" style=\"--awb-border-radius-top-left:0px;--awb-border-radius-top-right:0px;--awb-border-radius-bottom-right:0px;--awb-border-radius-bottom-left:0px;--awb-flex-wrap:wrap;\" ><div class=\"fusion-builder-row fusion-row fusion-flex-align-items-flex-start fusion-flex-content-wrap\" style=\"max-width:1586px;margin-left: calc(-4% \/ 2 );margin-right: calc(-4% \/ 2 );\"><div class=\"fusion-layout-column fusion_builder_column fusion-builder-column-9 fusion_builder_column_1_2 1_2 fusion-flex-column\" style=\"--awb-bg-size:cover;--awb-width-large:50%;--awb-margin-top-large:0px;--awb-spacing-right-large:3.84%;--awb-margin-bottom-large:20px;--awb-spacing-left-large:3.84%;--awb-width-medium:50%;--awb-order-medium:0;--awb-spacing-right-medium:3.84%;--awb-spacing-left-medium:3.84%;--awb-width-small:100%;--awb-order-small:0;--awb-spacing-right-small:1.92%;--awb-spacing-left-small:1.92%;\"><div class=\"fusion-column-wrapper fusion-column-has-shadow fusion-flex-justify-content-flex-start fusion-content-layout-column\"><div class=\"fusion-text fusion-text-11\"><h5>Kwalifikowalny bud\u017cet projektu:<\/h5>\n<\/div><\/div><\/div><div class=\"fusion-layout-column fusion_builder_column fusion-builder-column-10 fusion_builder_column_1_2 1_2 fusion-flex-column\" style=\"--awb-bg-size:cover;--awb-width-large:50%;--awb-margin-top-large:0px;--awb-spacing-right-large:3.84%;--awb-margin-bottom-large:20px;--awb-spacing-left-large:3.84%;--awb-width-medium:50%;--awb-order-medium:0;--awb-spacing-right-medium:3.84%;--awb-spacing-left-medium:3.84%;--awb-width-small:100%;--awb-order-small:0;--awb-spacing-right-small:1.92%;--awb-spacing-left-small:1.92%;\"><div class=\"fusion-column-wrapper fusion-column-has-shadow fusion-flex-justify-content-flex-start fusion-content-layout-column\"><div class=\"fusion-text fusion-text-12\"><p>2.410.714,44 EUR<\/p>\n<\/div><\/div><\/div><\/div><\/div><div class=\"fusion-fullwidth fullwidth-box fusion-builder-row-7 fusion-flex-container has-pattern-background has-mask-background nonhundred-percent-fullwidth non-hundred-percent-height-scrolling\" style=\"--awb-border-radius-top-left:0px;--awb-border-radius-top-right:0px;--awb-border-radius-bottom-right:0px;--awb-border-radius-bottom-left:0px;--awb-flex-wrap:wrap;\" ><div class=\"fusion-builder-row fusion-row fusion-flex-align-items-flex-start fusion-flex-content-wrap\" style=\"max-width:1586px;margin-left: calc(-4% \/ 2 );margin-right: calc(-4% \/ 2 );\"><div class=\"fusion-layout-column fusion_builder_column fusion-builder-column-11 fusion_builder_column_1_2 1_2 fusion-flex-column\" style=\"--awb-bg-size:cover;--awb-width-large:50%;--awb-margin-top-large:0px;--awb-spacing-right-large:3.84%;--awb-margin-bottom-large:20px;--awb-spacing-left-large:3.84%;--awb-width-medium:50%;--awb-order-medium:0;--awb-spacing-right-medium:3.84%;--awb-spacing-left-medium:3.84%;--awb-width-small:100%;--awb-order-small:0;--awb-spacing-right-small:1.92%;--awb-spacing-left-small:1.92%;\"><div class=\"fusion-column-wrapper fusion-column-has-shadow fusion-flex-justify-content-flex-start fusion-content-layout-column\"><div class=\"fusion-text fusion-text-13\"><h5>Kwota dofinansowania (EFRR):<\/h5>\n<\/div><\/div><\/div><div class=\"fusion-layout-column fusion_builder_column fusion-builder-column-12 fusion_builder_column_1_2 1_2 fusion-flex-column\" style=\"--awb-bg-size:cover;--awb-width-large:50%;--awb-margin-top-large:0px;--awb-spacing-right-large:3.84%;--awb-margin-bottom-large:20px;--awb-spacing-left-large:3.84%;--awb-width-medium:50%;--awb-order-medium:0;--awb-spacing-right-medium:3.84%;--awb-spacing-left-medium:3.84%;--awb-width-small:100%;--awb-order-small:0;--awb-spacing-right-small:1.92%;--awb-spacing-left-small:1.92%;\"><div class=\"fusion-column-wrapper fusion-column-has-shadow fusion-flex-justify-content-flex-start fusion-content-layout-column\"><div class=\"fusion-text fusion-text-14\"><p>1.928.571,54 EUR<\/p>\n<\/div><\/div><\/div><\/div><\/div><div class=\"fusion-fullwidth fullwidth-box fusion-builder-row-8 fusion-flex-container has-pattern-background has-mask-background nonhundred-percent-fullwidth non-hundred-percent-height-scrolling\" style=\"--awb-border-radius-top-left:0px;--awb-border-radius-top-right:0px;--awb-border-radius-bottom-right:0px;--awb-border-radius-bottom-left:0px;--awb-flex-wrap:wrap;\" ><div class=\"fusion-builder-row fusion-row fusion-flex-align-items-flex-start fusion-flex-content-wrap\" style=\"max-width:1586px;margin-left: calc(-4% \/ 2 );margin-right: calc(-4% \/ 2 );\"><div class=\"fusion-layout-column fusion_builder_column fusion-builder-column-13 fusion_builder_column_1_2 1_2 fusion-flex-column\" style=\"--awb-bg-size:cover;--awb-width-large:50%;--awb-margin-top-large:0px;--awb-spacing-right-large:3.84%;--awb-margin-bottom-large:20px;--awb-spacing-left-large:3.84%;--awb-width-medium:50%;--awb-order-medium:0;--awb-spacing-right-medium:3.84%;--awb-spacing-left-medium:3.84%;--awb-width-small:100%;--awb-order-small:0;--awb-spacing-right-small:1.92%;--awb-spacing-left-small:1.92%;\"><div class=\"fusion-column-wrapper fusion-column-has-shadow fusion-flex-justify-content-flex-start fusion-content-layout-column\"><div class=\"fusion-text fusion-text-15\"><h5>Okres realizacji:<\/h5>\n<\/div><\/div><\/div><div class=\"fusion-layout-column fusion_builder_column fusion-builder-column-14 fusion_builder_column_1_2 1_2 fusion-flex-column\" style=\"--awb-bg-size:cover;--awb-width-large:50%;--awb-margin-top-large:0px;--awb-spacing-right-large:3.84%;--awb-margin-bottom-large:20px;--awb-spacing-left-large:3.84%;--awb-width-medium:50%;--awb-order-medium:0;--awb-spacing-right-medium:3.84%;--awb-spacing-left-medium:3.84%;--awb-width-small:100%;--awb-order-small:0;--awb-spacing-right-small:1.92%;--awb-spacing-left-small:1.92%;\"><div class=\"fusion-column-wrapper fusion-column-has-shadow fusion-flex-justify-content-flex-start fusion-content-layout-column\"><div class=\"fusion-text fusion-text-16\"><p>01.09.2024 \u2013 31.08.2027<\/p>\n<\/div><\/div><\/div><\/div><\/div><div class=\"fusion-fullwidth fullwidth-box fusion-builder-row-9 fusion-flex-container has-pattern-background has-mask-background nonhundred-percent-fullwidth non-hundred-percent-height-scrolling\" style=\"--awb-border-radius-top-left:0px;--awb-border-radius-top-right:0px;--awb-border-radius-bottom-right:0px;--awb-border-radius-bottom-left:0px;--awb-flex-wrap:wrap;\" ><div class=\"fusion-builder-row fusion-row fusion-flex-align-items-flex-start fusion-flex-content-wrap\" style=\"max-width:1586px;margin-left: calc(-4% \/ 2 );margin-right: calc(-4% \/ 2 );\"><div class=\"fusion-layout-column fusion_builder_column fusion-builder-column-15 fusion_builder_column_1_2 1_2 fusion-flex-column\" style=\"--awb-bg-size:cover;--awb-width-large:50%;--awb-margin-top-large:0px;--awb-spacing-right-large:3.84%;--awb-margin-bottom-large:20px;--awb-spacing-left-large:3.84%;--awb-width-medium:50%;--awb-order-medium:0;--awb-spacing-right-medium:3.84%;--awb-spacing-left-medium:3.84%;--awb-width-small:100%;--awb-order-small:0;--awb-spacing-right-small:1.92%;--awb-spacing-left-small:1.92%;\"><div class=\"fusion-column-wrapper fusion-column-has-shadow fusion-flex-justify-content-flex-start fusion-content-layout-column\"><div class=\"fusion-text fusion-text-17\"><h5>G\u0142\u00f3wny cel projektu:<\/h5>\n<\/div><\/div><\/div><div class=\"fusion-layout-column fusion_builder_column fusion-builder-column-16 fusion_builder_column_1_2 1_2 fusion-flex-column\" style=\"--awb-bg-size:cover;--awb-width-large:50%;--awb-margin-top-large:0px;--awb-spacing-right-large:3.84%;--awb-margin-bottom-large:20px;--awb-spacing-left-large:3.84%;--awb-width-medium:50%;--awb-order-medium:0;--awb-spacing-right-medium:3.84%;--awb-spacing-left-medium:3.84%;--awb-width-small:100%;--awb-order-small:0;--awb-spacing-right-small:1.92%;--awb-spacing-left-small:1.92%;\"><div class=\"fusion-column-wrapper fusion-column-has-shadow fusion-flex-justify-content-flex-start fusion-content-layout-column\"><div class=\"fusion-text fusion-text-18\"><p>Celem projektu strategicznego jest wdro\u017cenie Europejskiego Zielonego \u0141adu w przedsi\u0119biorstwach regionu Pomerania oraz stworzenie \u201epolsko-niemieckiego regionu kompetencji Zielonego \u0141adu\u201d.<\/p>\n<p>W ramach projektu polscy i niemieccy przedsi\u0119biorcy s\u0105 informowani i uwra\u017cliwiani przez doradc\u00f3w klimatycznych, pe\u0142ni\u0105cych rol\u0119 \u201eambasador\u00f3w\u201d Zielonego \u0141adu na temat zmniejszenia \u015bladu w\u0119glowego w przedsi\u0119biorstwach. W szczeg\u00f3lno\u015bci ma\u0142e i \u015brednie przedsi\u0119biorstwa (M\u015aP) s\u0105 przygotowywane do proces\u00f3w transformacyjnych wynikaj\u0105cych z transformacji energetycznej poprzez praktyczne sugestie i wskaz\u00f3wki. W rezultacie przedsi\u0119biorstwa powinny by\u0107 w stanie samodzielnie wdro\u017cy\u0107 wytyczne Europejskiego Zielonego \u0141adu.<\/p>\n<p>Ponadto oferowane s\u0105 szkolenia i kwalifikacje dla specjalist\u00f3w i kadry kierowniczej w przedsi\u0119biorstwach w zakresie bilansowania CO2 i zr\u00f3wnowa\u017conych finans\u00f3w, a tak\u017ce organizowane s\u0105 spotkania bran\u017cowe.<\/p>\n<p>Wyniki projektu s\u0105 gromadzone na polsko-niemieckiej platformie kompetencyjnej i udost\u0119pniane bezp\u0142atnie.<\/p>\n<\/div><\/div><\/div><\/div><\/div><div class=\"fusion-fullwidth fullwidth-box fusion-builder-row-10 fusion-flex-container has-pattern-background has-mask-background nonhundred-percent-fullwidth non-hundred-percent-height-scrolling\" style=\"--awb-border-radius-top-left:0px;--awb-border-radius-top-right:0px;--awb-border-radius-bottom-right:0px;--awb-border-radius-bottom-left:0px;--awb-flex-wrap:wrap;\" ><div class=\"fusion-builder-row fusion-row fusion-flex-align-items-flex-start fusion-flex-content-wrap\" style=\"max-width:1586px;margin-left: calc(-4% \/ 2 );margin-right: calc(-4% \/ 2 );\"><div class=\"fusion-layout-column fusion_builder_column fusion-builder-column-17 fusion_builder_column_1_2 1_2 fusion-flex-column\" style=\"--awb-bg-size:cover;--awb-width-large:50%;--awb-margin-top-large:0px;--awb-spacing-right-large:3.84%;--awb-margin-bottom-large:20px;--awb-spacing-left-large:3.84%;--awb-width-medium:50%;--awb-order-medium:0;--awb-spacing-right-medium:3.84%;--awb-spacing-left-medium:3.84%;--awb-width-small:100%;--awb-order-small:0;--awb-spacing-right-small:1.92%;--awb-spacing-left-small:1.92%;\"><div class=\"fusion-column-wrapper fusion-column-has-shadow fusion-flex-justify-content-flex-start fusion-content-layout-column\"><div class=\"fusion-text fusion-text-19\"><h5>Najwa\u017cniejsze dzia\u0142ania projektu:<\/h5>\n<\/div><\/div><\/div><div class=\"fusion-layout-column fusion_builder_column fusion-builder-column-18 fusion_builder_column_1_2 1_2 fusion-flex-column\" style=\"--awb-bg-size:cover;--awb-width-large:50%;--awb-margin-top-large:0px;--awb-spacing-right-large:3.84%;--awb-margin-bottom-large:20px;--awb-spacing-left-large:3.84%;--awb-width-medium:50%;--awb-order-medium:0;--awb-spacing-right-medium:3.84%;--awb-spacing-left-medium:3.84%;--awb-width-small:100%;--awb-order-small:0;--awb-spacing-right-small:1.92%;--awb-spacing-left-small:1.92%;\"><div class=\"fusion-column-wrapper fusion-column-has-shadow fusion-flex-justify-content-flex-start fusion-content-layout-column\"><div class=\"fusion-text fusion-text-20\"><ul>\n<li>Doradcy klimatyczni wyja\u015bniaj\u0105 przedsi\u0119biorstwom kwestie zwi\u0105zane z emisj\u0105 CO2 i wspieraj\u0105 je w zakresie bilansowania emisji CO2. Doradcy klimatyczni przechodz\u0105 wcze\u015bniej odpowiednie szkolenie.<\/li>\n<li>Eksperci, specjali\u015bci i kadra kierownicza przedsi\u0119biorstw otrzymuj\u0105 kompleksow\u0105 ofert\u0119 szkole\u0144 i kwalifikacji w nast\u0119puj\u0105cych obszarach:\n<ul>\n<li>okre\u015blanie \u015bladu w\u0119glowego w przedsi\u0119biorstwach,<\/li>\n<li>potencja\u0142 regionalnych \u0142a\u0144cuch\u00f3w dostaw,<\/li>\n<li>efektywno\u015b\u0107 energetyczna, zarz\u0105dzanie budynkami,<\/li>\n<li>gospodarka o obiegu zamkni\u0119tym,<\/li>\n<li>zr\u00f3wnowa\u017cone zarz\u0105dzanie,<\/li>\n<li>regionalne \u0142a\u0144cuchy warto\u015bci.<\/li>\n<\/ul>\n<\/li>\n<li>Spotkania informacyjne na temat cel\u00f3w i ram prawnych Zielonego \u0141adu oraz skutk\u00f3w inicjatywy na rzecz zr\u00f3wnowa\u017conych produkt\u00f3w (SPI \u2013 Sustainable Products Initiative) pomagaj\u0105 uczestnicz\u0105cym przedsi\u0119biorstwom w budowaniu i rozwijaniu w\u0142asnych kompetencji w tych obszarach.<\/li>\n<li>Tworzenie sieci kontakt\u00f3w: organizowane s\u0105 regionalne polsko-niemieckie grupy robocze i spotkania bran\u017cowe, a przedsi\u0119biorstwa uczestnicz\u0105ce w projekcie otrzymuj\u0105 dost\u0119p do forum dobrych praktyk i mog\u0105 wymienia\u0107 si\u0119 w\u0142asnymi przyk\u0142adami i do\u015bwiadczeniami. Celem jest stworzenie szerokiej spo\u0142eczno\u015bci dobrych praktyk, wspieranie proces\u00f3w uczenia si\u0119 i wdra\u017cania oraz promowanie wsp\u00f3lnego transferu wiedzy w regionie przygranicznym.<\/li>\n<li>Polsko-niemiecka konferencja energetyczna po\u015bwi\u0119cona tematowi Zielonego \u0141adu umo\u017cliwi szerok\u0105 wymian\u0119 informacji. Konferencja odbywa si\u0119 corocznie w latach 2025\u20132027.<\/li>\n<li>Platforma kompetencyjna \u201eZielonego \u0141adu\u201d ma s\u0142u\u017cy\u0107 jako narz\u0119dzie komunikacyjne dla wszystkich podmiot\u00f3w, przedsi\u0119biorstw, instytucji i obywateli. Platforma jest prowadzona wsp\u00f3lnie z projektem \u201eGoGreen\u201d (patrz poni\u017cej \u201eZnaczenie ponadprogramowe\u201d) i umo\u017cliwia uzyskanie kompleksowego przegl\u0105du tematu oraz wymian\u0119 sprawdzonych rozwi\u0105za\u0144.<\/li>\n<\/ul>\n<\/div><\/div><\/div><\/div><\/div><div class=\"fusion-fullwidth fullwidth-box fusion-builder-row-11 fusion-flex-container has-pattern-background has-mask-background nonhundred-percent-fullwidth non-hundred-percent-height-scrolling\" style=\"--awb-border-radius-top-left:0px;--awb-border-radius-top-right:0px;--awb-border-radius-bottom-right:0px;--awb-border-radius-bottom-left:0px;--awb-flex-wrap:wrap;\" ><div class=\"fusion-builder-row fusion-row fusion-flex-align-items-flex-start fusion-flex-content-wrap\" style=\"max-width:1586px;margin-left: calc(-4% \/ 2 );margin-right: calc(-4% \/ 2 );\"><div class=\"fusion-layout-column fusion_builder_column fusion-builder-column-19 fusion_builder_column_1_2 1_2 fusion-flex-column\" style=\"--awb-bg-size:cover;--awb-width-large:50%;--awb-margin-top-large:0px;--awb-spacing-right-large:3.84%;--awb-margin-bottom-large:20px;--awb-spacing-left-large:3.84%;--awb-width-medium:50%;--awb-order-medium:0;--awb-spacing-right-medium:3.84%;--awb-spacing-left-medium:3.84%;--awb-width-small:100%;--awb-order-small:0;--awb-spacing-right-small:1.92%;--awb-spacing-left-small:1.92%;\"><div class=\"fusion-column-wrapper fusion-column-has-shadow fusion-flex-justify-content-flex-start fusion-content-layout-column\"><div class=\"fusion-text fusion-text-21\"><h5>Dzia\u0142ania inwestycyjne:<\/h5>\n<\/div><\/div><\/div><div class=\"fusion-layout-column fusion_builder_column fusion-builder-column-20 fusion_builder_column_1_2 1_2 fusion-flex-column\" style=\"--awb-bg-size:cover;--awb-width-large:50%;--awb-margin-top-large:0px;--awb-spacing-right-large:3.84%;--awb-margin-bottom-large:20px;--awb-spacing-left-large:3.84%;--awb-width-medium:50%;--awb-order-medium:0;--awb-spacing-right-medium:3.84%;--awb-spacing-left-medium:3.84%;--awb-width-small:100%;--awb-order-small:0;--awb-spacing-right-small:1.92%;--awb-spacing-left-small:1.92%;\"><div class=\"fusion-column-wrapper fusion-column-has-shadow fusion-flex-justify-content-flex-start fusion-content-layout-column\"><div class=\"fusion-text fusion-text-22\"><p>Wyposa\u017cenie na potrzeby szkoleniowe<\/p>\n<\/div><\/div><\/div><\/div><\/div><div class=\"fusion-fullwidth fullwidth-box fusion-builder-row-12 fusion-flex-container has-pattern-background has-mask-background nonhundred-percent-fullwidth non-hundred-percent-height-scrolling\" style=\"--awb-border-radius-top-left:0px;--awb-border-radius-top-right:0px;--awb-border-radius-bottom-right:0px;--awb-border-radius-bottom-left:0px;--awb-flex-wrap:wrap;\" ><div class=\"fusion-builder-row fusion-row fusion-flex-align-items-flex-start fusion-flex-content-wrap\" style=\"max-width:1586px;margin-left: calc(-4% \/ 2 );margin-right: calc(-4% \/ 2 );\"><div class=\"fusion-layout-column fusion_builder_column fusion-builder-column-21 fusion_builder_column_1_2 1_2 fusion-flex-column\" style=\"--awb-bg-size:cover;--awb-width-large:50%;--awb-margin-top-large:0px;--awb-spacing-right-large:3.84%;--awb-margin-bottom-large:20px;--awb-spacing-left-large:3.84%;--awb-width-medium:50%;--awb-order-medium:0;--awb-spacing-right-medium:3.84%;--awb-spacing-left-medium:3.84%;--awb-width-small:100%;--awb-order-small:0;--awb-spacing-right-small:1.92%;--awb-spacing-left-small:1.92%;\"><div class=\"fusion-column-wrapper fusion-column-has-shadow fusion-flex-justify-content-flex-start fusion-content-layout-column\"><div class=\"fusion-text fusion-text-23\"><h5>Stan realizacji projektu:<\/h5>\n<\/div><\/div><\/div><div class=\"fusion-layout-column fusion_builder_column fusion-builder-column-22 fusion_builder_column_1_2 1_2 fusion-flex-column\" style=\"--awb-bg-size:cover;--awb-width-large:50%;--awb-margin-top-large:0px;--awb-spacing-right-large:3.84%;--awb-margin-bottom-large:20px;--awb-spacing-left-large:3.84%;--awb-width-medium:50%;--awb-order-medium:0;--awb-spacing-right-medium:3.84%;--awb-spacing-left-medium:3.84%;--awb-width-small:100%;--awb-order-small:0;--awb-spacing-right-small:1.92%;--awb-spacing-left-small:1.92%;\"><div class=\"fusion-column-wrapper fusion-column-has-shadow fusion-flex-justify-content-flex-start fusion-content-layout-column\"><div class=\"fusion-text fusion-text-24\"><ul>\n<li>Realizacja projektu post\u0119puje od momentu inauguracji w lutym 2025 r. Przeprowadzono ankiety i wywiady jako\u015bciowe w celu okre\u015blenia aktualnej sytuacji w zakresie akceptacji, wiedzy i stanu realizacji Zielonego \u0141adu oraz zako\u0144czono kwalifikacj\u0119 doradc\u00f3w klimatycznych.<\/li>\n<li>Od pocz\u0105tku roku dwa razy w miesi\u0105cu oferowane s\u0105 cyfrowe konsultacje.<\/li>\n<li>Trwa tworzenie regionalnej sieci i wymiana informacji \u2013 w jej sk\u0142ad wchodz\u0105: agencje rozwoju gospodarczego, banki, stowarzyszenia, miasta, gminy, sie\u0107 przedsi\u0119biorstw na rzecz ochrony klimatu, DENA (Niemiecka Agencja Energetyczna), projekt GoGreen, projekt \u201eZielona przysz\u0142o\u015b\u0107 pogranicza\u201d.<\/li>\n<li>25 wrze\u015bnia 2025 r. w Przelewicach odby\u0142a si\u0119 polsko-niemiecka konferencja \u201eCzysta energia dla klimatu\u201d. 9 pa\u017adziernika 2025 r. w \u015awinouj\u015bciu odby\u0142a si\u0119 polsko-niemiecka konferencja energetyczna na temat: \u201eNowe porozumienie w sprawie czystego przemys\u0142u i jego wp\u0142yw na region nadodrza\u0144ski Polska-Niemcy\u201d.<\/li>\n<li>Co nie mniej wa\u017cne, platforma kompetencyjna dokumentuj\u0105ca wyniki projektu jest ju\u017c dost\u0119pna online: <a href=\"http:\/\/www.platform-greendeal.eu\/\">http:\/\/www.platform-greendeal.eu\/<\/a><\/li>\n<\/ul>\n<\/div><\/div><\/div><\/div><\/div><div class=\"fusion-fullwidth fullwidth-box fusion-builder-row-13 fusion-flex-container has-pattern-background has-mask-background nonhundred-percent-fullwidth non-hundred-percent-height-scrolling\" style=\"--awb-border-radius-top-left:0px;--awb-border-radius-top-right:0px;--awb-border-radius-bottom-right:0px;--awb-border-radius-bottom-left:0px;--awb-flex-wrap:wrap;\" ><div class=\"fusion-builder-row fusion-row fusion-flex-align-items-flex-start fusion-flex-content-wrap\" style=\"max-width:1586px;margin-left: calc(-4% \/ 2 );margin-right: calc(-4% \/ 2 );\"><div class=\"fusion-layout-column fusion_builder_column fusion-builder-column-23 fusion_builder_column_1_2 1_2 fusion-flex-column\" style=\"--awb-bg-size:cover;--awb-width-large:50%;--awb-margin-top-large:0px;--awb-spacing-right-large:3.84%;--awb-margin-bottom-large:20px;--awb-spacing-left-large:3.84%;--awb-width-medium:50%;--awb-order-medium:0;--awb-spacing-right-medium:3.84%;--awb-spacing-left-medium:3.84%;--awb-width-small:100%;--awb-order-small:0;--awb-spacing-right-small:1.92%;--awb-spacing-left-small:1.92%;\"><div class=\"fusion-column-wrapper fusion-column-has-shadow fusion-flex-justify-content-flex-start fusion-content-layout-column\"><div class=\"fusion-text fusion-text-25\"><h5>Znaczenie ponadprogramowe:<\/h5>\n<\/div><\/div><\/div><div class=\"fusion-layout-column fusion_builder_column fusion-builder-column-24 fusion_builder_column_1_2 1_2 fusion-flex-column\" style=\"--awb-bg-size:cover;--awb-width-large:50%;--awb-margin-top-large:0px;--awb-spacing-right-large:3.84%;--awb-margin-bottom-large:20px;--awb-spacing-left-large:3.84%;--awb-width-medium:50%;--awb-order-medium:0;--awb-spacing-right-medium:3.84%;--awb-spacing-left-medium:3.84%;--awb-width-small:100%;--awb-order-small:0;--awb-spacing-right-small:1.92%;--awb-spacing-left-small:1.92%;\"><div class=\"fusion-column-wrapper fusion-column-has-shadow fusion-flex-justify-content-flex-start fusion-content-layout-column\"><div class=\"fusion-text fusion-text-26\"><p>Partner wiod\u0105cy projektu &#8211; IHK Ostbrandenburg jest partnerem stowarzyszonym w projekcie GoGreen, realizowanym w ramach Programu Interreg VI A Brandenburg \u2013 Polska. Dzi\u0119ki temu projekt POLSMA ma potencja\u0142 na wygenerowanie efekt\u00f3w komplementarno\u015bci i synergii z dzia\u0142aniami realizowanymi wzd\u0142u\u017c granicy polsko \u2013 niemieckiej.<\/p>\n<p>Dowiedz si\u0119 wi\u0119cej <a href=\"https:\/\/www.interreg6a.net\/pl\/3-sekretariaty-2-kraje-1-wspolny-cel-czesc-2\/\">o projekcie \u201eZielona przysz\u0142o\u015b\u0107 pogranicza\u201d w cz\u0119\u015bci 2<\/a> oraz <a href=\"https:\/\/www.interreg6a.net\/pl\/3%ef%b8%8f%e2%83%a3-sekretariaty-2%ef%b8%8f%e2%83%a3-kraje-1%ef%b8%8f%e2%83%a3-wspolny-cel-czesc-4-go-green\/\">o projekcie \u201eGoGreen\u201d w cz\u0119\u015bci 4<\/a> naszego cyklu \u201e3 Sekretariaty. 2 Kraje, 1 Wsp\u00f3lny Cel\u201d!<\/p>\n<\/div><\/div><\/div><\/div><\/div><div class=\"fusion-fullwidth fullwidth-box fusion-builder-row-14 fusion-flex-container has-pattern-background has-mask-background nonhundred-percent-fullwidth non-hundred-percent-height-scrolling\" style=\"--awb-border-radius-top-left:0px;--awb-border-radius-top-right:0px;--awb-border-radius-bottom-right:0px;--awb-border-radius-bottom-left:0px;--awb-flex-wrap:wrap;\" ><div class=\"fusion-builder-row fusion-row fusion-flex-align-items-flex-start fusion-flex-content-wrap\" style=\"max-width:1586px;margin-left: calc(-4% \/ 2 );margin-right: calc(-4% \/ 2 );\"><div class=\"fusion-layout-column fusion_builder_column fusion-builder-column-25 fusion_builder_column_1_2 1_2 fusion-flex-column\" style=\"--awb-bg-size:cover;--awb-width-large:50%;--awb-margin-top-large:0px;--awb-spacing-right-large:3.84%;--awb-margin-bottom-large:20px;--awb-spacing-left-large:3.84%;--awb-width-medium:50%;--awb-order-medium:0;--awb-spacing-right-medium:3.84%;--awb-spacing-left-medium:3.84%;--awb-width-small:100%;--awb-order-small:0;--awb-spacing-right-small:1.92%;--awb-spacing-left-small:1.92%;\"><div class=\"fusion-column-wrapper fusion-column-has-shadow fusion-flex-justify-content-flex-start fusion-content-layout-column\"><div class=\"fusion-text fusion-text-27\"><h5>Linki:<\/h5>\n<\/div><\/div><\/div><div class=\"fusion-layout-column fusion_builder_column fusion-builder-column-26 fusion_builder_column_1_2 1_2 fusion-flex-column\" style=\"--awb-bg-size:cover;--awb-width-large:50%;--awb-margin-top-large:0px;--awb-spacing-right-large:3.84%;--awb-margin-bottom-large:20px;--awb-spacing-left-large:3.84%;--awb-width-medium:50%;--awb-order-medium:0;--awb-spacing-right-medium:3.84%;--awb-spacing-left-medium:3.84%;--awb-width-small:100%;--awb-order-small:0;--awb-spacing-right-small:1.92%;--awb-spacing-left-small:1.92%;\"><div class=\"fusion-column-wrapper fusion-column-has-shadow fusion-flex-justify-content-flex-start fusion-content-layout-column\"><div class=\"fusion-text fusion-text-28\"><p><a href=\"https:\/\/www.interreg6a.net\/pl\/zatwierdzone-projekty\/int0100051-polsma\/\">do Projektu<\/a><\/p>\n<p><a href=\"https:\/\/www.interreg6a.net\/pl\/\">do Programu<\/a><\/p>\n<\/div><\/div><\/div><\/div><\/div><div class=\"fusion-fullwidth fullwidth-box fusion-builder-row-15 fusion-flex-container has-pattern-background has-mask-background nonhundred-percent-fullwidth non-hundred-percent-height-scrolling\" style=\"--awb-border-radius-top-left:0px;--awb-border-radius-top-right:0px;--awb-border-radius-bottom-right:0px;--awb-border-radius-bottom-left:0px;--awb-flex-wrap:wrap;\" ><div class=\"fusion-builder-row fusion-row fusion-flex-align-items-flex-start fusion-flex-content-wrap\" style=\"max-width:1586px;margin-left: calc(-4% \/ 2 );margin-right: calc(-4% \/ 2 );\"><div class=\"fusion-layout-column fusion_builder_column fusion-builder-column-27 fusion_builder_column_1_2 1_2 fusion-flex-column\" style=\"--awb-bg-size:cover;--awb-width-large:50%;--awb-margin-top-large:0px;--awb-spacing-right-large:3.84%;--awb-margin-bottom-large:20px;--awb-spacing-left-large:3.84%;--awb-width-medium:50%;--awb-order-medium:0;--awb-spacing-right-medium:3.84%;--awb-spacing-left-medium:3.84%;--awb-width-small:100%;--awb-order-small:0;--awb-spacing-right-small:1.92%;--awb-spacing-left-small:1.92%;\"><div class=\"fusion-column-wrapper fusion-column-has-shadow fusion-flex-justify-content-flex-start fusion-content-layout-column\"><div class=\"fusion-text fusion-text-29\"><h5>Dalsze informacje na temat projektu:<\/h5>\n<\/div><\/div><\/div><div class=\"fusion-layout-column fusion_builder_column fusion-builder-column-28 fusion_builder_column_1_2 1_2 fusion-flex-column\" style=\"--awb-bg-size:cover;--awb-width-large:50%;--awb-margin-top-large:0px;--awb-spacing-right-large:3.84%;--awb-margin-bottom-large:20px;--awb-spacing-left-large:3.84%;--awb-width-medium:50%;--awb-order-medium:0;--awb-spacing-right-medium:3.84%;--awb-spacing-left-medium:3.84%;--awb-width-small:100%;--awb-order-small:0;--awb-spacing-right-small:1.92%;--awb-spacing-left-small:1.92%;\"><div class=\"fusion-column-wrapper fusion-column-has-shadow fusion-flex-justify-content-flex-start fusion-content-layout-column\"><div class=\"fusion-text fusion-text-30\"><p><a href=\"http:\/\/www.platform-greendeal.eu\">Do platformy kompetencji:<\/a><\/p>\n<\/div><\/div><\/div><\/div><\/div><div class=\"fusion-fullwidth fullwidth-box fusion-builder-row-16 fusion-flex-container has-pattern-background has-mask-background nonhundred-percent-fullwidth non-hundred-percent-height-scrolling\" style=\"--awb-border-radius-top-left:0px;--awb-border-radius-top-right:0px;--awb-border-radius-bottom-right:0px;--awb-border-radius-bottom-left:0px;--awb-flex-wrap:wrap;\" ><div class=\"fusion-builder-row fusion-row fusion-flex-align-items-flex-start fusion-flex-content-wrap\" style=\"max-width:1586px;margin-left: calc(-4% \/ 2 );margin-right: calc(-4% \/ 2 );\"><div class=\"fusion-layout-column fusion_builder_column fusion-builder-column-29 fusion_builder_column_1_1 1_1 fusion-flex-column\" style=\"--awb-bg-size:cover;--awb-width-large:100%;--awb-margin-top-large:0px;--awb-spacing-right-large:1.92%;--awb-margin-bottom-large:20px;--awb-spacing-left-large:1.92%;--awb-width-medium:100%;--awb-order-medium:0;--awb-spacing-right-medium:1.92%;--awb-spacing-left-medium:1.92%;--awb-width-small:100%;--awb-order-small:0;--awb-spacing-right-small:1.92%;--awb-spacing-left-small:1.92%;\"><div class=\"fusion-column-wrapper fusion-column-has-shadow fusion-flex-justify-content-flex-start fusion-content-layout-column\"><div class=\"fusion-image-element \" style=\"text-align:center;--awb-caption-title-font-family:var(--h2_typography-font-family);--awb-caption-title-font-weight:var(--h2_typography-font-weight);--awb-caption-title-font-style:var(--h2_typography-font-style);--awb-caption-title-size:var(--h2_typography-font-size);--awb-caption-title-transform:var(--h2_typography-text-transform);--awb-caption-title-line-height:var(--h2_typography-line-height);--awb-caption-title-letter-spacing:var(--h2_typography-letter-spacing);\"><span class=\" fusion-imageframe imageframe-none imageframe-1 hover-type-none\"><img decoding=\"async\" width=\"796\" height=\"138\" title=\"Projekt INT 0100051_POLSMA_strategisch\" src=\"https:\/\/www.interreg6a.net\/wp-content\/uploads\/2025\/09\/Projekt-INT-0100051_POLSMA_strategisch.jpg\" alt class=\"img-responsive wp-image-19631\" srcset=\"https:\/\/www.interreg6a.net\/wp-content\/uploads\/2025\/09\/Projekt-INT-0100051_POLSMA_strategisch-200x35.jpg 200w, https:\/\/www.interreg6a.net\/wp-content\/uploads\/2025\/09\/Projekt-INT-0100051_POLSMA_strategisch-400x69.jpg 400w, https:\/\/www.interreg6a.net\/wp-content\/uploads\/2025\/09\/Projekt-INT-0100051_POLSMA_strategisch-600x104.jpg 600w, https:\/\/www.interreg6a.net\/wp-content\/uploads\/2025\/09\/Projekt-INT-0100051_POLSMA_strategisch.jpg 796w\" sizes=\"(max-width: 575px) 100vw, 796px\" \/><\/span><\/div><\/div><\/div><\/div><\/div><div class=\"fusion-fullwidth fullwidth-box fusion-builder-row-17 fusion-flex-container has-pattern-background has-mask-background nonhundred-percent-fullwidth non-hundred-percent-height-scrolling\" style=\"--awb-border-radius-top-left:0px;--awb-border-radius-top-right:0px;--awb-border-radius-bottom-right:0px;--awb-border-radius-bottom-left:0px;--awb-flex-wrap:wrap;\" ><div class=\"fusion-builder-row fusion-row fusion-flex-align-items-flex-start fusion-flex-content-wrap\" style=\"max-width:1586px;margin-left: calc(-4% \/ 2 );margin-right: calc(-4% \/ 2 );\"><div class=\"fusion-layout-column fusion_builder_column fusion-builder-column-30 fusion_builder_column_1_2 1_2 fusion-flex-column\" style=\"--awb-bg-size:cover;--awb-width-large:50%;--awb-margin-top-large:0px;--awb-spacing-right-large:3.84%;--awb-margin-bottom-large:20px;--awb-spacing-left-large:3.84%;--awb-width-medium:50%;--awb-order-medium:0;--awb-spacing-right-medium:3.84%;--awb-spacing-left-medium:3.84%;--awb-width-small:100%;--awb-order-small:0;--awb-spacing-right-small:1.92%;--awb-spacing-left-small:1.92%;\"><div class=\"fusion-column-wrapper fusion-column-has-shadow fusion-flex-justify-content-flex-start fusion-content-layout-column\"><div class=\"fusion-image-element \" style=\"--awb-caption-title-font-family:var(--h2_typography-font-family);--awb-caption-title-font-weight:var(--h2_typography-font-weight);--awb-caption-title-font-style:var(--h2_typography-font-style);--awb-caption-title-size:var(--h2_typography-font-size);--awb-caption-title-transform:var(--h2_typography-text-transform);--awb-caption-title-line-height:var(--h2_typography-line-height);--awb-caption-title-letter-spacing:var(--h2_typography-letter-spacing);\"><span class=\" fusion-imageframe imageframe-none imageframe-2 hover-type-none\"><img decoding=\"async\" width=\"2560\" height=\"1920\" title=\"POLSMA4\" src=\"https:\/\/www.interreg6a.net\/wp-content\/uploads\/2025\/10\/POLSMA4-scaled-e1760081937641.jpg\" alt class=\"img-responsive wp-image-20124\"\/><\/span><\/div><\/div><\/div><div class=\"fusion-layout-column fusion_builder_column fusion-builder-column-31 fusion_builder_column_1_2 1_2 fusion-flex-column\" style=\"--awb-bg-size:cover;--awb-width-large:50%;--awb-margin-top-large:0px;--awb-spacing-right-large:3.84%;--awb-margin-bottom-large:20px;--awb-spacing-left-large:3.84%;--awb-width-medium:50%;--awb-order-medium:0;--awb-spacing-right-medium:3.84%;--awb-spacing-left-medium:3.84%;--awb-width-small:100%;--awb-order-small:0;--awb-spacing-right-small:1.92%;--awb-spacing-left-small:1.92%;\"><div class=\"fusion-column-wrapper fusion-column-has-shadow fusion-flex-justify-content-flex-start fusion-content-layout-column\"><div class=\"fusion-image-element \" style=\"--awb-caption-title-font-family:var(--h2_typography-font-family);--awb-caption-title-font-weight:var(--h2_typography-font-weight);--awb-caption-title-font-style:var(--h2_typography-font-style);--awb-caption-title-size:var(--h2_typography-font-size);--awb-caption-title-transform:var(--h2_typography-text-transform);--awb-caption-title-line-height:var(--h2_typography-line-height);--awb-caption-title-letter-spacing:var(--h2_typography-letter-spacing);\"><span class=\" fusion-imageframe imageframe-none imageframe-3 hover-type-none\"><img decoding=\"async\" width=\"2560\" height=\"1920\" title=\"POLSMA5\" src=\"https:\/\/www.interreg6a.net\/wp-content\/uploads\/2025\/10\/POLSMA5-scaled-e1760018139517.jpg\" alt class=\"img-responsive wp-image-20126\"\/><\/span><\/div><\/div><\/div><\/div><\/div><div class=\"fusion-fullwidth fullwidth-box fusion-builder-row-18 fusion-flex-container has-pattern-background has-mask-background nonhundred-percent-fullwidth non-hundred-percent-height-scrolling\" style=\"--awb-border-radius-top-left:0px;--awb-border-radius-top-right:0px;--awb-border-radius-bottom-right:0px;--awb-border-radius-bottom-left:0px;--awb-flex-wrap:wrap;\" ><div class=\"fusion-builder-row fusion-row fusion-flex-align-items-flex-start fusion-flex-content-wrap\" style=\"max-width:1586px;margin-left: calc(-4% \/ 2 );margin-right: calc(-4% \/ 2 );\"><div class=\"fusion-layout-column fusion_builder_column fusion-builder-column-32 fusion_builder_column_1_2 1_2 fusion-flex-column\" style=\"--awb-bg-size:cover;--awb-width-large:50%;--awb-margin-top-large:0px;--awb-spacing-right-large:3.84%;--awb-margin-bottom-large:20px;--awb-spacing-left-large:3.84%;--awb-width-medium:50%;--awb-order-medium:0;--awb-spacing-right-medium:3.84%;--awb-spacing-left-medium:3.84%;--awb-width-small:100%;--awb-order-small:0;--awb-spacing-right-small:1.92%;--awb-spacing-left-small:1.92%;\"><div class=\"fusion-column-wrapper fusion-column-has-shadow fusion-flex-justify-content-flex-start fusion-content-layout-column\"><div class=\"fusion-image-element \" style=\"--awb-caption-title-font-family:var(--h2_typography-font-family);--awb-caption-title-font-weight:var(--h2_typography-font-weight);--awb-caption-title-font-style:var(--h2_typography-font-style);--awb-caption-title-size:var(--h2_typography-font-size);--awb-caption-title-transform:var(--h2_typography-text-transform);--awb-caption-title-line-height:var(--h2_typography-line-height);--awb-caption-title-letter-spacing:var(--h2_typography-letter-spacing);\"><span class=\" fusion-imageframe imageframe-none imageframe-4 hover-type-none\"><img decoding=\"async\" width=\"2560\" height=\"1440\" title=\"POLSMA3\" src=\"https:\/\/www.interreg6a.net\/wp-content\/uploads\/2025\/10\/POLSMA3-scaled-e1760082024854.jpg\" alt class=\"img-responsive wp-image-20118\"\/><\/span><\/div><\/div><\/div><div class=\"fusion-layout-column fusion_builder_column fusion-builder-column-33 fusion_builder_column_1_2 1_2 fusion-flex-column\" style=\"--awb-bg-size:cover;--awb-width-large:50%;--awb-margin-top-large:0px;--awb-spacing-right-large:3.84%;--awb-margin-bottom-large:20px;--awb-spacing-left-large:3.84%;--awb-width-medium:50%;--awb-order-medium:0;--awb-spacing-right-medium:3.84%;--awb-spacing-left-medium:3.84%;--awb-width-small:100%;--awb-order-small:0;--awb-spacing-right-small:1.92%;--awb-spacing-left-small:1.92%;\"><div class=\"fusion-column-wrapper fusion-column-has-shadow fusion-flex-justify-content-flex-start fusion-content-layout-column\"><div class=\"fusion-image-element \" style=\"--awb-caption-title-font-family:var(--h2_typography-font-family);--awb-caption-title-font-weight:var(--h2_typography-font-weight);--awb-caption-title-font-style:var(--h2_typography-font-style);--awb-caption-title-size:var(--h2_typography-font-size);--awb-caption-title-transform:var(--h2_typography-text-transform);--awb-caption-title-line-height:var(--h2_typography-line-height);--awb-caption-title-letter-spacing:var(--h2_typography-letter-spacing);\"><span class=\" fusion-imageframe imageframe-none imageframe-5 hover-type-none\"><img decoding=\"async\" width=\"2560\" height=\"1508\" title=\"POLSMA\" src=\"https:\/\/www.interreg6a.net\/wp-content\/uploads\/2025\/10\/POLSMA-scaled.jpg\" alt class=\"img-responsive wp-image-20120\" srcset=\"https:\/\/www.interreg6a.net\/wp-content\/uploads\/2025\/10\/POLSMA-200x118.jpg 200w, https:\/\/www.interreg6a.net\/wp-content\/uploads\/2025\/10\/POLSMA-400x236.jpg 400w, https:\/\/www.interreg6a.net\/wp-content\/uploads\/2025\/10\/POLSMA-600x353.jpg 600w, https:\/\/www.interreg6a.net\/wp-content\/uploads\/2025\/10\/POLSMA-800x471.jpg 800w, https:\/\/www.interreg6a.net\/wp-content\/uploads\/2025\/10\/POLSMA-1200x707.jpg 1200w, https:\/\/www.interreg6a.net\/wp-content\/uploads\/2025\/10\/POLSMA-scaled.jpg 2560w\" sizes=\"(max-width: 575px) 100vw, 800px\" \/><\/span><\/div><\/div><\/div><\/div><\/div><div class=\"fusion-fullwidth fullwidth-box fusion-builder-row-19 fusion-flex-container has-pattern-background has-mask-background nonhundred-percent-fullwidth non-hundred-percent-height-scrolling\" style=\"--awb-border-radius-top-left:0px;--awb-border-radius-top-right:0px;--awb-border-radius-bottom-right:0px;--awb-border-radius-bottom-left:0px;--awb-flex-wrap:wrap;\" ><div class=\"fusion-builder-row fusion-row fusion-flex-align-items-flex-start fusion-flex-content-wrap\" style=\"max-width:1586px;margin-left: calc(-4% \/ 2 );margin-right: calc(-4% \/ 2 );\"><div class=\"fusion-layout-column fusion_builder_column fusion-builder-column-34 fusion_builder_column_1_1 1_1 fusion-flex-column\" style=\"--awb-bg-size:cover;--awb-width-large:100%;--awb-margin-top-large:0px;--awb-spacing-right-large:1.92%;--awb-margin-bottom-large:20px;--awb-spacing-left-large:1.92%;--awb-width-medium:100%;--awb-order-medium:0;--awb-spacing-right-medium:1.92%;--awb-spacing-left-medium:1.92%;--awb-width-small:100%;--awb-order-small:0;--awb-spacing-right-small:1.92%;--awb-spacing-left-small:1.92%;\"><div class=\"fusion-column-wrapper fusion-column-has-shadow fusion-flex-justify-content-flex-start fusion-content-layout-column\"><div class=\"fusion-text fusion-text-31\" style=\"--awb-margin-top:30px;\"><p>Na naszej stronie internetowej programu \u201e<a href=\"https:\/\/www.interreg6a.net\/pl\/projekty-strategiczne\/\">Projekty strategiczne<\/a>\u201d mo\u017cna znale\u017a\u0107 wi\u0119cej og\u00f3lnych informacji na temat projekt\u00f3w o znaczeniu strategicznym i mi\u0119dzyprogramowym.<\/p>\n<\/div><div class=\"fusion-text fusion-text-32\" style=\"--awb-margin-top:20px;\"><p style=\"text-align: center;\"><strong>Do\u0142\u0105cz do nas, aby przyjrze\u0107 si\u0119 ca\u0142emu polsko-niemieckiemu pograniczu!<\/strong><\/p>\n<\/div><\/div><\/div><\/div><\/div><\/p>\n","protected":false},"excerpt":{"rendered":"","protected":false},"author":25,"featured_media":20122,"comment_status":"closed","ping_status":"closed","sticky":false,"template":"","format":"standard","meta":{"_price":"","_stock":"","_tribe_ticket_header":"","_tribe_default_ticket_provider":"","_tribe_ticket_capacity":"0","_ticket_start_date":"","_ticket_end_date":"","_tribe_ticket_show_description":"","_tribe_ticket_show_not_going":false,"_tribe_ticket_use_global_stock":"","_tribe_ticket_global_stock_level":"","_global_stock_mode":"","_global_stock_cap":"","_tribe_rsvp_for_event":"","_tribe_ticket_going_count":"","_tribe_ticket_not_going_count":"","_tribe_tickets_list":"[]","_tribe_ticket_has_attendee_info_fields":false,"footnotes":""},"categories":[20,169,170],"tags":[],"class_list":["post-20178","post","type-post","status-publish","format-standard","has-post-thumbnail","hentry","category-aktualnosci","category-wspolne-dzialania-sekretariatow","category-wspolne-dzialania-sekretariatow-pl"],"yoast_head":"<!-- This site is optimized with the Yoast SEO plugin v27.3 - https:\/\/yoast.com\/product\/yoast-seo-wordpress\/ -->\n<title>3\ufe0f\u20e3 Sekretariaty, 2\ufe0f\u20e3 Kraje, 1\ufe0f\u20e3 wsp\u00f3lny cel! - Cz\u0119\u015b\u0107 6: POLSMA - Interreg VI A MV\/BB\/PL<\/title>\n<meta name=\"robots\" content=\"index, follow, max-snippet:-1, max-image-preview:large, max-video-preview:-1\" \/>\n<link rel=\"canonical\" href=\"https:\/\/www.interreg6a.net\/pl\/3%ef%b8%8f%e2%83%a3-sekretariaty-2%ef%b8%8f%e2%83%a3-kraje-1%ef%b8%8f%e2%83%a3-wspolny-cel-czesc-6-polsma\/\" \/>\n<meta property=\"og:locale\" content=\"pl_PL\" \/>\n<meta property=\"og:type\" content=\"article\" \/>\n<meta property=\"og:title\" content=\"3\ufe0f\u20e3 Sekretariaty, 2\ufe0f\u20e3 Kraje, 1\ufe0f\u20e3 wsp\u00f3lny cel! - Cz\u0119\u015b\u0107 6: POLSMA - Interreg VI A MV\/BB\/PL\" \/>\n<meta property=\"og:url\" content=\"https:\/\/www.interreg6a.net\/pl\/3%ef%b8%8f%e2%83%a3-sekretariaty-2%ef%b8%8f%e2%83%a3-kraje-1%ef%b8%8f%e2%83%a3-wspolny-cel-czesc-6-polsma\/\" \/>\n<meta property=\"og:site_name\" content=\"Interreg VI A MV\/BB\/PL\" \/>\n<meta property=\"article:published_time\" content=\"2025-10-15T08:01:06+00:00\" \/>\n<meta property=\"article:modified_time\" content=\"2025-10-17T07:16:43+00:00\" \/>\n<meta property=\"og:image\" content=\"https:\/\/www.interreg6a.net\/wp-content\/uploads\/2025\/10\/POLSMA2-scaled-e1760018237506.jpg\" \/>\n\t<meta property=\"og:image:width\" content=\"2560\" \/>\n\t<meta property=\"og:image:height\" content=\"1440\" \/>\n\t<meta property=\"og:image:type\" content=\"image\/jpeg\" \/>\n<meta name=\"author\" content=\"semeniuk\" \/>\n<meta name=\"twitter:card\" content=\"summary_large_image\" \/>\n<meta name=\"twitter:label1\" content=\"Napisane przez\" \/>\n\t<meta name=\"twitter:data1\" content=\"semeniuk\" \/>\n\t<meta name=\"twitter:label2\" content=\"Szacowany czas czytania\" \/>\n\t<meta name=\"twitter:data2\" content=\"6 minut\" \/>\n<script type=\"application\/ld+json\" class=\"yoast-schema-graph\">{\"@context\":\"https:\\\/\\\/schema.org\",\"@graph\":[{\"@type\":\"Article\",\"@id\":\"https:\\\/\\\/www.interreg6a.net\\\/pl\\\/3%ef%b8%8f%e2%83%a3-sekretariaty-2%ef%b8%8f%e2%83%a3-kraje-1%ef%b8%8f%e2%83%a3-wspolny-cel-czesc-6-polsma\\\/#article\",\"isPartOf\":{\"@id\":\"https:\\\/\\\/www.interreg6a.net\\\/pl\\\/3%ef%b8%8f%e2%83%a3-sekretariaty-2%ef%b8%8f%e2%83%a3-kraje-1%ef%b8%8f%e2%83%a3-wspolny-cel-czesc-6-polsma\\\/\"},\"author\":{\"name\":\"semeniuk\",\"@id\":\"https:\\\/\\\/www.interreg6a.net\\\/pl\\\/#\\\/schema\\\/person\\\/4c87761287b75456c2ed5cfbf95e4e8b\"},\"headline\":\"3\ufe0f\u20e3 Sekretariaty, 2\ufe0f\u20e3 Kraje, 1\ufe0f\u20e3 wsp\u00f3lny cel! &#8211; Cz\u0119\u015b\u0107 6: POLSMA\",\"datePublished\":\"2025-10-15T08:01:06+00:00\",\"dateModified\":\"2025-10-17T07:16:43+00:00\",\"mainEntityOfPage\":{\"@id\":\"https:\\\/\\\/www.interreg6a.net\\\/pl\\\/3%ef%b8%8f%e2%83%a3-sekretariaty-2%ef%b8%8f%e2%83%a3-kraje-1%ef%b8%8f%e2%83%a3-wspolny-cel-czesc-6-polsma\\\/\"},\"wordCount\":28275,\"image\":{\"@id\":\"https:\\\/\\\/www.interreg6a.net\\\/pl\\\/3%ef%b8%8f%e2%83%a3-sekretariaty-2%ef%b8%8f%e2%83%a3-kraje-1%ef%b8%8f%e2%83%a3-wspolny-cel-czesc-6-polsma\\\/#primaryimage\"},\"thumbnailUrl\":\"https:\\\/\\\/www.interreg6a.net\\\/wp-content\\\/uploads\\\/2025\\\/10\\\/POLSMA2-scaled-e1760018237506.jpg\",\"articleSection\":[\"Aktualno\u015bci\",\"Wsp\u00f3lne dzia\u0142ania Sekretariat\u00f3w\",\"Wsp\u00f3lne dzia\u0142ania Sekretariat\u00f3w\"],\"inLanguage\":\"pl-PL\"},{\"@type\":\"WebPage\",\"@id\":\"https:\\\/\\\/www.interreg6a.net\\\/pl\\\/3%ef%b8%8f%e2%83%a3-sekretariaty-2%ef%b8%8f%e2%83%a3-kraje-1%ef%b8%8f%e2%83%a3-wspolny-cel-czesc-6-polsma\\\/\",\"url\":\"https:\\\/\\\/www.interreg6a.net\\\/pl\\\/3%ef%b8%8f%e2%83%a3-sekretariaty-2%ef%b8%8f%e2%83%a3-kraje-1%ef%b8%8f%e2%83%a3-wspolny-cel-czesc-6-polsma\\\/\",\"name\":\"3\ufe0f\u20e3 Sekretariaty, 2\ufe0f\u20e3 Kraje, 1\ufe0f\u20e3 wsp\u00f3lny cel! - Cz\u0119\u015b\u0107 6: POLSMA - Interreg VI A MV\\\/BB\\\/PL\",\"isPartOf\":{\"@id\":\"https:\\\/\\\/www.interreg6a.net\\\/pl\\\/#website\"},\"primaryImageOfPage\":{\"@id\":\"https:\\\/\\\/www.interreg6a.net\\\/pl\\\/3%ef%b8%8f%e2%83%a3-sekretariaty-2%ef%b8%8f%e2%83%a3-kraje-1%ef%b8%8f%e2%83%a3-wspolny-cel-czesc-6-polsma\\\/#primaryimage\"},\"image\":{\"@id\":\"https:\\\/\\\/www.interreg6a.net\\\/pl\\\/3%ef%b8%8f%e2%83%a3-sekretariaty-2%ef%b8%8f%e2%83%a3-kraje-1%ef%b8%8f%e2%83%a3-wspolny-cel-czesc-6-polsma\\\/#primaryimage\"},\"thumbnailUrl\":\"https:\\\/\\\/www.interreg6a.net\\\/wp-content\\\/uploads\\\/2025\\\/10\\\/POLSMA2-scaled-e1760018237506.jpg\",\"datePublished\":\"2025-10-15T08:01:06+00:00\",\"dateModified\":\"2025-10-17T07:16:43+00:00\",\"author\":{\"@id\":\"https:\\\/\\\/www.interreg6a.net\\\/pl\\\/#\\\/schema\\\/person\\\/4c87761287b75456c2ed5cfbf95e4e8b\"},\"breadcrumb\":{\"@id\":\"https:\\\/\\\/www.interreg6a.net\\\/pl\\\/3%ef%b8%8f%e2%83%a3-sekretariaty-2%ef%b8%8f%e2%83%a3-kraje-1%ef%b8%8f%e2%83%a3-wspolny-cel-czesc-6-polsma\\\/#breadcrumb\"},\"inLanguage\":\"pl-PL\",\"potentialAction\":[{\"@type\":\"ReadAction\",\"target\":[\"https:\\\/\\\/www.interreg6a.net\\\/pl\\\/3%ef%b8%8f%e2%83%a3-sekretariaty-2%ef%b8%8f%e2%83%a3-kraje-1%ef%b8%8f%e2%83%a3-wspolny-cel-czesc-6-polsma\\\/\"]}]},{\"@type\":\"ImageObject\",\"inLanguage\":\"pl-PL\",\"@id\":\"https:\\\/\\\/www.interreg6a.net\\\/pl\\\/3%ef%b8%8f%e2%83%a3-sekretariaty-2%ef%b8%8f%e2%83%a3-kraje-1%ef%b8%8f%e2%83%a3-wspolny-cel-czesc-6-polsma\\\/#primaryimage\",\"url\":\"https:\\\/\\\/www.interreg6a.net\\\/wp-content\\\/uploads\\\/2025\\\/10\\\/POLSMA2-scaled-e1760018237506.jpg\",\"contentUrl\":\"https:\\\/\\\/www.interreg6a.net\\\/wp-content\\\/uploads\\\/2025\\\/10\\\/POLSMA2-scaled-e1760018237506.jpg\",\"width\":2560,\"height\":1440},{\"@type\":\"BreadcrumbList\",\"@id\":\"https:\\\/\\\/www.interreg6a.net\\\/pl\\\/3%ef%b8%8f%e2%83%a3-sekretariaty-2%ef%b8%8f%e2%83%a3-kraje-1%ef%b8%8f%e2%83%a3-wspolny-cel-czesc-6-polsma\\\/#breadcrumb\",\"itemListElement\":[{\"@type\":\"ListItem\",\"position\":1,\"name\":\"Strona g\u0142\u00f3wna\",\"item\":\"https:\\\/\\\/www.interreg6a.net\\\/pl\\\/\"},{\"@type\":\"ListItem\",\"position\":2,\"name\":\"3\ufe0f\u20e3 Sekretariaty, 2\ufe0f\u20e3 Kraje, 1\ufe0f\u20e3 wsp\u00f3lny cel! &#8211; Cz\u0119\u015b\u0107 6: POLSMA\"}]},{\"@type\":\"WebSite\",\"@id\":\"https:\\\/\\\/www.interreg6a.net\\\/pl\\\/#website\",\"url\":\"https:\\\/\\\/www.interreg6a.net\\\/pl\\\/\",\"name\":\"Interreg VI A MV\\\/BB\\\/PL\",\"description\":\"\",\"potentialAction\":[{\"@type\":\"SearchAction\",\"target\":{\"@type\":\"EntryPoint\",\"urlTemplate\":\"https:\\\/\\\/www.interreg6a.net\\\/pl\\\/?s={search_term_string}\"},\"query-input\":{\"@type\":\"PropertyValueSpecification\",\"valueRequired\":true,\"valueName\":\"search_term_string\"}}],\"inLanguage\":\"pl-PL\"},{\"@type\":\"Person\",\"@id\":\"https:\\\/\\\/www.interreg6a.net\\\/pl\\\/#\\\/schema\\\/person\\\/4c87761287b75456c2ed5cfbf95e4e8b\",\"name\":\"semeniuk\",\"image\":{\"@type\":\"ImageObject\",\"inLanguage\":\"pl-PL\",\"@id\":\"https:\\\/\\\/secure.gravatar.com\\\/avatar\\\/2aab4d2ca365cd79a4eb712e81052078a3fa7ddccf6c3d13d25230ebeeea8344?s=96&d=mm&r=g\",\"url\":\"https:\\\/\\\/secure.gravatar.com\\\/avatar\\\/2aab4d2ca365cd79a4eb712e81052078a3fa7ddccf6c3d13d25230ebeeea8344?s=96&d=mm&r=g\",\"contentUrl\":\"https:\\\/\\\/secure.gravatar.com\\\/avatar\\\/2aab4d2ca365cd79a4eb712e81052078a3fa7ddccf6c3d13d25230ebeeea8344?s=96&d=mm&r=g\",\"caption\":\"semeniuk\"},\"url\":\"https:\\\/\\\/www.interreg6a.net\\\/pl\\\/author\\\/semeniuk\\\/\"}]}<\/script>\n<!-- \/ Yoast SEO plugin. -->","yoast_head_json":{"title":"3\ufe0f\u20e3 Sekretariaty, 2\ufe0f\u20e3 Kraje, 1\ufe0f\u20e3 wsp\u00f3lny cel! - Cz\u0119\u015b\u0107 6: POLSMA - Interreg VI A MV\/BB\/PL","robots":{"index":"index","follow":"follow","max-snippet":"max-snippet:-1","max-image-preview":"max-image-preview:large","max-video-preview":"max-video-preview:-1"},"canonical":"https:\/\/www.interreg6a.net\/pl\/3%ef%b8%8f%e2%83%a3-sekretariaty-2%ef%b8%8f%e2%83%a3-kraje-1%ef%b8%8f%e2%83%a3-wspolny-cel-czesc-6-polsma\/","og_locale":"pl_PL","og_type":"article","og_title":"3\ufe0f\u20e3 Sekretariaty, 2\ufe0f\u20e3 Kraje, 1\ufe0f\u20e3 wsp\u00f3lny cel! - Cz\u0119\u015b\u0107 6: POLSMA - Interreg VI A MV\/BB\/PL","og_url":"https:\/\/www.interreg6a.net\/pl\/3%ef%b8%8f%e2%83%a3-sekretariaty-2%ef%b8%8f%e2%83%a3-kraje-1%ef%b8%8f%e2%83%a3-wspolny-cel-czesc-6-polsma\/","og_site_name":"Interreg VI A MV\/BB\/PL","article_published_time":"2025-10-15T08:01:06+00:00","article_modified_time":"2025-10-17T07:16:43+00:00","og_image":[{"width":2560,"height":1440,"url":"https:\/\/www.interreg6a.net\/wp-content\/uploads\/2025\/10\/POLSMA2-scaled-e1760018237506.jpg","type":"image\/jpeg"}],"author":"semeniuk","twitter_card":"summary_large_image","twitter_misc":{"Napisane przez":"semeniuk","Szacowany czas czytania":"6 minut"},"schema":{"@context":"https:\/\/schema.org","@graph":[{"@type":"Article","@id":"https:\/\/www.interreg6a.net\/pl\/3%ef%b8%8f%e2%83%a3-sekretariaty-2%ef%b8%8f%e2%83%a3-kraje-1%ef%b8%8f%e2%83%a3-wspolny-cel-czesc-6-polsma\/#article","isPartOf":{"@id":"https:\/\/www.interreg6a.net\/pl\/3%ef%b8%8f%e2%83%a3-sekretariaty-2%ef%b8%8f%e2%83%a3-kraje-1%ef%b8%8f%e2%83%a3-wspolny-cel-czesc-6-polsma\/"},"author":{"name":"semeniuk","@id":"https:\/\/www.interreg6a.net\/pl\/#\/schema\/person\/4c87761287b75456c2ed5cfbf95e4e8b"},"headline":"3\ufe0f\u20e3 Sekretariaty, 2\ufe0f\u20e3 Kraje, 1\ufe0f\u20e3 wsp\u00f3lny cel! &#8211; Cz\u0119\u015b\u0107 6: POLSMA","datePublished":"2025-10-15T08:01:06+00:00","dateModified":"2025-10-17T07:16:43+00:00","mainEntityOfPage":{"@id":"https:\/\/www.interreg6a.net\/pl\/3%ef%b8%8f%e2%83%a3-sekretariaty-2%ef%b8%8f%e2%83%a3-kraje-1%ef%b8%8f%e2%83%a3-wspolny-cel-czesc-6-polsma\/"},"wordCount":28275,"image":{"@id":"https:\/\/www.interreg6a.net\/pl\/3%ef%b8%8f%e2%83%a3-sekretariaty-2%ef%b8%8f%e2%83%a3-kraje-1%ef%b8%8f%e2%83%a3-wspolny-cel-czesc-6-polsma\/#primaryimage"},"thumbnailUrl":"https:\/\/www.interreg6a.net\/wp-content\/uploads\/2025\/10\/POLSMA2-scaled-e1760018237506.jpg","articleSection":["Aktualno\u015bci","Wsp\u00f3lne dzia\u0142ania Sekretariat\u00f3w","Wsp\u00f3lne dzia\u0142ania Sekretariat\u00f3w"],"inLanguage":"pl-PL"},{"@type":"WebPage","@id":"https:\/\/www.interreg6a.net\/pl\/3%ef%b8%8f%e2%83%a3-sekretariaty-2%ef%b8%8f%e2%83%a3-kraje-1%ef%b8%8f%e2%83%a3-wspolny-cel-czesc-6-polsma\/","url":"https:\/\/www.interreg6a.net\/pl\/3%ef%b8%8f%e2%83%a3-sekretariaty-2%ef%b8%8f%e2%83%a3-kraje-1%ef%b8%8f%e2%83%a3-wspolny-cel-czesc-6-polsma\/","name":"3\ufe0f\u20e3 Sekretariaty, 2\ufe0f\u20e3 Kraje, 1\ufe0f\u20e3 wsp\u00f3lny cel! - Cz\u0119\u015b\u0107 6: POLSMA - Interreg VI A MV\/BB\/PL","isPartOf":{"@id":"https:\/\/www.interreg6a.net\/pl\/#website"},"primaryImageOfPage":{"@id":"https:\/\/www.interreg6a.net\/pl\/3%ef%b8%8f%e2%83%a3-sekretariaty-2%ef%b8%8f%e2%83%a3-kraje-1%ef%b8%8f%e2%83%a3-wspolny-cel-czesc-6-polsma\/#primaryimage"},"image":{"@id":"https:\/\/www.interreg6a.net\/pl\/3%ef%b8%8f%e2%83%a3-sekretariaty-2%ef%b8%8f%e2%83%a3-kraje-1%ef%b8%8f%e2%83%a3-wspolny-cel-czesc-6-polsma\/#primaryimage"},"thumbnailUrl":"https:\/\/www.interreg6a.net\/wp-content\/uploads\/2025\/10\/POLSMA2-scaled-e1760018237506.jpg","datePublished":"2025-10-15T08:01:06+00:00","dateModified":"2025-10-17T07:16:43+00:00","author":{"@id":"https:\/\/www.interreg6a.net\/pl\/#\/schema\/person\/4c87761287b75456c2ed5cfbf95e4e8b"},"breadcrumb":{"@id":"https:\/\/www.interreg6a.net\/pl\/3%ef%b8%8f%e2%83%a3-sekretariaty-2%ef%b8%8f%e2%83%a3-kraje-1%ef%b8%8f%e2%83%a3-wspolny-cel-czesc-6-polsma\/#breadcrumb"},"inLanguage":"pl-PL","potentialAction":[{"@type":"ReadAction","target":["https:\/\/www.interreg6a.net\/pl\/3%ef%b8%8f%e2%83%a3-sekretariaty-2%ef%b8%8f%e2%83%a3-kraje-1%ef%b8%8f%e2%83%a3-wspolny-cel-czesc-6-polsma\/"]}]},{"@type":"ImageObject","inLanguage":"pl-PL","@id":"https:\/\/www.interreg6a.net\/pl\/3%ef%b8%8f%e2%83%a3-sekretariaty-2%ef%b8%8f%e2%83%a3-kraje-1%ef%b8%8f%e2%83%a3-wspolny-cel-czesc-6-polsma\/#primaryimage","url":"https:\/\/www.interreg6a.net\/wp-content\/uploads\/2025\/10\/POLSMA2-scaled-e1760018237506.jpg","contentUrl":"https:\/\/www.interreg6a.net\/wp-content\/uploads\/2025\/10\/POLSMA2-scaled-e1760018237506.jpg","width":2560,"height":1440},{"@type":"BreadcrumbList","@id":"https:\/\/www.interreg6a.net\/pl\/3%ef%b8%8f%e2%83%a3-sekretariaty-2%ef%b8%8f%e2%83%a3-kraje-1%ef%b8%8f%e2%83%a3-wspolny-cel-czesc-6-polsma\/#breadcrumb","itemListElement":[{"@type":"ListItem","position":1,"name":"Strona g\u0142\u00f3wna","item":"https:\/\/www.interreg6a.net\/pl\/"},{"@type":"ListItem","position":2,"name":"3\ufe0f\u20e3 Sekretariaty, 2\ufe0f\u20e3 Kraje, 1\ufe0f\u20e3 wsp\u00f3lny cel! &#8211; Cz\u0119\u015b\u0107 6: POLSMA"}]},{"@type":"WebSite","@id":"https:\/\/www.interreg6a.net\/pl\/#website","url":"https:\/\/www.interreg6a.net\/pl\/","name":"Interreg VI A MV\/BB\/PL","description":"","potentialAction":[{"@type":"SearchAction","target":{"@type":"EntryPoint","urlTemplate":"https:\/\/www.interreg6a.net\/pl\/?s={search_term_string}"},"query-input":{"@type":"PropertyValueSpecification","valueRequired":true,"valueName":"search_term_string"}}],"inLanguage":"pl-PL"},{"@type":"Person","@id":"https:\/\/www.interreg6a.net\/pl\/#\/schema\/person\/4c87761287b75456c2ed5cfbf95e4e8b","name":"semeniuk","image":{"@type":"ImageObject","inLanguage":"pl-PL","@id":"https:\/\/secure.gravatar.com\/avatar\/2aab4d2ca365cd79a4eb712e81052078a3fa7ddccf6c3d13d25230ebeeea8344?s=96&d=mm&r=g","url":"https:\/\/secure.gravatar.com\/avatar\/2aab4d2ca365cd79a4eb712e81052078a3fa7ddccf6c3d13d25230ebeeea8344?s=96&d=mm&r=g","contentUrl":"https:\/\/secure.gravatar.com\/avatar\/2aab4d2ca365cd79a4eb712e81052078a3fa7ddccf6c3d13d25230ebeeea8344?s=96&d=mm&r=g","caption":"semeniuk"},"url":"https:\/\/www.interreg6a.net\/pl\/author\/semeniuk\/"}]}},"_links":{"self":[{"href":"https:\/\/www.interreg6a.net\/pl\/wp-json\/wp\/v2\/posts\/20178","targetHints":{"allow":["GET"]}}],"collection":[{"href":"https:\/\/www.interreg6a.net\/pl\/wp-json\/wp\/v2\/posts"}],"about":[{"href":"https:\/\/www.interreg6a.net\/pl\/wp-json\/wp\/v2\/types\/post"}],"author":[{"embeddable":true,"href":"https:\/\/www.interreg6a.net\/pl\/wp-json\/wp\/v2\/users\/25"}],"replies":[{"embeddable":true,"href":"https:\/\/www.interreg6a.net\/pl\/wp-json\/wp\/v2\/comments?post=20178"}],"version-history":[{"count":8,"href":"https:\/\/www.interreg6a.net\/pl\/wp-json\/wp\/v2\/posts\/20178\/revisions"}],"predecessor-version":[{"id":20279,"href":"https:\/\/www.interreg6a.net\/pl\/wp-json\/wp\/v2\/posts\/20178\/revisions\/20279"}],"wp:featuredmedia":[{"embeddable":true,"href":"https:\/\/www.interreg6a.net\/pl\/wp-json\/wp\/v2\/media\/20122"}],"wp:attachment":[{"href":"https:\/\/www.interreg6a.net\/pl\/wp-json\/wp\/v2\/media?parent=20178"}],"wp:term":[{"taxonomy":"category","embeddable":true,"href":"https:\/\/www.interreg6a.net\/pl\/wp-json\/wp\/v2\/categories?post=20178"},{"taxonomy":"post_tag","embeddable":true,"href":"https:\/\/www.interreg6a.net\/pl\/wp-json\/wp\/v2\/tags?post=20178"}],"curies":[{"name":"wp","href":"https:\/\/api.w.org\/{rel}","templated":true}]}}