{"id":20319,"date":"2025-10-29T14:09:48","date_gmt":"2025-10-29T13:09:48","guid":{"rendered":"https:\/\/www.interreg6a.net\/?p=20319"},"modified":"2025-10-29T14:10:23","modified_gmt":"2025-10-29T13:10:23","slug":"start-7-naboru-dla-projektow-o-malej-skali","status":"publish","type":"post","link":"https:\/\/www.interreg6a.net\/pl\/start-7-naboru-dla-projektow-o-malej-skali\/","title":{"rendered":"Start 7. Naboru dla projekt\u00f3w o ma\u0142ej skali!"},"content":{"rendered":"<div class=\"fusion-fullwidth fullwidth-box fusion-builder-row-1 fusion-flex-container has-pattern-background has-mask-background nonhundred-percent-fullwidth non-hundred-percent-height-scrolling\" style=\"--awb-border-radius-top-left:0px;--awb-border-radius-top-right:0px;--awb-border-radius-bottom-right:0px;--awb-border-radius-bottom-left:0px;--awb-flex-wrap:wrap;\" ><div class=\"fusion-builder-row fusion-row fusion-flex-align-items-flex-start fusion-flex-content-wrap\" style=\"max-width:1586px;margin-left: calc(-4% \/ 2 );margin-right: calc(-4% \/ 2 );\"><div class=\"fusion-layout-column fusion_builder_column fusion-builder-column-0 fusion_builder_column_1_1 1_1 fusion-flex-column\" style=\"--awb-bg-size:cover;--awb-width-large:100%;--awb-margin-top-large:0px;--awb-spacing-right-large:1.92%;--awb-margin-bottom-large:20px;--awb-spacing-left-large:1.92%;--awb-width-medium:100%;--awb-order-medium:0;--awb-spacing-right-medium:1.92%;--awb-spacing-left-medium:1.92%;--awb-width-small:100%;--awb-order-small:0;--awb-spacing-right-small:1.92%;--awb-spacing-left-small:1.92%;\"><div class=\"fusion-column-wrapper fusion-column-has-shadow fusion-flex-justify-content-flex-start fusion-content-layout-column\"><div class=\"fusion-title title fusion-title-1 fusion-sep-none fusion-title-text fusion-title-size-one\" style=\"--awb-margin-top-small:10px;--awb-margin-right-small:0px;--awb-margin-bottom-small:10px;--awb-margin-left-small:0px;\"><h1 class=\"fusion-title-heading title-heading-left\" style=\"margin:0;\"><p style=\"text-align: center;\">Start 7. Naboru<\/p>\n<p style=\"text-align: center;\">dla projekt\u00f3w o ma\u0142ej skali!<\/p><\/h1><\/div><div class=\"fusion-text fusion-text-1\"><p>W ramach Programu Wsp\u00f3\u0142pracy Interreg VI A Meklemburgia-Pomorze Przednie \/ Brandenburgia \/ Polska 2021-2027, 30.10.2025 r. zostanie otwarty <strong>nab\u00f3r ci\u0105g\u0142y INT07\/2025 Projekty o ma\u0142ej skali<\/strong>.<\/p>\n<\/div><div class=\"fusion-text fusion-text-2\" style=\"--awb-margin-top:30px;\"><h2>Priorytety<\/h2>\n<p><strong>Priorytet 1 Aktywizacja transgranicznych potencja\u0142\u00f3w innowacyjno\u015bci<\/strong><\/p>\n<ul>\n<li>CS 1.1 Badania i innowacje<\/li>\n<\/ul>\n<p><strong>Priorytet 2 Wsp\u00f3lne przezwyci\u0119\u017canie zmian klimatu i ochrona przyrody<\/strong><\/p>\n<ul>\n<li>CS 2.4 Przystosowanie do zmian klimatu<\/li>\n<li>CS 2.7 Ochrona przyrody i bior\u00f3\u017cnorodno\u015b\u0107<\/li>\n<\/ul>\n<p><strong>Priorytet 3 Umo\u017cliwienie lepszego uczestnictwa w transgranicznym \u017cyciu codziennym poprzez j\u0119zyk, kultur\u0119 i turystyk\u0119<\/strong><\/p>\n<ul>\n<li>CS 4.2 Edukacja<\/li>\n<li>CS 4.6 Kultura i zr\u00f3wnowa\u017cona turystyka<\/li>\n<\/ul>\n<p><strong>! Uwaga:<\/strong> W ramach cel\u00f3w szczeg\u00f3\u0142owych preferowane b\u0119d\u0105 projekty, w kt\u00f3rych wska\u017aniki s\u0105 obecnie osi\u0105gane poni\u017cej \u015bredniej, a tym samym w szczeg\u00f3lny spos\u00f3b przyczyni\u0105 si\u0119 do osi\u0105gni\u0119cia cel\u00f3w Programu Wsp\u00f3\u0142pracy.<\/p>\n<\/div><div class=\"fusion-text fusion-text-3\" style=\"--awb-margin-top:30px;\"><h2>Czas trwania naboru i wyb\u00f3r projekt\u00f3w<\/h2>\n<p>Nab\u00f3r wniosk\u00f3w trwa od 30.10.2025 r. do 31.12.2026 r.<\/p>\n<p>Wnioskodawca mo\u017ce z\u0142o\u017cy\u0107 w systemie Jems projekt wniosku o dofinansowanie w dowolnym momencie trwaj\u0105cego naboru.<br \/>\nNa podstawie projektu z\u0142o\u017conego w Jems, Wsp\u00f3lny Sekretariat przeprowadzi obowi\u0105zkowe konsultacje z wnioskodawc\u0105.<\/p>\n<p>Komitet Monitoruj\u0105cy podejmie decyzj\u0119 o wyborze projekt\u00f3w dla wniosk\u00f3w o dofinansowanie w ostatnim miesi\u0105cu ka\u017cdego kwarta\u0142u. Pierwszy wyb\u00f3r projekt\u00f3w o ma\u0142ej skali planowany jest na posiedzeniu Komitetu Monitoruj\u0105cego w dniu 18 marca 2026 r.<\/p>\n<\/div><div class=\"fusion-text fusion-text-4\" style=\"--awb-margin-top:30px;\"><h2>Warunki naboru w szczeg\u00f3\u0142ach<\/h2>\n<p>Warunki naboru (w szczeg\u00f3lno\u015bci tematy, bud\u017cet i czas trwania naboru) mog\u0105 by\u0107 dostosowywane przez Komitet Monitoruj\u0105cy w zale\u017cno\u015bci od post\u0119pu naboru.<\/p>\n<\/div><div class=\"md-text-align-right sm-text-align-right\" style=\"text-align:left;\"><a class=\"fusion-button button-flat button-large button-custom fusion-button-default button-1 fusion-button-default-span fusion-button-default-type fusion-has-button-gradient button\" style=\"--button_accent_color:var(--awb-color1);--button_accent_hover_color:var(--awb-color1);--button_border_hover_color:var(--awb-color1);--button_gradient_angle:69deg;--button_gradient_top_color:var(--awb-color2);--button_gradient_bottom_color:var(--awb-custom_color_7);--button_gradient_top_color_hover:hsla(var(--awb-custom_color_4-h),calc(var(--awb-custom_color_4-s) - 5%),calc(var(--awb-custom_color_4-l) - 10%),var(--awb-custom_color_4-a));--button_gradient_bottom_color_hover:hsla(var(--awb-color2-h),calc(var(--awb-color2-s) - 5%),calc(var(--awb-color2-l) - 10%),var(--awb-color2-a));\" target=\"_self\" href=\"https:\/\/www.interreg6a.net\/pl\/?page_id=20240\"><i class=\"icon-link-pfeil awb-button__icon awb-button__icon--default button-icon-left\" aria-hidden=\"true\"><\/i><span class=\"fusion-button-text awb-button__text awb-button__text--default\">do 7. Naboru<\/span><\/a><\/div><div class=\"fusion-text fusion-text-5\" style=\"--awb-margin-top:60px;\"><div class=\"fusion-text fusion-text-6\">\n<h2>Szczeg\u00f3lne cechy projekt\u00f3w o ma\u0142ej skali<\/h2>\n<p>Wst\u0119pne informacje na temat szczeg\u00f3lnych cech projekt\u00f3w o ma\u0142ej skali przedstawili\u015bmy ju\u017c <a href=\"https:\/\/www.interreg6a.net\/pl\/projekty-o-malej-skali-dostepne-wkrotce\/\">w naszych aktualno\u015bciach opublikowanych 1 pa\u017adziernika 2025 r.<\/a><\/p>\n<p>W mi\u0119dzyczasie opublikowali\u015bmy Podr\u0119cznik Programu (wersja 3), w kt\u00f3rym wprowadzono uproszczone procedury dla projekt\u00f3w o ma\u0142ej skali, szczeg\u00f3\u0142owo uregulowane w rozdziale 5.2.<\/p>\n<p>Wszystkie niezb\u0119dne informacje, w tym proces sk\u0142adania wniosk\u00f3w oraz wzory do wykorzystania w projektach o ma\u0142ej skali, s\u0105 r\u00f3wnie\u017c dost\u0119pne na naszej stronie internetowej w nowej <a href=\"https:\/\/www.interreg6a.net\/pl\/projekty-o-malej-skali\/\">zak\u0142adce \u201eProjekty o ma\u0142ej skali\u201d<\/a> w menu g\u0142\u00f3wnym \u201eProjekty\u201d.<\/p>\n<\/div>\n<\/div><div class=\"md-text-align-right sm-text-align-right\" style=\"text-align:left;\"><a class=\"fusion-button button-flat button-large button-custom fusion-button-default button-2 fusion-button-default-span fusion-button-default-type fusion-has-button-gradient button\" style=\"--button_accent_color:var(--awb-color1);--button_accent_hover_color:var(--awb-color1);--button_border_hover_color:var(--awb-color1);--button_gradient_angle:69deg;--button_gradient_top_color:var(--awb-color2);--button_gradient_bottom_color:var(--awb-custom_color_7);--button_gradient_top_color_hover:hsla(var(--awb-custom_color_4-h),calc(var(--awb-custom_color_4-s) - 5%),calc(var(--awb-custom_color_4-l) - 10%),var(--awb-custom_color_4-a));--button_gradient_bottom_color_hover:hsla(var(--awb-color2-h),calc(var(--awb-color2-s) - 5%),calc(var(--awb-color2-l) - 10%),var(--awb-color2-a));\" target=\"_self\" href=\"https:\/\/www.interreg6a.net\/pl\/projekty-o-malej-skali\/\"><i class=\"icon-link-pfeil awb-button__icon awb-button__icon--default button-icon-left\" aria-hidden=\"true\"><\/i><span class=\"fusion-button-text awb-button__text awb-button__text--default\">do strony &#8222;Projekty o ma\u0142ej skali&#8221;<\/span><\/a><\/div><div class=\"fusion-text fusion-text-6\" style=\"--awb-margin-top:60px;\"><h4>! Uwaga: Zak\u0142adka \u201eProjekty\u201d \u2013 nowa struktura menu<\/h4>\n<p>Zmienili\u015bmy struktur\u0119 menu w\u00a0menu g\u0142\u00f3wnym\u00a0 \u201eProjekty\u201d.<\/p>\n<\/div><div class=\"md-text-align-right sm-text-align-right\" style=\"text-align:left;\"><a class=\"fusion-button button-flat button-large button-custom fusion-button-default button-3 fusion-button-default-span fusion-button-default-type fusion-has-button-gradient button\" style=\"--button_accent_color:var(--awb-color1);--button_accent_hover_color:var(--awb-color1);--button_border_hover_color:var(--awb-color1);--button_gradient_angle:69deg;--button_gradient_top_color:var(--awb-color2);--button_gradient_bottom_color:var(--awb-custom_color_7);--button_gradient_top_color_hover:hsla(var(--awb-custom_color_4-h),calc(var(--awb-custom_color_4-s) - 5%),calc(var(--awb-custom_color_4-l) - 10%),var(--awb-custom_color_4-a));--button_gradient_bottom_color_hover:hsla(var(--awb-color2-h),calc(var(--awb-color2-s) - 5%),calc(var(--awb-color2-l) - 10%),var(--awb-color2-a));\" target=\"_self\" href=\"https:\/\/www.interreg6a.net\/pl\/nowa-struktura-menu-w-zakladce-projekty\/\"><i class=\"icon-link-pfeil awb-button__icon awb-button__icon--default button-icon-left\" aria-hidden=\"true\"><\/i><span class=\"fusion-button-text awb-button__text awb-button__text--default\">do wiadomo\u015bci<\/span><\/a><\/div><div class=\"fusion-text fusion-text-7\" style=\"--awb-margin-top:60px;\"><h2>Kontakt<\/h2>\n<p>S\u0105 Pa\u0144stwo zainteresowani z\u0142o\u017ceniem projektu o ma\u0142ej skali? Prosimy o kontakt z Monik\u0105 Szarszewsk\u0105 i Mart\u0105 Werner, naszymi kole\u017cankami ze Wsp\u00f3lnego Sekretariatu odpowiedzialnymi za projekty o ma\u0142ej skali.<\/p>\n<\/div><div style=\"text-align:left;\"><a class=\"fusion-button button-flat button-large button-custom fusion-button-default button-4 fusion-button-default-span fusion-button-default-type fusion-has-button-gradient button\" style=\"--button_accent_color:var(--awb-color2);--button_accent_hover_color:var(--awb-color1);--button_border_hover_color:var(--awb-color1);--button_gradient_angle:69deg;--button_gradient_top_color:#c0d1ea;--button_gradient_bottom_color:#e4ebf6;--button_gradient_top_color_hover:hsla(var(--awb-custom_color_4-h),calc(var(--awb-custom_color_4-s) - 5%),calc(var(--awb-custom_color_4-l) - 10%),var(--awb-custom_color_4-a));--button_gradient_bottom_color_hover:hsla(var(--awb-color2-h),calc(var(--awb-color2-s) - 5%),calc(var(--awb-color2-l) - 10%),var(--awb-color2-a));--button_margin-bottom:60px;\" target=\"_self\" href=\"https:\/\/www.interreg6a.net\/pl\/osoby-do-kontaktu\/\"><i class=\"fa-user fas awb-button__icon awb-button__icon--default button-icon-left\" aria-hidden=\"true\"><\/i><span class=\"fusion-button-text awb-button__text awb-button__text--default\">Osoby do kontaktu<\/span><\/a><\/div><\/div><\/div><\/div><\/div>\n","protected":false},"excerpt":{"rendered":"","protected":false},"author":25,"featured_media":19705,"comment_status":"closed","ping_status":"closed","sticky":false,"template":"","format":"standard","meta":{"_price":"","_stock":"","_tribe_ticket_header":"","_tribe_default_ticket_provider":"","_tribe_ticket_capacity":"0","_ticket_start_date":"","_ticket_end_date":"","_tribe_ticket_show_description":"","_tribe_ticket_show_not_going":false,"_tribe_ticket_use_global_stock":"","_tribe_ticket_global_stock_level":"","_global_stock_mode":"","_global_stock_cap":"","_tribe_rsvp_for_event":"","_tribe_ticket_going_count":"","_tribe_ticket_not_going_count":"","_tribe_tickets_list":"[]","_tribe_ticket_has_attendee_info_fields":false,"footnotes":""},"categories":[20,109,183],"tags":[],"class_list":["post-20319","post","type-post","status-publish","format-standard","has-post-thumbnail","hentry","category-aktualnosci","category-nabory","category-projekty-o-malej-skali"],"yoast_head":"<!-- This site is optimized with the Yoast SEO plugin v27.3 - https:\/\/yoast.com\/product\/yoast-seo-wordpress\/ -->\n<title>Start 7. Naboru dla projekt\u00f3w o ma\u0142ej skali! - Interreg VI A MV\/BB\/PL<\/title>\n<meta name=\"robots\" content=\"index, follow, max-snippet:-1, max-image-preview:large, max-video-preview:-1\" \/>\n<link rel=\"canonical\" href=\"https:\/\/www.interreg6a.net\/pl\/start-7-naboru-dla-projektow-o-malej-skali\/\" \/>\n<meta property=\"og:locale\" content=\"pl_PL\" \/>\n<meta property=\"og:type\" content=\"article\" \/>\n<meta property=\"og:title\" content=\"Start 7. Naboru dla projekt\u00f3w o ma\u0142ej skali! - Interreg VI A MV\/BB\/PL\" \/>\n<meta property=\"og:url\" content=\"https:\/\/www.interreg6a.net\/pl\/start-7-naboru-dla-projektow-o-malej-skali\/\" \/>\n<meta property=\"og:site_name\" content=\"Interreg VI A MV\/BB\/PL\" \/>\n<meta property=\"article:published_time\" content=\"2025-10-29T13:09:48+00:00\" \/>\n<meta property=\"article:modified_time\" content=\"2025-10-29T13:10:23+00:00\" \/>\n<meta property=\"og:image\" content=\"https:\/\/www.interreg6a.net\/wp-content\/uploads\/2025\/09\/Projekty-o-malej-skali_Call-Open.png\" \/>\n\t<meta property=\"og:image:width\" content=\"632\" \/>\n\t<meta property=\"og:image:height\" content=\"424\" \/>\n\t<meta property=\"og:image:type\" content=\"image\/png\" \/>\n<meta name=\"author\" content=\"semeniuk\" \/>\n<meta name=\"twitter:card\" content=\"summary_large_image\" \/>\n<meta name=\"twitter:label1\" content=\"Napisane przez\" \/>\n\t<meta name=\"twitter:data1\" content=\"semeniuk\" \/>\n\t<meta name=\"twitter:label2\" content=\"Szacowany czas czytania\" \/>\n\t<meta name=\"twitter:data2\" content=\"3 minuty\" \/>\n<script type=\"application\/ld+json\" class=\"yoast-schema-graph\">{\"@context\":\"https:\\\/\\\/schema.org\",\"@graph\":[{\"@type\":\"Article\",\"@id\":\"https:\\\/\\\/www.interreg6a.net\\\/pl\\\/start-7-naboru-dla-projektow-o-malej-skali\\\/#article\",\"isPartOf\":{\"@id\":\"https:\\\/\\\/www.interreg6a.net\\\/pl\\\/start-7-naboru-dla-projektow-o-malej-skali\\\/\"},\"author\":{\"name\":\"semeniuk\",\"@id\":\"https:\\\/\\\/www.interreg6a.net\\\/pl\\\/#\\\/schema\\\/person\\\/4c87761287b75456c2ed5cfbf95e4e8b\"},\"headline\":\"Start 7. Naboru dla projekt\u00f3w o ma\u0142ej skali!\",\"datePublished\":\"2025-10-29T13:09:48+00:00\",\"dateModified\":\"2025-10-29T13:10:23+00:00\",\"mainEntityOfPage\":{\"@id\":\"https:\\\/\\\/www.interreg6a.net\\\/pl\\\/start-7-naboru-dla-projektow-o-malej-skali\\\/\"},\"wordCount\":3358,\"image\":{\"@id\":\"https:\\\/\\\/www.interreg6a.net\\\/pl\\\/start-7-naboru-dla-projektow-o-malej-skali\\\/#primaryimage\"},\"thumbnailUrl\":\"https:\\\/\\\/www.interreg6a.net\\\/wp-content\\\/uploads\\\/2025\\\/09\\\/Projekty-o-malej-skali_Call-Open.png\",\"articleSection\":[\"Aktualno\u015bci\",\"Nabory\",\"Projekty o ma\u0142ej skali\"],\"inLanguage\":\"pl-PL\"},{\"@type\":\"WebPage\",\"@id\":\"https:\\\/\\\/www.interreg6a.net\\\/pl\\\/start-7-naboru-dla-projektow-o-malej-skali\\\/\",\"url\":\"https:\\\/\\\/www.interreg6a.net\\\/pl\\\/start-7-naboru-dla-projektow-o-malej-skali\\\/\",\"name\":\"Start 7. Naboru dla projekt\u00f3w o ma\u0142ej skali! - Interreg VI A MV\\\/BB\\\/PL\",\"isPartOf\":{\"@id\":\"https:\\\/\\\/www.interreg6a.net\\\/pl\\\/#website\"},\"primaryImageOfPage\":{\"@id\":\"https:\\\/\\\/www.interreg6a.net\\\/pl\\\/start-7-naboru-dla-projektow-o-malej-skali\\\/#primaryimage\"},\"image\":{\"@id\":\"https:\\\/\\\/www.interreg6a.net\\\/pl\\\/start-7-naboru-dla-projektow-o-malej-skali\\\/#primaryimage\"},\"thumbnailUrl\":\"https:\\\/\\\/www.interreg6a.net\\\/wp-content\\\/uploads\\\/2025\\\/09\\\/Projekty-o-malej-skali_Call-Open.png\",\"datePublished\":\"2025-10-29T13:09:48+00:00\",\"dateModified\":\"2025-10-29T13:10:23+00:00\",\"author\":{\"@id\":\"https:\\\/\\\/www.interreg6a.net\\\/pl\\\/#\\\/schema\\\/person\\\/4c87761287b75456c2ed5cfbf95e4e8b\"},\"breadcrumb\":{\"@id\":\"https:\\\/\\\/www.interreg6a.net\\\/pl\\\/start-7-naboru-dla-projektow-o-malej-skali\\\/#breadcrumb\"},\"inLanguage\":\"pl-PL\",\"potentialAction\":[{\"@type\":\"ReadAction\",\"target\":[\"https:\\\/\\\/www.interreg6a.net\\\/pl\\\/start-7-naboru-dla-projektow-o-malej-skali\\\/\"]}]},{\"@type\":\"ImageObject\",\"inLanguage\":\"pl-PL\",\"@id\":\"https:\\\/\\\/www.interreg6a.net\\\/pl\\\/start-7-naboru-dla-projektow-o-malej-skali\\\/#primaryimage\",\"url\":\"https:\\\/\\\/www.interreg6a.net\\\/wp-content\\\/uploads\\\/2025\\\/09\\\/Projekty-o-malej-skali_Call-Open.png\",\"contentUrl\":\"https:\\\/\\\/www.interreg6a.net\\\/wp-content\\\/uploads\\\/2025\\\/09\\\/Projekty-o-malej-skali_Call-Open.png\",\"width\":632,\"height\":424},{\"@type\":\"BreadcrumbList\",\"@id\":\"https:\\\/\\\/www.interreg6a.net\\\/pl\\\/start-7-naboru-dla-projektow-o-malej-skali\\\/#breadcrumb\",\"itemListElement\":[{\"@type\":\"ListItem\",\"position\":1,\"name\":\"Strona g\u0142\u00f3wna\",\"item\":\"https:\\\/\\\/www.interreg6a.net\\\/pl\\\/\"},{\"@type\":\"ListItem\",\"position\":2,\"name\":\"Start 7. Naboru dla projekt\u00f3w o ma\u0142ej skali!\"}]},{\"@type\":\"WebSite\",\"@id\":\"https:\\\/\\\/www.interreg6a.net\\\/pl\\\/#website\",\"url\":\"https:\\\/\\\/www.interreg6a.net\\\/pl\\\/\",\"name\":\"Interreg VI A MV\\\/BB\\\/PL\",\"description\":\"\",\"potentialAction\":[{\"@type\":\"SearchAction\",\"target\":{\"@type\":\"EntryPoint\",\"urlTemplate\":\"https:\\\/\\\/www.interreg6a.net\\\/pl\\\/?s={search_term_string}\"},\"query-input\":{\"@type\":\"PropertyValueSpecification\",\"valueRequired\":true,\"valueName\":\"search_term_string\"}}],\"inLanguage\":\"pl-PL\"},{\"@type\":\"Person\",\"@id\":\"https:\\\/\\\/www.interreg6a.net\\\/pl\\\/#\\\/schema\\\/person\\\/4c87761287b75456c2ed5cfbf95e4e8b\",\"name\":\"semeniuk\",\"image\":{\"@type\":\"ImageObject\",\"inLanguage\":\"pl-PL\",\"@id\":\"https:\\\/\\\/secure.gravatar.com\\\/avatar\\\/2aab4d2ca365cd79a4eb712e81052078a3fa7ddccf6c3d13d25230ebeeea8344?s=96&d=mm&r=g\",\"url\":\"https:\\\/\\\/secure.gravatar.com\\\/avatar\\\/2aab4d2ca365cd79a4eb712e81052078a3fa7ddccf6c3d13d25230ebeeea8344?s=96&d=mm&r=g\",\"contentUrl\":\"https:\\\/\\\/secure.gravatar.com\\\/avatar\\\/2aab4d2ca365cd79a4eb712e81052078a3fa7ddccf6c3d13d25230ebeeea8344?s=96&d=mm&r=g\",\"caption\":\"semeniuk\"},\"url\":\"https:\\\/\\\/www.interreg6a.net\\\/pl\\\/author\\\/semeniuk\\\/\"}]}<\/script>\n<!-- \/ Yoast SEO plugin. -->","yoast_head_json":{"title":"Start 7. Naboru dla projekt\u00f3w o ma\u0142ej skali! - Interreg VI A MV\/BB\/PL","robots":{"index":"index","follow":"follow","max-snippet":"max-snippet:-1","max-image-preview":"max-image-preview:large","max-video-preview":"max-video-preview:-1"},"canonical":"https:\/\/www.interreg6a.net\/pl\/start-7-naboru-dla-projektow-o-malej-skali\/","og_locale":"pl_PL","og_type":"article","og_title":"Start 7. Naboru dla projekt\u00f3w o ma\u0142ej skali! - Interreg VI A MV\/BB\/PL","og_url":"https:\/\/www.interreg6a.net\/pl\/start-7-naboru-dla-projektow-o-malej-skali\/","og_site_name":"Interreg VI A MV\/BB\/PL","article_published_time":"2025-10-29T13:09:48+00:00","article_modified_time":"2025-10-29T13:10:23+00:00","og_image":[{"width":632,"height":424,"url":"https:\/\/www.interreg6a.net\/wp-content\/uploads\/2025\/09\/Projekty-o-malej-skali_Call-Open.png","type":"image\/png"}],"author":"semeniuk","twitter_card":"summary_large_image","twitter_misc":{"Napisane przez":"semeniuk","Szacowany czas czytania":"3 minuty"},"schema":{"@context":"https:\/\/schema.org","@graph":[{"@type":"Article","@id":"https:\/\/www.interreg6a.net\/pl\/start-7-naboru-dla-projektow-o-malej-skali\/#article","isPartOf":{"@id":"https:\/\/www.interreg6a.net\/pl\/start-7-naboru-dla-projektow-o-malej-skali\/"},"author":{"name":"semeniuk","@id":"https:\/\/www.interreg6a.net\/pl\/#\/schema\/person\/4c87761287b75456c2ed5cfbf95e4e8b"},"headline":"Start 7. Naboru dla projekt\u00f3w o ma\u0142ej skali!","datePublished":"2025-10-29T13:09:48+00:00","dateModified":"2025-10-29T13:10:23+00:00","mainEntityOfPage":{"@id":"https:\/\/www.interreg6a.net\/pl\/start-7-naboru-dla-projektow-o-malej-skali\/"},"wordCount":3358,"image":{"@id":"https:\/\/www.interreg6a.net\/pl\/start-7-naboru-dla-projektow-o-malej-skali\/#primaryimage"},"thumbnailUrl":"https:\/\/www.interreg6a.net\/wp-content\/uploads\/2025\/09\/Projekty-o-malej-skali_Call-Open.png","articleSection":["Aktualno\u015bci","Nabory","Projekty o ma\u0142ej skali"],"inLanguage":"pl-PL"},{"@type":"WebPage","@id":"https:\/\/www.interreg6a.net\/pl\/start-7-naboru-dla-projektow-o-malej-skali\/","url":"https:\/\/www.interreg6a.net\/pl\/start-7-naboru-dla-projektow-o-malej-skali\/","name":"Start 7. Naboru dla projekt\u00f3w o ma\u0142ej skali! - Interreg VI A MV\/BB\/PL","isPartOf":{"@id":"https:\/\/www.interreg6a.net\/pl\/#website"},"primaryImageOfPage":{"@id":"https:\/\/www.interreg6a.net\/pl\/start-7-naboru-dla-projektow-o-malej-skali\/#primaryimage"},"image":{"@id":"https:\/\/www.interreg6a.net\/pl\/start-7-naboru-dla-projektow-o-malej-skali\/#primaryimage"},"thumbnailUrl":"https:\/\/www.interreg6a.net\/wp-content\/uploads\/2025\/09\/Projekty-o-malej-skali_Call-Open.png","datePublished":"2025-10-29T13:09:48+00:00","dateModified":"2025-10-29T13:10:23+00:00","author":{"@id":"https:\/\/www.interreg6a.net\/pl\/#\/schema\/person\/4c87761287b75456c2ed5cfbf95e4e8b"},"breadcrumb":{"@id":"https:\/\/www.interreg6a.net\/pl\/start-7-naboru-dla-projektow-o-malej-skali\/#breadcrumb"},"inLanguage":"pl-PL","potentialAction":[{"@type":"ReadAction","target":["https:\/\/www.interreg6a.net\/pl\/start-7-naboru-dla-projektow-o-malej-skali\/"]}]},{"@type":"ImageObject","inLanguage":"pl-PL","@id":"https:\/\/www.interreg6a.net\/pl\/start-7-naboru-dla-projektow-o-malej-skali\/#primaryimage","url":"https:\/\/www.interreg6a.net\/wp-content\/uploads\/2025\/09\/Projekty-o-malej-skali_Call-Open.png","contentUrl":"https:\/\/www.interreg6a.net\/wp-content\/uploads\/2025\/09\/Projekty-o-malej-skali_Call-Open.png","width":632,"height":424},{"@type":"BreadcrumbList","@id":"https:\/\/www.interreg6a.net\/pl\/start-7-naboru-dla-projektow-o-malej-skali\/#breadcrumb","itemListElement":[{"@type":"ListItem","position":1,"name":"Strona g\u0142\u00f3wna","item":"https:\/\/www.interreg6a.net\/pl\/"},{"@type":"ListItem","position":2,"name":"Start 7. Naboru dla projekt\u00f3w o ma\u0142ej skali!"}]},{"@type":"WebSite","@id":"https:\/\/www.interreg6a.net\/pl\/#website","url":"https:\/\/www.interreg6a.net\/pl\/","name":"Interreg VI A MV\/BB\/PL","description":"","potentialAction":[{"@type":"SearchAction","target":{"@type":"EntryPoint","urlTemplate":"https:\/\/www.interreg6a.net\/pl\/?s={search_term_string}"},"query-input":{"@type":"PropertyValueSpecification","valueRequired":true,"valueName":"search_term_string"}}],"inLanguage":"pl-PL"},{"@type":"Person","@id":"https:\/\/www.interreg6a.net\/pl\/#\/schema\/person\/4c87761287b75456c2ed5cfbf95e4e8b","name":"semeniuk","image":{"@type":"ImageObject","inLanguage":"pl-PL","@id":"https:\/\/secure.gravatar.com\/avatar\/2aab4d2ca365cd79a4eb712e81052078a3fa7ddccf6c3d13d25230ebeeea8344?s=96&d=mm&r=g","url":"https:\/\/secure.gravatar.com\/avatar\/2aab4d2ca365cd79a4eb712e81052078a3fa7ddccf6c3d13d25230ebeeea8344?s=96&d=mm&r=g","contentUrl":"https:\/\/secure.gravatar.com\/avatar\/2aab4d2ca365cd79a4eb712e81052078a3fa7ddccf6c3d13d25230ebeeea8344?s=96&d=mm&r=g","caption":"semeniuk"},"url":"https:\/\/www.interreg6a.net\/pl\/author\/semeniuk\/"}]}},"_links":{"self":[{"href":"https:\/\/www.interreg6a.net\/pl\/wp-json\/wp\/v2\/posts\/20319","targetHints":{"allow":["GET"]}}],"collection":[{"href":"https:\/\/www.interreg6a.net\/pl\/wp-json\/wp\/v2\/posts"}],"about":[{"href":"https:\/\/www.interreg6a.net\/pl\/wp-json\/wp\/v2\/types\/post"}],"author":[{"embeddable":true,"href":"https:\/\/www.interreg6a.net\/pl\/wp-json\/wp\/v2\/users\/25"}],"replies":[{"embeddable":true,"href":"https:\/\/www.interreg6a.net\/pl\/wp-json\/wp\/v2\/comments?post=20319"}],"version-history":[{"count":9,"href":"https:\/\/www.interreg6a.net\/pl\/wp-json\/wp\/v2\/posts\/20319\/revisions"}],"predecessor-version":[{"id":20716,"href":"https:\/\/www.interreg6a.net\/pl\/wp-json\/wp\/v2\/posts\/20319\/revisions\/20716"}],"wp:featuredmedia":[{"embeddable":true,"href":"https:\/\/www.interreg6a.net\/pl\/wp-json\/wp\/v2\/media\/19705"}],"wp:attachment":[{"href":"https:\/\/www.interreg6a.net\/pl\/wp-json\/wp\/v2\/media?parent=20319"}],"wp:term":[{"taxonomy":"category","embeddable":true,"href":"https:\/\/www.interreg6a.net\/pl\/wp-json\/wp\/v2\/categories?post=20319"},{"taxonomy":"post_tag","embeddable":true,"href":"https:\/\/www.interreg6a.net\/pl\/wp-json\/wp\/v2\/tags?post=20319"}],"curies":[{"name":"wp","href":"https:\/\/api.w.org\/{rel}","templated":true}]}}