{"id":20955,"date":"2025-11-12T14:00:42","date_gmt":"2025-11-12T13:00:42","guid":{"rendered":"https:\/\/www.interreg6a.net\/?p=20955"},"modified":"2025-11-12T14:28:49","modified_gmt":"2025-11-12T13:28:49","slug":"projekty-o-malej-skali-pierwsze-szkolenie","status":"publish","type":"post","link":"https:\/\/www.interreg6a.net\/pl\/projekty-o-malej-skali-pierwsze-szkolenie\/","title":{"rendered":"Projekty o ma\u0142ej skali \u2013 pierwsze szkolenie"},"content":{"rendered":"<div class=\"fusion-fullwidth fullwidth-box fusion-builder-row-1 fusion-flex-container has-pattern-background has-mask-background nonhundred-percent-fullwidth non-hundred-percent-height-scrolling\" style=\"--awb-border-radius-top-left:0px;--awb-border-radius-top-right:0px;--awb-border-radius-bottom-right:0px;--awb-border-radius-bottom-left:0px;--awb-flex-wrap:wrap;\" ><div class=\"fusion-builder-row fusion-row fusion-flex-align-items-flex-start fusion-flex-content-wrap\" style=\"max-width:1586px;margin-left: calc(-4% \/ 2 );margin-right: calc(-4% \/ 2 );\"><div class=\"fusion-layout-column fusion_builder_column fusion-builder-column-0 fusion_builder_column_1_1 1_1 fusion-flex-column\" style=\"--awb-bg-size:cover;--awb-width-large:100%;--awb-margin-top-large:0px;--awb-spacing-right-large:1.92%;--awb-margin-bottom-large:20px;--awb-spacing-left-large:1.92%;--awb-width-medium:100%;--awb-order-medium:0;--awb-spacing-right-medium:1.92%;--awb-spacing-left-medium:1.92%;--awb-width-small:100%;--awb-order-small:0;--awb-spacing-right-small:1.92%;--awb-spacing-left-small:1.92%;\"><div class=\"fusion-column-wrapper fusion-column-has-shadow fusion-flex-justify-content-flex-start fusion-content-layout-column\"><div class=\"fusion-title title fusion-title-1 fusion-sep-none fusion-title-text fusion-title-size-one\" style=\"--awb-margin-top-small:10px;--awb-margin-right-small:0px;--awb-margin-bottom-small:10px;--awb-margin-left-small:0px;\"><h1 class=\"fusion-title-heading title-heading-left\" style=\"margin:0;\"><p style=\"text-align: center;\">Projekty o ma\u0142ej skali<\/p>\n<p style=\"text-align: center;\">pierwsze szkolenie<\/p><\/h1><\/div><div class=\"fusion-text fusion-text-1\"><p>Wsp\u00f3lny Sekretariat Programu Interreg VI A Mecklenburg-Vorpommern \/ Brandenburg \/ Polska 2021-2027 w ramach <a href=\"https:\/\/www.interreg6a.net\/pl\/start-7-naboru-dla-projektow-o-malej-skali\/\">trwaj\u0105cego 7 naboru wniosk\u00f3w dla projekt\u00f3w o ma\u0142ej skali<\/a> zaprasza zainteresowane organizacje i instytucje na <strong>1<\/strong> <strong>szkolenie dla wnioskodawc\u00f3w. <\/strong>Nab\u00f3r wniosk\u00f3w trwa od 30.10.2025 r. do 31.12.2026 r.<\/p>\n<p>Szkolenie odb\u0119dzie si\u0119 <strong>dnia 26.11.2025 <\/strong>w siedzibie Wsp\u00f3lnego Sekretariatu <strong>w L\u00f6cknitz<\/strong>.<\/p>\n<p><strong>Tematyka:<\/strong><\/p>\n<ol>\n<li>Priorytety i cele, w ramach kt\u00f3rych mo\u017cna sk\u0142ada\u0107 wnioski o dofinansowanie<\/li>\n<li>Szczeg\u00f3lne cechy Projekt\u00f3w o ma\u0142ej skali oraz uproszczenia dla wnioskodawc\u00f3w<\/li>\n<li>Doradztwo dotycz\u0105ce wniosku oraz techniczne wskaz\u00f3wki skutecznego z\u0142o\u017cenia projektu<\/li>\n<li>Procedura wyboru projekt\u00f3w<\/li>\n<\/ol>\n<p><strong>Czas trwania: 10.00 \u2013 15.00<br \/>\n<\/strong><\/p>\n<p>Szkolenie skierowane jest do polskich i niemieckich wnioskodawc\u00f3w i b\u0119dzie t\u0142umaczone symultanicznie na j\u0119zyk polski oraz niemiecki.<\/p>\n<p>Liczba uczestnik\u00f3w szkolenia jest ograniczona. Prosimy zatem, aby ka\u017cda organizacja lub instytucja zg\u0142osi\u0142a <strong>maksymalnie 2 osoby<\/strong>. Zg\u0142oszenia prosimy przes\u0142a\u0107 najp\u00f3\u017cnej <strong>do dnia 24.11.2025 r.<\/strong><\/p>\n<\/div><div class=\"md-text-align-right sm-text-align-right\" style=\"text-align:left;\"><a class=\"fusion-button button-flat button-large button-custom fusion-button-default button-1 fusion-button-default-span fusion-button-default-type fusion-has-button-gradient button\" style=\"--button_accent_color:var(--awb-color1);--button_accent_hover_color:var(--awb-color1);--button_border_hover_color:var(--awb-color1);--button_gradient_angle:69deg;--button_gradient_top_color:var(--awb-color2);--button_gradient_bottom_color:var(--awb-custom_color_7);--button_gradient_top_color_hover:hsla(var(--awb-custom_color_4-h),calc(var(--awb-custom_color_4-s) - 5%),calc(var(--awb-custom_color_4-l) - 10%),var(--awb-custom_color_4-a));--button_gradient_bottom_color_hover:hsla(var(--awb-color2-h),calc(var(--awb-color2-s) - 5%),calc(var(--awb-color2-l) - 10%),var(--awb-color2-a));--button_margin-bottom:20px;\" target=\"_self\" href=\"https:\/\/docs.google.com\/forms\/d\/e\/1FAIpQLSfYvmu8aFPD0CSpQdk5ZGXmZIi3kbSj-9GPakr7Z72xkygwyw\/viewform\"><i class=\"icon-link-pfeil awb-button__icon awb-button__icon--default button-icon-left\" aria-hidden=\"true\"><\/i><span class=\"fusion-button-text awb-button__text awb-button__text--default\">do Formularza zg\u0142oszeniowego<\/span><\/a><\/div><div class=\"fusion-text fusion-text-2\" style=\"--awb-margin-top:30px;\"><p>Zg\u0142oszenie ka\u017cdego z uczestnik\u00f3w zostanie potwierdzone przez Wsp\u00f3lny Sekretariat. Wraz z potwierdzeniem udzia\u0142u przes\u0142ane zostan\u0105 wskaz\u00f3wki dotycz\u0105ce dojazdu do miejsca szkolenia.<\/p>\n<\/div><div class='w3eden'>\n<!-- WPDM Link Template: Default Template -->\n\n<div class=\"link-template-default card mb-2\">\n    <div class=\"card-body\">\n        <div class=\"media\">\n            <div class=\"media-pic-icon\">\n                <a class='wpdm-download-link download-on-click btn btn-primary ' rel='nofollow' href='#' data-downloadurl=\"https:\/\/www.interreg6a.net\/pl\/download\/program-szkolenia\/?wpdmdl=20990&refresh=69f362d3b408e1777558227\">Pobierz<\/a>\n            <\/div>\n            <div class=\"media-body\">\n                <h3 class=\"package-title\">Program szkolenia<\/h3>\n                <div class=\"text-muted text-small\">\n                    <span class=\"wpdm_file_ext\">pdf<\/span> | <span class=\"wpdm_file_size\">63.08 KB<\/span> | <span class=\"wpdm_update_date\">12. listopada 2025<\/span> <!-- 12. listopada 2025 -->\n                <\/div>\n            <\/div>\n\n        <\/div>\n    <\/div>\n<\/div>\n\n<\/div><div class=\"fusion-text fusion-text-3\" style=\"--awb-margin-top:30px;\"><p><strong>Serdecznie Pa\u0144stwa zapraszamy!<\/strong><\/p>\n<\/div><\/div><\/div><\/div><\/div>\n","protected":false},"excerpt":{"rendered":"","protected":false},"author":25,"featured_media":20946,"comment_status":"closed","ping_status":"closed","sticky":false,"template":"","format":"standard","meta":{"_price":"","_stock":"","_tribe_ticket_header":"","_tribe_default_ticket_provider":"","_tribe_ticket_capacity":"0","_ticket_start_date":"","_ticket_end_date":"","_tribe_ticket_show_description":"","_tribe_ticket_show_not_going":false,"_tribe_ticket_use_global_stock":"","_tribe_ticket_global_stock_level":"","_global_stock_mode":"","_global_stock_cap":"","_tribe_rsvp_for_event":"","_tribe_ticket_going_count":"","_tribe_ticket_not_going_count":"","_tribe_tickets_list":"[]","_tribe_ticket_has_attendee_info_fields":false,"footnotes":""},"categories":[20,183],"tags":[],"class_list":["post-20955","post","type-post","status-publish","format-standard","has-post-thumbnail","hentry","category-aktualnosci","category-projekty-o-malej-skali"],"yoast_head":"<!-- This site is optimized with the Yoast SEO plugin v27.3 - https:\/\/yoast.com\/product\/yoast-seo-wordpress\/ -->\n<title>Projekty o ma\u0142ej skali \u2013 pierwsze szkolenie - Interreg VI A MV\/BB\/PL<\/title>\n<meta name=\"robots\" content=\"index, follow, max-snippet:-1, max-image-preview:large, max-video-preview:-1\" \/>\n<link rel=\"canonical\" href=\"https:\/\/www.interreg6a.net\/pl\/projekty-o-malej-skali-pierwsze-szkolenie\/\" \/>\n<meta property=\"og:locale\" content=\"pl_PL\" \/>\n<meta property=\"og:type\" content=\"article\" \/>\n<meta property=\"og:title\" content=\"Projekty o ma\u0142ej skali \u2013 pierwsze szkolenie - Interreg VI A MV\/BB\/PL\" \/>\n<meta property=\"og:url\" content=\"https:\/\/www.interreg6a.net\/pl\/projekty-o-malej-skali-pierwsze-szkolenie\/\" \/>\n<meta property=\"og:site_name\" content=\"Interreg VI A MV\/BB\/PL\" \/>\n<meta property=\"article:published_time\" content=\"2025-11-12T13:00:42+00:00\" \/>\n<meta property=\"article:modified_time\" content=\"2025-11-12T13:28:49+00:00\" \/>\n<meta property=\"og:image\" content=\"https:\/\/www.interreg6a.net\/wp-content\/uploads\/2025\/11\/KTP-Schulung-PL.png\" \/>\n\t<meta property=\"og:image:width\" content=\"579\" \/>\n\t<meta property=\"og:image:height\" content=\"469\" \/>\n\t<meta property=\"og:image:type\" content=\"image\/png\" \/>\n<meta name=\"author\" content=\"semeniuk\" \/>\n<meta name=\"twitter:card\" content=\"summary_large_image\" \/>\n<meta name=\"twitter:label1\" content=\"Napisane przez\" \/>\n\t<meta name=\"twitter:data1\" content=\"semeniuk\" \/>\n\t<meta name=\"twitter:label2\" content=\"Szacowany czas czytania\" \/>\n\t<meta name=\"twitter:data2\" content=\"2 minuty\" \/>\n<script type=\"application\/ld+json\" class=\"yoast-schema-graph\">{\"@context\":\"https:\\\/\\\/schema.org\",\"@graph\":[{\"@type\":\"Article\",\"@id\":\"https:\\\/\\\/www.interreg6a.net\\\/pl\\\/projekty-o-malej-skali-pierwsze-szkolenie\\\/#article\",\"isPartOf\":{\"@id\":\"https:\\\/\\\/www.interreg6a.net\\\/pl\\\/projekty-o-malej-skali-pierwsze-szkolenie\\\/\"},\"author\":{\"name\":\"semeniuk\",\"@id\":\"https:\\\/\\\/www.interreg6a.net\\\/pl\\\/#\\\/schema\\\/person\\\/4c87761287b75456c2ed5cfbf95e4e8b\"},\"headline\":\"Projekty o ma\u0142ej skali \u2013 pierwsze szkolenie\",\"datePublished\":\"2025-11-12T13:00:42+00:00\",\"dateModified\":\"2025-11-12T13:28:49+00:00\",\"mainEntityOfPage\":{\"@id\":\"https:\\\/\\\/www.interreg6a.net\\\/pl\\\/projekty-o-malej-skali-pierwsze-szkolenie\\\/\"},\"wordCount\":2026,\"image\":{\"@id\":\"https:\\\/\\\/www.interreg6a.net\\\/pl\\\/projekty-o-malej-skali-pierwsze-szkolenie\\\/#primaryimage\"},\"thumbnailUrl\":\"https:\\\/\\\/www.interreg6a.net\\\/wp-content\\\/uploads\\\/2025\\\/11\\\/KTP-Schulung-PL.png\",\"articleSection\":[\"Aktualno\u015bci\",\"Projekty o ma\u0142ej skali\"],\"inLanguage\":\"pl-PL\"},{\"@type\":\"WebPage\",\"@id\":\"https:\\\/\\\/www.interreg6a.net\\\/pl\\\/projekty-o-malej-skali-pierwsze-szkolenie\\\/\",\"url\":\"https:\\\/\\\/www.interreg6a.net\\\/pl\\\/projekty-o-malej-skali-pierwsze-szkolenie\\\/\",\"name\":\"Projekty o ma\u0142ej skali \u2013 pierwsze szkolenie - Interreg VI A MV\\\/BB\\\/PL\",\"isPartOf\":{\"@id\":\"https:\\\/\\\/www.interreg6a.net\\\/pl\\\/#website\"},\"primaryImageOfPage\":{\"@id\":\"https:\\\/\\\/www.interreg6a.net\\\/pl\\\/projekty-o-malej-skali-pierwsze-szkolenie\\\/#primaryimage\"},\"image\":{\"@id\":\"https:\\\/\\\/www.interreg6a.net\\\/pl\\\/projekty-o-malej-skali-pierwsze-szkolenie\\\/#primaryimage\"},\"thumbnailUrl\":\"https:\\\/\\\/www.interreg6a.net\\\/wp-content\\\/uploads\\\/2025\\\/11\\\/KTP-Schulung-PL.png\",\"datePublished\":\"2025-11-12T13:00:42+00:00\",\"dateModified\":\"2025-11-12T13:28:49+00:00\",\"author\":{\"@id\":\"https:\\\/\\\/www.interreg6a.net\\\/pl\\\/#\\\/schema\\\/person\\\/4c87761287b75456c2ed5cfbf95e4e8b\"},\"breadcrumb\":{\"@id\":\"https:\\\/\\\/www.interreg6a.net\\\/pl\\\/projekty-o-malej-skali-pierwsze-szkolenie\\\/#breadcrumb\"},\"inLanguage\":\"pl-PL\",\"potentialAction\":[{\"@type\":\"ReadAction\",\"target\":[\"https:\\\/\\\/www.interreg6a.net\\\/pl\\\/projekty-o-malej-skali-pierwsze-szkolenie\\\/\"]}]},{\"@type\":\"ImageObject\",\"inLanguage\":\"pl-PL\",\"@id\":\"https:\\\/\\\/www.interreg6a.net\\\/pl\\\/projekty-o-malej-skali-pierwsze-szkolenie\\\/#primaryimage\",\"url\":\"https:\\\/\\\/www.interreg6a.net\\\/wp-content\\\/uploads\\\/2025\\\/11\\\/KTP-Schulung-PL.png\",\"contentUrl\":\"https:\\\/\\\/www.interreg6a.net\\\/wp-content\\\/uploads\\\/2025\\\/11\\\/KTP-Schulung-PL.png\",\"width\":579,\"height\":469},{\"@type\":\"BreadcrumbList\",\"@id\":\"https:\\\/\\\/www.interreg6a.net\\\/pl\\\/projekty-o-malej-skali-pierwsze-szkolenie\\\/#breadcrumb\",\"itemListElement\":[{\"@type\":\"ListItem\",\"position\":1,\"name\":\"Strona g\u0142\u00f3wna\",\"item\":\"https:\\\/\\\/www.interreg6a.net\\\/pl\\\/\"},{\"@type\":\"ListItem\",\"position\":2,\"name\":\"Projekty o ma\u0142ej skali \u2013 pierwsze szkolenie\"}]},{\"@type\":\"WebSite\",\"@id\":\"https:\\\/\\\/www.interreg6a.net\\\/pl\\\/#website\",\"url\":\"https:\\\/\\\/www.interreg6a.net\\\/pl\\\/\",\"name\":\"Interreg VI A MV\\\/BB\\\/PL\",\"description\":\"\",\"potentialAction\":[{\"@type\":\"SearchAction\",\"target\":{\"@type\":\"EntryPoint\",\"urlTemplate\":\"https:\\\/\\\/www.interreg6a.net\\\/pl\\\/?s={search_term_string}\"},\"query-input\":{\"@type\":\"PropertyValueSpecification\",\"valueRequired\":true,\"valueName\":\"search_term_string\"}}],\"inLanguage\":\"pl-PL\"},{\"@type\":\"Person\",\"@id\":\"https:\\\/\\\/www.interreg6a.net\\\/pl\\\/#\\\/schema\\\/person\\\/4c87761287b75456c2ed5cfbf95e4e8b\",\"name\":\"semeniuk\",\"image\":{\"@type\":\"ImageObject\",\"inLanguage\":\"pl-PL\",\"@id\":\"https:\\\/\\\/secure.gravatar.com\\\/avatar\\\/2aab4d2ca365cd79a4eb712e81052078a3fa7ddccf6c3d13d25230ebeeea8344?s=96&d=mm&r=g\",\"url\":\"https:\\\/\\\/secure.gravatar.com\\\/avatar\\\/2aab4d2ca365cd79a4eb712e81052078a3fa7ddccf6c3d13d25230ebeeea8344?s=96&d=mm&r=g\",\"contentUrl\":\"https:\\\/\\\/secure.gravatar.com\\\/avatar\\\/2aab4d2ca365cd79a4eb712e81052078a3fa7ddccf6c3d13d25230ebeeea8344?s=96&d=mm&r=g\",\"caption\":\"semeniuk\"},\"url\":\"https:\\\/\\\/www.interreg6a.net\\\/pl\\\/author\\\/semeniuk\\\/\"}]}<\/script>\n<!-- \/ Yoast SEO plugin. -->","yoast_head_json":{"title":"Projekty o ma\u0142ej skali \u2013 pierwsze szkolenie - Interreg VI A MV\/BB\/PL","robots":{"index":"index","follow":"follow","max-snippet":"max-snippet:-1","max-image-preview":"max-image-preview:large","max-video-preview":"max-video-preview:-1"},"canonical":"https:\/\/www.interreg6a.net\/pl\/projekty-o-malej-skali-pierwsze-szkolenie\/","og_locale":"pl_PL","og_type":"article","og_title":"Projekty o ma\u0142ej skali \u2013 pierwsze szkolenie - Interreg VI A MV\/BB\/PL","og_url":"https:\/\/www.interreg6a.net\/pl\/projekty-o-malej-skali-pierwsze-szkolenie\/","og_site_name":"Interreg VI A MV\/BB\/PL","article_published_time":"2025-11-12T13:00:42+00:00","article_modified_time":"2025-11-12T13:28:49+00:00","og_image":[{"width":579,"height":469,"url":"https:\/\/www.interreg6a.net\/wp-content\/uploads\/2025\/11\/KTP-Schulung-PL.png","type":"image\/png"}],"author":"semeniuk","twitter_card":"summary_large_image","twitter_misc":{"Napisane przez":"semeniuk","Szacowany czas czytania":"2 minuty"},"schema":{"@context":"https:\/\/schema.org","@graph":[{"@type":"Article","@id":"https:\/\/www.interreg6a.net\/pl\/projekty-o-malej-skali-pierwsze-szkolenie\/#article","isPartOf":{"@id":"https:\/\/www.interreg6a.net\/pl\/projekty-o-malej-skali-pierwsze-szkolenie\/"},"author":{"name":"semeniuk","@id":"https:\/\/www.interreg6a.net\/pl\/#\/schema\/person\/4c87761287b75456c2ed5cfbf95e4e8b"},"headline":"Projekty o ma\u0142ej skali \u2013 pierwsze szkolenie","datePublished":"2025-11-12T13:00:42+00:00","dateModified":"2025-11-12T13:28:49+00:00","mainEntityOfPage":{"@id":"https:\/\/www.interreg6a.net\/pl\/projekty-o-malej-skali-pierwsze-szkolenie\/"},"wordCount":2026,"image":{"@id":"https:\/\/www.interreg6a.net\/pl\/projekty-o-malej-skali-pierwsze-szkolenie\/#primaryimage"},"thumbnailUrl":"https:\/\/www.interreg6a.net\/wp-content\/uploads\/2025\/11\/KTP-Schulung-PL.png","articleSection":["Aktualno\u015bci","Projekty o ma\u0142ej skali"],"inLanguage":"pl-PL"},{"@type":"WebPage","@id":"https:\/\/www.interreg6a.net\/pl\/projekty-o-malej-skali-pierwsze-szkolenie\/","url":"https:\/\/www.interreg6a.net\/pl\/projekty-o-malej-skali-pierwsze-szkolenie\/","name":"Projekty o ma\u0142ej skali \u2013 pierwsze szkolenie - Interreg VI A MV\/BB\/PL","isPartOf":{"@id":"https:\/\/www.interreg6a.net\/pl\/#website"},"primaryImageOfPage":{"@id":"https:\/\/www.interreg6a.net\/pl\/projekty-o-malej-skali-pierwsze-szkolenie\/#primaryimage"},"image":{"@id":"https:\/\/www.interreg6a.net\/pl\/projekty-o-malej-skali-pierwsze-szkolenie\/#primaryimage"},"thumbnailUrl":"https:\/\/www.interreg6a.net\/wp-content\/uploads\/2025\/11\/KTP-Schulung-PL.png","datePublished":"2025-11-12T13:00:42+00:00","dateModified":"2025-11-12T13:28:49+00:00","author":{"@id":"https:\/\/www.interreg6a.net\/pl\/#\/schema\/person\/4c87761287b75456c2ed5cfbf95e4e8b"},"breadcrumb":{"@id":"https:\/\/www.interreg6a.net\/pl\/projekty-o-malej-skali-pierwsze-szkolenie\/#breadcrumb"},"inLanguage":"pl-PL","potentialAction":[{"@type":"ReadAction","target":["https:\/\/www.interreg6a.net\/pl\/projekty-o-malej-skali-pierwsze-szkolenie\/"]}]},{"@type":"ImageObject","inLanguage":"pl-PL","@id":"https:\/\/www.interreg6a.net\/pl\/projekty-o-malej-skali-pierwsze-szkolenie\/#primaryimage","url":"https:\/\/www.interreg6a.net\/wp-content\/uploads\/2025\/11\/KTP-Schulung-PL.png","contentUrl":"https:\/\/www.interreg6a.net\/wp-content\/uploads\/2025\/11\/KTP-Schulung-PL.png","width":579,"height":469},{"@type":"BreadcrumbList","@id":"https:\/\/www.interreg6a.net\/pl\/projekty-o-malej-skali-pierwsze-szkolenie\/#breadcrumb","itemListElement":[{"@type":"ListItem","position":1,"name":"Strona g\u0142\u00f3wna","item":"https:\/\/www.interreg6a.net\/pl\/"},{"@type":"ListItem","position":2,"name":"Projekty o ma\u0142ej skali \u2013 pierwsze szkolenie"}]},{"@type":"WebSite","@id":"https:\/\/www.interreg6a.net\/pl\/#website","url":"https:\/\/www.interreg6a.net\/pl\/","name":"Interreg VI A MV\/BB\/PL","description":"","potentialAction":[{"@type":"SearchAction","target":{"@type":"EntryPoint","urlTemplate":"https:\/\/www.interreg6a.net\/pl\/?s={search_term_string}"},"query-input":{"@type":"PropertyValueSpecification","valueRequired":true,"valueName":"search_term_string"}}],"inLanguage":"pl-PL"},{"@type":"Person","@id":"https:\/\/www.interreg6a.net\/pl\/#\/schema\/person\/4c87761287b75456c2ed5cfbf95e4e8b","name":"semeniuk","image":{"@type":"ImageObject","inLanguage":"pl-PL","@id":"https:\/\/secure.gravatar.com\/avatar\/2aab4d2ca365cd79a4eb712e81052078a3fa7ddccf6c3d13d25230ebeeea8344?s=96&d=mm&r=g","url":"https:\/\/secure.gravatar.com\/avatar\/2aab4d2ca365cd79a4eb712e81052078a3fa7ddccf6c3d13d25230ebeeea8344?s=96&d=mm&r=g","contentUrl":"https:\/\/secure.gravatar.com\/avatar\/2aab4d2ca365cd79a4eb712e81052078a3fa7ddccf6c3d13d25230ebeeea8344?s=96&d=mm&r=g","caption":"semeniuk"},"url":"https:\/\/www.interreg6a.net\/pl\/author\/semeniuk\/"}]}},"_links":{"self":[{"href":"https:\/\/www.interreg6a.net\/pl\/wp-json\/wp\/v2\/posts\/20955","targetHints":{"allow":["GET"]}}],"collection":[{"href":"https:\/\/www.interreg6a.net\/pl\/wp-json\/wp\/v2\/posts"}],"about":[{"href":"https:\/\/www.interreg6a.net\/pl\/wp-json\/wp\/v2\/types\/post"}],"author":[{"embeddable":true,"href":"https:\/\/www.interreg6a.net\/pl\/wp-json\/wp\/v2\/users\/25"}],"replies":[{"embeddable":true,"href":"https:\/\/www.interreg6a.net\/pl\/wp-json\/wp\/v2\/comments?post=20955"}],"version-history":[{"count":13,"href":"https:\/\/www.interreg6a.net\/pl\/wp-json\/wp\/v2\/posts\/20955\/revisions"}],"predecessor-version":[{"id":21001,"href":"https:\/\/www.interreg6a.net\/pl\/wp-json\/wp\/v2\/posts\/20955\/revisions\/21001"}],"wp:featuredmedia":[{"embeddable":true,"href":"https:\/\/www.interreg6a.net\/pl\/wp-json\/wp\/v2\/media\/20946"}],"wp:attachment":[{"href":"https:\/\/www.interreg6a.net\/pl\/wp-json\/wp\/v2\/media?parent=20955"}],"wp:term":[{"taxonomy":"category","embeddable":true,"href":"https:\/\/www.interreg6a.net\/pl\/wp-json\/wp\/v2\/categories?post=20955"},{"taxonomy":"post_tag","embeddable":true,"href":"https:\/\/www.interreg6a.net\/pl\/wp-json\/wp\/v2\/tags?post=20955"}],"curies":[{"name":"wp","href":"https:\/\/api.w.org\/{rel}","templated":true}]}}