{"id":21049,"date":"2025-12-03T10:19:17","date_gmt":"2025-12-03T09:19:17","guid":{"rendered":"https:\/\/www.interreg6a.net\/?p=21049"},"modified":"2025-12-09T11:01:07","modified_gmt":"2025-12-09T10:01:07","slug":"wspolna-akcja-3-sekretariaty-2-kraje-1-wspolny-cel-nasze-konkluzje","status":"publish","type":"post","link":"https:\/\/www.interreg6a.net\/pl\/wspolna-akcja-3-sekretariaty-2-kraje-1-wspolny-cel-nasze-konkluzje\/","title":{"rendered":"Wsp\u00f3lna akcja: 3 sekretariaty, 2 kraje, 1 wsp\u00f3lny cel! \u2013 Nasze konkluzje"},"content":{"rendered":"<p><div class=\"fusion-fullwidth fullwidth-box fusion-builder-row-1 fusion-flex-container has-pattern-background has-mask-background nonhundred-percent-fullwidth non-hundred-percent-height-scrolling\" style=\"--awb-border-radius-top-left:0px;--awb-border-radius-top-right:0px;--awb-border-radius-bottom-right:0px;--awb-border-radius-bottom-left:0px;--awb-flex-wrap:wrap;\" ><div class=\"fusion-builder-row fusion-row fusion-flex-align-items-flex-start fusion-flex-content-wrap\" style=\"max-width:1586px;margin-left: calc(-4% \/ 2 );margin-right: calc(-4% \/ 2 );\"><div class=\"fusion-layout-column fusion_builder_column fusion-builder-column-0 fusion_builder_column_1_1 1_1 fusion-flex-column\" style=\"--awb-bg-size:cover;--awb-width-large:100%;--awb-margin-top-large:0px;--awb-spacing-right-large:1.92%;--awb-margin-bottom-large:20px;--awb-spacing-left-large:1.92%;--awb-width-medium:100%;--awb-order-medium:0;--awb-spacing-right-medium:1.92%;--awb-spacing-left-medium:1.92%;--awb-width-small:100%;--awb-order-small:0;--awb-spacing-right-small:1.92%;--awb-spacing-left-small:1.92%;\"><div class=\"fusion-column-wrapper fusion-column-has-shadow fusion-flex-justify-content-flex-start fusion-content-layout-column\"><div class=\"fusion-title title fusion-title-1 fusion-sep-none fusion-title-text fusion-title-size-one\" style=\"--awb-margin-top-small:10px;--awb-margin-right-small:0px;--awb-margin-bottom-small:10px;--awb-margin-left-small:0px;\"><h1 class=\"fusion-title-heading title-heading-left\" style=\"margin:0;\"><p style=\"text-align: center;\"><strong>Wsp\u00f3lna akcja: 3 sekretariaty, 2 kraje, 1 wsp\u00f3lny cel! <\/strong><strong>\u2013 <\/strong><\/p>\n<p style=\"text-align: center;\"><strong>Nasze konkluzje <\/strong><\/p><\/h1><\/div><div class=\"fusion-text fusion-text-1 fusion-text-no-margin\" style=\"--awb-margin-bottom:30px;\"><p>Wiosn\u0105 tego roku wystartowa\u0142a wsp\u00f3lna akcja informacyjno-promocyjna<br \/>\no nazwie <strong>&#8222;3 Sekretariaty, 2 Kraje, wsp\u00f3lny cel!&#8221; <\/strong><\/p>\n<p>Celem kampanii przeprowadzonej przez trzy Wsp\u00f3lne Sekretariaty z polsko-niemieckiego obszaru przygranicznego by\u0142o pokazanie, jakie projekty strategiczne i mi\u0119dzyprogramowe realizujemy w ramach naszych Program\u00f3w. W ramach tych szczeg\u00f3lnych projekt\u00f3w wsp\u00f3lnie opracowujemy narz\u0119dzia s\u0142u\u017c\u0105ce sprostaniu istotnym wyzwaniom w obszarach obj\u0119tych Programami. W ten spos\u00f3b projekty te przyczyniaj\u0105 si\u0119 do zwi\u0119kszenia widoczno\u015bci wsp\u00f3\u0142pracy transgranicznej w ca\u0142ym regionie niemiecko-polskim.<\/p>\n<p>Dzi\u0119ki tej akcji mogli\u015bmy przybli\u017cy\u0107 Pa\u0144stwu ciekawe i wa\u017cne polsko-niemieckie projekty realizowane wzd\u0142u\u017c naszej granicy.<\/p>\n<\/div><\/div><\/div><\/div><\/div><div class=\"fusion-fullwidth fullwidth-box fusion-builder-row-2 fusion-flex-container has-pattern-background has-mask-background nonhundred-percent-fullwidth non-hundred-percent-height-scrolling\" style=\"--awb-border-radius-top-left:0px;--awb-border-radius-top-right:0px;--awb-border-radius-bottom-right:0px;--awb-border-radius-bottom-left:0px;--awb-flex-wrap:wrap;\" ><div class=\"fusion-builder-row fusion-row fusion-flex-align-items-flex-start fusion-flex-content-wrap\" style=\"max-width:1586px;margin-left: calc(-4% \/ 2 );margin-right: calc(-4% \/ 2 );\"><div class=\"fusion-layout-column fusion_builder_column fusion-builder-column-1 fusion_builder_column_1_1 1_1 fusion-flex-column\" style=\"--awb-bg-size:cover;--awb-width-large:100%;--awb-margin-top-large:0px;--awb-spacing-right-large:1.92%;--awb-margin-bottom-large:20px;--awb-spacing-left-large:1.92%;--awb-width-medium:100%;--awb-order-medium:0;--awb-spacing-right-medium:1.92%;--awb-spacing-left-medium:1.92%;--awb-width-small:100%;--awb-order-small:0;--awb-spacing-right-small:1.92%;--awb-spacing-left-small:1.92%;\"><div class=\"fusion-column-wrapper fusion-column-has-shadow fusion-flex-justify-content-flex-start fusion-content-layout-column\"><div class=\"fusion-text fusion-text-2\" style=\"--awb-margin-top:30px px;\"><h4>Projekty informacyjno-doradcze dla og\u00f3\u0142u spo\u0142ecze\u0144stwa na pograniczu:<\/h4>\n<\/div><div class=\"fusion-text fusion-text-3\" style=\"--awb-margin-top:15px;\"><h5>GIP \u2013 Przygotowanie i wdro\u017cenie systemu granicznych punkt\u00f3w informacji wzd\u0142u\u017c granicy polsko-niemieckiej<\/h5>\n<p><strong>Interreg VI A Brandenburgia \u2013 Polska 2021-2027<\/strong><\/p>\n<p>G\u0142\u00f3wnym celem projektu jest zbudowanie wsp\u00f3lnej sieci operacyjnej w celu utworzenia i prowadzenia punkt\u00f3w informacji granicznej (GIP) zlokalizowanych na obszarze wsparcia. Punkty Informacji Granicznej b\u0119d\u0105 udziela\u0142y informacji, osobistych doradztw i porad w kwestiach zwi\u0105zanych z dzia\u0142alno\u015bci\u0105 i \u017cyciem transgranicznym. Jako o\u015brodki pod r\u00f3\u017cnymi patronatami, b\u0119d\u0105 dzia\u0142a\u0142y w skoordynowanej sieci pod wsp\u00f3ln\u0105 mark\u0105.<\/p>\n<p>Projekt \u015bci\u015ble anga\u017cuje w realizacj\u0119 swoich dzia\u0142a\u0144 euroregiony ze wszystkich trzech polsko-niemieckich obszar\u00f3w programowych jako partner\u00f3w stowarzyszonych oraz uczestniczy w wymianie mi\u0119dzyprogramowej ze strategicznym projektem \u201e<strong>SID \u2013 Sie\u0107 Informacyjno-Doradcza<\/strong>\u201d w ramach Programu Interreg VI A Meklemburgia-Pomorze Przednie \/ Brandenburgia \/ Polska 2021-2027.<\/p>\n<\/div><div class=\"md-text-align-right sm-text-align-right\" style=\"text-align:left;\"><a class=\"fusion-button button-flat button-large button-custom fusion-button-default button-1 fusion-button-default-span fusion-button-default-type fusion-has-button-gradient button\" style=\"--button_accent_color:var(--awb-color1);--button_accent_hover_color:var(--awb-color1);--button_border_hover_color:var(--awb-color1);--button_gradient_angle:69deg;--button_gradient_top_color:var(--awb-color2);--button_gradient_bottom_color:var(--awb-custom_color_7);--button_gradient_top_color_hover:hsla(var(--awb-custom_color_4-h),calc(var(--awb-custom_color_4-s) - 5%),calc(var(--awb-custom_color_4-l) - 10%),var(--awb-custom_color_4-a));--button_gradient_bottom_color_hover:hsla(var(--awb-color2-h),calc(var(--awb-color2-s) - 5%),calc(var(--awb-color2-l) - 10%),var(--awb-color2-a));--button_margin-bottom:20px;\" target=\"_self\" href=\"https:\/\/www.interreg6a.net\/pl\/3-sekretariaty-2-kraje-1-wspolny-cel-czesc-1\/\"><i class=\"icon-link-pfeil awb-button__icon awb-button__icon--default button-icon-left\" aria-hidden=\"true\"><\/i><span class=\"fusion-button-text awb-button__text awb-button__text--default\">do cz\u0119\u015bci 1: GIP<\/span><\/a><\/div><div class=\"fusion-text fusion-text-4\" style=\"--awb-margin-top:20px;\"><h5>IBN\/SID \u2013 Sie\u0107 Informacyjno-doradcza<\/h5>\n<p><strong>Interreg VI A Meklemburgia-Pomorze Przednie \/ Brandenburgia \/ Polska 2021-2027<\/strong><\/p>\n<p>Celem projektu jest rozwi\u0105zywanie problem\u00f3w komunikacyjnych, administracyjnych, mi\u0119dzykulturowych i prawnych jak r\u00f3wnie\u017c wspieranie przedsi\u0119biorstw, instytucji i mieszka\u0144c\u00f3w w pokonywaniu przeszk\u00f3d transgranicznych. Celem jest r\u00f3wnie\u017c rozszerzenie wsp\u00f3\u0142pracy gospodarczej. poprzez wykorzystanie potencja\u0142u rozwojowego i generowanie impuls\u00f3w innowacyjnych stymuluj\u0105cych lokalne \u017cycie gospodarczej.<\/p>\n<p>Projekt IBN\/SID wspiera realizacj\u0119 projektu GIP, wykorzystuj\u0105c swoje wieloletnie do\u015bwiadczenie w tworzeniu i prowadzeniu struktur doradczych w regionach przygranicznych.<\/p>\n<\/div><div class=\"md-text-align-right sm-text-align-right\" style=\"text-align:left;\"><a class=\"fusion-button button-flat button-large button-custom fusion-button-default button-2 fusion-button-default-span fusion-button-default-type fusion-has-button-gradient button\" style=\"--button_accent_color:var(--awb-color1);--button_accent_hover_color:var(--awb-color1);--button_border_hover_color:var(--awb-color1);--button_gradient_angle:69deg;--button_gradient_top_color:var(--awb-color2);--button_gradient_bottom_color:var(--awb-custom_color_7);--button_gradient_top_color_hover:hsla(var(--awb-custom_color_4-h),calc(var(--awb-custom_color_4-s) - 5%),calc(var(--awb-custom_color_4-l) - 10%),var(--awb-custom_color_4-a));--button_gradient_bottom_color_hover:hsla(var(--awb-color2-h),calc(var(--awb-color2-s) - 5%),calc(var(--awb-color2-l) - 10%),var(--awb-color2-a));--button_margin-bottom:20px;\" target=\"_self\" href=\"https:\/\/www.interreg6a.net\/pl\/3%ef%b8%8f%e2%83%a3-sekretariaty-2%ef%b8%8f%e2%83%a3-kraje-1%ef%b8%8f%e2%83%a3-wspolny-cel-czesc-3-ibn-sid\/\"><i class=\"icon-link-pfeil awb-button__icon awb-button__icon--default button-icon-left\" aria-hidden=\"true\"><\/i><span class=\"fusion-button-text awb-button__text awb-button__text--default\">do cz\u0119\u015bci 3: IBN\/SID<\/span><\/a><\/div><\/div><\/div><\/div><\/div><div class=\"fusion-fullwidth fullwidth-box fusion-builder-row-3 fusion-flex-container has-pattern-background has-mask-background nonhundred-percent-fullwidth non-hundred-percent-height-scrolling\" style=\"--awb-border-radius-top-left:0px;--awb-border-radius-top-right:0px;--awb-border-radius-bottom-right:0px;--awb-border-radius-bottom-left:0px;--awb-flex-wrap:wrap;\" ><div class=\"fusion-builder-row fusion-row fusion-flex-align-items-flex-start fusion-flex-content-wrap\" style=\"max-width:1586px;margin-left: calc(-4% \/ 2 );margin-right: calc(-4% \/ 2 );\"><div class=\"fusion-layout-column fusion_builder_column fusion-builder-column-2 fusion_builder_column_1_1 1_1 fusion-flex-column\" style=\"--awb-bg-size:cover;--awb-width-large:100%;--awb-margin-top-large:0px;--awb-spacing-right-large:1.92%;--awb-margin-bottom-large:20px;--awb-spacing-left-large:1.92%;--awb-width-medium:100%;--awb-order-medium:0;--awb-spacing-right-medium:1.92%;--awb-spacing-left-medium:1.92%;--awb-width-small:100%;--awb-order-small:0;--awb-spacing-right-small:1.92%;--awb-spacing-left-small:1.92%;\"><div class=\"fusion-column-wrapper fusion-column-has-shadow fusion-flex-justify-content-flex-start fusion-content-layout-column\"><div class=\"fusion-text fusion-text-5\" style=\"--awb-margin-top:30px;\"><h4>Projekty dotycz\u0105ce Zielonego \u0141adu:<\/h4>\n<\/div><div class=\"fusion-text fusion-text-6\" style=\"--awb-margin-top:15px;\"><h5>Zielona Przysz\u0142o\u015b\u0107 Pogranicza<\/h5>\n<p><strong>Program wsp\u00f3\u0142pracy Interreg Polska -Saksonia 2021-2027<\/strong><\/p>\n<p>Projekt ten postawi\u0142 sobie za cel wykorzystanie szans i mo\u017cliwo\u015bci wynikaj\u0105cych ze zmian strukturalnych w zakresie transformacji energetycznej na polsko-niemieckim pograniczu. W swoich dzia\u0142aniach d\u0105\u017cy on do pog\u0142\u0119bienia wsp\u00f3\u0142pracy transgranicznej pomi\u0119dzy instytucjami i przedsi\u0119biorcami oraz pomi\u0119dzy biznesem i nauk\u0105.<\/p>\n<\/div><div class=\"md-text-align-right sm-text-align-right\" style=\"text-align:left;\"><a class=\"fusion-button button-flat button-large button-custom fusion-button-default button-3 fusion-button-default-span fusion-button-default-type fusion-has-button-gradient button\" style=\"--button_accent_color:var(--awb-color1);--button_accent_hover_color:var(--awb-color1);--button_border_hover_color:var(--awb-color1);--button_gradient_angle:69deg;--button_gradient_top_color:var(--awb-color2);--button_gradient_bottom_color:var(--awb-custom_color_7);--button_gradient_top_color_hover:hsla(var(--awb-custom_color_4-h),calc(var(--awb-custom_color_4-s) - 5%),calc(var(--awb-custom_color_4-l) - 10%),var(--awb-custom_color_4-a));--button_gradient_bottom_color_hover:hsla(var(--awb-color2-h),calc(var(--awb-color2-s) - 5%),calc(var(--awb-color2-l) - 10%),var(--awb-color2-a));--button_margin-bottom:20px;\" target=\"_self\" href=\"https:\/\/www.interreg6a.net\/pl\/3-sekretariaty-2-kraje-1-wspolny-cel-czesc-2\/\"><i class=\"icon-link-pfeil awb-button__icon awb-button__icon--default button-icon-left\" aria-hidden=\"true\"><\/i><span class=\"fusion-button-text awb-button__text awb-button__text--default\">do cz\u0119\u015bci 2: Zielona Przysz\u0142o\u015b\u0107 Pogranicza<\/span><\/a><\/div><div class=\"fusion-text fusion-text-7\" style=\"--awb-margin-top:20px;\"><h5>GO GREEN &#8211; Polsko-Niemieckie Centrum Kompetencji Zr\u00f3wnowa\u017conego Rozwoju<\/h5>\n<p><strong>Interreg VI A Brandenburg \u2013 Polska 2021 \u2013 2027<\/strong><\/p>\n<p>Projekt ma za zadanie ustanowienie kompleksowego wsparcia dla firm w zakresie transformacji ekologicznej poprzez powo\u0142anie do \u017cycia polsko-niemieckiego Centrum Kompetencji Zr\u00f3wnowa\u017conego Rozwoju. W ramach projektu odbywa\u0107 si\u0119 b\u0119d\u0105 webinaria, szkolenia, doradztwo oraz tworzona jest platforma cyfrowa.<\/p>\n<\/div><div class=\"md-text-align-right sm-text-align-right\" style=\"text-align:left;\"><a class=\"fusion-button button-flat button-large button-custom fusion-button-default button-4 fusion-button-default-span fusion-button-default-type fusion-has-button-gradient button\" style=\"--button_accent_color:var(--awb-color1);--button_accent_hover_color:var(--awb-color1);--button_border_hover_color:var(--awb-color1);--button_gradient_angle:69deg;--button_gradient_top_color:var(--awb-color2);--button_gradient_bottom_color:var(--awb-custom_color_7);--button_gradient_top_color_hover:hsla(var(--awb-custom_color_4-h),calc(var(--awb-custom_color_4-s) - 5%),calc(var(--awb-custom_color_4-l) - 10%),var(--awb-custom_color_4-a));--button_gradient_bottom_color_hover:hsla(var(--awb-color2-h),calc(var(--awb-color2-s) - 5%),calc(var(--awb-color2-l) - 10%),var(--awb-color2-a));--button_margin-bottom:20px;\" target=\"_self\" href=\"https:\/\/www.interreg6a.net\/pl\/3%ef%b8%8f%e2%83%a3-sekretariaty-2%ef%b8%8f%e2%83%a3-kraje-1%ef%b8%8f%e2%83%a3-wspolny-cel-czesc-4-go-green\/\"><i class=\"icon-link-pfeil awb-button__icon awb-button__icon--default button-icon-left\" aria-hidden=\"true\"><\/i><span class=\"fusion-button-text awb-button__text awb-button__text--default\">do cz\u0119\u015bci 4: GO GREEN<\/span><\/a><\/div><div class=\"fusion-text fusion-text-8\" style=\"--awb-margin-top:20px;\"><h5>POLSMA Region Pomerania \u017cyje zr\u00f3wnowa\u017conym zarz\u0105dzaniem<\/h5>\n<p><strong>Interreg VI A Meklemburgia-Pomorze Przednie \/ Brandenburgia \/ Polska 2021-2027<\/strong><\/p>\n<p>Celem projektu strategicznego jest wdro\u017cenie Europejskiego Zielonego \u0141adu w przedsi\u0119biorstwach regionu Pomerania oraz stworzenie \u201epolsko-niemieckiego regionu kompetencji Zielonego \u0141adu\u201d. Projekt zajmuje si\u0119 informowaniem, szkoleniem, organizowaniem konferencji i tworzeniem sieci kontakt\u00f3w oraz budowaniem platformy cyfrowej.<\/p>\n<p>Poprzez skoordynowane szkolenia, spotkania informacyjne, doradztwo i tworzenie sieci wsparcia i synergii w ramach partnerstwa w obu projektach powstaje skuteczne narz\u0119dzie dla podmiot\u00f3w w regionie przygranicznym, kt\u00f3re dostosowuj\u0105 si\u0119 do transformacji energetycznej.<\/p>\n<\/div><div class=\"md-text-align-right sm-text-align-right\" style=\"text-align:left;\"><a class=\"fusion-button button-flat button-large button-custom fusion-button-default button-5 fusion-button-default-span fusion-button-default-type fusion-has-button-gradient button\" style=\"--button_accent_color:var(--awb-color1);--button_accent_hover_color:var(--awb-color1);--button_border_hover_color:var(--awb-color1);--button_gradient_angle:69deg;--button_gradient_top_color:var(--awb-color2);--button_gradient_bottom_color:var(--awb-custom_color_7);--button_gradient_top_color_hover:hsla(var(--awb-custom_color_4-h),calc(var(--awb-custom_color_4-s) - 5%),calc(var(--awb-custom_color_4-l) - 10%),var(--awb-custom_color_4-a));--button_gradient_bottom_color_hover:hsla(var(--awb-color2-h),calc(var(--awb-color2-s) - 5%),calc(var(--awb-color2-l) - 10%),var(--awb-color2-a));--button_margin-bottom:20px;\" target=\"_self\" href=\"https:\/\/www.interreg6a.net\/pl\/3%ef%b8%8f%e2%83%a3-sekretariaty-2%ef%b8%8f%e2%83%a3-kraje-1%ef%b8%8f%e2%83%a3-wspolny-cel-czesc-6-polsma\/\"><i class=\"icon-link-pfeil awb-button__icon awb-button__icon--default button-icon-left\" aria-hidden=\"true\"><\/i><span class=\"fusion-button-text awb-button__text awb-button__text--default\">do cz\u0119\u015bci 6: POLSMA<\/span><\/a><\/div><\/div><\/div><\/div><\/div><div class=\"fusion-fullwidth fullwidth-box fusion-builder-row-4 fusion-flex-container has-pattern-background has-mask-background nonhundred-percent-fullwidth non-hundred-percent-height-scrolling\" style=\"--awb-border-radius-top-left:0px;--awb-border-radius-top-right:0px;--awb-border-radius-bottom-right:0px;--awb-border-radius-bottom-left:0px;--awb-flex-wrap:wrap;\" ><div class=\"fusion-builder-row fusion-row fusion-flex-align-items-flex-start fusion-flex-content-wrap\" style=\"max-width:1586px;margin-left: calc(-4% \/ 2 );margin-right: calc(-4% \/ 2 );\"><div class=\"fusion-layout-column fusion_builder_column fusion-builder-column-3 fusion_builder_column_1_1 1_1 fusion-flex-column\" style=\"--awb-bg-size:cover;--awb-width-large:100%;--awb-margin-top-large:0px;--awb-spacing-right-large:1.92%;--awb-margin-bottom-large:20px;--awb-spacing-left-large:1.92%;--awb-width-medium:100%;--awb-order-medium:0;--awb-spacing-right-medium:1.92%;--awb-spacing-left-medium:1.92%;--awb-width-small:100%;--awb-order-small:0;--awb-spacing-right-small:1.92%;--awb-spacing-left-small:1.92%;\"><div class=\"fusion-column-wrapper fusion-column-has-shadow fusion-flex-justify-content-flex-start fusion-content-layout-column\"><div class=\"fusion-text fusion-text-9\" style=\"--awb-margin-top:30px;\"><h4>Projekt dotycz\u0105cy zr\u00f3wnowa\u017conej turystyki:<\/h4>\n<\/div><div class=\"fusion-text fusion-text-10\" style=\"--awb-margin-top:20px;\"><h5>\u0141\u0105cz\u0105 nas zamki i pa\u0142ace Polska \u2013 Niemcy<\/h5>\n<p>Program wsp\u00f3\u0142pracy Interreg Polska -Saksonia 2021-2027<\/p>\n<p>Celem projektu jest opracowanie i wdro\u017cenie strategii\/planu dzia\u0142ania, kt\u00f3ry pos\u0142u\u017cy do stworzenia, rozwoju i promocji sieci wsp\u00f3\u0142pracy transgranicznej polegaj\u0105cej na rozszerzeniu istniej\u0105cego produktu turystycznego pod mark\u0105 \u201eEuropejski Szlak Zamk\u00f3w i Pa\u0142ac\u00f3w\u201d.<\/p>\n<\/div><div class=\"md-text-align-right sm-text-align-right\" style=\"text-align:left;\"><a class=\"fusion-button button-flat button-large button-custom fusion-button-default button-6 fusion-button-default-span fusion-button-default-type fusion-has-button-gradient button\" style=\"--button_accent_color:var(--awb-color1);--button_accent_hover_color:var(--awb-color1);--button_border_hover_color:var(--awb-color1);--button_gradient_angle:69deg;--button_gradient_top_color:var(--awb-color2);--button_gradient_bottom_color:var(--awb-custom_color_7);--button_gradient_top_color_hover:hsla(var(--awb-custom_color_4-h),calc(var(--awb-custom_color_4-s) - 5%),calc(var(--awb-custom_color_4-l) - 10%),var(--awb-custom_color_4-a));--button_gradient_bottom_color_hover:hsla(var(--awb-color2-h),calc(var(--awb-color2-s) - 5%),calc(var(--awb-color2-l) - 10%),var(--awb-color2-a));--button_margin-bottom:20px;\" target=\"_self\" href=\"https:\/\/www.interreg6a.net\/pl\/3%ef%b8%8f%e2%83%a3-sekretariaty-2%ef%b8%8f%e2%83%a3-kraje-1%ef%b8%8f%e2%83%a3-wspolny-cel-czesc-5-lacza-nas-zamki-i-palace-polska-niemcy\/\"><i class=\"icon-link-pfeil awb-button__icon awb-button__icon--default button-icon-left\" aria-hidden=\"true\"><\/i><span class=\"fusion-button-text awb-button__text awb-button__text--default\">do cz\u0119\u015bci 5: \u0141\u0105cz\u0105 nas zamki i pa\u0142ace Polska \u2013 Niemcy<\/span><\/a><\/div><div class=\"fusion-text fusion-text-11\" style=\"--awb-margin-top:30px;\"><p>Wsp\u00f3lna akcja informacyjna pozwoli\u0142a wszystkim Wsp\u00f3lnym Sekretariatom na pokazanie, \u017ce przedstawione projekty \u0142\u0105cz\u0105 wsp\u00f3lne cechy takie jak np.:<\/p>\n<ul>\n<li>wysoka ocena projektu<\/li>\n<li>d\u0142ugotrwa\u0142e oddzia\u0142ywanie<\/li>\n<li>istotno\u015b\u0107 polityczna\/spo\u0142eczna<\/li>\n<li>ponadprzeci\u0119tne partnerstwo projektowe<\/li>\n<li>zorientowanie na komunikacj\u0119<\/li>\n<li>mi\u0119dzyprogramowo\u015b\u0107.<\/li>\n<\/ul>\n<p>Na naszej stronie internetowej programu <a href=\"https:\/\/www.interreg6a.net\/pl\/projekty-strategiczne\/\">\u201eProjekty strategiczne\u201d<\/a> mo\u017cna znale\u017a\u0107 wi\u0119cej og\u00f3lnych informacji na temat projekt\u00f3w o znaczeniu strategicznym i ponadprogramowym.<\/p>\n<p>Wsp\u00f3lne Sekretariaty w nowym roku nadal b\u0119d\u0105 prowadzi\u0142y wsp\u00f3lne dzia\u0142ania informuj\u0105ce o projektach strategicznych.<\/p>\n<\/div><\/div><\/div><\/div><\/div><div class=\"fusion-fullwidth fullwidth-box fusion-builder-row-5 fusion-flex-container has-pattern-background has-mask-background nonhundred-percent-fullwidth non-hundred-percent-height-scrolling\" style=\"--awb-border-radius-top-left:0px;--awb-border-radius-top-right:0px;--awb-border-radius-bottom-right:0px;--awb-border-radius-bottom-left:0px;--awb-flex-wrap:wrap;\" ><div class=\"fusion-builder-row fusion-row fusion-flex-align-items-flex-start fusion-flex-content-wrap\" style=\"max-width:1586px;margin-left: calc(-4% \/ 2 );margin-right: calc(-4% \/ 2 );\"><div class=\"fusion-layout-column fusion_builder_column fusion-builder-column-4 fusion_builder_column_1_1 1_1 fusion-flex-column\" style=\"--awb-bg-size:cover;--awb-width-large:100%;--awb-margin-top-large:0px;--awb-spacing-right-large:1.92%;--awb-margin-bottom-large:20px;--awb-spacing-left-large:1.92%;--awb-width-medium:100%;--awb-order-medium:0;--awb-spacing-right-medium:1.92%;--awb-spacing-left-medium:1.92%;--awb-width-small:100%;--awb-order-small:0;--awb-spacing-right-small:1.92%;--awb-spacing-left-small:1.92%;\"><div class=\"fusion-column-wrapper fusion-column-has-shadow fusion-flex-justify-content-flex-start fusion-content-layout-column\"><div class=\"fusion-image-element \" style=\"--awb-margin-top:30px;--awb-margin-bottom:40px;--awb-caption-title-font-family:var(--h2_typography-font-family);--awb-caption-title-font-weight:var(--h2_typography-font-weight);--awb-caption-title-font-style:var(--h2_typography-font-style);--awb-caption-title-size:var(--h2_typography-font-size);--awb-caption-title-transform:var(--h2_typography-text-transform);--awb-caption-title-line-height:var(--h2_typography-line-height);--awb-caption-title-letter-spacing:var(--h2_typography-letter-spacing);\"><span class=\" fusion-imageframe imageframe-none imageframe-1 hover-type-none\"><img decoding=\"async\" width=\"1587\" height=\"2245\" title=\"Poster_Gemeinsame Aktion GS\" src=\"https:\/\/www.interreg6a.net\/wp-content\/uploads\/2025\/12\/Poster_Gemeinsame-Aktion-GS.png\" alt class=\"img-responsive wp-image-21059\" srcset=\"https:\/\/www.interreg6a.net\/wp-content\/uploads\/2025\/12\/Poster_Gemeinsame-Aktion-GS-200x283.png 200w, https:\/\/www.interreg6a.net\/wp-content\/uploads\/2025\/12\/Poster_Gemeinsame-Aktion-GS-400x566.png 400w, https:\/\/www.interreg6a.net\/wp-content\/uploads\/2025\/12\/Poster_Gemeinsame-Aktion-GS-600x849.png 600w, https:\/\/www.interreg6a.net\/wp-content\/uploads\/2025\/12\/Poster_Gemeinsame-Aktion-GS-800x1132.png 800w, https:\/\/www.interreg6a.net\/wp-content\/uploads\/2025\/12\/Poster_Gemeinsame-Aktion-GS-1200x1698.png 1200w, https:\/\/www.interreg6a.net\/wp-content\/uploads\/2025\/12\/Poster_Gemeinsame-Aktion-GS.png 1587w\" sizes=\"(max-width: 575px) 100vw, 1587px\" \/><\/span><\/div><\/div><\/div><\/div><\/div><\/p>\n","protected":false},"excerpt":{"rendered":"","protected":false},"author":25,"featured_media":21064,"comment_status":"closed","ping_status":"closed","sticky":false,"template":"","format":"standard","meta":{"_price":"","_stock":"","_tribe_ticket_header":"","_tribe_default_ticket_provider":"","_tribe_ticket_capacity":"0","_ticket_start_date":"","_ticket_end_date":"","_tribe_ticket_show_description":"","_tribe_ticket_show_not_going":false,"_tribe_ticket_use_global_stock":"","_tribe_ticket_global_stock_level":"","_global_stock_mode":"","_global_stock_cap":"","_tribe_rsvp_for_event":"","_tribe_ticket_going_count":"","_tribe_ticket_not_going_count":"","_tribe_tickets_list":"[]","_tribe_ticket_has_attendee_info_fields":false,"footnotes":""},"categories":[20,169,170],"tags":[],"class_list":["post-21049","post","type-post","status-publish","format-standard","has-post-thumbnail","hentry","category-aktualnosci","category-wspolne-dzialania-sekretariatow","category-wspolne-dzialania-sekretariatow-pl"],"yoast_head":"<!-- This site is optimized with the Yoast SEO plugin v27.3 - https:\/\/yoast.com\/product\/yoast-seo-wordpress\/ -->\n<title>Wsp\u00f3lna akcja: 3 sekretariaty, 2 kraje, 1 wsp\u00f3lny cel! \u2013 Nasze konkluzje - Interreg VI A MV\/BB\/PL<\/title>\n<meta name=\"robots\" content=\"index, follow, max-snippet:-1, max-image-preview:large, max-video-preview:-1\" \/>\n<link rel=\"canonical\" href=\"https:\/\/www.interreg6a.net\/pl\/wspolna-akcja-3-sekretariaty-2-kraje-1-wspolny-cel-nasze-konkluzje\/\" \/>\n<meta property=\"og:locale\" content=\"pl_PL\" \/>\n<meta property=\"og:type\" content=\"article\" \/>\n<meta property=\"og:title\" content=\"Wsp\u00f3lna akcja: 3 sekretariaty, 2 kraje, 1 wsp\u00f3lny cel! \u2013 Nasze konkluzje - Interreg VI A MV\/BB\/PL\" \/>\n<meta property=\"og:url\" content=\"https:\/\/www.interreg6a.net\/pl\/wspolna-akcja-3-sekretariaty-2-kraje-1-wspolny-cel-nasze-konkluzje\/\" \/>\n<meta property=\"og:site_name\" content=\"Interreg VI A MV\/BB\/PL\" \/>\n<meta property=\"article:published_time\" content=\"2025-12-03T09:19:17+00:00\" \/>\n<meta property=\"article:modified_time\" content=\"2025-12-09T10:01:07+00:00\" \/>\n<meta property=\"og:image\" content=\"https:\/\/www.interreg6a.net\/wp-content\/uploads\/2025\/12\/3-2-1-grafika-www.png\" \/>\n\t<meta property=\"og:image:width\" content=\"1200\" \/>\n\t<meta property=\"og:image:height\" content=\"628\" \/>\n\t<meta property=\"og:image:type\" content=\"image\/png\" \/>\n<meta name=\"author\" content=\"semeniuk\" \/>\n<meta name=\"twitter:card\" content=\"summary_large_image\" \/>\n<meta name=\"twitter:label1\" content=\"Napisane przez\" \/>\n\t<meta name=\"twitter:data1\" content=\"semeniuk\" \/>\n\t<meta name=\"twitter:label2\" content=\"Szacowany czas czytania\" \/>\n\t<meta name=\"twitter:data2\" content=\"4 minuty\" \/>\n<script type=\"application\/ld+json\" class=\"yoast-schema-graph\">{\"@context\":\"https:\\\/\\\/schema.org\",\"@graph\":[{\"@type\":\"Article\",\"@id\":\"https:\\\/\\\/www.interreg6a.net\\\/pl\\\/wspolna-akcja-3-sekretariaty-2-kraje-1-wspolny-cel-nasze-konkluzje\\\/#article\",\"isPartOf\":{\"@id\":\"https:\\\/\\\/www.interreg6a.net\\\/pl\\\/wspolna-akcja-3-sekretariaty-2-kraje-1-wspolny-cel-nasze-konkluzje\\\/\"},\"author\":{\"name\":\"semeniuk\",\"@id\":\"https:\\\/\\\/www.interreg6a.net\\\/pl\\\/#\\\/schema\\\/person\\\/4c87761287b75456c2ed5cfbf95e4e8b\"},\"headline\":\"Wsp\u00f3lna akcja: 3 sekretariaty, 2 kraje, 1 wsp\u00f3lny cel! \u2013 Nasze konkluzje\",\"datePublished\":\"2025-12-03T09:19:17+00:00\",\"dateModified\":\"2025-12-09T10:01:07+00:00\",\"mainEntityOfPage\":{\"@id\":\"https:\\\/\\\/www.interreg6a.net\\\/pl\\\/wspolna-akcja-3-sekretariaty-2-kraje-1-wspolny-cel-nasze-konkluzje\\\/\"},\"wordCount\":8787,\"image\":{\"@id\":\"https:\\\/\\\/www.interreg6a.net\\\/pl\\\/wspolna-akcja-3-sekretariaty-2-kraje-1-wspolny-cel-nasze-konkluzje\\\/#primaryimage\"},\"thumbnailUrl\":\"https:\\\/\\\/www.interreg6a.net\\\/wp-content\\\/uploads\\\/2025\\\/12\\\/3-2-1-grafika-www.png\",\"articleSection\":[\"Aktualno\u015bci\",\"Wsp\u00f3lne dzia\u0142ania Sekretariat\u00f3w\",\"Wsp\u00f3lne dzia\u0142ania Sekretariat\u00f3w\"],\"inLanguage\":\"pl-PL\"},{\"@type\":\"WebPage\",\"@id\":\"https:\\\/\\\/www.interreg6a.net\\\/pl\\\/wspolna-akcja-3-sekretariaty-2-kraje-1-wspolny-cel-nasze-konkluzje\\\/\",\"url\":\"https:\\\/\\\/www.interreg6a.net\\\/pl\\\/wspolna-akcja-3-sekretariaty-2-kraje-1-wspolny-cel-nasze-konkluzje\\\/\",\"name\":\"Wsp\u00f3lna akcja: 3 sekretariaty, 2 kraje, 1 wsp\u00f3lny cel! \u2013 Nasze konkluzje - Interreg VI A MV\\\/BB\\\/PL\",\"isPartOf\":{\"@id\":\"https:\\\/\\\/www.interreg6a.net\\\/pl\\\/#website\"},\"primaryImageOfPage\":{\"@id\":\"https:\\\/\\\/www.interreg6a.net\\\/pl\\\/wspolna-akcja-3-sekretariaty-2-kraje-1-wspolny-cel-nasze-konkluzje\\\/#primaryimage\"},\"image\":{\"@id\":\"https:\\\/\\\/www.interreg6a.net\\\/pl\\\/wspolna-akcja-3-sekretariaty-2-kraje-1-wspolny-cel-nasze-konkluzje\\\/#primaryimage\"},\"thumbnailUrl\":\"https:\\\/\\\/www.interreg6a.net\\\/wp-content\\\/uploads\\\/2025\\\/12\\\/3-2-1-grafika-www.png\",\"datePublished\":\"2025-12-03T09:19:17+00:00\",\"dateModified\":\"2025-12-09T10:01:07+00:00\",\"author\":{\"@id\":\"https:\\\/\\\/www.interreg6a.net\\\/pl\\\/#\\\/schema\\\/person\\\/4c87761287b75456c2ed5cfbf95e4e8b\"},\"breadcrumb\":{\"@id\":\"https:\\\/\\\/www.interreg6a.net\\\/pl\\\/wspolna-akcja-3-sekretariaty-2-kraje-1-wspolny-cel-nasze-konkluzje\\\/#breadcrumb\"},\"inLanguage\":\"pl-PL\",\"potentialAction\":[{\"@type\":\"ReadAction\",\"target\":[\"https:\\\/\\\/www.interreg6a.net\\\/pl\\\/wspolna-akcja-3-sekretariaty-2-kraje-1-wspolny-cel-nasze-konkluzje\\\/\"]}]},{\"@type\":\"ImageObject\",\"inLanguage\":\"pl-PL\",\"@id\":\"https:\\\/\\\/www.interreg6a.net\\\/pl\\\/wspolna-akcja-3-sekretariaty-2-kraje-1-wspolny-cel-nasze-konkluzje\\\/#primaryimage\",\"url\":\"https:\\\/\\\/www.interreg6a.net\\\/wp-content\\\/uploads\\\/2025\\\/12\\\/3-2-1-grafika-www.png\",\"contentUrl\":\"https:\\\/\\\/www.interreg6a.net\\\/wp-content\\\/uploads\\\/2025\\\/12\\\/3-2-1-grafika-www.png\",\"width\":1200,\"height\":628},{\"@type\":\"BreadcrumbList\",\"@id\":\"https:\\\/\\\/www.interreg6a.net\\\/pl\\\/wspolna-akcja-3-sekretariaty-2-kraje-1-wspolny-cel-nasze-konkluzje\\\/#breadcrumb\",\"itemListElement\":[{\"@type\":\"ListItem\",\"position\":1,\"name\":\"Strona g\u0142\u00f3wna\",\"item\":\"https:\\\/\\\/www.interreg6a.net\\\/pl\\\/\"},{\"@type\":\"ListItem\",\"position\":2,\"name\":\"Wsp\u00f3lna akcja: 3 sekretariaty, 2 kraje, 1 wsp\u00f3lny cel! \u2013 Nasze konkluzje\"}]},{\"@type\":\"WebSite\",\"@id\":\"https:\\\/\\\/www.interreg6a.net\\\/pl\\\/#website\",\"url\":\"https:\\\/\\\/www.interreg6a.net\\\/pl\\\/\",\"name\":\"Interreg VI A MV\\\/BB\\\/PL\",\"description\":\"\",\"potentialAction\":[{\"@type\":\"SearchAction\",\"target\":{\"@type\":\"EntryPoint\",\"urlTemplate\":\"https:\\\/\\\/www.interreg6a.net\\\/pl\\\/?s={search_term_string}\"},\"query-input\":{\"@type\":\"PropertyValueSpecification\",\"valueRequired\":true,\"valueName\":\"search_term_string\"}}],\"inLanguage\":\"pl-PL\"},{\"@type\":\"Person\",\"@id\":\"https:\\\/\\\/www.interreg6a.net\\\/pl\\\/#\\\/schema\\\/person\\\/4c87761287b75456c2ed5cfbf95e4e8b\",\"name\":\"semeniuk\",\"image\":{\"@type\":\"ImageObject\",\"inLanguage\":\"pl-PL\",\"@id\":\"https:\\\/\\\/secure.gravatar.com\\\/avatar\\\/2aab4d2ca365cd79a4eb712e81052078a3fa7ddccf6c3d13d25230ebeeea8344?s=96&d=mm&r=g\",\"url\":\"https:\\\/\\\/secure.gravatar.com\\\/avatar\\\/2aab4d2ca365cd79a4eb712e81052078a3fa7ddccf6c3d13d25230ebeeea8344?s=96&d=mm&r=g\",\"contentUrl\":\"https:\\\/\\\/secure.gravatar.com\\\/avatar\\\/2aab4d2ca365cd79a4eb712e81052078a3fa7ddccf6c3d13d25230ebeeea8344?s=96&d=mm&r=g\",\"caption\":\"semeniuk\"},\"url\":\"https:\\\/\\\/www.interreg6a.net\\\/pl\\\/author\\\/semeniuk\\\/\"}]}<\/script>\n<!-- \/ Yoast SEO plugin. -->","yoast_head_json":{"title":"Wsp\u00f3lna akcja: 3 sekretariaty, 2 kraje, 1 wsp\u00f3lny cel! \u2013 Nasze konkluzje - Interreg VI A MV\/BB\/PL","robots":{"index":"index","follow":"follow","max-snippet":"max-snippet:-1","max-image-preview":"max-image-preview:large","max-video-preview":"max-video-preview:-1"},"canonical":"https:\/\/www.interreg6a.net\/pl\/wspolna-akcja-3-sekretariaty-2-kraje-1-wspolny-cel-nasze-konkluzje\/","og_locale":"pl_PL","og_type":"article","og_title":"Wsp\u00f3lna akcja: 3 sekretariaty, 2 kraje, 1 wsp\u00f3lny cel! \u2013 Nasze konkluzje - Interreg VI A MV\/BB\/PL","og_url":"https:\/\/www.interreg6a.net\/pl\/wspolna-akcja-3-sekretariaty-2-kraje-1-wspolny-cel-nasze-konkluzje\/","og_site_name":"Interreg VI A MV\/BB\/PL","article_published_time":"2025-12-03T09:19:17+00:00","article_modified_time":"2025-12-09T10:01:07+00:00","og_image":[{"width":1200,"height":628,"url":"https:\/\/www.interreg6a.net\/wp-content\/uploads\/2025\/12\/3-2-1-grafika-www.png","type":"image\/png"}],"author":"semeniuk","twitter_card":"summary_large_image","twitter_misc":{"Napisane przez":"semeniuk","Szacowany czas czytania":"4 minuty"},"schema":{"@context":"https:\/\/schema.org","@graph":[{"@type":"Article","@id":"https:\/\/www.interreg6a.net\/pl\/wspolna-akcja-3-sekretariaty-2-kraje-1-wspolny-cel-nasze-konkluzje\/#article","isPartOf":{"@id":"https:\/\/www.interreg6a.net\/pl\/wspolna-akcja-3-sekretariaty-2-kraje-1-wspolny-cel-nasze-konkluzje\/"},"author":{"name":"semeniuk","@id":"https:\/\/www.interreg6a.net\/pl\/#\/schema\/person\/4c87761287b75456c2ed5cfbf95e4e8b"},"headline":"Wsp\u00f3lna akcja: 3 sekretariaty, 2 kraje, 1 wsp\u00f3lny cel! \u2013 Nasze konkluzje","datePublished":"2025-12-03T09:19:17+00:00","dateModified":"2025-12-09T10:01:07+00:00","mainEntityOfPage":{"@id":"https:\/\/www.interreg6a.net\/pl\/wspolna-akcja-3-sekretariaty-2-kraje-1-wspolny-cel-nasze-konkluzje\/"},"wordCount":8787,"image":{"@id":"https:\/\/www.interreg6a.net\/pl\/wspolna-akcja-3-sekretariaty-2-kraje-1-wspolny-cel-nasze-konkluzje\/#primaryimage"},"thumbnailUrl":"https:\/\/www.interreg6a.net\/wp-content\/uploads\/2025\/12\/3-2-1-grafika-www.png","articleSection":["Aktualno\u015bci","Wsp\u00f3lne dzia\u0142ania Sekretariat\u00f3w","Wsp\u00f3lne dzia\u0142ania Sekretariat\u00f3w"],"inLanguage":"pl-PL"},{"@type":"WebPage","@id":"https:\/\/www.interreg6a.net\/pl\/wspolna-akcja-3-sekretariaty-2-kraje-1-wspolny-cel-nasze-konkluzje\/","url":"https:\/\/www.interreg6a.net\/pl\/wspolna-akcja-3-sekretariaty-2-kraje-1-wspolny-cel-nasze-konkluzje\/","name":"Wsp\u00f3lna akcja: 3 sekretariaty, 2 kraje, 1 wsp\u00f3lny cel! \u2013 Nasze konkluzje - Interreg VI A MV\/BB\/PL","isPartOf":{"@id":"https:\/\/www.interreg6a.net\/pl\/#website"},"primaryImageOfPage":{"@id":"https:\/\/www.interreg6a.net\/pl\/wspolna-akcja-3-sekretariaty-2-kraje-1-wspolny-cel-nasze-konkluzje\/#primaryimage"},"image":{"@id":"https:\/\/www.interreg6a.net\/pl\/wspolna-akcja-3-sekretariaty-2-kraje-1-wspolny-cel-nasze-konkluzje\/#primaryimage"},"thumbnailUrl":"https:\/\/www.interreg6a.net\/wp-content\/uploads\/2025\/12\/3-2-1-grafika-www.png","datePublished":"2025-12-03T09:19:17+00:00","dateModified":"2025-12-09T10:01:07+00:00","author":{"@id":"https:\/\/www.interreg6a.net\/pl\/#\/schema\/person\/4c87761287b75456c2ed5cfbf95e4e8b"},"breadcrumb":{"@id":"https:\/\/www.interreg6a.net\/pl\/wspolna-akcja-3-sekretariaty-2-kraje-1-wspolny-cel-nasze-konkluzje\/#breadcrumb"},"inLanguage":"pl-PL","potentialAction":[{"@type":"ReadAction","target":["https:\/\/www.interreg6a.net\/pl\/wspolna-akcja-3-sekretariaty-2-kraje-1-wspolny-cel-nasze-konkluzje\/"]}]},{"@type":"ImageObject","inLanguage":"pl-PL","@id":"https:\/\/www.interreg6a.net\/pl\/wspolna-akcja-3-sekretariaty-2-kraje-1-wspolny-cel-nasze-konkluzje\/#primaryimage","url":"https:\/\/www.interreg6a.net\/wp-content\/uploads\/2025\/12\/3-2-1-grafika-www.png","contentUrl":"https:\/\/www.interreg6a.net\/wp-content\/uploads\/2025\/12\/3-2-1-grafika-www.png","width":1200,"height":628},{"@type":"BreadcrumbList","@id":"https:\/\/www.interreg6a.net\/pl\/wspolna-akcja-3-sekretariaty-2-kraje-1-wspolny-cel-nasze-konkluzje\/#breadcrumb","itemListElement":[{"@type":"ListItem","position":1,"name":"Strona g\u0142\u00f3wna","item":"https:\/\/www.interreg6a.net\/pl\/"},{"@type":"ListItem","position":2,"name":"Wsp\u00f3lna akcja: 3 sekretariaty, 2 kraje, 1 wsp\u00f3lny cel! \u2013 Nasze konkluzje"}]},{"@type":"WebSite","@id":"https:\/\/www.interreg6a.net\/pl\/#website","url":"https:\/\/www.interreg6a.net\/pl\/","name":"Interreg VI A MV\/BB\/PL","description":"","potentialAction":[{"@type":"SearchAction","target":{"@type":"EntryPoint","urlTemplate":"https:\/\/www.interreg6a.net\/pl\/?s={search_term_string}"},"query-input":{"@type":"PropertyValueSpecification","valueRequired":true,"valueName":"search_term_string"}}],"inLanguage":"pl-PL"},{"@type":"Person","@id":"https:\/\/www.interreg6a.net\/pl\/#\/schema\/person\/4c87761287b75456c2ed5cfbf95e4e8b","name":"semeniuk","image":{"@type":"ImageObject","inLanguage":"pl-PL","@id":"https:\/\/secure.gravatar.com\/avatar\/2aab4d2ca365cd79a4eb712e81052078a3fa7ddccf6c3d13d25230ebeeea8344?s=96&d=mm&r=g","url":"https:\/\/secure.gravatar.com\/avatar\/2aab4d2ca365cd79a4eb712e81052078a3fa7ddccf6c3d13d25230ebeeea8344?s=96&d=mm&r=g","contentUrl":"https:\/\/secure.gravatar.com\/avatar\/2aab4d2ca365cd79a4eb712e81052078a3fa7ddccf6c3d13d25230ebeeea8344?s=96&d=mm&r=g","caption":"semeniuk"},"url":"https:\/\/www.interreg6a.net\/pl\/author\/semeniuk\/"}]}},"_links":{"self":[{"href":"https:\/\/www.interreg6a.net\/pl\/wp-json\/wp\/v2\/posts\/21049","targetHints":{"allow":["GET"]}}],"collection":[{"href":"https:\/\/www.interreg6a.net\/pl\/wp-json\/wp\/v2\/posts"}],"about":[{"href":"https:\/\/www.interreg6a.net\/pl\/wp-json\/wp\/v2\/types\/post"}],"author":[{"embeddable":true,"href":"https:\/\/www.interreg6a.net\/pl\/wp-json\/wp\/v2\/users\/25"}],"replies":[{"embeddable":true,"href":"https:\/\/www.interreg6a.net\/pl\/wp-json\/wp\/v2\/comments?post=21049"}],"version-history":[{"count":12,"href":"https:\/\/www.interreg6a.net\/pl\/wp-json\/wp\/v2\/posts\/21049\/revisions"}],"predecessor-version":[{"id":21074,"href":"https:\/\/www.interreg6a.net\/pl\/wp-json\/wp\/v2\/posts\/21049\/revisions\/21074"}],"wp:featuredmedia":[{"embeddable":true,"href":"https:\/\/www.interreg6a.net\/pl\/wp-json\/wp\/v2\/media\/21064"}],"wp:attachment":[{"href":"https:\/\/www.interreg6a.net\/pl\/wp-json\/wp\/v2\/media?parent=21049"}],"wp:term":[{"taxonomy":"category","embeddable":true,"href":"https:\/\/www.interreg6a.net\/pl\/wp-json\/wp\/v2\/categories?post=21049"},{"taxonomy":"post_tag","embeddable":true,"href":"https:\/\/www.interreg6a.net\/pl\/wp-json\/wp\/v2\/tags?post=21049"}],"curies":[{"name":"wp","href":"https:\/\/api.w.org\/{rel}","templated":true}]}}