{"id":21083,"date":"2025-12-04T09:01:00","date_gmt":"2025-12-04T08:01:00","guid":{"rendered":"https:\/\/www.interreg6a.net\/temicare-2-0-zaprasza-swiateczny-konkurs-magia-slow\/"},"modified":"2025-12-04T09:07:16","modified_gmt":"2025-12-04T08:07:16","slug":"temicare-2-0-zaprasza-swiateczny-konkurs-magia-slow","status":"publish","type":"post","link":"https:\/\/www.interreg6a.net\/pl\/temicare-2-0-zaprasza-swiateczny-konkurs-magia-slow\/","title":{"rendered":"Temicare 2.0 zaprasza: \u015bwi\u0105teczny konkurs \u201eMagia s\u0142\u00f3w\u201d!"},"content":{"rendered":"<div class=\"fusion-fullwidth fullwidth-box fusion-builder-row-1 fusion-flex-container has-pattern-background has-mask-background nonhundred-percent-fullwidth non-hundred-percent-height-scrolling\" style=\"--awb-border-radius-top-left:0px;--awb-border-radius-top-right:0px;--awb-border-radius-bottom-right:0px;--awb-border-radius-bottom-left:0px;--awb-flex-wrap:wrap;\" ><div class=\"fusion-builder-row fusion-row fusion-flex-align-items-flex-start fusion-flex-content-wrap\" style=\"max-width:1586px;margin-left: calc(-4% \/ 2 );margin-right: calc(-4% \/ 2 );\"><div class=\"fusion-layout-column fusion_builder_column fusion-builder-column-0 fusion_builder_column_1_1 1_1 fusion-flex-column\" style=\"--awb-bg-size:cover;--awb-width-large:100%;--awb-margin-top-large:0px;--awb-spacing-right-large:1.92%;--awb-margin-bottom-large:20px;--awb-spacing-left-large:1.92%;--awb-width-medium:100%;--awb-order-medium:0;--awb-spacing-right-medium:1.92%;--awb-spacing-left-medium:1.92%;--awb-width-small:100%;--awb-order-small:0;--awb-spacing-right-small:1.92%;--awb-spacing-left-small:1.92%;\"><div class=\"fusion-column-wrapper fusion-column-has-shadow fusion-flex-justify-content-flex-start fusion-content-layout-column\"><div class=\"fusion-title title fusion-title-1 fusion-sep-none fusion-title-text fusion-title-size-one\" style=\"--awb-margin-top-small:10px;--awb-margin-right-small:0px;--awb-margin-bottom-small:10px;--awb-margin-left-small:0px;\"><h1 class=\"fusion-title-heading title-heading-left\" style=\"margin:0;\"><p style=\"text-align: center;\">Temicare 2.0 zaprasza: \u015bwi\u0105teczny konkurs \u201eMagia s\u0142\u00f3w\u201d!<\/p><\/h1><\/div><div class=\"fusion-text fusion-text-1\"><p>Uniwersytet Medyczny w Greifswaldzie, nasz partner wiod\u0105cy w projekcie <strong>\u201eTEMICARE 2.0. \u2013 Telemedycznie zintegrowane polsko-niemieckie centrum leczenia nowotwor\u00f3w u dzieci&#8217;<\/strong> realizowanym w Euroregionie Pomerania, po raz kolejny organizuje \u015bwi\u0105teczny konkurs dla dzieci i m\u0142odzie\u017cy w wieku do 18 lat z Polski i Niemiec.<\/p>\n<\/div><div class=\"fusion-text fusion-text-2\" style=\"--awb-margin-top:30px;\"><h4><strong>Jak mo\u017cesz wzi\u0105\u0107 udzia\u0142 w konkursie \u201eMagia s\u0142\u00f3w\u201d? <\/strong><\/h4>\n<p>Napisz opowiadanie lub wiersz o tematyce \u015bwi\u0105tecznej. Mo\u017ce to by\u0107 tekst zabawny, wzruszaj\u0105cy, magiczny albo zupe\u0142nie szalony \u2013 wa\u017cne, by nawi\u0105zywa\u0142 do \u015bwi\u0105t Bo\u017cego Narodzenia. Pu\u015b\u0107 wodze swojej fantazji!  <\/p>\n<p>Wy\u015blij sw\u00f3j tekst w terminie \u2013 najp\u00f3\u017aniej <strong>do 12 grudnia 2025 r. <\/strong>(termin nadsy\u0142ania zg\u0142osze\u0144) \u2013 na adres:<strong> <\/strong><\/p>\n<p><strong>e-mail<\/strong>:<\/p>\n<p><a href=\"mailto:info-temicare@med.uni-greifswald.de\">info-temicare@med.uni-greifswald.de<\/a><\/p>\n<p>pisz\u0105c w tytule \u201e\u015awi\u0105teczna magia s\u0142\u00f3w\u201d<\/p>\n<p>lub<\/p>\n<p><strong>poczt\u0105<\/strong>:<\/p>\n<p>Universit\u00e4tsmedizin Greifswald Kd\u00f6R<\/p>\n<p>Klinik und Poliklinik f\u00fcr Kinder und Jugendmedizin Kinderonkologie<\/p>\n<p>Temicare 2.0<\/p>\n<p>Ferdinand-Sauerbruch-Stra\u00dfe<\/p>\n<p>17475 Greifswald<\/p>\n<p>Deutschland<\/p>\n<\/div><div class=\"fusion-text fusion-text-3\" style=\"--awb-margin-top:30px;\"><p><strong>Najpi\u0119kniejsze prace zostan\u0105 odczytane na antenie Radia Szczecin<\/strong> oraz zamieszczone <strong>w wyj\u0105tkowej ksi\u0105\u017ceczce<\/strong>, kt\u00f3ra zostanie przekazana dzieciom w szpitalach w Polsce i w Niemczech!<br \/>\nA autorzy najlepszych tekst\u00f3w zostan\u0105 nagrodzeni zestawami artystycznymi!<\/p>\n<p>Wszystkie wa\u017cne informacje, np. jakie nagrody mo\u017cna wygra\u0107 oraz szczeg\u00f3\u0142owe warunki udzia\u0142u, mo\u017cna znale\u017a\u0107 na <a href=\"https:\/\/www.temicare2.pl\/index.php?id=919\">oficjalnej stronie konkursu<\/a><\/p>\n<p><strong>W imieniu projektu Temicare 2.0 serdecznie zapraszamy do udzia\u0142u w konkursie!<\/strong><\/p>\n<\/div><\/div><\/div><\/div><\/div>\n","protected":false},"excerpt":{"rendered":"","protected":false},"author":25,"featured_media":21062,"comment_status":"closed","ping_status":"closed","sticky":false,"template":"","format":"standard","meta":{"_price":"","_stock":"","_tribe_ticket_header":"","_tribe_default_ticket_provider":"","_tribe_ticket_capacity":"0","_ticket_start_date":"","_ticket_end_date":"","_tribe_ticket_show_description":"","_tribe_ticket_show_not_going":false,"_tribe_ticket_use_global_stock":"","_tribe_ticket_global_stock_level":"","_global_stock_mode":"","_global_stock_cap":"","_tribe_rsvp_for_event":"","_tribe_ticket_going_count":"","_tribe_ticket_not_going_count":"","_tribe_tickets_list":"[]","_tribe_ticket_has_attendee_info_fields":false,"footnotes":""},"categories":[20,53],"tags":[],"class_list":["post-21083","post","type-post","status-publish","format-standard","has-post-thumbnail","hentry","category-aktualnosci","category-projekty"],"yoast_head":"<!-- This site is optimized with the Yoast SEO plugin v27.3 - https:\/\/yoast.com\/product\/yoast-seo-wordpress\/ -->\n<title>Temicare 2.0 zaprasza: \u015bwi\u0105teczny konkurs \u201eMagia s\u0142\u00f3w\u201d! - Interreg VI A MV\/BB\/PL<\/title>\n<meta name=\"robots\" content=\"index, follow, max-snippet:-1, max-image-preview:large, max-video-preview:-1\" \/>\n<link rel=\"canonical\" href=\"https:\/\/www.interreg6a.net\/pl\/temicare-2-0-zaprasza-swiateczny-konkurs-magia-slow\/\" \/>\n<meta property=\"og:locale\" content=\"pl_PL\" \/>\n<meta property=\"og:type\" content=\"article\" \/>\n<meta property=\"og:title\" content=\"Temicare 2.0 zaprasza: \u015bwi\u0105teczny konkurs \u201eMagia s\u0142\u00f3w\u201d! - Interreg VI A MV\/BB\/PL\" \/>\n<meta property=\"og:url\" content=\"https:\/\/www.interreg6a.net\/pl\/temicare-2-0-zaprasza-swiateczny-konkurs-magia-slow\/\" \/>\n<meta property=\"og:site_name\" content=\"Interreg VI A MV\/BB\/PL\" \/>\n<meta property=\"article:published_time\" content=\"2025-12-04T08:01:00+00:00\" \/>\n<meta property=\"article:modified_time\" content=\"2025-12-04T08:07:16+00:00\" \/>\n<meta property=\"og:image\" content=\"https:\/\/www.interreg6a.net\/wp-content\/uploads\/2025\/12\/Wettbewerb-Temicare-2.0_2025.jpg\" \/>\n\t<meta property=\"og:image:width\" content=\"1600\" \/>\n\t<meta property=\"og:image:height\" content=\"983\" \/>\n\t<meta property=\"og:image:type\" content=\"image\/jpeg\" \/>\n<meta name=\"author\" content=\"semeniuk\" \/>\n<meta name=\"twitter:card\" content=\"summary_large_image\" \/>\n<meta name=\"twitter:label1\" content=\"Napisane przez\" \/>\n\t<meta name=\"twitter:data1\" content=\"semeniuk\" \/>\n\t<meta name=\"twitter:label2\" content=\"Szacowany czas czytania\" \/>\n\t<meta name=\"twitter:data2\" content=\"9 minut\" \/>\n<script type=\"application\/ld+json\" class=\"yoast-schema-graph\">{\"@context\":\"https:\\\/\\\/schema.org\",\"@graph\":[{\"@type\":\"Article\",\"@id\":\"https:\\\/\\\/www.interreg6a.net\\\/pl\\\/temicare-2-0-zaprasza-swiateczny-konkurs-magia-slow\\\/#article\",\"isPartOf\":{\"@id\":\"https:\\\/\\\/www.interreg6a.net\\\/pl\\\/temicare-2-0-zaprasza-swiateczny-konkurs-magia-slow\\\/\"},\"author\":{\"name\":\"semeniuk\",\"@id\":\"https:\\\/\\\/www.interreg6a.net\\\/pl\\\/#\\\/schema\\\/person\\\/4c87761287b75456c2ed5cfbf95e4e8b\"},\"headline\":\"Temicare 2.0 zaprasza: \u015bwi\u0105teczny konkurs \u201eMagia s\u0142\u00f3w\u201d!\",\"datePublished\":\"2025-12-04T08:01:00+00:00\",\"dateModified\":\"2025-12-04T08:07:16+00:00\",\"mainEntityOfPage\":{\"@id\":\"https:\\\/\\\/www.interreg6a.net\\\/pl\\\/temicare-2-0-zaprasza-swiateczny-konkurs-magia-slow\\\/\"},\"wordCount\":1842,\"image\":{\"@id\":\"https:\\\/\\\/www.interreg6a.net\\\/pl\\\/temicare-2-0-zaprasza-swiateczny-konkurs-magia-slow\\\/#primaryimage\"},\"thumbnailUrl\":\"https:\\\/\\\/www.interreg6a.net\\\/wp-content\\\/uploads\\\/2025\\\/12\\\/Wettbewerb-Temicare-2.0_2025.jpg\",\"articleSection\":[\"Aktualno\u015bci\",\"Projekty\"],\"inLanguage\":\"pl-PL\"},{\"@type\":\"WebPage\",\"@id\":\"https:\\\/\\\/www.interreg6a.net\\\/pl\\\/temicare-2-0-zaprasza-swiateczny-konkurs-magia-slow\\\/\",\"url\":\"https:\\\/\\\/www.interreg6a.net\\\/pl\\\/temicare-2-0-zaprasza-swiateczny-konkurs-magia-slow\\\/\",\"name\":\"Temicare 2.0 zaprasza: \u015bwi\u0105teczny konkurs \u201eMagia s\u0142\u00f3w\u201d! - Interreg VI A MV\\\/BB\\\/PL\",\"isPartOf\":{\"@id\":\"https:\\\/\\\/www.interreg6a.net\\\/pl\\\/#website\"},\"primaryImageOfPage\":{\"@id\":\"https:\\\/\\\/www.interreg6a.net\\\/pl\\\/temicare-2-0-zaprasza-swiateczny-konkurs-magia-slow\\\/#primaryimage\"},\"image\":{\"@id\":\"https:\\\/\\\/www.interreg6a.net\\\/pl\\\/temicare-2-0-zaprasza-swiateczny-konkurs-magia-slow\\\/#primaryimage\"},\"thumbnailUrl\":\"https:\\\/\\\/www.interreg6a.net\\\/wp-content\\\/uploads\\\/2025\\\/12\\\/Wettbewerb-Temicare-2.0_2025.jpg\",\"datePublished\":\"2025-12-04T08:01:00+00:00\",\"dateModified\":\"2025-12-04T08:07:16+00:00\",\"author\":{\"@id\":\"https:\\\/\\\/www.interreg6a.net\\\/pl\\\/#\\\/schema\\\/person\\\/4c87761287b75456c2ed5cfbf95e4e8b\"},\"breadcrumb\":{\"@id\":\"https:\\\/\\\/www.interreg6a.net\\\/pl\\\/temicare-2-0-zaprasza-swiateczny-konkurs-magia-slow\\\/#breadcrumb\"},\"inLanguage\":\"pl-PL\",\"potentialAction\":[{\"@type\":\"ReadAction\",\"target\":[\"https:\\\/\\\/www.interreg6a.net\\\/pl\\\/temicare-2-0-zaprasza-swiateczny-konkurs-magia-slow\\\/\"]}]},{\"@type\":\"ImageObject\",\"inLanguage\":\"pl-PL\",\"@id\":\"https:\\\/\\\/www.interreg6a.net\\\/pl\\\/temicare-2-0-zaprasza-swiateczny-konkurs-magia-slow\\\/#primaryimage\",\"url\":\"https:\\\/\\\/www.interreg6a.net\\\/wp-content\\\/uploads\\\/2025\\\/12\\\/Wettbewerb-Temicare-2.0_2025.jpg\",\"contentUrl\":\"https:\\\/\\\/www.interreg6a.net\\\/wp-content\\\/uploads\\\/2025\\\/12\\\/Wettbewerb-Temicare-2.0_2025.jpg\",\"width\":1600,\"height\":983},{\"@type\":\"BreadcrumbList\",\"@id\":\"https:\\\/\\\/www.interreg6a.net\\\/pl\\\/temicare-2-0-zaprasza-swiateczny-konkurs-magia-slow\\\/#breadcrumb\",\"itemListElement\":[{\"@type\":\"ListItem\",\"position\":1,\"name\":\"Strona g\u0142\u00f3wna\",\"item\":\"https:\\\/\\\/www.interreg6a.net\\\/pl\\\/\"},{\"@type\":\"ListItem\",\"position\":2,\"name\":\"Temicare 2.0 zaprasza: \u015bwi\u0105teczny konkurs \u201eMagia s\u0142\u00f3w\u201d!\"}]},{\"@type\":\"WebSite\",\"@id\":\"https:\\\/\\\/www.interreg6a.net\\\/pl\\\/#website\",\"url\":\"https:\\\/\\\/www.interreg6a.net\\\/pl\\\/\",\"name\":\"Interreg VI A MV\\\/BB\\\/PL\",\"description\":\"\",\"potentialAction\":[{\"@type\":\"SearchAction\",\"target\":{\"@type\":\"EntryPoint\",\"urlTemplate\":\"https:\\\/\\\/www.interreg6a.net\\\/pl\\\/?s={search_term_string}\"},\"query-input\":{\"@type\":\"PropertyValueSpecification\",\"valueRequired\":true,\"valueName\":\"search_term_string\"}}],\"inLanguage\":\"pl-PL\"},{\"@type\":\"Person\",\"@id\":\"https:\\\/\\\/www.interreg6a.net\\\/pl\\\/#\\\/schema\\\/person\\\/4c87761287b75456c2ed5cfbf95e4e8b\",\"name\":\"semeniuk\",\"image\":{\"@type\":\"ImageObject\",\"inLanguage\":\"pl-PL\",\"@id\":\"https:\\\/\\\/secure.gravatar.com\\\/avatar\\\/2aab4d2ca365cd79a4eb712e81052078a3fa7ddccf6c3d13d25230ebeeea8344?s=96&d=mm&r=g\",\"url\":\"https:\\\/\\\/secure.gravatar.com\\\/avatar\\\/2aab4d2ca365cd79a4eb712e81052078a3fa7ddccf6c3d13d25230ebeeea8344?s=96&d=mm&r=g\",\"contentUrl\":\"https:\\\/\\\/secure.gravatar.com\\\/avatar\\\/2aab4d2ca365cd79a4eb712e81052078a3fa7ddccf6c3d13d25230ebeeea8344?s=96&d=mm&r=g\",\"caption\":\"semeniuk\"},\"url\":\"https:\\\/\\\/www.interreg6a.net\\\/pl\\\/author\\\/semeniuk\\\/\"}]}<\/script>\n<!-- \/ Yoast SEO plugin. -->","yoast_head_json":{"title":"Temicare 2.0 zaprasza: \u015bwi\u0105teczny konkurs \u201eMagia s\u0142\u00f3w\u201d! - Interreg VI A MV\/BB\/PL","robots":{"index":"index","follow":"follow","max-snippet":"max-snippet:-1","max-image-preview":"max-image-preview:large","max-video-preview":"max-video-preview:-1"},"canonical":"https:\/\/www.interreg6a.net\/pl\/temicare-2-0-zaprasza-swiateczny-konkurs-magia-slow\/","og_locale":"pl_PL","og_type":"article","og_title":"Temicare 2.0 zaprasza: \u015bwi\u0105teczny konkurs \u201eMagia s\u0142\u00f3w\u201d! - Interreg VI A MV\/BB\/PL","og_url":"https:\/\/www.interreg6a.net\/pl\/temicare-2-0-zaprasza-swiateczny-konkurs-magia-slow\/","og_site_name":"Interreg VI A MV\/BB\/PL","article_published_time":"2025-12-04T08:01:00+00:00","article_modified_time":"2025-12-04T08:07:16+00:00","og_image":[{"width":1600,"height":983,"url":"https:\/\/www.interreg6a.net\/wp-content\/uploads\/2025\/12\/Wettbewerb-Temicare-2.0_2025.jpg","type":"image\/jpeg"}],"author":"semeniuk","twitter_card":"summary_large_image","twitter_misc":{"Napisane przez":"semeniuk","Szacowany czas czytania":"9 minut"},"schema":{"@context":"https:\/\/schema.org","@graph":[{"@type":"Article","@id":"https:\/\/www.interreg6a.net\/pl\/temicare-2-0-zaprasza-swiateczny-konkurs-magia-slow\/#article","isPartOf":{"@id":"https:\/\/www.interreg6a.net\/pl\/temicare-2-0-zaprasza-swiateczny-konkurs-magia-slow\/"},"author":{"name":"semeniuk","@id":"https:\/\/www.interreg6a.net\/pl\/#\/schema\/person\/4c87761287b75456c2ed5cfbf95e4e8b"},"headline":"Temicare 2.0 zaprasza: \u015bwi\u0105teczny konkurs \u201eMagia s\u0142\u00f3w\u201d!","datePublished":"2025-12-04T08:01:00+00:00","dateModified":"2025-12-04T08:07:16+00:00","mainEntityOfPage":{"@id":"https:\/\/www.interreg6a.net\/pl\/temicare-2-0-zaprasza-swiateczny-konkurs-magia-slow\/"},"wordCount":1842,"image":{"@id":"https:\/\/www.interreg6a.net\/pl\/temicare-2-0-zaprasza-swiateczny-konkurs-magia-slow\/#primaryimage"},"thumbnailUrl":"https:\/\/www.interreg6a.net\/wp-content\/uploads\/2025\/12\/Wettbewerb-Temicare-2.0_2025.jpg","articleSection":["Aktualno\u015bci","Projekty"],"inLanguage":"pl-PL"},{"@type":"WebPage","@id":"https:\/\/www.interreg6a.net\/pl\/temicare-2-0-zaprasza-swiateczny-konkurs-magia-slow\/","url":"https:\/\/www.interreg6a.net\/pl\/temicare-2-0-zaprasza-swiateczny-konkurs-magia-slow\/","name":"Temicare 2.0 zaprasza: \u015bwi\u0105teczny konkurs \u201eMagia s\u0142\u00f3w\u201d! - Interreg VI A MV\/BB\/PL","isPartOf":{"@id":"https:\/\/www.interreg6a.net\/pl\/#website"},"primaryImageOfPage":{"@id":"https:\/\/www.interreg6a.net\/pl\/temicare-2-0-zaprasza-swiateczny-konkurs-magia-slow\/#primaryimage"},"image":{"@id":"https:\/\/www.interreg6a.net\/pl\/temicare-2-0-zaprasza-swiateczny-konkurs-magia-slow\/#primaryimage"},"thumbnailUrl":"https:\/\/www.interreg6a.net\/wp-content\/uploads\/2025\/12\/Wettbewerb-Temicare-2.0_2025.jpg","datePublished":"2025-12-04T08:01:00+00:00","dateModified":"2025-12-04T08:07:16+00:00","author":{"@id":"https:\/\/www.interreg6a.net\/pl\/#\/schema\/person\/4c87761287b75456c2ed5cfbf95e4e8b"},"breadcrumb":{"@id":"https:\/\/www.interreg6a.net\/pl\/temicare-2-0-zaprasza-swiateczny-konkurs-magia-slow\/#breadcrumb"},"inLanguage":"pl-PL","potentialAction":[{"@type":"ReadAction","target":["https:\/\/www.interreg6a.net\/pl\/temicare-2-0-zaprasza-swiateczny-konkurs-magia-slow\/"]}]},{"@type":"ImageObject","inLanguage":"pl-PL","@id":"https:\/\/www.interreg6a.net\/pl\/temicare-2-0-zaprasza-swiateczny-konkurs-magia-slow\/#primaryimage","url":"https:\/\/www.interreg6a.net\/wp-content\/uploads\/2025\/12\/Wettbewerb-Temicare-2.0_2025.jpg","contentUrl":"https:\/\/www.interreg6a.net\/wp-content\/uploads\/2025\/12\/Wettbewerb-Temicare-2.0_2025.jpg","width":1600,"height":983},{"@type":"BreadcrumbList","@id":"https:\/\/www.interreg6a.net\/pl\/temicare-2-0-zaprasza-swiateczny-konkurs-magia-slow\/#breadcrumb","itemListElement":[{"@type":"ListItem","position":1,"name":"Strona g\u0142\u00f3wna","item":"https:\/\/www.interreg6a.net\/pl\/"},{"@type":"ListItem","position":2,"name":"Temicare 2.0 zaprasza: \u015bwi\u0105teczny konkurs \u201eMagia s\u0142\u00f3w\u201d!"}]},{"@type":"WebSite","@id":"https:\/\/www.interreg6a.net\/pl\/#website","url":"https:\/\/www.interreg6a.net\/pl\/","name":"Interreg VI A MV\/BB\/PL","description":"","potentialAction":[{"@type":"SearchAction","target":{"@type":"EntryPoint","urlTemplate":"https:\/\/www.interreg6a.net\/pl\/?s={search_term_string}"},"query-input":{"@type":"PropertyValueSpecification","valueRequired":true,"valueName":"search_term_string"}}],"inLanguage":"pl-PL"},{"@type":"Person","@id":"https:\/\/www.interreg6a.net\/pl\/#\/schema\/person\/4c87761287b75456c2ed5cfbf95e4e8b","name":"semeniuk","image":{"@type":"ImageObject","inLanguage":"pl-PL","@id":"https:\/\/secure.gravatar.com\/avatar\/2aab4d2ca365cd79a4eb712e81052078a3fa7ddccf6c3d13d25230ebeeea8344?s=96&d=mm&r=g","url":"https:\/\/secure.gravatar.com\/avatar\/2aab4d2ca365cd79a4eb712e81052078a3fa7ddccf6c3d13d25230ebeeea8344?s=96&d=mm&r=g","contentUrl":"https:\/\/secure.gravatar.com\/avatar\/2aab4d2ca365cd79a4eb712e81052078a3fa7ddccf6c3d13d25230ebeeea8344?s=96&d=mm&r=g","caption":"semeniuk"},"url":"https:\/\/www.interreg6a.net\/pl\/author\/semeniuk\/"}]}},"_links":{"self":[{"href":"https:\/\/www.interreg6a.net\/pl\/wp-json\/wp\/v2\/posts\/21083","targetHints":{"allow":["GET"]}}],"collection":[{"href":"https:\/\/www.interreg6a.net\/pl\/wp-json\/wp\/v2\/posts"}],"about":[{"href":"https:\/\/www.interreg6a.net\/pl\/wp-json\/wp\/v2\/types\/post"}],"author":[{"embeddable":true,"href":"https:\/\/www.interreg6a.net\/pl\/wp-json\/wp\/v2\/users\/25"}],"replies":[{"embeddable":true,"href":"https:\/\/www.interreg6a.net\/pl\/wp-json\/wp\/v2\/comments?post=21083"}],"version-history":[{"count":2,"href":"https:\/\/www.interreg6a.net\/pl\/wp-json\/wp\/v2\/posts\/21083\/revisions"}],"predecessor-version":[{"id":21085,"href":"https:\/\/www.interreg6a.net\/pl\/wp-json\/wp\/v2\/posts\/21083\/revisions\/21085"}],"wp:featuredmedia":[{"embeddable":true,"href":"https:\/\/www.interreg6a.net\/pl\/wp-json\/wp\/v2\/media\/21062"}],"wp:attachment":[{"href":"https:\/\/www.interreg6a.net\/pl\/wp-json\/wp\/v2\/media?parent=21083"}],"wp:term":[{"taxonomy":"category","embeddable":true,"href":"https:\/\/www.interreg6a.net\/pl\/wp-json\/wp\/v2\/categories?post=21083"},{"taxonomy":"post_tag","embeddable":true,"href":"https:\/\/www.interreg6a.net\/pl\/wp-json\/wp\/v2\/tags?post=21083"}],"curies":[{"name":"wp","href":"https:\/\/api.w.org\/{rel}","templated":true}]}}