{"id":21792,"date":"2026-01-02T14:38:53","date_gmt":"2026-01-02T13:38:53","guid":{"rendered":"https:\/\/www.interreg6a.net\/?p=21792"},"modified":"2026-01-02T14:42:04","modified_gmt":"2026-01-02T13:42:04","slug":"nowe-progi-unijne-od-01-01-2026","status":"publish","type":"post","link":"https:\/\/www.interreg6a.net\/pl\/nowe-progi-unijne-od-01-01-2026\/","title":{"rendered":"Nowe progi unijne od 01.01.2026"},"content":{"rendered":"<div class=\"fusion-fullwidth fullwidth-box fusion-builder-row-1 fusion-flex-container has-pattern-background has-mask-background nonhundred-percent-fullwidth non-hundred-percent-height-scrolling\" style=\"--awb-border-radius-top-left:0px;--awb-border-radius-top-right:0px;--awb-border-radius-bottom-right:0px;--awb-border-radius-bottom-left:0px;--awb-flex-wrap:wrap;\" ><div class=\"fusion-builder-row fusion-row fusion-flex-align-items-flex-start fusion-flex-content-wrap\" style=\"max-width:1586px;margin-left: calc(-4% \/ 2 );margin-right: calc(-4% \/ 2 );\"><div class=\"fusion-layout-column fusion_builder_column fusion-builder-column-0 fusion_builder_column_1_1 1_1 fusion-flex-column\" style=\"--awb-bg-size:cover;--awb-width-large:100%;--awb-margin-top-large:0px;--awb-spacing-right-large:1.92%;--awb-margin-bottom-large:20px;--awb-spacing-left-large:1.92%;--awb-width-medium:100%;--awb-order-medium:0;--awb-spacing-right-medium:1.92%;--awb-spacing-left-medium:1.92%;--awb-width-small:100%;--awb-order-small:0;--awb-spacing-right-small:1.92%;--awb-spacing-left-small:1.92%;\"><div class=\"fusion-column-wrapper fusion-column-has-shadow fusion-flex-justify-content-flex-start fusion-content-layout-column\"><div class=\"fusion-title title fusion-title-1 fusion-sep-none fusion-title-text fusion-title-size-one\" style=\"--awb-margin-top-small:10px;--awb-margin-right-small:0px;--awb-margin-bottom-small:10px;--awb-margin-left-small:0px;\"><h1 class=\"fusion-title-heading title-heading-left\" style=\"margin:0;\"><p style=\"text-align: center;\">Nowe progi unijne od 01.01.2026<\/p><\/h1><\/div><div class=\"fusion-text fusion-text-1\"><p>Od 1 stycznia 2026 r. do udzielania zam\u00f3wie\u0144 publicznych b\u0119d\u0105 mia\u0142y zastosowanie nowe progi unijne, okre\u015blone przez Komisj\u0119 Europejsk\u0105 w rozporz\u0105dzeniu (UE) 2023\/2495.<br \/>\nZmiana warto\u015bci progowych nast\u0119puje na podstawie Porozumienia w sprawie zam\u00f3wie\u0144 publicznych (Government Procurement Agreement \u2013 GPA).<\/p>\n<\/div><div class=\"fusion-text fusion-text-2\"><p>Warto\u015bci progowe nale\u017cy rozumie\u0107 jako warto\u015bci netto bez podatku VAT. Odgrywaj\u0105 one zasadnicz\u0105 rol\u0119 w szacowaniu warto\u015bci zam\u00f3wienia dla okre\u015blenia przepis\u00f3w prawnych, zgodnie z kt\u00f3rymi ma zosta\u0107 przeprowadzone post\u0119powanie o udzielenie zam\u00f3wienia.<\/p>\n<\/div><div class=\"fusion-text fusion-text-3\"><p><strong>\u015aredni kurs wymiany<\/strong> w latach 2026\u20132027 wynosi <strong>4,31 PLN<\/strong>.<\/p>\n<\/div><div class=\"fusion-text fusion-text-4\" style=\"--awb-margin-top:30px;\"><h2 style=\"text-align: center;\">Nowe progi unijne od 01.01.2026<\/h2>\n<\/div><div class=\"fusion-image-element \" style=\"--awb-margin-bottom:60px;--awb-caption-title-font-family:var(--h2_typography-font-family);--awb-caption-title-font-weight:var(--h2_typography-font-weight);--awb-caption-title-font-style:var(--h2_typography-font-style);--awb-caption-title-size:var(--h2_typography-font-size);--awb-caption-title-transform:var(--h2_typography-text-transform);--awb-caption-title-line-height:var(--h2_typography-line-height);--awb-caption-title-letter-spacing:var(--h2_typography-letter-spacing);\"><span class=\" fusion-imageframe imageframe-none imageframe-1 hover-type-none\"><img decoding=\"async\" width=\"1262\" height=\"360\" title=\"EU-Schwellenwerte 2026-2027 PL\" src=\"https:\/\/www.interreg6a.net\/wp-content\/uploads\/2026\/01\/EU-Schwellenwerte-2026-2027-PL.png\" alt class=\"img-responsive wp-image-21811\" srcset=\"https:\/\/www.interreg6a.net\/wp-content\/uploads\/2026\/01\/EU-Schwellenwerte-2026-2027-PL-200x57.png 200w, https:\/\/www.interreg6a.net\/wp-content\/uploads\/2026\/01\/EU-Schwellenwerte-2026-2027-PL-400x114.png 400w, https:\/\/www.interreg6a.net\/wp-content\/uploads\/2026\/01\/EU-Schwellenwerte-2026-2027-PL-600x171.png 600w, https:\/\/www.interreg6a.net\/wp-content\/uploads\/2026\/01\/EU-Schwellenwerte-2026-2027-PL-800x228.png 800w, https:\/\/www.interreg6a.net\/wp-content\/uploads\/2026\/01\/EU-Schwellenwerte-2026-2027-PL-1200x342.png 1200w, https:\/\/www.interreg6a.net\/wp-content\/uploads\/2026\/01\/EU-Schwellenwerte-2026-2027-PL.png 1262w\" sizes=\"(max-width: 575px) 100vw, 1262px\" \/><\/span><\/div><\/div><\/div><\/div><\/div>\n","protected":false},"excerpt":{"rendered":"","protected":false},"author":25,"featured_media":21784,"comment_status":"closed","ping_status":"closed","sticky":false,"template":"","format":"standard","meta":{"_price":"","_stock":"","_tribe_ticket_header":"","_tribe_default_ticket_provider":"","_tribe_ticket_capacity":"","_ticket_start_date":"","_ticket_end_date":"","_tribe_ticket_show_description":"","_tribe_ticket_show_not_going":false,"_tribe_ticket_use_global_stock":"","_tribe_ticket_global_stock_level":"","_global_stock_mode":"","_global_stock_cap":"","_tribe_rsvp_for_event":"","_tribe_ticket_going_count":"","_tribe_ticket_not_going_count":"","_tribe_tickets_list":"[]","_tribe_ticket_has_attendee_info_fields":false,"footnotes":""},"categories":[20,187],"tags":[],"class_list":["post-21792","post","type-post","status-publish","format-standard","has-post-thumbnail","hentry","category-aktualnosci","category-europaeische-kommission"],"yoast_head":"<!-- This site is optimized with the Yoast SEO plugin v27.3 - https:\/\/yoast.com\/product\/yoast-seo-wordpress\/ -->\n<title>Nowe progi unijne od 01.01.2026 - Interreg VI A MV\/BB\/PL<\/title>\n<meta name=\"robots\" content=\"index, follow, max-snippet:-1, max-image-preview:large, max-video-preview:-1\" \/>\n<link rel=\"canonical\" href=\"https:\/\/www.interreg6a.net\/pl\/nowe-progi-unijne-od-01-01-2026\/\" \/>\n<meta property=\"og:locale\" content=\"pl_PL\" \/>\n<meta property=\"og:type\" content=\"article\" \/>\n<meta property=\"og:title\" content=\"Nowe progi unijne od 01.01.2026 - Interreg VI A MV\/BB\/PL\" \/>\n<meta property=\"og:url\" content=\"https:\/\/www.interreg6a.net\/pl\/nowe-progi-unijne-od-01-01-2026\/\" \/>\n<meta property=\"og:site_name\" content=\"Interreg VI A MV\/BB\/PL\" \/>\n<meta property=\"article:published_time\" content=\"2026-01-02T13:38:53+00:00\" \/>\n<meta property=\"article:modified_time\" content=\"2026-01-02T13:42:04+00:00\" \/>\n<meta property=\"og:image\" content=\"https:\/\/www.interreg6a.net\/wp-content\/uploads\/2026\/01\/Important_EU.png\" \/>\n\t<meta property=\"og:image:width\" content=\"890\" \/>\n\t<meta property=\"og:image:height\" content=\"601\" \/>\n\t<meta property=\"og:image:type\" content=\"image\/png\" \/>\n<meta name=\"author\" content=\"semeniuk\" \/>\n<meta name=\"twitter:card\" content=\"summary_large_image\" \/>\n<meta name=\"twitter:label1\" content=\"Napisane przez\" \/>\n\t<meta name=\"twitter:data1\" content=\"semeniuk\" \/>\n\t<meta name=\"twitter:label2\" content=\"Szacowany czas czytania\" \/>\n\t<meta name=\"twitter:data2\" content=\"1 minuta\" \/>\n<script type=\"application\/ld+json\" class=\"yoast-schema-graph\">{\"@context\":\"https:\\\/\\\/schema.org\",\"@graph\":[{\"@type\":\"Article\",\"@id\":\"https:\\\/\\\/www.interreg6a.net\\\/pl\\\/nowe-progi-unijne-od-01-01-2026\\\/#article\",\"isPartOf\":{\"@id\":\"https:\\\/\\\/www.interreg6a.net\\\/pl\\\/nowe-progi-unijne-od-01-01-2026\\\/\"},\"author\":{\"name\":\"semeniuk\",\"@id\":\"https:\\\/\\\/www.interreg6a.net\\\/pl\\\/#\\\/schema\\\/person\\\/4c87761287b75456c2ed5cfbf95e4e8b\"},\"headline\":\"Nowe progi unijne od 01.01.2026\",\"datePublished\":\"2026-01-02T13:38:53+00:00\",\"dateModified\":\"2026-01-02T13:42:04+00:00\",\"mainEntityOfPage\":{\"@id\":\"https:\\\/\\\/www.interreg6a.net\\\/pl\\\/nowe-progi-unijne-od-01-01-2026\\\/\"},\"wordCount\":2178,\"image\":{\"@id\":\"https:\\\/\\\/www.interreg6a.net\\\/pl\\\/nowe-progi-unijne-od-01-01-2026\\\/#primaryimage\"},\"thumbnailUrl\":\"https:\\\/\\\/www.interreg6a.net\\\/wp-content\\\/uploads\\\/2026\\\/01\\\/Important_EU.png\",\"articleSection\":[\"Aktualno\u015bci\",\"Europ\u00e4ische Kommission\"],\"inLanguage\":\"pl-PL\"},{\"@type\":\"WebPage\",\"@id\":\"https:\\\/\\\/www.interreg6a.net\\\/pl\\\/nowe-progi-unijne-od-01-01-2026\\\/\",\"url\":\"https:\\\/\\\/www.interreg6a.net\\\/pl\\\/nowe-progi-unijne-od-01-01-2026\\\/\",\"name\":\"Nowe progi unijne od 01.01.2026 - Interreg VI A MV\\\/BB\\\/PL\",\"isPartOf\":{\"@id\":\"https:\\\/\\\/www.interreg6a.net\\\/pl\\\/#website\"},\"primaryImageOfPage\":{\"@id\":\"https:\\\/\\\/www.interreg6a.net\\\/pl\\\/nowe-progi-unijne-od-01-01-2026\\\/#primaryimage\"},\"image\":{\"@id\":\"https:\\\/\\\/www.interreg6a.net\\\/pl\\\/nowe-progi-unijne-od-01-01-2026\\\/#primaryimage\"},\"thumbnailUrl\":\"https:\\\/\\\/www.interreg6a.net\\\/wp-content\\\/uploads\\\/2026\\\/01\\\/Important_EU.png\",\"datePublished\":\"2026-01-02T13:38:53+00:00\",\"dateModified\":\"2026-01-02T13:42:04+00:00\",\"author\":{\"@id\":\"https:\\\/\\\/www.interreg6a.net\\\/pl\\\/#\\\/schema\\\/person\\\/4c87761287b75456c2ed5cfbf95e4e8b\"},\"breadcrumb\":{\"@id\":\"https:\\\/\\\/www.interreg6a.net\\\/pl\\\/nowe-progi-unijne-od-01-01-2026\\\/#breadcrumb\"},\"inLanguage\":\"pl-PL\",\"potentialAction\":[{\"@type\":\"ReadAction\",\"target\":[\"https:\\\/\\\/www.interreg6a.net\\\/pl\\\/nowe-progi-unijne-od-01-01-2026\\\/\"]}]},{\"@type\":\"ImageObject\",\"inLanguage\":\"pl-PL\",\"@id\":\"https:\\\/\\\/www.interreg6a.net\\\/pl\\\/nowe-progi-unijne-od-01-01-2026\\\/#primaryimage\",\"url\":\"https:\\\/\\\/www.interreg6a.net\\\/wp-content\\\/uploads\\\/2026\\\/01\\\/Important_EU.png\",\"contentUrl\":\"https:\\\/\\\/www.interreg6a.net\\\/wp-content\\\/uploads\\\/2026\\\/01\\\/Important_EU.png\",\"width\":890,\"height\":601},{\"@type\":\"BreadcrumbList\",\"@id\":\"https:\\\/\\\/www.interreg6a.net\\\/pl\\\/nowe-progi-unijne-od-01-01-2026\\\/#breadcrumb\",\"itemListElement\":[{\"@type\":\"ListItem\",\"position\":1,\"name\":\"Strona g\u0142\u00f3wna\",\"item\":\"https:\\\/\\\/www.interreg6a.net\\\/pl\\\/\"},{\"@type\":\"ListItem\",\"position\":2,\"name\":\"Nowe progi unijne od 01.01.2026\"}]},{\"@type\":\"WebSite\",\"@id\":\"https:\\\/\\\/www.interreg6a.net\\\/pl\\\/#website\",\"url\":\"https:\\\/\\\/www.interreg6a.net\\\/pl\\\/\",\"name\":\"Interreg VI A MV\\\/BB\\\/PL\",\"description\":\"\",\"potentialAction\":[{\"@type\":\"SearchAction\",\"target\":{\"@type\":\"EntryPoint\",\"urlTemplate\":\"https:\\\/\\\/www.interreg6a.net\\\/pl\\\/?s={search_term_string}\"},\"query-input\":{\"@type\":\"PropertyValueSpecification\",\"valueRequired\":true,\"valueName\":\"search_term_string\"}}],\"inLanguage\":\"pl-PL\"},{\"@type\":\"Person\",\"@id\":\"https:\\\/\\\/www.interreg6a.net\\\/pl\\\/#\\\/schema\\\/person\\\/4c87761287b75456c2ed5cfbf95e4e8b\",\"name\":\"semeniuk\",\"image\":{\"@type\":\"ImageObject\",\"inLanguage\":\"pl-PL\",\"@id\":\"https:\\\/\\\/secure.gravatar.com\\\/avatar\\\/2aab4d2ca365cd79a4eb712e81052078a3fa7ddccf6c3d13d25230ebeeea8344?s=96&d=mm&r=g\",\"url\":\"https:\\\/\\\/secure.gravatar.com\\\/avatar\\\/2aab4d2ca365cd79a4eb712e81052078a3fa7ddccf6c3d13d25230ebeeea8344?s=96&d=mm&r=g\",\"contentUrl\":\"https:\\\/\\\/secure.gravatar.com\\\/avatar\\\/2aab4d2ca365cd79a4eb712e81052078a3fa7ddccf6c3d13d25230ebeeea8344?s=96&d=mm&r=g\",\"caption\":\"semeniuk\"},\"url\":\"https:\\\/\\\/www.interreg6a.net\\\/pl\\\/author\\\/semeniuk\\\/\"}]}<\/script>\n<!-- \/ Yoast SEO plugin. -->","yoast_head_json":{"title":"Nowe progi unijne od 01.01.2026 - Interreg VI A MV\/BB\/PL","robots":{"index":"index","follow":"follow","max-snippet":"max-snippet:-1","max-image-preview":"max-image-preview:large","max-video-preview":"max-video-preview:-1"},"canonical":"https:\/\/www.interreg6a.net\/pl\/nowe-progi-unijne-od-01-01-2026\/","og_locale":"pl_PL","og_type":"article","og_title":"Nowe progi unijne od 01.01.2026 - Interreg VI A MV\/BB\/PL","og_url":"https:\/\/www.interreg6a.net\/pl\/nowe-progi-unijne-od-01-01-2026\/","og_site_name":"Interreg VI A MV\/BB\/PL","article_published_time":"2026-01-02T13:38:53+00:00","article_modified_time":"2026-01-02T13:42:04+00:00","og_image":[{"width":890,"height":601,"url":"https:\/\/www.interreg6a.net\/wp-content\/uploads\/2026\/01\/Important_EU.png","type":"image\/png"}],"author":"semeniuk","twitter_card":"summary_large_image","twitter_misc":{"Napisane przez":"semeniuk","Szacowany czas czytania":"1 minuta"},"schema":{"@context":"https:\/\/schema.org","@graph":[{"@type":"Article","@id":"https:\/\/www.interreg6a.net\/pl\/nowe-progi-unijne-od-01-01-2026\/#article","isPartOf":{"@id":"https:\/\/www.interreg6a.net\/pl\/nowe-progi-unijne-od-01-01-2026\/"},"author":{"name":"semeniuk","@id":"https:\/\/www.interreg6a.net\/pl\/#\/schema\/person\/4c87761287b75456c2ed5cfbf95e4e8b"},"headline":"Nowe progi unijne od 01.01.2026","datePublished":"2026-01-02T13:38:53+00:00","dateModified":"2026-01-02T13:42:04+00:00","mainEntityOfPage":{"@id":"https:\/\/www.interreg6a.net\/pl\/nowe-progi-unijne-od-01-01-2026\/"},"wordCount":2178,"image":{"@id":"https:\/\/www.interreg6a.net\/pl\/nowe-progi-unijne-od-01-01-2026\/#primaryimage"},"thumbnailUrl":"https:\/\/www.interreg6a.net\/wp-content\/uploads\/2026\/01\/Important_EU.png","articleSection":["Aktualno\u015bci","Europ\u00e4ische Kommission"],"inLanguage":"pl-PL"},{"@type":"WebPage","@id":"https:\/\/www.interreg6a.net\/pl\/nowe-progi-unijne-od-01-01-2026\/","url":"https:\/\/www.interreg6a.net\/pl\/nowe-progi-unijne-od-01-01-2026\/","name":"Nowe progi unijne od 01.01.2026 - Interreg VI A MV\/BB\/PL","isPartOf":{"@id":"https:\/\/www.interreg6a.net\/pl\/#website"},"primaryImageOfPage":{"@id":"https:\/\/www.interreg6a.net\/pl\/nowe-progi-unijne-od-01-01-2026\/#primaryimage"},"image":{"@id":"https:\/\/www.interreg6a.net\/pl\/nowe-progi-unijne-od-01-01-2026\/#primaryimage"},"thumbnailUrl":"https:\/\/www.interreg6a.net\/wp-content\/uploads\/2026\/01\/Important_EU.png","datePublished":"2026-01-02T13:38:53+00:00","dateModified":"2026-01-02T13:42:04+00:00","author":{"@id":"https:\/\/www.interreg6a.net\/pl\/#\/schema\/person\/4c87761287b75456c2ed5cfbf95e4e8b"},"breadcrumb":{"@id":"https:\/\/www.interreg6a.net\/pl\/nowe-progi-unijne-od-01-01-2026\/#breadcrumb"},"inLanguage":"pl-PL","potentialAction":[{"@type":"ReadAction","target":["https:\/\/www.interreg6a.net\/pl\/nowe-progi-unijne-od-01-01-2026\/"]}]},{"@type":"ImageObject","inLanguage":"pl-PL","@id":"https:\/\/www.interreg6a.net\/pl\/nowe-progi-unijne-od-01-01-2026\/#primaryimage","url":"https:\/\/www.interreg6a.net\/wp-content\/uploads\/2026\/01\/Important_EU.png","contentUrl":"https:\/\/www.interreg6a.net\/wp-content\/uploads\/2026\/01\/Important_EU.png","width":890,"height":601},{"@type":"BreadcrumbList","@id":"https:\/\/www.interreg6a.net\/pl\/nowe-progi-unijne-od-01-01-2026\/#breadcrumb","itemListElement":[{"@type":"ListItem","position":1,"name":"Strona g\u0142\u00f3wna","item":"https:\/\/www.interreg6a.net\/pl\/"},{"@type":"ListItem","position":2,"name":"Nowe progi unijne od 01.01.2026"}]},{"@type":"WebSite","@id":"https:\/\/www.interreg6a.net\/pl\/#website","url":"https:\/\/www.interreg6a.net\/pl\/","name":"Interreg VI A MV\/BB\/PL","description":"","potentialAction":[{"@type":"SearchAction","target":{"@type":"EntryPoint","urlTemplate":"https:\/\/www.interreg6a.net\/pl\/?s={search_term_string}"},"query-input":{"@type":"PropertyValueSpecification","valueRequired":true,"valueName":"search_term_string"}}],"inLanguage":"pl-PL"},{"@type":"Person","@id":"https:\/\/www.interreg6a.net\/pl\/#\/schema\/person\/4c87761287b75456c2ed5cfbf95e4e8b","name":"semeniuk","image":{"@type":"ImageObject","inLanguage":"pl-PL","@id":"https:\/\/secure.gravatar.com\/avatar\/2aab4d2ca365cd79a4eb712e81052078a3fa7ddccf6c3d13d25230ebeeea8344?s=96&d=mm&r=g","url":"https:\/\/secure.gravatar.com\/avatar\/2aab4d2ca365cd79a4eb712e81052078a3fa7ddccf6c3d13d25230ebeeea8344?s=96&d=mm&r=g","contentUrl":"https:\/\/secure.gravatar.com\/avatar\/2aab4d2ca365cd79a4eb712e81052078a3fa7ddccf6c3d13d25230ebeeea8344?s=96&d=mm&r=g","caption":"semeniuk"},"url":"https:\/\/www.interreg6a.net\/pl\/author\/semeniuk\/"}]}},"_links":{"self":[{"href":"https:\/\/www.interreg6a.net\/pl\/wp-json\/wp\/v2\/posts\/21792","targetHints":{"allow":["GET"]}}],"collection":[{"href":"https:\/\/www.interreg6a.net\/pl\/wp-json\/wp\/v2\/posts"}],"about":[{"href":"https:\/\/www.interreg6a.net\/pl\/wp-json\/wp\/v2\/types\/post"}],"author":[{"embeddable":true,"href":"https:\/\/www.interreg6a.net\/pl\/wp-json\/wp\/v2\/users\/25"}],"replies":[{"embeddable":true,"href":"https:\/\/www.interreg6a.net\/pl\/wp-json\/wp\/v2\/comments?post=21792"}],"version-history":[{"count":13,"href":"https:\/\/www.interreg6a.net\/pl\/wp-json\/wp\/v2\/posts\/21792\/revisions"}],"predecessor-version":[{"id":21817,"href":"https:\/\/www.interreg6a.net\/pl\/wp-json\/wp\/v2\/posts\/21792\/revisions\/21817"}],"wp:featuredmedia":[{"embeddable":true,"href":"https:\/\/www.interreg6a.net\/pl\/wp-json\/wp\/v2\/media\/21784"}],"wp:attachment":[{"href":"https:\/\/www.interreg6a.net\/pl\/wp-json\/wp\/v2\/media?parent=21792"}],"wp:term":[{"taxonomy":"category","embeddable":true,"href":"https:\/\/www.interreg6a.net\/pl\/wp-json\/wp\/v2\/categories?post=21792"},{"taxonomy":"post_tag","embeddable":true,"href":"https:\/\/www.interreg6a.net\/pl\/wp-json\/wp\/v2\/tags?post=21792"}],"curies":[{"name":"wp","href":"https:\/\/api.w.org\/{rel}","templated":true}]}}