{"id":22625,"date":"2026-01-22T16:13:54","date_gmt":"2026-01-22T15:13:54","guid":{"rendered":"https:\/\/www.interreg6a.net\/?p=22625"},"modified":"2026-03-16T15:21:40","modified_gmt":"2026-03-16T14:21:40","slug":"dla-polskich-partnerow-projektow-wprowadzenie-systemu-e-faktur-ksef","status":"publish","type":"post","link":"https:\/\/www.interreg6a.net\/pl\/dla-polskich-partnerow-projektow-wprowadzenie-systemu-e-faktur-ksef\/","title":{"rendered":"Dla polskich partner\u00f3w projekt\u00f3w &#8211; wprowadzenie systemu e-faktur KSeF"},"content":{"rendered":"<div class=\"fusion-fullwidth fullwidth-box fusion-builder-row-1 fusion-flex-container has-pattern-background has-mask-background nonhundred-percent-fullwidth non-hundred-percent-height-scrolling\" style=\"--awb-border-radius-top-left:0px;--awb-border-radius-top-right:0px;--awb-border-radius-bottom-right:0px;--awb-border-radius-bottom-left:0px;--awb-flex-wrap:wrap;\" ><div class=\"fusion-builder-row fusion-row fusion-flex-align-items-flex-start fusion-flex-content-wrap\" style=\"max-width:1586px;margin-left: calc(-4% \/ 2 );margin-right: calc(-4% \/ 2 );\"><div class=\"fusion-layout-column fusion_builder_column fusion-builder-column-0 fusion_builder_column_1_1 1_1 fusion-flex-column\" style=\"--awb-bg-size:cover;--awb-width-large:100%;--awb-margin-top-large:0px;--awb-spacing-right-large:1.92%;--awb-margin-bottom-large:20px;--awb-spacing-left-large:1.92%;--awb-width-medium:100%;--awb-order-medium:0;--awb-spacing-right-medium:1.92%;--awb-spacing-left-medium:1.92%;--awb-width-small:100%;--awb-order-small:0;--awb-spacing-right-small:1.92%;--awb-spacing-left-small:1.92%;\"><div class=\"fusion-column-wrapper fusion-column-has-shadow fusion-flex-justify-content-flex-start fusion-content-layout-column\"><div class=\"fusion-title title fusion-title-1 fusion-sep-none fusion-title-text fusion-title-size-one\" style=\"--awb-margin-top-small:10px;--awb-margin-right-small:0px;--awb-margin-bottom-small:10px;--awb-margin-left-small:0px;\"><h1 class=\"fusion-title-heading title-heading-left\" style=\"margin:0;\"><p style=\"text-align: center;\">Dla polskich partner\u00f3w projekt\u00f3w &#8211; wprowadzenie systemu e-faktur KSeF<\/p><\/h1><\/div><div class=\"fusion-text fusion-text-1\"><p>W Polsce wdro\u017cono Krajowy System e-Faktur (KSeF) [1]. Od 1 lutego 2026 r. jedyn\u0105 form\u0105 prawn\u0105 faktury VAT b\u0119dzie faktura ustrukturyzowana wystawiana w systemie KSeF.<\/p>\n<p>Kluczowe zasady KSeF:<\/p>\n<ul>\n<li>ka\u017cda faktura b\u0119dzie wystawiana bezpo\u015brednio w systemie KSeF lub z programu ksi\u0119gowego instytucji, kt\u00f3ry ma integracj\u0119 z KSeF,<\/li>\n<li>faktura otrzymuje unikalny numer KSeF, kt\u00f3ry potwierdza jej \u201ewystawienie\u201d i \u201eodbi\u00f3r\u201d,<\/li>\n<li>faktura istnieje wy\u0142\u0105cznie w formacie elektronicznym XML (nie ma ju\u017c formalnie \u201ePDF-a\u201d jako orygina\u0142u), tym samym nie b\u0119dzie mo\u017cliwe nanoszenie opis\u00f3w na odwrocie papierowych faktur, gdy\u017c takie faktury nie b\u0119d\u0105 ju\u017c dokumentem prawnym w obrocie gospodarczym.<\/li>\n<\/ul>\n<p>Opis faktury mo\u017ce by\u0107 prowadzony w formie elektronicznej, pod warunkiem zapewnienia powi\u0105zania mi\u0119dzy faktur\u0105 a opisem. Nie ma obowi\u0105zku drukowania faktur z KSeF. Opis musi by\u0107 dost\u0119pny dla instytucji kontrolnych.<\/p>\n<\/div><div class=\"fusion-text fusion-text-2\" style=\"--awb-margin-top:30px;\"><p><strong>Partner projektu mo\u017ce stosowa\u0107 jeden ze sposob\u00f3w opisywania faktur wystawionych w KSeF, tj.:<\/strong><\/p>\n<p><strong>A. Opis w systemie finansowo\u2013ksi\u0119gowym<\/strong><\/p>\n<p>Je\u017celi system finansowo-ksi\u0119gowy instytucji posiada modu\u0142 do integracji z KSeF, mo\u017cna doda\u0107 opis <strong>bezpo\u015brednio w systemie<\/strong> i przypisa\u0107 go do numeru KSeF faktury. Wydruk pomocniczy (np. PDF lub raport z systemu) b\u0119dzie zawiera\u0107 w\u00f3wczas dodatkowy opis.<\/p>\n<p><strong>B. Osobny \u201earkusz opisowy\u201d<\/strong><\/p>\n<p><strong>Opis<\/strong> do faktury KSeF znajduje si\u0119 <strong>w osobnym pliku<\/strong> (np. Excel, Word lub PDF).<\/p>\n<\/div><div class=\"fusion-text fusion-text-3\" style=\"--awb-margin-top:30px;\"><p>Przyk\u0142ad:<\/p>\n<\/div><div class=\"fusion-image-element \" style=\"--awb-caption-title-font-family:var(--h2_typography-font-family);--awb-caption-title-font-weight:var(--h2_typography-font-weight);--awb-caption-title-font-style:var(--h2_typography-font-style);--awb-caption-title-size:var(--h2_typography-font-size);--awb-caption-title-transform:var(--h2_typography-text-transform);--awb-caption-title-line-height:var(--h2_typography-line-height);--awb-caption-title-letter-spacing:var(--h2_typography-letter-spacing);\"><span class=\" fusion-imageframe imageframe-none imageframe-1 hover-type-none\"><img decoding=\"async\" width=\"2560\" height=\"317\" title=\"Tabelle PL\" src=\"https:\/\/www.interreg6a.net\/wp-content\/uploads\/2026\/01\/Tabelle-PL-scaled.png\" alt class=\"img-responsive wp-image-22629\" srcset=\"https:\/\/www.interreg6a.net\/wp-content\/uploads\/2026\/01\/Tabelle-PL-200x25.png 200w, https:\/\/www.interreg6a.net\/wp-content\/uploads\/2026\/01\/Tabelle-PL-400x49.png 400w, https:\/\/www.interreg6a.net\/wp-content\/uploads\/2026\/01\/Tabelle-PL-600x74.png 600w, https:\/\/www.interreg6a.net\/wp-content\/uploads\/2026\/01\/Tabelle-PL-800x99.png 800w, https:\/\/www.interreg6a.net\/wp-content\/uploads\/2026\/01\/Tabelle-PL-1200x148.png 1200w, https:\/\/www.interreg6a.net\/wp-content\/uploads\/2026\/01\/Tabelle-PL-scaled.png 2560w\" sizes=\"(max-width: 575px) 100vw, 2560px\" \/><\/span><\/div><div class=\"fusion-text fusion-text-4\" style=\"--awb-margin-top:40px;\"><p>Warunkiem akceptacji przez instytucje kontrolne tego sposobu opisu jest:<\/p>\n<ul>\n<li>jasne powi\u0105zanie z numerem KSeF,<\/li>\n<li>przechowywanie dokumentu opisowego razem z faktur\u0105 w systemie Jems,<\/li>\n<li>podpisanie go przez osob\u0119 upowa\u017cnion\u0105.<\/li>\n<li><\/li>\n<\/ul>\n<p><strong>C. Opis w metadanych pliku XML<\/strong><\/p>\n<p>Niekt\u00f3re systemy ERP (Enterprise Resource Planning), kt\u00f3re s\u0142u\u017c\u0105 do zarz\u0105dzania zasobami danej instytucji pozwalaj\u0105 doda\u0107 dodatkowe pola w fakturze XML KSeF, czyli tzw. pola w\u0142asne u\u017cytkownika. Funkcja ta pozwala pokaza\u0107 w fakturze informacje niestandardowe, niewchodz\u0105ce w obowi\u0105zkowy zakres metadanych. Rozwi\u0105zanie to wymaga jednak technicznego wdro\u017cenia w instytucji.<\/p>\n<p>Partnerzy projektu, kt\u00f3rzy posiadaj\u0105 takie rozszerzone funkcjonalno\u015bci systemu w swoich instytucjach, mog\u0105 stosowa\u0107 to rozwi\u0105zanie.<\/p>\n<\/div><div class=\"fusion-separator fusion-full-width-sep\" style=\"align-self: center;margin-left: auto;margin-right: auto;margin-top:30px;width:100%;\"><div class=\"fusion-separator-border sep-single\" style=\"--awb-height:20px;--awb-amount:20px;border-color:var(--awb-color5);border-top-width:3px;\"><\/div><\/div><div class=\"fusion-text fusion-text-5\" style=\"--awb-margin-top:15px;\"><p>[1] ustaw\u0105 z dnia 5 sierpnia 2025 r. o zmianie ustawy o podatku od towar\u00f3w i us\u0142ug oraz ustawy o zmianie ustawy o podatku od towar\u00f3w i us\u0142ug oraz niekt\u00f3rych innych ustaw, opublikowan\u0105 1 wrze\u015bnia 2025 r. <a href=\"https:\/\/dziennikustaw.gov.pl\/DU\/2025\/1203\">(Dz. U. poz. 1203)<\/a><\/p>\n<\/div><\/div><\/div><\/div><\/div>\n","protected":false},"excerpt":{"rendered":"","protected":false},"author":25,"featured_media":22620,"comment_status":"closed","ping_status":"closed","sticky":false,"template":"","format":"standard","meta":{"_price":"","_stock":"","_tribe_ticket_header":"","_tribe_default_ticket_provider":"","_tribe_ticket_capacity":"","_ticket_start_date":"","_ticket_end_date":"","_tribe_ticket_show_description":"","_tribe_ticket_show_not_going":false,"_tribe_ticket_use_global_stock":"","_tribe_ticket_global_stock_level":"","_global_stock_mode":"","_global_stock_cap":"","_tribe_rsvp_for_event":"","_tribe_ticket_going_count":"","_tribe_ticket_not_going_count":"","_tribe_tickets_list":"[]","_tribe_ticket_has_attendee_info_fields":false,"footnotes":""},"categories":[20,172],"tags":[],"class_list":["post-22625","post","type-post","status-publish","format-standard","has-post-thumbnail","hentry","category-aktualnosci","category-sprawozdawczosc"],"yoast_head":"<!-- This site is optimized with the Yoast SEO plugin v27.3 - https:\/\/yoast.com\/product\/yoast-seo-wordpress\/ -->\n<title>Dla polskich partner\u00f3w projekt\u00f3w - wprowadzenie systemu e-faktur KSeF - Interreg VI A MV\/BB\/PL<\/title>\n<meta name=\"robots\" content=\"index, follow, max-snippet:-1, max-image-preview:large, max-video-preview:-1\" \/>\n<link rel=\"canonical\" href=\"https:\/\/www.interreg6a.net\/pl\/dla-polskich-partnerow-projektow-wprowadzenie-systemu-e-faktur-ksef\/\" \/>\n<meta property=\"og:locale\" content=\"pl_PL\" \/>\n<meta property=\"og:type\" content=\"article\" \/>\n<meta property=\"og:title\" content=\"Dla polskich partner\u00f3w projekt\u00f3w - wprowadzenie systemu e-faktur KSeF - Interreg VI A MV\/BB\/PL\" \/>\n<meta property=\"og:url\" content=\"https:\/\/www.interreg6a.net\/pl\/dla-polskich-partnerow-projektow-wprowadzenie-systemu-e-faktur-ksef\/\" \/>\n<meta property=\"og:site_name\" content=\"Interreg VI A MV\/BB\/PL\" \/>\n<meta property=\"article:published_time\" content=\"2026-01-22T15:13:54+00:00\" \/>\n<meta property=\"article:modified_time\" content=\"2026-03-16T14:21:40+00:00\" \/>\n<meta property=\"og:image\" content=\"https:\/\/www.interreg6a.net\/wp-content\/uploads\/2026\/01\/KSeF.png\" \/>\n\t<meta property=\"og:image:width\" content=\"635\" \/>\n\t<meta property=\"og:image:height\" content=\"405\" \/>\n\t<meta property=\"og:image:type\" content=\"image\/png\" \/>\n<meta name=\"author\" content=\"semeniuk\" \/>\n<meta name=\"twitter:card\" content=\"summary_large_image\" \/>\n<meta name=\"twitter:label1\" content=\"Napisane przez\" \/>\n\t<meta name=\"twitter:data1\" content=\"semeniuk\" \/>\n\t<meta name=\"twitter:label2\" content=\"Szacowany czas czytania\" \/>\n\t<meta name=\"twitter:data2\" content=\"3 minuty\" \/>\n<script type=\"application\/ld+json\" class=\"yoast-schema-graph\">{\"@context\":\"https:\\\/\\\/schema.org\",\"@graph\":[{\"@type\":\"Article\",\"@id\":\"https:\\\/\\\/www.interreg6a.net\\\/pl\\\/dla-polskich-partnerow-projektow-wprowadzenie-systemu-e-faktur-ksef\\\/#article\",\"isPartOf\":{\"@id\":\"https:\\\/\\\/www.interreg6a.net\\\/pl\\\/dla-polskich-partnerow-projektow-wprowadzenie-systemu-e-faktur-ksef\\\/\"},\"author\":{\"name\":\"semeniuk\",\"@id\":\"https:\\\/\\\/www.interreg6a.net\\\/pl\\\/#\\\/schema\\\/person\\\/4c87761287b75456c2ed5cfbf95e4e8b\"},\"headline\":\"Dla polskich partner\u00f3w projekt\u00f3w &#8211; wprowadzenie systemu e-faktur KSeF\",\"datePublished\":\"2026-01-22T15:13:54+00:00\",\"dateModified\":\"2026-03-16T14:21:40+00:00\",\"mainEntityOfPage\":{\"@id\":\"https:\\\/\\\/www.interreg6a.net\\\/pl\\\/dla-polskich-partnerow-projektow-wprowadzenie-systemu-e-faktur-ksef\\\/\"},\"wordCount\":2657,\"image\":{\"@id\":\"https:\\\/\\\/www.interreg6a.net\\\/pl\\\/dla-polskich-partnerow-projektow-wprowadzenie-systemu-e-faktur-ksef\\\/#primaryimage\"},\"thumbnailUrl\":\"https:\\\/\\\/www.interreg6a.net\\\/wp-content\\\/uploads\\\/2026\\\/01\\\/KSeF.png\",\"articleSection\":[\"Aktualno\u015bci\",\"Sprawozdawczo\u015b\u0107\"],\"inLanguage\":\"pl-PL\"},{\"@type\":\"WebPage\",\"@id\":\"https:\\\/\\\/www.interreg6a.net\\\/pl\\\/dla-polskich-partnerow-projektow-wprowadzenie-systemu-e-faktur-ksef\\\/\",\"url\":\"https:\\\/\\\/www.interreg6a.net\\\/pl\\\/dla-polskich-partnerow-projektow-wprowadzenie-systemu-e-faktur-ksef\\\/\",\"name\":\"Dla polskich partner\u00f3w projekt\u00f3w - wprowadzenie systemu e-faktur KSeF - Interreg VI A MV\\\/BB\\\/PL\",\"isPartOf\":{\"@id\":\"https:\\\/\\\/www.interreg6a.net\\\/pl\\\/#website\"},\"primaryImageOfPage\":{\"@id\":\"https:\\\/\\\/www.interreg6a.net\\\/pl\\\/dla-polskich-partnerow-projektow-wprowadzenie-systemu-e-faktur-ksef\\\/#primaryimage\"},\"image\":{\"@id\":\"https:\\\/\\\/www.interreg6a.net\\\/pl\\\/dla-polskich-partnerow-projektow-wprowadzenie-systemu-e-faktur-ksef\\\/#primaryimage\"},\"thumbnailUrl\":\"https:\\\/\\\/www.interreg6a.net\\\/wp-content\\\/uploads\\\/2026\\\/01\\\/KSeF.png\",\"datePublished\":\"2026-01-22T15:13:54+00:00\",\"dateModified\":\"2026-03-16T14:21:40+00:00\",\"author\":{\"@id\":\"https:\\\/\\\/www.interreg6a.net\\\/pl\\\/#\\\/schema\\\/person\\\/4c87761287b75456c2ed5cfbf95e4e8b\"},\"breadcrumb\":{\"@id\":\"https:\\\/\\\/www.interreg6a.net\\\/pl\\\/dla-polskich-partnerow-projektow-wprowadzenie-systemu-e-faktur-ksef\\\/#breadcrumb\"},\"inLanguage\":\"pl-PL\",\"potentialAction\":[{\"@type\":\"ReadAction\",\"target\":[\"https:\\\/\\\/www.interreg6a.net\\\/pl\\\/dla-polskich-partnerow-projektow-wprowadzenie-systemu-e-faktur-ksef\\\/\"]}]},{\"@type\":\"ImageObject\",\"inLanguage\":\"pl-PL\",\"@id\":\"https:\\\/\\\/www.interreg6a.net\\\/pl\\\/dla-polskich-partnerow-projektow-wprowadzenie-systemu-e-faktur-ksef\\\/#primaryimage\",\"url\":\"https:\\\/\\\/www.interreg6a.net\\\/wp-content\\\/uploads\\\/2026\\\/01\\\/KSeF.png\",\"contentUrl\":\"https:\\\/\\\/www.interreg6a.net\\\/wp-content\\\/uploads\\\/2026\\\/01\\\/KSeF.png\",\"width\":635,\"height\":405},{\"@type\":\"BreadcrumbList\",\"@id\":\"https:\\\/\\\/www.interreg6a.net\\\/pl\\\/dla-polskich-partnerow-projektow-wprowadzenie-systemu-e-faktur-ksef\\\/#breadcrumb\",\"itemListElement\":[{\"@type\":\"ListItem\",\"position\":1,\"name\":\"Strona g\u0142\u00f3wna\",\"item\":\"https:\\\/\\\/www.interreg6a.net\\\/pl\\\/\"},{\"@type\":\"ListItem\",\"position\":2,\"name\":\"Dla polskich partner\u00f3w projekt\u00f3w &#8211; wprowadzenie systemu e-faktur KSeF\"}]},{\"@type\":\"WebSite\",\"@id\":\"https:\\\/\\\/www.interreg6a.net\\\/pl\\\/#website\",\"url\":\"https:\\\/\\\/www.interreg6a.net\\\/pl\\\/\",\"name\":\"Interreg VI A MV\\\/BB\\\/PL\",\"description\":\"\",\"potentialAction\":[{\"@type\":\"SearchAction\",\"target\":{\"@type\":\"EntryPoint\",\"urlTemplate\":\"https:\\\/\\\/www.interreg6a.net\\\/pl\\\/?s={search_term_string}\"},\"query-input\":{\"@type\":\"PropertyValueSpecification\",\"valueRequired\":true,\"valueName\":\"search_term_string\"}}],\"inLanguage\":\"pl-PL\"},{\"@type\":\"Person\",\"@id\":\"https:\\\/\\\/www.interreg6a.net\\\/pl\\\/#\\\/schema\\\/person\\\/4c87761287b75456c2ed5cfbf95e4e8b\",\"name\":\"semeniuk\",\"image\":{\"@type\":\"ImageObject\",\"inLanguage\":\"pl-PL\",\"@id\":\"https:\\\/\\\/secure.gravatar.com\\\/avatar\\\/2aab4d2ca365cd79a4eb712e81052078a3fa7ddccf6c3d13d25230ebeeea8344?s=96&d=mm&r=g\",\"url\":\"https:\\\/\\\/secure.gravatar.com\\\/avatar\\\/2aab4d2ca365cd79a4eb712e81052078a3fa7ddccf6c3d13d25230ebeeea8344?s=96&d=mm&r=g\",\"contentUrl\":\"https:\\\/\\\/secure.gravatar.com\\\/avatar\\\/2aab4d2ca365cd79a4eb712e81052078a3fa7ddccf6c3d13d25230ebeeea8344?s=96&d=mm&r=g\",\"caption\":\"semeniuk\"},\"url\":\"https:\\\/\\\/www.interreg6a.net\\\/pl\\\/author\\\/semeniuk\\\/\"}]}<\/script>\n<!-- \/ Yoast SEO plugin. -->","yoast_head_json":{"title":"Dla polskich partner\u00f3w projekt\u00f3w - wprowadzenie systemu e-faktur KSeF - Interreg VI A MV\/BB\/PL","robots":{"index":"index","follow":"follow","max-snippet":"max-snippet:-1","max-image-preview":"max-image-preview:large","max-video-preview":"max-video-preview:-1"},"canonical":"https:\/\/www.interreg6a.net\/pl\/dla-polskich-partnerow-projektow-wprowadzenie-systemu-e-faktur-ksef\/","og_locale":"pl_PL","og_type":"article","og_title":"Dla polskich partner\u00f3w projekt\u00f3w - wprowadzenie systemu e-faktur KSeF - Interreg VI A MV\/BB\/PL","og_url":"https:\/\/www.interreg6a.net\/pl\/dla-polskich-partnerow-projektow-wprowadzenie-systemu-e-faktur-ksef\/","og_site_name":"Interreg VI A MV\/BB\/PL","article_published_time":"2026-01-22T15:13:54+00:00","article_modified_time":"2026-03-16T14:21:40+00:00","og_image":[{"width":635,"height":405,"url":"https:\/\/www.interreg6a.net\/wp-content\/uploads\/2026\/01\/KSeF.png","type":"image\/png"}],"author":"semeniuk","twitter_card":"summary_large_image","twitter_misc":{"Napisane przez":"semeniuk","Szacowany czas czytania":"3 minuty"},"schema":{"@context":"https:\/\/schema.org","@graph":[{"@type":"Article","@id":"https:\/\/www.interreg6a.net\/pl\/dla-polskich-partnerow-projektow-wprowadzenie-systemu-e-faktur-ksef\/#article","isPartOf":{"@id":"https:\/\/www.interreg6a.net\/pl\/dla-polskich-partnerow-projektow-wprowadzenie-systemu-e-faktur-ksef\/"},"author":{"name":"semeniuk","@id":"https:\/\/www.interreg6a.net\/pl\/#\/schema\/person\/4c87761287b75456c2ed5cfbf95e4e8b"},"headline":"Dla polskich partner\u00f3w projekt\u00f3w &#8211; wprowadzenie systemu e-faktur KSeF","datePublished":"2026-01-22T15:13:54+00:00","dateModified":"2026-03-16T14:21:40+00:00","mainEntityOfPage":{"@id":"https:\/\/www.interreg6a.net\/pl\/dla-polskich-partnerow-projektow-wprowadzenie-systemu-e-faktur-ksef\/"},"wordCount":2657,"image":{"@id":"https:\/\/www.interreg6a.net\/pl\/dla-polskich-partnerow-projektow-wprowadzenie-systemu-e-faktur-ksef\/#primaryimage"},"thumbnailUrl":"https:\/\/www.interreg6a.net\/wp-content\/uploads\/2026\/01\/KSeF.png","articleSection":["Aktualno\u015bci","Sprawozdawczo\u015b\u0107"],"inLanguage":"pl-PL"},{"@type":"WebPage","@id":"https:\/\/www.interreg6a.net\/pl\/dla-polskich-partnerow-projektow-wprowadzenie-systemu-e-faktur-ksef\/","url":"https:\/\/www.interreg6a.net\/pl\/dla-polskich-partnerow-projektow-wprowadzenie-systemu-e-faktur-ksef\/","name":"Dla polskich partner\u00f3w projekt\u00f3w - wprowadzenie systemu e-faktur KSeF - Interreg VI A MV\/BB\/PL","isPartOf":{"@id":"https:\/\/www.interreg6a.net\/pl\/#website"},"primaryImageOfPage":{"@id":"https:\/\/www.interreg6a.net\/pl\/dla-polskich-partnerow-projektow-wprowadzenie-systemu-e-faktur-ksef\/#primaryimage"},"image":{"@id":"https:\/\/www.interreg6a.net\/pl\/dla-polskich-partnerow-projektow-wprowadzenie-systemu-e-faktur-ksef\/#primaryimage"},"thumbnailUrl":"https:\/\/www.interreg6a.net\/wp-content\/uploads\/2026\/01\/KSeF.png","datePublished":"2026-01-22T15:13:54+00:00","dateModified":"2026-03-16T14:21:40+00:00","author":{"@id":"https:\/\/www.interreg6a.net\/pl\/#\/schema\/person\/4c87761287b75456c2ed5cfbf95e4e8b"},"breadcrumb":{"@id":"https:\/\/www.interreg6a.net\/pl\/dla-polskich-partnerow-projektow-wprowadzenie-systemu-e-faktur-ksef\/#breadcrumb"},"inLanguage":"pl-PL","potentialAction":[{"@type":"ReadAction","target":["https:\/\/www.interreg6a.net\/pl\/dla-polskich-partnerow-projektow-wprowadzenie-systemu-e-faktur-ksef\/"]}]},{"@type":"ImageObject","inLanguage":"pl-PL","@id":"https:\/\/www.interreg6a.net\/pl\/dla-polskich-partnerow-projektow-wprowadzenie-systemu-e-faktur-ksef\/#primaryimage","url":"https:\/\/www.interreg6a.net\/wp-content\/uploads\/2026\/01\/KSeF.png","contentUrl":"https:\/\/www.interreg6a.net\/wp-content\/uploads\/2026\/01\/KSeF.png","width":635,"height":405},{"@type":"BreadcrumbList","@id":"https:\/\/www.interreg6a.net\/pl\/dla-polskich-partnerow-projektow-wprowadzenie-systemu-e-faktur-ksef\/#breadcrumb","itemListElement":[{"@type":"ListItem","position":1,"name":"Strona g\u0142\u00f3wna","item":"https:\/\/www.interreg6a.net\/pl\/"},{"@type":"ListItem","position":2,"name":"Dla polskich partner\u00f3w projekt\u00f3w &#8211; wprowadzenie systemu e-faktur KSeF"}]},{"@type":"WebSite","@id":"https:\/\/www.interreg6a.net\/pl\/#website","url":"https:\/\/www.interreg6a.net\/pl\/","name":"Interreg VI A MV\/BB\/PL","description":"","potentialAction":[{"@type":"SearchAction","target":{"@type":"EntryPoint","urlTemplate":"https:\/\/www.interreg6a.net\/pl\/?s={search_term_string}"},"query-input":{"@type":"PropertyValueSpecification","valueRequired":true,"valueName":"search_term_string"}}],"inLanguage":"pl-PL"},{"@type":"Person","@id":"https:\/\/www.interreg6a.net\/pl\/#\/schema\/person\/4c87761287b75456c2ed5cfbf95e4e8b","name":"semeniuk","image":{"@type":"ImageObject","inLanguage":"pl-PL","@id":"https:\/\/secure.gravatar.com\/avatar\/2aab4d2ca365cd79a4eb712e81052078a3fa7ddccf6c3d13d25230ebeeea8344?s=96&d=mm&r=g","url":"https:\/\/secure.gravatar.com\/avatar\/2aab4d2ca365cd79a4eb712e81052078a3fa7ddccf6c3d13d25230ebeeea8344?s=96&d=mm&r=g","contentUrl":"https:\/\/secure.gravatar.com\/avatar\/2aab4d2ca365cd79a4eb712e81052078a3fa7ddccf6c3d13d25230ebeeea8344?s=96&d=mm&r=g","caption":"semeniuk"},"url":"https:\/\/www.interreg6a.net\/pl\/author\/semeniuk\/"}]}},"_links":{"self":[{"href":"https:\/\/www.interreg6a.net\/pl\/wp-json\/wp\/v2\/posts\/22625","targetHints":{"allow":["GET"]}}],"collection":[{"href":"https:\/\/www.interreg6a.net\/pl\/wp-json\/wp\/v2\/posts"}],"about":[{"href":"https:\/\/www.interreg6a.net\/pl\/wp-json\/wp\/v2\/types\/post"}],"author":[{"embeddable":true,"href":"https:\/\/www.interreg6a.net\/pl\/wp-json\/wp\/v2\/users\/25"}],"replies":[{"embeddable":true,"href":"https:\/\/www.interreg6a.net\/pl\/wp-json\/wp\/v2\/comments?post=22625"}],"version-history":[{"count":10,"href":"https:\/\/www.interreg6a.net\/pl\/wp-json\/wp\/v2\/posts\/22625\/revisions"}],"predecessor-version":[{"id":23367,"href":"https:\/\/www.interreg6a.net\/pl\/wp-json\/wp\/v2\/posts\/22625\/revisions\/23367"}],"wp:featuredmedia":[{"embeddable":true,"href":"https:\/\/www.interreg6a.net\/pl\/wp-json\/wp\/v2\/media\/22620"}],"wp:attachment":[{"href":"https:\/\/www.interreg6a.net\/pl\/wp-json\/wp\/v2\/media?parent=22625"}],"wp:term":[{"taxonomy":"category","embeddable":true,"href":"https:\/\/www.interreg6a.net\/pl\/wp-json\/wp\/v2\/categories?post=22625"},{"taxonomy":"post_tag","embeddable":true,"href":"https:\/\/www.interreg6a.net\/pl\/wp-json\/wp\/v2\/tags?post=22625"}],"curies":[{"name":"wp","href":"https:\/\/api.w.org\/{rel}","templated":true}]}}