{"id":22649,"date":"2026-01-23T12:07:44","date_gmt":"2026-01-23T11:07:44","guid":{"rendered":"https:\/\/www.interreg6a.net\/nowosci-z-naszych-projektow-czesc-2\/"},"modified":"2026-01-23T12:15:45","modified_gmt":"2026-01-23T11:15:45","slug":"nowosci-z-naszych-projektow-czesc-2","status":"publish","type":"post","link":"https:\/\/www.interreg6a.net\/pl\/nowosci-z-naszych-projektow-czesc-2\/","title":{"rendered":"Nowo\u015bci z naszych projekt\u00f3w \u2013 cz\u0119\u015b\u0107 2"},"content":{"rendered":"<div class=\"fusion-fullwidth fullwidth-box fusion-builder-row-1 fusion-flex-container has-pattern-background has-mask-background nonhundred-percent-fullwidth non-hundred-percent-height-scrolling\" style=\"--awb-border-radius-top-left:0px;--awb-border-radius-top-right:0px;--awb-border-radius-bottom-right:0px;--awb-border-radius-bottom-left:0px;--awb-flex-wrap:wrap;\" ><div class=\"fusion-builder-row fusion-row fusion-flex-align-items-flex-start fusion-flex-content-wrap\" style=\"max-width:1586px;margin-left: calc(-4% \/ 2 );margin-right: calc(-4% \/ 2 );\"><div class=\"fusion-layout-column fusion_builder_column fusion-builder-column-0 fusion-flex-column\" style=\"--awb-bg-size:cover;--awb-width-large:10%;--awb-margin-top-large:0px;--awb-spacing-right-large:19.2%;--awb-margin-bottom-large:20px;--awb-spacing-left-large:19.2%;--awb-width-medium:10%;--awb-order-medium:0;--awb-spacing-right-medium:19.2%;--awb-spacing-left-medium:19.2%;--awb-width-small:100%;--awb-order-small:0;--awb-spacing-right-small:1.92%;--awb-spacing-left-small:1.92%;\" data-scroll-devices=\"small-visibility,medium-visibility,large-visibility\"><div class=\"fusion-column-wrapper fusion-column-has-shadow fusion-flex-justify-content-flex-start fusion-content-layout-column\"><\/div><\/div><div class=\"fusion-layout-column fusion_builder_column fusion-builder-column-1 fusion-flex-column\" style=\"--awb-bg-size:cover;--awb-width-large:79%;--awb-margin-top-large:0px;--awb-spacing-right-large:2.4303797468354%;--awb-margin-bottom-large:20px;--awb-spacing-left-large:2.4303797468354%;--awb-width-medium:79%;--awb-order-medium:0;--awb-spacing-right-medium:2.4303797468354%;--awb-spacing-left-medium:2.4303797468354%;--awb-width-small:100%;--awb-order-small:0;--awb-spacing-right-small:1.92%;--awb-spacing-left-small:1.92%;\" data-scroll-devices=\"small-visibility,medium-visibility,large-visibility\"><div class=\"fusion-column-wrapper fusion-column-has-shadow fusion-flex-justify-content-flex-start fusion-content-layout-column\"><div class=\"fusion-title title fusion-title-1 fusion-sep-none fusion-title-center fusion-title-text fusion-title-size-one\" style=\"--awb-margin-top-small:10px;--awb-margin-right-small:0px;--awb-margin-bottom-small:10px;--awb-margin-left-small:0px;\"><h1 class=\"fusion-title-heading title-heading-center\" style=\"margin:0;\">Nowo\u015bci z naszych projekt\u00f3w \u2013 cz\u0119\u015b\u0107 2<\/h1><\/div><div class=\"fusion-text fusion-text-1\"><p>Dzisiaj chcieliby\u015bmy ponownie poinformowa\u0107 Pa\u0144stwa o dzia\u0142aniach w ramach naszych projekt\u00f3w, kt\u00f3re mia\u0142y miejsce w ostatnich tygodniach lub odb\u0119d\u0105 si\u0119 w najbli\u017cszych tygodniach.<\/p>\n<\/div><div class=\"fusion-text fusion-text-2\"><p><strong>Przydatna wskaz\u00f3wka:<\/strong> je\u015bli w sekcji \u201eSzczeg\u00f3\u0142y\u201d nie ma tekstu w Pa\u0144stwa j\u0119zyku, prosimy skorzysta\u0107 z funkcji t\u0142umaczenia przegl\u0105darki.<\/p>\n<\/div><\/div><\/div><div class=\"fusion-layout-column fusion_builder_column fusion-builder-column-2 fusion-flex-column\" style=\"--awb-bg-size:cover;--awb-width-large:10%;--awb-margin-top-large:0px;--awb-spacing-right-large:19.2%;--awb-margin-bottom-large:20px;--awb-spacing-left-large:19.2%;--awb-width-medium:10%;--awb-order-medium:0;--awb-spacing-right-medium:19.2%;--awb-spacing-left-medium:19.2%;--awb-width-small:100%;--awb-order-small:0;--awb-spacing-right-small:1.92%;--awb-spacing-left-small:1.92%;\" data-scroll-devices=\"small-visibility,medium-visibility,large-visibility\"><div class=\"fusion-column-wrapper fusion-column-has-shadow fusion-flex-justify-content-flex-start fusion-content-layout-column\"><\/div><\/div><div class=\"fusion-layout-column fusion_builder_column fusion-builder-column-3 fusion-flex-column\" style=\"--awb-bg-size:cover;--awb-width-large:10%;--awb-margin-top-large:0px;--awb-spacing-right-large:19.2%;--awb-margin-bottom-large:20px;--awb-spacing-left-large:19.2%;--awb-width-medium:10%;--awb-order-medium:0;--awb-spacing-right-medium:19.2%;--awb-spacing-left-medium:19.2%;--awb-width-small:100%;--awb-order-small:0;--awb-spacing-right-small:1.92%;--awb-spacing-left-small:1.92%;\" data-scroll-devices=\"small-visibility,medium-visibility,large-visibility\"><div class=\"fusion-column-wrapper fusion-column-has-shadow fusion-flex-justify-content-flex-start fusion-content-layout-column\"><\/div><\/div><div class=\"fusion-layout-column fusion_builder_column fusion-builder-column-4 fusion-flex-column\" style=\"--awb-bg-size:cover;--awb-width-large:79%;--awb-margin-top-large:0px;--awb-spacing-right-large:2.4303797468354%;--awb-margin-bottom-large:20px;--awb-spacing-left-large:2.4303797468354%;--awb-width-medium:79%;--awb-order-medium:0;--awb-spacing-right-medium:2.4303797468354%;--awb-spacing-left-medium:2.4303797468354%;--awb-width-small:100%;--awb-order-small:0;--awb-spacing-right-small:1.92%;--awb-spacing-left-small:1.92%;\" data-scroll-devices=\"small-visibility,medium-visibility,large-visibility\"><div class=\"fusion-column-wrapper fusion-column-has-shadow fusion-flex-justify-content-flex-start fusion-content-layout-column\"><div class=\"fusion-text fusion-text-3 fusion-text-no-margin\" style=\"--awb-margin-bottom:50px;\"><h5>Temicare 2.0 &#8211; 17.12.2025 Zwyci\u0119zcy konkursu literackiego \u201eMagia s\u0142\u00f3w\u201d<\/h5>\n<p>Zapraszamy do zanurzenia si\u0119 w czaruj\u0105cych opowiadaniach zwyci\u0119zc\u00f3w konkursu literackiego.<\/p>\n<p><a href=\"https:\/\/www.temicare2.pl\/index.php?id=920\">Szczeg\u00f3\u0142y<\/a><\/p>\n<\/div><div class=\"fusion-text fusion-text-4 fusion-text-no-margin\" style=\"--awb-margin-bottom:50px;\"><h5>OrgWaste2Fuel &#8211; 15.01.2026 Kick-off-Meeting<\/h5>\n<p>Partnerzy projektu spotkali si\u0119 na spotkaniu inauguracyjnym w Pasewalk, podczas kt\u00f3rego om\u00f3wili praktyczne zagadnienia i zwiedzili now\u0105 biogazowni\u0119 Torgelow II.<\/p>\n<p><a href=\"https:\/\/www.hs-nb.de\/hochschule\/aktuelles\/termine-und-veranstaltungen\/detail\/n\/kick-off-meeting-interregprojekt-orgwaste2fuel-260790\/\">Szczeg\u00f3\u0142y<\/a> | <a href=\"https:\/\/www.ndr.de\/nachrichten\/mecklenburg-vorpommern\/treibstoff-aus-biomuell-innovation-aus-der-pomerania-region,biogasanlagen-106.html\">Artyku\u0142 w NDR<\/a> | <a href=\"https:\/\/www.nordkurier.de\/regional\/pasewalk\/nordosten-will-bei-geschaeft-mit-biomethan-vorreiterrolle-spielen-4271612\">Artyku\u0142 w Nordkurier<\/a><\/p>\n<\/div><div class=\"fusion-text fusion-text-5 fusion-text-no-margin\" style=\"--awb-margin-bottom:50px;\"><h5>Berlin-Szczecin-Ko\u0142obrzeg &#8211; 15.01.2026 Auftaktkonferenz<\/h5>\n<p>W Gartz (Oder) uczestnicy konferencji wymieniali si\u0119 informacjami na temat transgranicznej turystyki rowerowej.<\/p>\n<p><a href=\"https:\/\/www.uckermark.de\/EU-Zusammenarbeit\/Projekte-Interreg-VI-A\/Fahrradroute-Berlin-Szczecin-Kolobrzeg\/Auftaktkonferenz-des-Interreg-VIA-Projektes-Fahrradroute-Berlin-Szczecin-Kolobrzeg-in-Gartz-Oder-.php?object=tx,3615.5.1&amp;ModID=7&amp;FID=3615.10773.1&amp;NavID=3615.577&amp;La=1\">Szczeg\u00f3\u0142y<\/a><\/p>\n<\/div><div class=\"fusion-text fusion-text-6 fusion-text-no-margin\" style=\"--awb-margin-bottom:50px;\"><h5>Temicare 2.0 \u2013 16.01.2026 Sta\u017ce w Szpitalu Uniwersyteckim w Gda\u0144sku<\/h5>\n<p>W ramach projektu lekarze z uczestnicz\u0105cych klinik regularnie wymieniaj\u0105 si\u0119 informacjami na temat onkologii dzieci\u0119cej i medycyny nuklearnej w praktyce \u2013 cz\u0119sto w formie sat\u017cy naukowych. Sta\u017cy\u015bci relacjonuj\u0105 swoje do\u015bwiadczenia z pobytu w Gda\u0144sku. <\/p>\n<p><a href=\"https:\/\/www.temicare2.pl\/index.php?id=921\">Szczeg\u00f3\u0142y<\/a><\/p>\n<\/div><div class=\"fusion-text fusion-text-7 fusion-text-no-margin\" style=\"--awb-margin-bottom:50px;\"><h5>NaReT \u2013 21.01.2026 Wywiad w Radiu Szczecin<\/h5>\n<p>Jak wykona\u0107 reanimacj\u0119, nie trac\u0105c przy tym g\u0142owy i nie trac\u0105c mowy? W Radiu Szczecin partnerzy projektu: Hanna Guzik, dyrektor Szko\u0142y Podstawowej nr 10 im. Leonida Teligi, dr Dorothea Orsson z Uniwersytetu Medycznego w Greifswaldzie i dr Grzegorz Czajkowski ze Szpitala Uniwersyteckiego nr 1 w Szczecinie relacjonuj\u0105 projekt. <\/p>\n<p><a href=\"https:\/\/radioszczecin.pl\/276,14955,szczecinska-mlodziez-w-naret%3E\">Audycja w Radiu Szczecin<\/a><\/p>\n<\/div><div class=\"fusion-text fusion-text-8 fusion-text-no-margin\" style=\"--awb-margin-bottom:50px;\"><h5>Biking Szczecin Lagoon oraz Berlin-Szczecin-Ko\u0142obrzeg &#8211; 27.-28.02.2026<\/h5>\n<h5>III. Polsko-Niemieckie Dni Turystyki Rowerowej<\/h5>\n<p>Trzecie Polsko-Niemieckie Dni Turystyki Rowerowej odb\u0119d\u0105 si\u0119 w Szczecinie w dniach 27-28.02.2026 r. Uczestnicy mog\u0105 spodziewa\u0107 si\u0119 bogatego programu obejmuj\u0105cego wyk\u0142ady, warsztaty, wystaw\u0119 rower\u00f3w i reporta\u017ce podr\u00f3\u017cnicze. <\/p>\n<p><a href=\"https:\/\/rowery.wzp.pl\/de\/artykul\/84\/iii-polsko-niemieckie-dni-turystyki-rowerowej\">Szczeg\u00f3\u0142y<\/a> | <a href=\"https:\/\/www.ndr.de\/nachrichten\/mecklenburg-vorpommern\/haff-mueritz\/penkun-profitiert-von-neuem-radweg-zwischen-berlin-und-ostsee,mvregioneubrandenburg-2610.html\">Artyku\u0142 w NDR<\/a><\/p>\n<p>Projekt \u201eBiking Szczecin Lagoon\u201d organizuje w pierwszym dniu konferencj\u0119 bran\u017cow\u0105 skierowan\u0105 do przedstawicieli administracji lokalnej i regionalnej, przedsi\u0119biorstw oraz organizacji pozarz\u0105dowych. Prosimy o terminowe zg\u0142aszanie udzia\u0142u! <\/p>\n<p><a href=\"https:\/\/rowery.wzp.pl\/de\/artykul\/83\/program-konferencji-branzowej-w-ramach-iii-polsko-niemieckich-dni-turystyki-rowerowej\">Szczeg\u00f3\u0142y <\/a><\/p>\n<\/div><div class=\"fusion-text fusion-text-9 fusion-text-no-margin\" style=\"--awb-margin-bottom:50px;\"><h5>30 lat Euroregionu Pomerania: mi\u0119dzy sukcesem a wyzwaniami<\/h5>\n<p>W serii \u201eMV w centrum uwagi\u201d stacja telewizyjna NDR w pierwszym odcinku w 2026 roku opowiada o 30-leciu istnienia Euroregionu Pomorze.<\/p>\n<p><a href=\"https:\/\/www.ndr.de\/nachrichten\/mecklenburg-vorpommern\/30-jahre-euroregion-pomerania-zwischen-erfolg-und-herausforderungen,mvimfokuspomerania-100.html\">Szczeg\u00f3\u0142y<\/a><\/p>\n<\/div><div class=\"fusion-text fusion-text-10\"><h5>FMP CS 6.3 Wzmacnianie zaufania \u2013 projekt \u201ePies ratownik\u201d<\/h5>\n<p>W ramach projektu polskie i niemieckie s\u0142u\u017cby ratownicze trenuj\u0105 wsp\u00f3\u0142prac\u0119 w zakresie <span class=\"yt-core-attributed-string yt-core-attributed-string--white-space-pre-wrap\" dir=\"auto\" role=\"text\"><span class=\"yt-core-attributed-string--link-inherit-color\" dir=\"auto\">w zakresie poszukiwania os\u00f3b zaginionych w regionie przygranicznym.<\/span><\/span><\/p>\n<p><a href=\"https:\/\/www.youtube.com\/watch?v=XqkGNvWV8Io\">Film 1: Ratowanie zaginionych dzieci<\/a><br \/>\n<a href=\"https:\/\/www.youtube.com\/watch?v=gshrzgkrwz0\">Film 2: Ratowanie os\u00f3b starszych i chorych<\/a><\/p>\n<p>Nordkurier informuje o \u0107wiczeniach s\u0142u\u017cb ratowniczych jesieni\u0105 2025 roku w Blankensee, podczas kt\u00f3rych niespodziewanie dosz\u0142o do prawdziwej akcji ratowniczej.<\/p>\n<p><a href=\"https:\/\/www.nordkurier.de\/regional\/pasewalk\/feuerwehren-ueben-im-grenzraum-personensuche-und-finden-fluechtlinge-3886109\">Artyku\u0142 w Nordkurier<\/a><\/p>\n<\/div><\/div><\/div><div class=\"fusion-layout-column fusion_builder_column fusion-builder-column-5 fusion-flex-column\" style=\"--awb-bg-size:cover;--awb-width-large:10%;--awb-margin-top-large:0px;--awb-spacing-right-large:19.2%;--awb-margin-bottom-large:20px;--awb-spacing-left-large:19.2%;--awb-width-medium:10%;--awb-order-medium:0;--awb-spacing-right-medium:19.2%;--awb-spacing-left-medium:19.2%;--awb-width-small:100%;--awb-order-small:0;--awb-spacing-right-small:1.92%;--awb-spacing-left-small:1.92%;\" data-scroll-devices=\"small-visibility,medium-visibility,large-visibility\"><div class=\"fusion-column-wrapper fusion-column-has-shadow fusion-flex-justify-content-flex-start fusion-content-layout-column\"><\/div><\/div><\/div><\/div>\n","protected":false},"excerpt":{"rendered":"","protected":false},"author":32,"featured_media":21204,"comment_status":"closed","ping_status":"closed","sticky":false,"template":"","format":"standard","meta":{"_price":"","_stock":"","_tribe_ticket_header":"","_tribe_default_ticket_provider":"","_tribe_ticket_capacity":"","_ticket_start_date":"","_ticket_end_date":"","_tribe_ticket_show_description":"","_tribe_ticket_show_not_going":false,"_tribe_ticket_use_global_stock":"","_tribe_ticket_global_stock_level":"","_global_stock_mode":"","_global_stock_cap":"","_tribe_rsvp_for_event":"","_tribe_ticket_going_count":"","_tribe_ticket_not_going_count":"","_tribe_tickets_list":"[]","_tribe_ticket_has_attendee_info_fields":false,"footnotes":""},"categories":[20,186],"tags":[],"class_list":["post-22649","post","type-post","status-publish","format-standard","has-post-thumbnail","hentry","category-aktualnosci","category-nowosci-z-naszych-projektow"],"yoast_head":"<!-- This site is optimized with the Yoast SEO plugin v27.3 - https:\/\/yoast.com\/product\/yoast-seo-wordpress\/ -->\n<title>Nowo\u015bci z naszych projekt\u00f3w \u2013 cz\u0119\u015b\u0107 2 - Interreg VI A MV\/BB\/PL<\/title>\n<meta name=\"robots\" content=\"index, follow, max-snippet:-1, max-image-preview:large, max-video-preview:-1\" \/>\n<link rel=\"canonical\" href=\"https:\/\/www.interreg6a.net\/pl\/nowosci-z-naszych-projektow-czesc-2\/\" \/>\n<meta property=\"og:locale\" content=\"pl_PL\" \/>\n<meta property=\"og:type\" content=\"article\" \/>\n<meta property=\"og:title\" content=\"Nowo\u015bci z naszych projekt\u00f3w \u2013 cz\u0119\u015b\u0107 2 - Interreg VI A MV\/BB\/PL\" \/>\n<meta property=\"og:url\" content=\"https:\/\/www.interreg6a.net\/pl\/nowosci-z-naszych-projektow-czesc-2\/\" \/>\n<meta property=\"og:site_name\" content=\"Interreg VI A MV\/BB\/PL\" \/>\n<meta property=\"article:published_time\" content=\"2026-01-23T11:07:44+00:00\" \/>\n<meta property=\"article:modified_time\" content=\"2026-01-23T11:15:45+00:00\" \/>\n<meta property=\"og:image\" content=\"https:\/\/www.interreg6a.net\/wp-content\/uploads\/2025\/12\/NEWS-scaled.jpg\" \/>\n\t<meta property=\"og:image:width\" content=\"2560\" \/>\n\t<meta property=\"og:image:height\" content=\"1536\" \/>\n\t<meta property=\"og:image:type\" content=\"image\/jpeg\" \/>\n<meta name=\"author\" content=\"Sophia Raeder\" \/>\n<meta name=\"twitter:card\" content=\"summary_large_image\" \/>\n<meta name=\"twitter:label1\" content=\"Napisane przez\" \/>\n\t<meta name=\"twitter:data1\" content=\"Sophia Raeder\" \/>\n\t<meta name=\"twitter:label2\" content=\"Szacowany czas czytania\" \/>\n\t<meta name=\"twitter:data2\" content=\"29 minut\" \/>\n<script type=\"application\/ld+json\" class=\"yoast-schema-graph\">{\"@context\":\"https:\\\/\\\/schema.org\",\"@graph\":[{\"@type\":\"Article\",\"@id\":\"https:\\\/\\\/www.interreg6a.net\\\/pl\\\/nowosci-z-naszych-projektow-czesc-2\\\/#article\",\"isPartOf\":{\"@id\":\"https:\\\/\\\/www.interreg6a.net\\\/pl\\\/nowosci-z-naszych-projektow-czesc-2\\\/\"},\"author\":{\"name\":\"Sophia Raeder\",\"@id\":\"https:\\\/\\\/www.interreg6a.net\\\/pl\\\/#\\\/schema\\\/person\\\/75f46c643fbc6cecaede2b77369ad2a0\"},\"headline\":\"Nowo\u015bci z naszych projekt\u00f3w \u2013 cz\u0119\u015b\u0107 2\",\"datePublished\":\"2026-01-23T11:07:44+00:00\",\"dateModified\":\"2026-01-23T11:15:45+00:00\",\"mainEntityOfPage\":{\"@id\":\"https:\\\/\\\/www.interreg6a.net\\\/pl\\\/nowosci-z-naszych-projektow-czesc-2\\\/\"},\"wordCount\":5898,\"image\":{\"@id\":\"https:\\\/\\\/www.interreg6a.net\\\/pl\\\/nowosci-z-naszych-projektow-czesc-2\\\/#primaryimage\"},\"thumbnailUrl\":\"https:\\\/\\\/www.interreg6a.net\\\/wp-content\\\/uploads\\\/2025\\\/12\\\/NEWS-scaled.jpg\",\"articleSection\":[\"Aktualno\u015bci\",\"Nowo\u015bci z naszych projekt\u00f3w\"],\"inLanguage\":\"pl-PL\"},{\"@type\":\"WebPage\",\"@id\":\"https:\\\/\\\/www.interreg6a.net\\\/pl\\\/nowosci-z-naszych-projektow-czesc-2\\\/\",\"url\":\"https:\\\/\\\/www.interreg6a.net\\\/pl\\\/nowosci-z-naszych-projektow-czesc-2\\\/\",\"name\":\"Nowo\u015bci z naszych projekt\u00f3w \u2013 cz\u0119\u015b\u0107 2 - Interreg VI A MV\\\/BB\\\/PL\",\"isPartOf\":{\"@id\":\"https:\\\/\\\/www.interreg6a.net\\\/pl\\\/#website\"},\"primaryImageOfPage\":{\"@id\":\"https:\\\/\\\/www.interreg6a.net\\\/pl\\\/nowosci-z-naszych-projektow-czesc-2\\\/#primaryimage\"},\"image\":{\"@id\":\"https:\\\/\\\/www.interreg6a.net\\\/pl\\\/nowosci-z-naszych-projektow-czesc-2\\\/#primaryimage\"},\"thumbnailUrl\":\"https:\\\/\\\/www.interreg6a.net\\\/wp-content\\\/uploads\\\/2025\\\/12\\\/NEWS-scaled.jpg\",\"datePublished\":\"2026-01-23T11:07:44+00:00\",\"dateModified\":\"2026-01-23T11:15:45+00:00\",\"author\":{\"@id\":\"https:\\\/\\\/www.interreg6a.net\\\/pl\\\/#\\\/schema\\\/person\\\/75f46c643fbc6cecaede2b77369ad2a0\"},\"breadcrumb\":{\"@id\":\"https:\\\/\\\/www.interreg6a.net\\\/pl\\\/nowosci-z-naszych-projektow-czesc-2\\\/#breadcrumb\"},\"inLanguage\":\"pl-PL\",\"potentialAction\":[{\"@type\":\"ReadAction\",\"target\":[\"https:\\\/\\\/www.interreg6a.net\\\/pl\\\/nowosci-z-naszych-projektow-czesc-2\\\/\"]}]},{\"@type\":\"ImageObject\",\"inLanguage\":\"pl-PL\",\"@id\":\"https:\\\/\\\/www.interreg6a.net\\\/pl\\\/nowosci-z-naszych-projektow-czesc-2\\\/#primaryimage\",\"url\":\"https:\\\/\\\/www.interreg6a.net\\\/wp-content\\\/uploads\\\/2025\\\/12\\\/NEWS-scaled.jpg\",\"contentUrl\":\"https:\\\/\\\/www.interreg6a.net\\\/wp-content\\\/uploads\\\/2025\\\/12\\\/NEWS-scaled.jpg\",\"width\":2560,\"height\":1536},{\"@type\":\"BreadcrumbList\",\"@id\":\"https:\\\/\\\/www.interreg6a.net\\\/pl\\\/nowosci-z-naszych-projektow-czesc-2\\\/#breadcrumb\",\"itemListElement\":[{\"@type\":\"ListItem\",\"position\":1,\"name\":\"Strona g\u0142\u00f3wna\",\"item\":\"https:\\\/\\\/www.interreg6a.net\\\/pl\\\/\"},{\"@type\":\"ListItem\",\"position\":2,\"name\":\"Nowo\u015bci z naszych projekt\u00f3w \u2013 cz\u0119\u015b\u0107 2\"}]},{\"@type\":\"WebSite\",\"@id\":\"https:\\\/\\\/www.interreg6a.net\\\/pl\\\/#website\",\"url\":\"https:\\\/\\\/www.interreg6a.net\\\/pl\\\/\",\"name\":\"Interreg VI A MV\\\/BB\\\/PL\",\"description\":\"\",\"potentialAction\":[{\"@type\":\"SearchAction\",\"target\":{\"@type\":\"EntryPoint\",\"urlTemplate\":\"https:\\\/\\\/www.interreg6a.net\\\/pl\\\/?s={search_term_string}\"},\"query-input\":{\"@type\":\"PropertyValueSpecification\",\"valueRequired\":true,\"valueName\":\"search_term_string\"}}],\"inLanguage\":\"pl-PL\"},{\"@type\":\"Person\",\"@id\":\"https:\\\/\\\/www.interreg6a.net\\\/pl\\\/#\\\/schema\\\/person\\\/75f46c643fbc6cecaede2b77369ad2a0\",\"name\":\"Sophia Raeder\",\"image\":{\"@type\":\"ImageObject\",\"inLanguage\":\"pl-PL\",\"@id\":\"https:\\\/\\\/secure.gravatar.com\\\/avatar\\\/84a6169c53ab6323161e69b931ec741a66e91c281d4255314348b370583ac7c6?s=96&d=mm&r=g\",\"url\":\"https:\\\/\\\/secure.gravatar.com\\\/avatar\\\/84a6169c53ab6323161e69b931ec741a66e91c281d4255314348b370583ac7c6?s=96&d=mm&r=g\",\"contentUrl\":\"https:\\\/\\\/secure.gravatar.com\\\/avatar\\\/84a6169c53ab6323161e69b931ec741a66e91c281d4255314348b370583ac7c6?s=96&d=mm&r=g\",\"caption\":\"Sophia Raeder\"},\"url\":\"https:\\\/\\\/www.interreg6a.net\\\/pl\\\/author\\\/raeder\\\/\"}]}<\/script>\n<!-- \/ Yoast SEO plugin. -->","yoast_head_json":{"title":"Nowo\u015bci z naszych projekt\u00f3w \u2013 cz\u0119\u015b\u0107 2 - Interreg VI A MV\/BB\/PL","robots":{"index":"index","follow":"follow","max-snippet":"max-snippet:-1","max-image-preview":"max-image-preview:large","max-video-preview":"max-video-preview:-1"},"canonical":"https:\/\/www.interreg6a.net\/pl\/nowosci-z-naszych-projektow-czesc-2\/","og_locale":"pl_PL","og_type":"article","og_title":"Nowo\u015bci z naszych projekt\u00f3w \u2013 cz\u0119\u015b\u0107 2 - Interreg VI A MV\/BB\/PL","og_url":"https:\/\/www.interreg6a.net\/pl\/nowosci-z-naszych-projektow-czesc-2\/","og_site_name":"Interreg VI A MV\/BB\/PL","article_published_time":"2026-01-23T11:07:44+00:00","article_modified_time":"2026-01-23T11:15:45+00:00","og_image":[{"width":2560,"height":1536,"url":"https:\/\/www.interreg6a.net\/wp-content\/uploads\/2025\/12\/NEWS-scaled.jpg","type":"image\/jpeg"}],"author":"Sophia Raeder","twitter_card":"summary_large_image","twitter_misc":{"Napisane przez":"Sophia Raeder","Szacowany czas czytania":"29 minut"},"schema":{"@context":"https:\/\/schema.org","@graph":[{"@type":"Article","@id":"https:\/\/www.interreg6a.net\/pl\/nowosci-z-naszych-projektow-czesc-2\/#article","isPartOf":{"@id":"https:\/\/www.interreg6a.net\/pl\/nowosci-z-naszych-projektow-czesc-2\/"},"author":{"name":"Sophia Raeder","@id":"https:\/\/www.interreg6a.net\/pl\/#\/schema\/person\/75f46c643fbc6cecaede2b77369ad2a0"},"headline":"Nowo\u015bci z naszych projekt\u00f3w \u2013 cz\u0119\u015b\u0107 2","datePublished":"2026-01-23T11:07:44+00:00","dateModified":"2026-01-23T11:15:45+00:00","mainEntityOfPage":{"@id":"https:\/\/www.interreg6a.net\/pl\/nowosci-z-naszych-projektow-czesc-2\/"},"wordCount":5898,"image":{"@id":"https:\/\/www.interreg6a.net\/pl\/nowosci-z-naszych-projektow-czesc-2\/#primaryimage"},"thumbnailUrl":"https:\/\/www.interreg6a.net\/wp-content\/uploads\/2025\/12\/NEWS-scaled.jpg","articleSection":["Aktualno\u015bci","Nowo\u015bci z naszych projekt\u00f3w"],"inLanguage":"pl-PL"},{"@type":"WebPage","@id":"https:\/\/www.interreg6a.net\/pl\/nowosci-z-naszych-projektow-czesc-2\/","url":"https:\/\/www.interreg6a.net\/pl\/nowosci-z-naszych-projektow-czesc-2\/","name":"Nowo\u015bci z naszych projekt\u00f3w \u2013 cz\u0119\u015b\u0107 2 - Interreg VI A MV\/BB\/PL","isPartOf":{"@id":"https:\/\/www.interreg6a.net\/pl\/#website"},"primaryImageOfPage":{"@id":"https:\/\/www.interreg6a.net\/pl\/nowosci-z-naszych-projektow-czesc-2\/#primaryimage"},"image":{"@id":"https:\/\/www.interreg6a.net\/pl\/nowosci-z-naszych-projektow-czesc-2\/#primaryimage"},"thumbnailUrl":"https:\/\/www.interreg6a.net\/wp-content\/uploads\/2025\/12\/NEWS-scaled.jpg","datePublished":"2026-01-23T11:07:44+00:00","dateModified":"2026-01-23T11:15:45+00:00","author":{"@id":"https:\/\/www.interreg6a.net\/pl\/#\/schema\/person\/75f46c643fbc6cecaede2b77369ad2a0"},"breadcrumb":{"@id":"https:\/\/www.interreg6a.net\/pl\/nowosci-z-naszych-projektow-czesc-2\/#breadcrumb"},"inLanguage":"pl-PL","potentialAction":[{"@type":"ReadAction","target":["https:\/\/www.interreg6a.net\/pl\/nowosci-z-naszych-projektow-czesc-2\/"]}]},{"@type":"ImageObject","inLanguage":"pl-PL","@id":"https:\/\/www.interreg6a.net\/pl\/nowosci-z-naszych-projektow-czesc-2\/#primaryimage","url":"https:\/\/www.interreg6a.net\/wp-content\/uploads\/2025\/12\/NEWS-scaled.jpg","contentUrl":"https:\/\/www.interreg6a.net\/wp-content\/uploads\/2025\/12\/NEWS-scaled.jpg","width":2560,"height":1536},{"@type":"BreadcrumbList","@id":"https:\/\/www.interreg6a.net\/pl\/nowosci-z-naszych-projektow-czesc-2\/#breadcrumb","itemListElement":[{"@type":"ListItem","position":1,"name":"Strona g\u0142\u00f3wna","item":"https:\/\/www.interreg6a.net\/pl\/"},{"@type":"ListItem","position":2,"name":"Nowo\u015bci z naszych projekt\u00f3w \u2013 cz\u0119\u015b\u0107 2"}]},{"@type":"WebSite","@id":"https:\/\/www.interreg6a.net\/pl\/#website","url":"https:\/\/www.interreg6a.net\/pl\/","name":"Interreg VI A MV\/BB\/PL","description":"","potentialAction":[{"@type":"SearchAction","target":{"@type":"EntryPoint","urlTemplate":"https:\/\/www.interreg6a.net\/pl\/?s={search_term_string}"},"query-input":{"@type":"PropertyValueSpecification","valueRequired":true,"valueName":"search_term_string"}}],"inLanguage":"pl-PL"},{"@type":"Person","@id":"https:\/\/www.interreg6a.net\/pl\/#\/schema\/person\/75f46c643fbc6cecaede2b77369ad2a0","name":"Sophia Raeder","image":{"@type":"ImageObject","inLanguage":"pl-PL","@id":"https:\/\/secure.gravatar.com\/avatar\/84a6169c53ab6323161e69b931ec741a66e91c281d4255314348b370583ac7c6?s=96&d=mm&r=g","url":"https:\/\/secure.gravatar.com\/avatar\/84a6169c53ab6323161e69b931ec741a66e91c281d4255314348b370583ac7c6?s=96&d=mm&r=g","contentUrl":"https:\/\/secure.gravatar.com\/avatar\/84a6169c53ab6323161e69b931ec741a66e91c281d4255314348b370583ac7c6?s=96&d=mm&r=g","caption":"Sophia Raeder"},"url":"https:\/\/www.interreg6a.net\/pl\/author\/raeder\/"}]}},"_links":{"self":[{"href":"https:\/\/www.interreg6a.net\/pl\/wp-json\/wp\/v2\/posts\/22649","targetHints":{"allow":["GET"]}}],"collection":[{"href":"https:\/\/www.interreg6a.net\/pl\/wp-json\/wp\/v2\/posts"}],"about":[{"href":"https:\/\/www.interreg6a.net\/pl\/wp-json\/wp\/v2\/types\/post"}],"author":[{"embeddable":true,"href":"https:\/\/www.interreg6a.net\/pl\/wp-json\/wp\/v2\/users\/32"}],"replies":[{"embeddable":true,"href":"https:\/\/www.interreg6a.net\/pl\/wp-json\/wp\/v2\/comments?post=22649"}],"version-history":[{"count":2,"href":"https:\/\/www.interreg6a.net\/pl\/wp-json\/wp\/v2\/posts\/22649\/revisions"}],"predecessor-version":[{"id":22651,"href":"https:\/\/www.interreg6a.net\/pl\/wp-json\/wp\/v2\/posts\/22649\/revisions\/22651"}],"wp:featuredmedia":[{"embeddable":true,"href":"https:\/\/www.interreg6a.net\/pl\/wp-json\/wp\/v2\/media\/21204"}],"wp:attachment":[{"href":"https:\/\/www.interreg6a.net\/pl\/wp-json\/wp\/v2\/media?parent=22649"}],"wp:term":[{"taxonomy":"category","embeddable":true,"href":"https:\/\/www.interreg6a.net\/pl\/wp-json\/wp\/v2\/categories?post=22649"},{"taxonomy":"post_tag","embeddable":true,"href":"https:\/\/www.interreg6a.net\/pl\/wp-json\/wp\/v2\/tags?post=22649"}],"curies":[{"name":"wp","href":"https:\/\/api.w.org\/{rel}","templated":true}]}}