{"id":23293,"date":"2026-03-12T10:27:24","date_gmt":"2026-03-12T09:27:24","guid":{"rendered":"https:\/\/www.interreg6a.net\/?p=23293"},"modified":"2026-03-12T10:27:03","modified_gmt":"2026-03-12T09:27:03","slug":"nowosci-dotyczace-naszych-projektow-czesc-3","status":"publish","type":"post","link":"https:\/\/www.interreg6a.net\/pl\/nowosci-dotyczace-naszych-projektow-czesc-3\/","title":{"rendered":"Nowo\u015bci dotycz\u0105ce naszych projekt\u00f3w \u2013 cz\u0119\u015b\u0107 3"},"content":{"rendered":"<div class=\"fusion-fullwidth fullwidth-box fusion-builder-row-1 fusion-flex-container has-pattern-background has-mask-background nonhundred-percent-fullwidth non-hundred-percent-height-scrolling\" style=\"--awb-border-radius-top-left:0px;--awb-border-radius-top-right:0px;--awb-border-radius-bottom-right:0px;--awb-border-radius-bottom-left:0px;--awb-flex-wrap:wrap;\" ><div class=\"fusion-builder-row fusion-row fusion-flex-align-items-flex-start fusion-flex-content-wrap\" style=\"max-width:1586px;margin-left: calc(-4% \/ 2 );margin-right: calc(-4% \/ 2 );\"><div class=\"fusion-layout-column fusion_builder_column fusion-builder-column-0 fusion-flex-column\" style=\"--awb-bg-size:cover;--awb-width-large:10%;--awb-margin-top-large:0px;--awb-spacing-right-large:19.2%;--awb-margin-bottom-large:20px;--awb-spacing-left-large:19.2%;--awb-width-medium:10%;--awb-order-medium:0;--awb-spacing-right-medium:19.2%;--awb-spacing-left-medium:19.2%;--awb-width-small:100%;--awb-order-small:0;--awb-spacing-right-small:1.92%;--awb-spacing-left-small:1.92%;\" data-scroll-devices=\"small-visibility,medium-visibility,large-visibility\"><div class=\"fusion-column-wrapper fusion-column-has-shadow fusion-flex-justify-content-flex-start fusion-content-layout-column\"><\/div><\/div><div class=\"fusion-layout-column fusion_builder_column fusion-builder-column-1 fusion-flex-column\" style=\"--awb-bg-size:cover;--awb-width-large:79%;--awb-margin-top-large:0px;--awb-spacing-right-large:2.4303797468354%;--awb-margin-bottom-large:20px;--awb-spacing-left-large:2.4303797468354%;--awb-width-medium:79%;--awb-order-medium:0;--awb-spacing-right-medium:2.4303797468354%;--awb-spacing-left-medium:2.4303797468354%;--awb-width-small:100%;--awb-order-small:0;--awb-spacing-right-small:1.92%;--awb-spacing-left-small:1.92%;\" data-scroll-devices=\"small-visibility,medium-visibility,large-visibility\"><div class=\"fusion-column-wrapper fusion-column-has-shadow fusion-flex-justify-content-flex-start fusion-content-layout-column\"><div class=\"fusion-title title fusion-title-1 fusion-sep-none fusion-title-text fusion-title-size-one\" style=\"--awb-margin-top-small:10px;--awb-margin-right-small:0px;--awb-margin-bottom-small:10px;--awb-margin-left-small:0px;\"><h1 class=\"fusion-title-heading title-heading-left\" style=\"margin:0;\">Nowo\u015bci dotycz\u0105ce naszych projekt\u00f3w \u2013 cz\u0119\u015b\u0107 3<\/h1><\/div><div class=\"fusion-text fusion-text-1\"><p>Dzisiaj chcieliby\u015bmy ponownie poinformowa\u0107 Pa\u0144stwa o dzia\u0142aniach w ramach naszych projekt\u00f3w, kt\u00f3re mia\u0142y miejsce w ostatnich tygodniach lub b\u0119d\u0105 mia\u0142y miejsce w najbli\u017cszym czasie.<br \/>\n<strong><br \/>\nPrzydatna wskaz\u00f3wk<\/strong>a: Je\u015bli w sekcji \u201eSzczeg\u00f3\u0142y\u201d nie ma tekstu w Twoim j\u0119zyku, skorzystaj z funkcji t\u0142umaczenia przegl\u0105darki.<\/p>\n<\/div><\/div><\/div><div class=\"fusion-layout-column fusion_builder_column fusion-builder-column-2 fusion-flex-column\" style=\"--awb-bg-size:cover;--awb-width-large:10%;--awb-margin-top-large:0px;--awb-spacing-right-large:19.2%;--awb-margin-bottom-large:20px;--awb-spacing-left-large:19.2%;--awb-width-medium:10%;--awb-order-medium:0;--awb-spacing-right-medium:19.2%;--awb-spacing-left-medium:19.2%;--awb-width-small:100%;--awb-order-small:0;--awb-spacing-right-small:1.92%;--awb-spacing-left-small:1.92%;\" data-scroll-devices=\"small-visibility,medium-visibility,large-visibility\"><div class=\"fusion-column-wrapper fusion-column-has-shadow fusion-flex-justify-content-flex-start fusion-content-layout-column\"><\/div><\/div><div class=\"fusion-layout-column fusion_builder_column fusion-builder-column-3 fusion-flex-column\" style=\"--awb-bg-size:cover;--awb-width-large:10%;--awb-margin-top-large:0px;--awb-spacing-right-large:19.2%;--awb-margin-bottom-large:20px;--awb-spacing-left-large:19.2%;--awb-width-medium:10%;--awb-order-medium:0;--awb-spacing-right-medium:19.2%;--awb-spacing-left-medium:19.2%;--awb-width-small:100%;--awb-order-small:0;--awb-spacing-right-small:1.92%;--awb-spacing-left-small:1.92%;\" data-scroll-devices=\"small-visibility,medium-visibility,large-visibility\"><div class=\"fusion-column-wrapper fusion-column-has-shadow fusion-flex-justify-content-flex-start fusion-content-layout-column\"><\/div><\/div><div class=\"fusion-layout-column fusion_builder_column fusion-builder-column-4 fusion-flex-column\" style=\"--awb-bg-size:cover;--awb-width-large:79%;--awb-margin-top-large:0px;--awb-spacing-right-large:2.4303797468354%;--awb-margin-bottom-large:20px;--awb-spacing-left-large:2.4303797468354%;--awb-width-medium:79%;--awb-order-medium:0;--awb-spacing-right-medium:2.4303797468354%;--awb-spacing-left-medium:2.4303797468354%;--awb-width-small:100%;--awb-order-small:0;--awb-spacing-right-small:1.92%;--awb-spacing-left-small:1.92%;\" data-scroll-devices=\"small-visibility,medium-visibility,large-visibility\"><div class=\"fusion-column-wrapper fusion-column-has-shadow fusion-flex-justify-content-flex-start fusion-content-layout-column\"><div class=\"fusion-text fusion-text-2 fusion-text-no-margin\" style=\"--awb-margin-bottom:50px;\"><h5>Centrum Kompetencji \u2013 30.12.2025 Interview im Radio Pyrzyce<\/h5>\n<p>W radiu Pyrzyce panie Danuta Ostrowska, Katarzyna Koc\u00f3r i Anna Sakowicz opowiadaj\u0105<br \/>\no Centrum Kompetencji Transgranicznych w zakresie us\u0142ug spo\u0142ecznych w Baniach.<\/p>\n<p><a href=\"https:\/\/radiopyrzyce.pl\/\">Audycja w Radio Pyrzyce<\/a><\/p>\n<\/div><div class=\"fusion-text fusion-text-3 fusion-text-no-margin\" style=\"--awb-margin-bottom:50px;\"><h5>Naret \u2013 20.01.2026 Warsztaty w udzielaniu pierwszej pomocy<\/h5>\n<p>Jak udzieli\u0107 pierwszej pomocy osobie, kt\u00f3ra straci\u0142a przytomno\u015b\u0107 lub dozna\u0142a zatrzymania akcji serca? Uczniowie szko\u0142y nr 10 w Szczecinie \u0107wiczyli praktyczne czynno\u015bci i masa\u017c serca w ramach projektu Naret. Radio Szczecin towarzyszy\u0142o im z kamer\u0105.<\/p>\n<p><a href=\"https:\/\/radioszczecin.pl\/1,499960,pierwsza-pomoc-nie-musi-znac-jezyka-zdjecia\">Video z Radio Szczecin<\/a><\/p>\n<\/div><div class=\"fusion-text fusion-text-4 fusion-text-no-margin\" style=\"--awb-margin-bottom:50px;\"><h5>IBN, POLSMA i CHANGE(k)NOW \u2013 28.01.2026 Wsp\u00f3lne spotkanie w Szczecinie<\/h5>\n<p>Oba projekty IBN i POLSMA z Programu Interreg A \u2013 Meklemburgia-Pomorze Przednie \/ Brandenburgia \/ Polska wraz z projektem CHANGE(k)NOW z Programu Interreg B \u2013 Region Morza Ba\u0142tyckiego wymieni\u0142y si\u0119 informacjami na temat g\u0142\u00f3wnych wyzwa\u0144, planowanych dzia\u0142a\u0144 i mo\u017cliwo\u015bci wsp\u00f3\u0142pracy.<\/p>\n<p><a href=\"https:\/\/www.platform-greendeal.eu\/pl\/news\/wspolne-spotkanie-projektow-ibn-polsma-i-changeknow-w-szczecinie\">Szczeg\u00f3\u0142y<\/a><\/p>\n<\/div><div class=\"fusion-text fusion-text-5 fusion-text-no-margin\" style=\"--awb-margin-bottom:50px;\"><h5>POLSMA \u2013 13.02.2026 Wywiad &#8211; podcast \u201eBrandenburg Talks EU\u201c<\/h5>\n<p>Jak konkretnie Europejski Zielony \u0141ad wp\u0142ywa na przedsi\u0119biorstwa w naszym regionie? Odpowiedzi na to pytanie dostarcza projekt POLSMA w najnowszym odcinku podcastu \u201eBrandenburg Talks EU: Krass europ\u00e4isch\u201d (Brandenburgia rozmawia o UE: wyra\u017anie europejsko).<\/p>\n<p><a href=\"https:\/\/www.platform-greendeal.eu\/pl\/node\/116\">Szczeg\u00f3\u0142y<\/a><\/p>\n<\/div><div class=\"fusion-text fusion-text-6 fusion-text-no-margin\" style=\"--awb-margin-bottom:50px;\"><h5>Cooking into the future \u2013 24.-26.02.2026 kilkudniowe spotkanie robocze<\/h5>\n<p>Nauczyciele szk\u00f3\u0142 zawodowych z Niemiec i Polski spotkali si\u0119, aby wsp\u00f3lnie opracowa\u0107 transgraniczny program nauczania dla uczni\u00f3w szk\u00f3\u0142 zawodowych w dziedzinie gastronomii.<\/p>\n<p><a href=\"https:\/\/powiatwalecki.pl\/cooking-into-the-future\/\">Szczeg\u00f3\u0142y<\/a> | <a href=\"https:\/\/www.ndr.de\/nachrichten\/mecklenburg-vorpommern\/vorpommern\/deutsche-und-polnische-lehrer-entwickeln-lehrplan-fuer-gastro-azubis,mvregiogreifswald-2854.html\">Artyku\u0142 w NDR<\/a><\/p>\n<\/div><div class=\"fusion-text fusion-text-7 fusion-text-no-margin\" style=\"--awb-margin-bottom:50px;\"><h5>Biking Szczecin Lagoon i Berlin-Szczecin-Ko\u0142obrzeg \u2013 27.-28.02.2026 III. Polsko-Niemieckie Dni Turystyki Rowerowej<\/h5>\n<h5>III. Polsko-Niemieckie Dni Turystyki Rowerowej<\/h5>\n<p>Trzecia edycja Polsko-Niemieckich Dni Turystyki Rowerowej w Szczecinie zgromadzi\u0142a wielu mi\u0142o\u015bnik\u00f3w dw\u00f3ch k\u00f3\u0142ek i by\u0142a okazj\u0105 do podsumowania dotychczasowej polsko-niemieckiej wsp\u00f3\u0142pracy w zakresie turystyki rowerowej.<\/p>\n<p><a href=\"https:\/\/szczecin.tvp.pl\/91834942\/polsko-niemieckie-dni-turystyki-rowerowej-w-szczecinie\">Video z TVP3 Szczecin<\/a> | <a href=\"https:\/\/www.ndr.de\/nachrichten\/mecklenburg-vorpommern\/haff-mueritz\/3-deutsch-polnische-radtourismustage-in-stettin,mvregioneubrandenburg-3002.html\">Artyku\u0142 w NDR<\/a><\/p>\n<\/div><div class=\"fusion-text fusion-text-8 fusion-text-no-margin\" style=\"--awb-margin-bottom:50px;\"><h5>Fundusz Ma\u0142ych Projekt\u00f3w CS 4.6 \u2013 19.02.2026 do 17.05.2026 Wystawa \u201eSny Kobiet\u201d<\/h5>\n<p>TRAFO Szczecin prezentuje poruszaj\u0105ce dzie\u0142a artystek z Niemiec Wschodnich i Polski, kt\u00f3re w latach 80. sprzeciwia\u0142y si\u0119 stereotypowemu wizerunkowi kobiet i otwarcie m\u00f3wi\u0142y o swoich pragnieniach i marzeniach.<\/p>\n<p><a href=\"https:\/\/trafo.art\/sny-kobiet-frauentraume\/\">Szczeg\u00f3\u0142y<\/a><\/p>\n<\/div><div class=\"fusion-text fusion-text-9\"><h5>POLSMA i GO Green &#8211; 28.04.2026 Save the Date!<\/h5>\n<p>W ramach projekt\u00f3w POLSMA i Go Green w dniu 28 kwietnia 2026 r. odb\u0119dzie si\u0119 kongres gospodarczy regionu przygranicznego Niemiec i Polski po\u015bwi\u0119cony tematowi \u201eZr\u00f3wnowa\u017cony rozw\u00f3j i przysz\u0142o\u015b\u0107\u201d.<\/p>\n<p><a href=\"https:\/\/www.interreg6a.net\/pl\/28-kwietnia-2026-r-save-the-date\/\">Szczeg\u00f3\u0142y<\/a><\/p>\n<\/div><\/div><\/div><div class=\"fusion-layout-column fusion_builder_column fusion-builder-column-5 fusion-flex-column\" style=\"--awb-bg-size:cover;--awb-width-large:10%;--awb-margin-top-large:0px;--awb-spacing-right-large:19.2%;--awb-margin-bottom-large:20px;--awb-spacing-left-large:19.2%;--awb-width-medium:10%;--awb-order-medium:0;--awb-spacing-right-medium:19.2%;--awb-spacing-left-medium:19.2%;--awb-width-small:100%;--awb-order-small:0;--awb-spacing-right-small:1.92%;--awb-spacing-left-small:1.92%;\" data-scroll-devices=\"small-visibility,medium-visibility,large-visibility\"><div class=\"fusion-column-wrapper fusion-column-has-shadow fusion-flex-justify-content-flex-start fusion-content-layout-column\"><\/div><\/div><\/div><\/div>\n","protected":false},"excerpt":{"rendered":"","protected":false},"author":32,"featured_media":21204,"comment_status":"closed","ping_status":"closed","sticky":false,"template":"","format":"standard","meta":{"_price":"","_stock":"","_tribe_ticket_header":"","_tribe_default_ticket_provider":"","_tribe_ticket_capacity":"","_ticket_start_date":"","_ticket_end_date":"","_tribe_ticket_show_description":"","_tribe_ticket_show_not_going":false,"_tribe_ticket_use_global_stock":"","_tribe_ticket_global_stock_level":"","_global_stock_mode":"","_global_stock_cap":"","_tribe_rsvp_for_event":"","_tribe_ticket_going_count":"","_tribe_ticket_not_going_count":"","_tribe_tickets_list":"[]","_tribe_ticket_has_attendee_info_fields":false,"footnotes":""},"categories":[20,2,186],"tags":[],"class_list":["post-23293","post","type-post","status-publish","format-standard","has-post-thumbnail","hentry","category-aktualnosci","category-bez-kategorii","category-nowosci-z-naszych-projektow"],"yoast_head":"<!-- This site is optimized with the Yoast SEO plugin v27.3 - https:\/\/yoast.com\/product\/yoast-seo-wordpress\/ -->\n<title>Nowo\u015bci dotycz\u0105ce naszych projekt\u00f3w \u2013 cz\u0119\u015b\u0107 3 - Interreg VI A MV\/BB\/PL<\/title>\n<meta name=\"robots\" content=\"index, follow, max-snippet:-1, max-image-preview:large, max-video-preview:-1\" \/>\n<link rel=\"canonical\" href=\"https:\/\/www.interreg6a.net\/pl\/nowosci-dotyczace-naszych-projektow-czesc-3\/\" \/>\n<meta property=\"og:locale\" content=\"pl_PL\" \/>\n<meta property=\"og:type\" content=\"article\" \/>\n<meta property=\"og:title\" content=\"Nowo\u015bci dotycz\u0105ce naszych projekt\u00f3w \u2013 cz\u0119\u015b\u0107 3 - Interreg VI A MV\/BB\/PL\" \/>\n<meta property=\"og:url\" content=\"https:\/\/www.interreg6a.net\/pl\/nowosci-dotyczace-naszych-projektow-czesc-3\/\" \/>\n<meta property=\"og:site_name\" content=\"Interreg VI A MV\/BB\/PL\" \/>\n<meta property=\"article:published_time\" content=\"2026-03-12T09:27:24+00:00\" \/>\n<meta property=\"og:image\" content=\"https:\/\/www.interreg6a.net\/wp-content\/uploads\/2025\/12\/NEWS-scaled.jpg\" \/>\n\t<meta property=\"og:image:width\" content=\"2560\" \/>\n\t<meta property=\"og:image:height\" content=\"1536\" \/>\n\t<meta property=\"og:image:type\" content=\"image\/jpeg\" \/>\n<meta name=\"author\" content=\"Sophia Raeder\" \/>\n<meta name=\"twitter:card\" content=\"summary_large_image\" \/>\n<meta name=\"twitter:label1\" content=\"Napisane przez\" \/>\n\t<meta name=\"twitter:data1\" content=\"Sophia Raeder\" \/>\n\t<meta name=\"twitter:label2\" content=\"Szacowany czas czytania\" \/>\n\t<meta name=\"twitter:data2\" content=\"3 minuty\" \/>\n<script type=\"application\/ld+json\" class=\"yoast-schema-graph\">{\"@context\":\"https:\\\/\\\/schema.org\",\"@graph\":[{\"@type\":\"Article\",\"@id\":\"https:\\\/\\\/www.interreg6a.net\\\/pl\\\/nowosci-dotyczace-naszych-projektow-czesc-3\\\/#article\",\"isPartOf\":{\"@id\":\"https:\\\/\\\/www.interreg6a.net\\\/pl\\\/nowosci-dotyczace-naszych-projektow-czesc-3\\\/\"},\"author\":{\"name\":\"Sophia Raeder\",\"@id\":\"https:\\\/\\\/www.interreg6a.net\\\/pl\\\/#\\\/schema\\\/person\\\/75f46c643fbc6cecaede2b77369ad2a0\"},\"headline\":\"Nowo\u015bci dotycz\u0105ce naszych projekt\u00f3w \u2013 cz\u0119\u015b\u0107 3\",\"datePublished\":\"2026-03-12T09:27:24+00:00\",\"mainEntityOfPage\":{\"@id\":\"https:\\\/\\\/www.interreg6a.net\\\/pl\\\/nowosci-dotyczace-naszych-projektow-czesc-3\\\/\"},\"wordCount\":5856,\"image\":{\"@id\":\"https:\\\/\\\/www.interreg6a.net\\\/pl\\\/nowosci-dotyczace-naszych-projektow-czesc-3\\\/#primaryimage\"},\"thumbnailUrl\":\"https:\\\/\\\/www.interreg6a.net\\\/wp-content\\\/uploads\\\/2025\\\/12\\\/NEWS-scaled.jpg\",\"articleSection\":{\"0\":\"Aktualno\u015bci\",\"2\":\"Nowo\u015bci z naszych projekt\u00f3w\"},\"inLanguage\":\"pl-PL\"},{\"@type\":\"WebPage\",\"@id\":\"https:\\\/\\\/www.interreg6a.net\\\/pl\\\/nowosci-dotyczace-naszych-projektow-czesc-3\\\/\",\"url\":\"https:\\\/\\\/www.interreg6a.net\\\/pl\\\/nowosci-dotyczace-naszych-projektow-czesc-3\\\/\",\"name\":\"Nowo\u015bci dotycz\u0105ce naszych projekt\u00f3w \u2013 cz\u0119\u015b\u0107 3 - Interreg VI A MV\\\/BB\\\/PL\",\"isPartOf\":{\"@id\":\"https:\\\/\\\/www.interreg6a.net\\\/pl\\\/#website\"},\"primaryImageOfPage\":{\"@id\":\"https:\\\/\\\/www.interreg6a.net\\\/pl\\\/nowosci-dotyczace-naszych-projektow-czesc-3\\\/#primaryimage\"},\"image\":{\"@id\":\"https:\\\/\\\/www.interreg6a.net\\\/pl\\\/nowosci-dotyczace-naszych-projektow-czesc-3\\\/#primaryimage\"},\"thumbnailUrl\":\"https:\\\/\\\/www.interreg6a.net\\\/wp-content\\\/uploads\\\/2025\\\/12\\\/NEWS-scaled.jpg\",\"datePublished\":\"2026-03-12T09:27:24+00:00\",\"author\":{\"@id\":\"https:\\\/\\\/www.interreg6a.net\\\/pl\\\/#\\\/schema\\\/person\\\/75f46c643fbc6cecaede2b77369ad2a0\"},\"breadcrumb\":{\"@id\":\"https:\\\/\\\/www.interreg6a.net\\\/pl\\\/nowosci-dotyczace-naszych-projektow-czesc-3\\\/#breadcrumb\"},\"inLanguage\":\"pl-PL\",\"potentialAction\":[{\"@type\":\"ReadAction\",\"target\":[\"https:\\\/\\\/www.interreg6a.net\\\/pl\\\/nowosci-dotyczace-naszych-projektow-czesc-3\\\/\"]}]},{\"@type\":\"ImageObject\",\"inLanguage\":\"pl-PL\",\"@id\":\"https:\\\/\\\/www.interreg6a.net\\\/pl\\\/nowosci-dotyczace-naszych-projektow-czesc-3\\\/#primaryimage\",\"url\":\"https:\\\/\\\/www.interreg6a.net\\\/wp-content\\\/uploads\\\/2025\\\/12\\\/NEWS-scaled.jpg\",\"contentUrl\":\"https:\\\/\\\/www.interreg6a.net\\\/wp-content\\\/uploads\\\/2025\\\/12\\\/NEWS-scaled.jpg\",\"width\":2560,\"height\":1536},{\"@type\":\"BreadcrumbList\",\"@id\":\"https:\\\/\\\/www.interreg6a.net\\\/pl\\\/nowosci-dotyczace-naszych-projektow-czesc-3\\\/#breadcrumb\",\"itemListElement\":[{\"@type\":\"ListItem\",\"position\":1,\"name\":\"Strona g\u0142\u00f3wna\",\"item\":\"https:\\\/\\\/www.interreg6a.net\\\/pl\\\/\"},{\"@type\":\"ListItem\",\"position\":2,\"name\":\"Nowo\u015bci dotycz\u0105ce naszych projekt\u00f3w \u2013 cz\u0119\u015b\u0107 3\"}]},{\"@type\":\"WebSite\",\"@id\":\"https:\\\/\\\/www.interreg6a.net\\\/pl\\\/#website\",\"url\":\"https:\\\/\\\/www.interreg6a.net\\\/pl\\\/\",\"name\":\"Interreg VI A MV\\\/BB\\\/PL\",\"description\":\"\",\"potentialAction\":[{\"@type\":\"SearchAction\",\"target\":{\"@type\":\"EntryPoint\",\"urlTemplate\":\"https:\\\/\\\/www.interreg6a.net\\\/pl\\\/?s={search_term_string}\"},\"query-input\":{\"@type\":\"PropertyValueSpecification\",\"valueRequired\":true,\"valueName\":\"search_term_string\"}}],\"inLanguage\":\"pl-PL\"},{\"@type\":\"Person\",\"@id\":\"https:\\\/\\\/www.interreg6a.net\\\/pl\\\/#\\\/schema\\\/person\\\/75f46c643fbc6cecaede2b77369ad2a0\",\"name\":\"Sophia Raeder\",\"image\":{\"@type\":\"ImageObject\",\"inLanguage\":\"pl-PL\",\"@id\":\"https:\\\/\\\/secure.gravatar.com\\\/avatar\\\/84a6169c53ab6323161e69b931ec741a66e91c281d4255314348b370583ac7c6?s=96&d=mm&r=g\",\"url\":\"https:\\\/\\\/secure.gravatar.com\\\/avatar\\\/84a6169c53ab6323161e69b931ec741a66e91c281d4255314348b370583ac7c6?s=96&d=mm&r=g\",\"contentUrl\":\"https:\\\/\\\/secure.gravatar.com\\\/avatar\\\/84a6169c53ab6323161e69b931ec741a66e91c281d4255314348b370583ac7c6?s=96&d=mm&r=g\",\"caption\":\"Sophia Raeder\"},\"url\":\"https:\\\/\\\/www.interreg6a.net\\\/pl\\\/author\\\/raeder\\\/\"}]}<\/script>\n<!-- \/ Yoast SEO plugin. -->","yoast_head_json":{"title":"Nowo\u015bci dotycz\u0105ce naszych projekt\u00f3w \u2013 cz\u0119\u015b\u0107 3 - Interreg VI A MV\/BB\/PL","robots":{"index":"index","follow":"follow","max-snippet":"max-snippet:-1","max-image-preview":"max-image-preview:large","max-video-preview":"max-video-preview:-1"},"canonical":"https:\/\/www.interreg6a.net\/pl\/nowosci-dotyczace-naszych-projektow-czesc-3\/","og_locale":"pl_PL","og_type":"article","og_title":"Nowo\u015bci dotycz\u0105ce naszych projekt\u00f3w \u2013 cz\u0119\u015b\u0107 3 - Interreg VI A MV\/BB\/PL","og_url":"https:\/\/www.interreg6a.net\/pl\/nowosci-dotyczace-naszych-projektow-czesc-3\/","og_site_name":"Interreg VI A MV\/BB\/PL","article_published_time":"2026-03-12T09:27:24+00:00","og_image":[{"width":2560,"height":1536,"url":"https:\/\/www.interreg6a.net\/wp-content\/uploads\/2025\/12\/NEWS-scaled.jpg","type":"image\/jpeg"}],"author":"Sophia Raeder","twitter_card":"summary_large_image","twitter_misc":{"Napisane przez":"Sophia Raeder","Szacowany czas czytania":"3 minuty"},"schema":{"@context":"https:\/\/schema.org","@graph":[{"@type":"Article","@id":"https:\/\/www.interreg6a.net\/pl\/nowosci-dotyczace-naszych-projektow-czesc-3\/#article","isPartOf":{"@id":"https:\/\/www.interreg6a.net\/pl\/nowosci-dotyczace-naszych-projektow-czesc-3\/"},"author":{"name":"Sophia Raeder","@id":"https:\/\/www.interreg6a.net\/pl\/#\/schema\/person\/75f46c643fbc6cecaede2b77369ad2a0"},"headline":"Nowo\u015bci dotycz\u0105ce naszych projekt\u00f3w \u2013 cz\u0119\u015b\u0107 3","datePublished":"2026-03-12T09:27:24+00:00","mainEntityOfPage":{"@id":"https:\/\/www.interreg6a.net\/pl\/nowosci-dotyczace-naszych-projektow-czesc-3\/"},"wordCount":5856,"image":{"@id":"https:\/\/www.interreg6a.net\/pl\/nowosci-dotyczace-naszych-projektow-czesc-3\/#primaryimage"},"thumbnailUrl":"https:\/\/www.interreg6a.net\/wp-content\/uploads\/2025\/12\/NEWS-scaled.jpg","articleSection":{"0":"Aktualno\u015bci","2":"Nowo\u015bci z naszych projekt\u00f3w"},"inLanguage":"pl-PL"},{"@type":"WebPage","@id":"https:\/\/www.interreg6a.net\/pl\/nowosci-dotyczace-naszych-projektow-czesc-3\/","url":"https:\/\/www.interreg6a.net\/pl\/nowosci-dotyczace-naszych-projektow-czesc-3\/","name":"Nowo\u015bci dotycz\u0105ce naszych projekt\u00f3w \u2013 cz\u0119\u015b\u0107 3 - Interreg VI A MV\/BB\/PL","isPartOf":{"@id":"https:\/\/www.interreg6a.net\/pl\/#website"},"primaryImageOfPage":{"@id":"https:\/\/www.interreg6a.net\/pl\/nowosci-dotyczace-naszych-projektow-czesc-3\/#primaryimage"},"image":{"@id":"https:\/\/www.interreg6a.net\/pl\/nowosci-dotyczace-naszych-projektow-czesc-3\/#primaryimage"},"thumbnailUrl":"https:\/\/www.interreg6a.net\/wp-content\/uploads\/2025\/12\/NEWS-scaled.jpg","datePublished":"2026-03-12T09:27:24+00:00","author":{"@id":"https:\/\/www.interreg6a.net\/pl\/#\/schema\/person\/75f46c643fbc6cecaede2b77369ad2a0"},"breadcrumb":{"@id":"https:\/\/www.interreg6a.net\/pl\/nowosci-dotyczace-naszych-projektow-czesc-3\/#breadcrumb"},"inLanguage":"pl-PL","potentialAction":[{"@type":"ReadAction","target":["https:\/\/www.interreg6a.net\/pl\/nowosci-dotyczace-naszych-projektow-czesc-3\/"]}]},{"@type":"ImageObject","inLanguage":"pl-PL","@id":"https:\/\/www.interreg6a.net\/pl\/nowosci-dotyczace-naszych-projektow-czesc-3\/#primaryimage","url":"https:\/\/www.interreg6a.net\/wp-content\/uploads\/2025\/12\/NEWS-scaled.jpg","contentUrl":"https:\/\/www.interreg6a.net\/wp-content\/uploads\/2025\/12\/NEWS-scaled.jpg","width":2560,"height":1536},{"@type":"BreadcrumbList","@id":"https:\/\/www.interreg6a.net\/pl\/nowosci-dotyczace-naszych-projektow-czesc-3\/#breadcrumb","itemListElement":[{"@type":"ListItem","position":1,"name":"Strona g\u0142\u00f3wna","item":"https:\/\/www.interreg6a.net\/pl\/"},{"@type":"ListItem","position":2,"name":"Nowo\u015bci dotycz\u0105ce naszych projekt\u00f3w \u2013 cz\u0119\u015b\u0107 3"}]},{"@type":"WebSite","@id":"https:\/\/www.interreg6a.net\/pl\/#website","url":"https:\/\/www.interreg6a.net\/pl\/","name":"Interreg VI A MV\/BB\/PL","description":"","potentialAction":[{"@type":"SearchAction","target":{"@type":"EntryPoint","urlTemplate":"https:\/\/www.interreg6a.net\/pl\/?s={search_term_string}"},"query-input":{"@type":"PropertyValueSpecification","valueRequired":true,"valueName":"search_term_string"}}],"inLanguage":"pl-PL"},{"@type":"Person","@id":"https:\/\/www.interreg6a.net\/pl\/#\/schema\/person\/75f46c643fbc6cecaede2b77369ad2a0","name":"Sophia Raeder","image":{"@type":"ImageObject","inLanguage":"pl-PL","@id":"https:\/\/secure.gravatar.com\/avatar\/84a6169c53ab6323161e69b931ec741a66e91c281d4255314348b370583ac7c6?s=96&d=mm&r=g","url":"https:\/\/secure.gravatar.com\/avatar\/84a6169c53ab6323161e69b931ec741a66e91c281d4255314348b370583ac7c6?s=96&d=mm&r=g","contentUrl":"https:\/\/secure.gravatar.com\/avatar\/84a6169c53ab6323161e69b931ec741a66e91c281d4255314348b370583ac7c6?s=96&d=mm&r=g","caption":"Sophia Raeder"},"url":"https:\/\/www.interreg6a.net\/pl\/author\/raeder\/"}]}},"_links":{"self":[{"href":"https:\/\/www.interreg6a.net\/pl\/wp-json\/wp\/v2\/posts\/23293","targetHints":{"allow":["GET"]}}],"collection":[{"href":"https:\/\/www.interreg6a.net\/pl\/wp-json\/wp\/v2\/posts"}],"about":[{"href":"https:\/\/www.interreg6a.net\/pl\/wp-json\/wp\/v2\/types\/post"}],"author":[{"embeddable":true,"href":"https:\/\/www.interreg6a.net\/pl\/wp-json\/wp\/v2\/users\/32"}],"replies":[{"embeddable":true,"href":"https:\/\/www.interreg6a.net\/pl\/wp-json\/wp\/v2\/comments?post=23293"}],"version-history":[{"count":5,"href":"https:\/\/www.interreg6a.net\/pl\/wp-json\/wp\/v2\/posts\/23293\/revisions"}],"predecessor-version":[{"id":23304,"href":"https:\/\/www.interreg6a.net\/pl\/wp-json\/wp\/v2\/posts\/23293\/revisions\/23304"}],"wp:featuredmedia":[{"embeddable":true,"href":"https:\/\/www.interreg6a.net\/pl\/wp-json\/wp\/v2\/media\/21204"}],"wp:attachment":[{"href":"https:\/\/www.interreg6a.net\/pl\/wp-json\/wp\/v2\/media?parent=23293"}],"wp:term":[{"taxonomy":"category","embeddable":true,"href":"https:\/\/www.interreg6a.net\/pl\/wp-json\/wp\/v2\/categories?post=23293"},{"taxonomy":"post_tag","embeddable":true,"href":"https:\/\/www.interreg6a.net\/pl\/wp-json\/wp\/v2\/tags?post=23293"}],"curies":[{"name":"wp","href":"https:\/\/api.w.org\/{rel}","templated":true}]}}