{"id":23887,"date":"2026-04-28T08:15:25","date_gmt":"2026-04-28T06:15:25","guid":{"rendered":"https:\/\/www.interreg6a.net\/?p=23887"},"modified":"2026-04-28T08:17:15","modified_gmt":"2026-04-28T06:17:15","slug":"nowosci-dotyczace-naszych-projektow-czesc-4","status":"publish","type":"post","link":"https:\/\/www.interreg6a.net\/pl\/nowosci-dotyczace-naszych-projektow-czesc-4\/","title":{"rendered":"Nowo\u015bci dotycz\u0105ce naszych projekt\u00f3w \u2013 cz\u0119\u015b\u0107 4"},"content":{"rendered":"<p><div class=\"fusion-fullwidth fullwidth-box fusion-builder-row-1 fusion-flex-container has-pattern-background has-mask-background nonhundred-percent-fullwidth non-hundred-percent-height-scrolling\" style=\"--awb-border-radius-top-left:0px;--awb-border-radius-top-right:0px;--awb-border-radius-bottom-right:0px;--awb-border-radius-bottom-left:0px;--awb-flex-wrap:wrap;\" ><div class=\"fusion-builder-row fusion-row fusion-flex-align-items-flex-start fusion-flex-content-wrap\" style=\"max-width:1586px;margin-left: calc(-4% \/ 2 );margin-right: calc(-4% \/ 2 );\"><div class=\"fusion-layout-column fusion_builder_column fusion-builder-column-0 fusion_builder_column_1_1 1_1 fusion-flex-column\" style=\"--awb-bg-size:cover;--awb-width-large:100%;--awb-margin-top-large:0px;--awb-spacing-right-large:1.92%;--awb-margin-bottom-large:20px;--awb-spacing-left-large:1.92%;--awb-width-medium:100%;--awb-order-medium:0;--awb-spacing-right-medium:1.92%;--awb-spacing-left-medium:1.92%;--awb-width-small:100%;--awb-order-small:0;--awb-spacing-right-small:1.92%;--awb-spacing-left-small:1.92%;\"><div class=\"fusion-column-wrapper fusion-column-has-shadow fusion-flex-justify-content-flex-start fusion-content-layout-column\"><div class=\"fusion-title title fusion-title-1 fusion-sep-none fusion-title-text fusion-title-size-one\" style=\"--awb-margin-top-small:10px;--awb-margin-right-small:0px;--awb-margin-bottom-small:10px;--awb-margin-left-small:0px;\"><h1 class=\"fusion-title-heading title-heading-left\" style=\"margin:0;\">Nowo\u015bci dotycz\u0105ce naszych<br \/>\nprojekt\u00f3w \u2013 cz\u0119\u015b\u0107 4<\/h1><\/div><div class=\"fusion-text fusion-text-1\"><p>Dzisiaj chcieliby\u015bmy ponownie poinformowa\u0107 Pa\u0144stwa o dzia\u0142aniach w ramach naszych projekt\u00f3w, kt\u00f3re mia\u0142y miejsce w ostatnich tygodniach lub b\u0119d\u0105 mia\u0142y miejsce w najbli\u017cszym czasie.<br \/>\n<strong><br \/>\nPrzydatna wskaz\u00f3wk<\/strong>a: Je\u015bli w sekcji \u201eSzczeg\u00f3\u0142y\u201d nie ma tekstu w Twoim j\u0119zyku, skorzystaj z funkcji t\u0142umaczenia przegl\u0105darki.<\/p>\n<\/div><div class=\"fusion-text fusion-text-2\" style=\"--awb-margin-top:30px;\"><h5>IBN\/SID \u2013 10.03.2026 Wsparcie ze strony Zak\u0142adu Ubezpiecze\u0144 Spo\u0142ecznych (ZUS)<\/h5>\n<p>Stowarzyszenie Gmin Polskich Euroregionu Pomerania podpisa\u0142o porozumienie z Zak\u0142adem Ubezpiecze\u0144 Spo\u0142ecznych (ZUS). W przysz\u0142o\u015bci ZUS b\u0119dzie wspiera\u0107 sie\u0107 doradcz\u0105 IBN\/SID w udzielaniu porad mieszka\u0144com polsko-niemieckiego obszaru przygranicznego, w szczeg\u00f3lno\u015bci w kwestiach dotycz\u0105cych ubezpiecze\u0144 spo\u0142ecznych, \u015bwiadcze\u0144 socjalnych i prawa pracy.<\/p>\n<p><a href=\"https:\/\/gs24.pl\/wsparcie-dla-mieszkancow-pogranicza-zus-bedzie-wspolpracowal-z-euroregionem-pomerania\/ar\/c1p2-28803911\">Artyku\u0142 GS24.pl<\/a> | <a href=\"https:\/\/szczecin.tvp.pl\/92022729\/nowa-inicjatywa-zus-dla-polakow-latwiejsza-pomoc-w-niemczech\">Wideo TVP 3<\/a><\/p>\n<\/div><div class=\"fusion-text fusion-text-3\" style=\"--awb-margin-top:30px;\"><h5>ID Pomerania \u2013 13.03.2026 Jubileusz 30-lecia Teatru Brama<\/h5>\n<p>Teatr Brama \u015bwi\u0119towa\u0142 sw\u00f3j jubileusz spektaklem \u201eSen nocy letniej\u201d Williama Szekspira, przygotowanym w ramach projektu.<\/p>\n<p><a href=\"https:\/\/radioszczecin.pl\/172,5,relacje-teatralne\">Audycja Radia Szczecin (wywiad z Danielem Jacewiczem, za\u0142o\u017cycielem Teatru Brama)<\/a><\/p>\n<\/div><div class=\"fusion-text fusion-text-4\" style=\"--awb-margin-top:30px;\"><h5>In terris Gryphi \u2013 08.05.2026 \u2013 Nasza propozycja wydarzenia w maju<\/h5>\n<p>8 maja 2026 r. odb\u0119dzie si\u0119 otwarcie wystawy \u201eCzy mewy czasem o mnie my\u015bl\u0105?\u201d po\u0142\u0105czone z czytaniem fragment\u00f3w ksi\u0105\u017cki autorstwa Kristine von Soden. Wystawa porusza temat wyp\u0119dzenia \u017cydowskich kuracjuszy na pocz\u0105tku XX wieku i b\u0119dzie dost\u0119pna do 31 lipca 2026 r. w foyer Centralnej Biblioteki Uniwersyteckiej w Greifswaldzie.<\/p>\n<p><a href=\"https:\/\/ub.uni-greifswald.de\/serviceangebote\/weitere-dienste\/ausstellungen\/\">Artyku\u0142<\/a><\/p>\n<\/div><div class=\"fusion-text fusion-text-5\" style=\"--awb-margin-top:30px;\"><h5>FMP CS 6.3 Wzmocnienie zaufania \u2013 polsko-niemieckie treningi pi\u0142ki r\u0119cznej<\/h5>\n<p>Pi\u0142ka r\u0119czna \u0142\u0105czy m\u0142odych i starszych dzi\u0119ki wsparciu Ma\u0142ego Projektu! Klub HSV Insel Usedom rozbudza w dzieciach po obu stronach granicy entuzjazm do pi\u0142ki r\u0119cznej, zdobywaj\u0105c nowych m\u0142odych zawodnik\u00f3w dzi\u0119ki wsparciu dwuj\u0119zycznych trener\u00f3w. A przy okazji dzieci ucz\u0105 si\u0119 j\u0119zyka drugiej strony.<\/p>\n<p><a href=\"https:\/\/www.ndr.de\/nachrichten\/mecklenburg-vorpommern\/handball-in-der-grenzregion-usedomer-verein-setzt-auf-nachwuchs-aus-polen,handballprojekt-100.html\">Reporta\u017c NDR<\/a><\/p>\n<\/div><div class=\"fusion-text fusion-text-6\" style=\"--awb-margin-top:30px;\"><h5>FMP CS 4.6 Kultura, zr\u00f3wnowa\u017cona turystyka \u2013 objazdowa projekcja filmu \u201eMa\u0142a ojczyzna hrabiego Zedtwitza\u201d<\/h5>\n<p>Film \u201eOjczyzna hrabiego Zedtwitza\u201d, kt\u00f3ry powsta\u0142 w ramach Ma\u0142ego Projektu, po\u015bwi\u0119cony jest \u017cyciu i tw\u00f3rczo\u015bci malarza Eryka von Zedtwitza, kt\u00f3ry wraz z rodzin\u0105 przeni\u00f3s\u0142 si\u0119 w 1926 r. z Monachium do Misdroy nad Morzem Ba\u0142tyckim. Od czasu niemieckiej premiery w grudniu 2025 r. w Anklam i polskiej premiery w styczniu w szczeci\u0144skim kinie \u201ePionier 1909\u201d partnerzy projektu pokazywali film w r\u00f3\u017cnych o\u015brodkach kultury regionu, a tak\u017ce w kinie Zamku Ksi\u0105\u017c\u0105t Pomorskich w Szczecinie. Ostatnio film zosta\u0142 wyemitowany w Wielkanoc w polskiej telewizji TVP 3 Szczecin.<\/p>\n<p><a href=\"https:\/\/wikiszczecin.home.pl\/wiki\/Ma%C5%82a_ojczyzna_hrabiego_Zedtwitza_(film)\">Szczeg\u00f3\u0142y <\/a>| <a href=\"https:\/\/www.nordkurier.de\/regional\/anklam\/film-ueber-marinemaler-feiert-im-anklamer-ritz-seine-deutschsprachige-premiere-4172149\">Artyku\u0142 niemiecka premiera 15.12.2025<\/a> | <a href=\"https:\/\/gs24.pl\/film-dokumentalny-o-hrabim-eryku-von-zedtwitz-malarzu-ktory-pokochal-miedzyzdroje-i-uwiecznil-baltyk\/ar\/c1p2-28869037\">Artyku\u0142 GS24.pl<\/a> | <a href=\"https:\/\/szczecin.tvp.pl\/92465011\/mala-ojczyzna-hrabiego-zedtwitza-o-godz-1850\">Fragment TVP 3 Szczecin<\/a><\/p>\n<\/div><div class=\"fusion-text fusion-text-7\" style=\"--awb-margin-top:30px;\"><h5>FMP CS 4.6 Kultura, zr\u00f3wnowa\u017cona turystyka \u2013 cykl filmowy \u201eLecim za Szczecin\u201d<\/h5>\n<p>Nawi\u0105zuj\u0105c do s\u0142\u00f3w polskiego poety Stanis\u0142awa Jachowicza: \u201eCudze chwalicie \/ Swego nie znacie \/ Sami nie wiecie \/ Co posiadacie\u201d \u2013 partnerzy projektu zapraszaj\u0105 widz\u00f3w swoich film\u00f3w do odwiedzenia niemieckich i polskich atrakcji w promieniu 100 km od Szczecina. Od grudnia 2025 r. co miesi\u0105c w sali kominkowej Domu Kultury \u201e13 Muz\u201d w Szczecinie odbywaj\u0105 si\u0119 premierowe pokazy dw\u00f3ch nowych film\u00f3w \u2013 ostatni mia\u0142 miejsce 22 kwietnia 2026 r. Wszystkie 10 odcink\u00f3w (trwaj\u0105cych od 30 do 60 minut) jest r\u00f3wnie\u017c dost\u0119pnych online.<\/p>\n<p><a href=\"https:\/\/13muz.eu\/lecim-za-szczecin-lass-uns-jenseits-szczecin-fliegen\/\">Szczeg\u00f3\u0142y<\/a><\/p>\n<\/div><\/div><\/div><\/div><\/div><div class=\"fusion-fullwidth fullwidth-box fusion-builder-row-2 fusion-flex-container has-pattern-background has-mask-background nonhundred-percent-fullwidth non-hundred-percent-height-scrolling\" style=\"--awb-border-radius-top-left:0px;--awb-border-radius-top-right:0px;--awb-border-radius-bottom-right:0px;--awb-border-radius-bottom-left:0px;--awb-margin-top:30px;--awb-flex-wrap:wrap;\" ><div class=\"fusion-builder-row fusion-row fusion-flex-align-items-flex-start fusion-flex-content-wrap\" style=\"max-width:1586px;margin-left: calc(-4% \/ 2 );margin-right: calc(-4% \/ 2 );\"><div class=\"fusion-layout-column fusion_builder_column fusion-builder-column-1 fusion_builder_column_1_1 1_1 fusion-flex-column\" style=\"--awb-bg-size:cover;--awb-width-large:100%;--awb-margin-top-large:0px;--awb-spacing-right-large:1.92%;--awb-margin-bottom-large:20px;--awb-spacing-left-large:1.92%;--awb-width-medium:100%;--awb-order-medium:0;--awb-spacing-right-medium:1.92%;--awb-spacing-left-medium:1.92%;--awb-width-small:100%;--awb-order-small:0;--awb-spacing-right-small:1.92%;--awb-spacing-left-small:1.92%;\"><div class=\"fusion-column-wrapper fusion-column-has-shadow fusion-flex-justify-content-flex-start fusion-content-layout-column\"><div class=\"fusion-title title fusion-title-2 fusion-sep-none fusion-title-text fusion-title-size-four\" style=\"--awb-margin-top-small:10px;--awb-margin-right-small:0px;--awb-margin-bottom-small:10px;--awb-margin-left-small:0px;\"><h4 class=\"fusion-title-heading title-heading-left\" style=\"margin:0;\"><strong>Nowo\u015bci dotycz\u0105ce program\u00f3w Interreg z naszego s\u0105siedztwa<\/strong><\/h4><\/div><div class=\"fusion-text fusion-text-8\" style=\"--awb-margin-top:20px;\"><h5>Interreg Po\u0142udniowy Ba\u0142tyk \u2013 Baltic Manors Route<\/h5>\n<p>Partnerzy projektu \u0142\u0105cz\u0105 w ramach europejskiego szlaku kulturowego dworki po\u0142o\u017cone wzd\u0142u\u017c Morza Ba\u0142tyckiego w siedmiu krajach, maj\u0105c na celu udost\u0119pnienie historycznego krajobrazu posiad\u0142o\u015bci ziemskich szerokiej publiczno\u015bci. Obecnie koncepcja jest jeszcze w fazie opracowania. Zainteresowane dworki z Meklemburgii-Pomorza Przedniego i Polski mog\u0105 jeszcze zakwalifikowa\u0107 si\u0119 do trasy. Warunkiem jest mi\u0119dzy innymi cz\u0142onkostwo w regionalnym stowarzyszeniu posiad\u0142o\u015bci ziemskich. Partnerem wiod\u0105cym jest Stowarzyszenie Turystyczne Pomorza Przedniego.<\/p>\n<p><a href=\"https:\/\/www.nordkurier.de\/regional\/schwerin\/baltic-manors-route-gutshaeuser-aus-mv-werden-teil-eines-internationalen-ostsee-projekts-4524983\">Artyku\u0142 w Nordkurier<\/a> | <a href=\"https:\/\/www.baltic-manors.eu\/de\/baltic-manors-route.html\">Strona internetowa projektu<\/a> | <a href=\"https:\/\/southbaltic.eu\/\">Strona internetowa Programu Interreg Po\u0142udniowy Ba\u0142tyk <\/a><\/p>\n<\/div><\/div><\/div><\/div><\/div><\/p>\n","protected":false},"excerpt":{"rendered":"","protected":false},"author":32,"featured_media":21204,"comment_status":"closed","ping_status":"closed","sticky":false,"template":"","format":"standard","meta":{"_price":"","_stock":"","_tribe_ticket_header":"","_tribe_default_ticket_provider":"","_tribe_ticket_capacity":"","_ticket_start_date":"","_ticket_end_date":"","_tribe_ticket_show_description":"","_tribe_ticket_show_not_going":false,"_tribe_ticket_use_global_stock":"","_tribe_ticket_global_stock_level":"","_global_stock_mode":"","_global_stock_cap":"","_tribe_rsvp_for_event":"","_tribe_ticket_going_count":"","_tribe_ticket_not_going_count":"","_tribe_tickets_list":"[]","_tribe_ticket_has_attendee_info_fields":false,"footnotes":""},"categories":[20,186],"tags":[],"class_list":["post-23887","post","type-post","status-publish","format-standard","has-post-thumbnail","hentry","category-aktualnosci","category-nowosci-z-naszych-projektow"],"yoast_head":"<!-- This site is optimized with the Yoast SEO plugin v27.3 - https:\/\/yoast.com\/product\/yoast-seo-wordpress\/ -->\n<title>Nowo\u015bci dotycz\u0105ce naszych projekt\u00f3w \u2013 cz\u0119\u015b\u0107 4 - Interreg VI A MV\/BB\/PL<\/title>\n<meta name=\"robots\" content=\"index, follow, max-snippet:-1, max-image-preview:large, max-video-preview:-1\" \/>\n<link rel=\"canonical\" href=\"https:\/\/www.interreg6a.net\/pl\/nowosci-dotyczace-naszych-projektow-czesc-4\/\" \/>\n<meta property=\"og:locale\" content=\"pl_PL\" \/>\n<meta property=\"og:type\" content=\"article\" \/>\n<meta property=\"og:title\" content=\"Nowo\u015bci dotycz\u0105ce naszych projekt\u00f3w \u2013 cz\u0119\u015b\u0107 4 - Interreg VI A MV\/BB\/PL\" \/>\n<meta property=\"og:url\" content=\"https:\/\/www.interreg6a.net\/pl\/nowosci-dotyczace-naszych-projektow-czesc-4\/\" \/>\n<meta property=\"og:site_name\" content=\"Interreg VI A MV\/BB\/PL\" \/>\n<meta property=\"article:published_time\" content=\"2026-04-28T06:15:25+00:00\" \/>\n<meta property=\"article:modified_time\" content=\"2026-04-28T06:17:15+00:00\" \/>\n<meta property=\"og:image\" content=\"https:\/\/www.interreg6a.net\/wp-content\/uploads\/2025\/12\/NEWS-scaled.jpg\" \/>\n\t<meta property=\"og:image:width\" content=\"2560\" \/>\n\t<meta property=\"og:image:height\" content=\"1536\" \/>\n\t<meta property=\"og:image:type\" content=\"image\/jpeg\" \/>\n<meta name=\"author\" content=\"Sophia Raeder\" \/>\n<meta name=\"twitter:card\" content=\"summary_large_image\" \/>\n<meta name=\"twitter:label1\" content=\"Napisane przez\" \/>\n\t<meta name=\"twitter:data1\" content=\"Sophia Raeder\" \/>\n\t<meta name=\"twitter:label2\" content=\"Szacowany czas czytania\" \/>\n\t<meta name=\"twitter:data2\" content=\"4 minuty\" \/>\n<script type=\"application\/ld+json\" class=\"yoast-schema-graph\">{\"@context\":\"https:\\\/\\\/schema.org\",\"@graph\":[{\"@type\":\"Article\",\"@id\":\"https:\\\/\\\/www.interreg6a.net\\\/pl\\\/nowosci-dotyczace-naszych-projektow-czesc-4\\\/#article\",\"isPartOf\":{\"@id\":\"https:\\\/\\\/www.interreg6a.net\\\/pl\\\/nowosci-dotyczace-naszych-projektow-czesc-4\\\/\"},\"author\":{\"name\":\"Sophia Raeder\",\"@id\":\"https:\\\/\\\/www.interreg6a.net\\\/pl\\\/#\\\/schema\\\/person\\\/75f46c643fbc6cecaede2b77369ad2a0\"},\"headline\":\"Nowo\u015bci dotycz\u0105ce naszych projekt\u00f3w \u2013 cz\u0119\u015b\u0107 4\",\"datePublished\":\"2026-04-28T06:15:25+00:00\",\"dateModified\":\"2026-04-28T06:17:15+00:00\",\"mainEntityOfPage\":{\"@id\":\"https:\\\/\\\/www.interreg6a.net\\\/pl\\\/nowosci-dotyczace-naszych-projektow-czesc-4\\\/\"},\"wordCount\":4294,\"image\":{\"@id\":\"https:\\\/\\\/www.interreg6a.net\\\/pl\\\/nowosci-dotyczace-naszych-projektow-czesc-4\\\/#primaryimage\"},\"thumbnailUrl\":\"https:\\\/\\\/www.interreg6a.net\\\/wp-content\\\/uploads\\\/2025\\\/12\\\/NEWS-scaled.jpg\",\"articleSection\":[\"Aktualno\u015bci\",\"Nowo\u015bci z naszych projekt\u00f3w\"],\"inLanguage\":\"pl-PL\"},{\"@type\":\"WebPage\",\"@id\":\"https:\\\/\\\/www.interreg6a.net\\\/pl\\\/nowosci-dotyczace-naszych-projektow-czesc-4\\\/\",\"url\":\"https:\\\/\\\/www.interreg6a.net\\\/pl\\\/nowosci-dotyczace-naszych-projektow-czesc-4\\\/\",\"name\":\"Nowo\u015bci dotycz\u0105ce naszych projekt\u00f3w \u2013 cz\u0119\u015b\u0107 4 - Interreg VI A MV\\\/BB\\\/PL\",\"isPartOf\":{\"@id\":\"https:\\\/\\\/www.interreg6a.net\\\/pl\\\/#website\"},\"primaryImageOfPage\":{\"@id\":\"https:\\\/\\\/www.interreg6a.net\\\/pl\\\/nowosci-dotyczace-naszych-projektow-czesc-4\\\/#primaryimage\"},\"image\":{\"@id\":\"https:\\\/\\\/www.interreg6a.net\\\/pl\\\/nowosci-dotyczace-naszych-projektow-czesc-4\\\/#primaryimage\"},\"thumbnailUrl\":\"https:\\\/\\\/www.interreg6a.net\\\/wp-content\\\/uploads\\\/2025\\\/12\\\/NEWS-scaled.jpg\",\"datePublished\":\"2026-04-28T06:15:25+00:00\",\"dateModified\":\"2026-04-28T06:17:15+00:00\",\"author\":{\"@id\":\"https:\\\/\\\/www.interreg6a.net\\\/pl\\\/#\\\/schema\\\/person\\\/75f46c643fbc6cecaede2b77369ad2a0\"},\"breadcrumb\":{\"@id\":\"https:\\\/\\\/www.interreg6a.net\\\/pl\\\/nowosci-dotyczace-naszych-projektow-czesc-4\\\/#breadcrumb\"},\"inLanguage\":\"pl-PL\",\"potentialAction\":[{\"@type\":\"ReadAction\",\"target\":[\"https:\\\/\\\/www.interreg6a.net\\\/pl\\\/nowosci-dotyczace-naszych-projektow-czesc-4\\\/\"]}]},{\"@type\":\"ImageObject\",\"inLanguage\":\"pl-PL\",\"@id\":\"https:\\\/\\\/www.interreg6a.net\\\/pl\\\/nowosci-dotyczace-naszych-projektow-czesc-4\\\/#primaryimage\",\"url\":\"https:\\\/\\\/www.interreg6a.net\\\/wp-content\\\/uploads\\\/2025\\\/12\\\/NEWS-scaled.jpg\",\"contentUrl\":\"https:\\\/\\\/www.interreg6a.net\\\/wp-content\\\/uploads\\\/2025\\\/12\\\/NEWS-scaled.jpg\",\"width\":2560,\"height\":1536},{\"@type\":\"BreadcrumbList\",\"@id\":\"https:\\\/\\\/www.interreg6a.net\\\/pl\\\/nowosci-dotyczace-naszych-projektow-czesc-4\\\/#breadcrumb\",\"itemListElement\":[{\"@type\":\"ListItem\",\"position\":1,\"name\":\"Strona g\u0142\u00f3wna\",\"item\":\"https:\\\/\\\/www.interreg6a.net\\\/pl\\\/\"},{\"@type\":\"ListItem\",\"position\":2,\"name\":\"Nowo\u015bci dotycz\u0105ce naszych projekt\u00f3w \u2013 cz\u0119\u015b\u0107 4\"}]},{\"@type\":\"WebSite\",\"@id\":\"https:\\\/\\\/www.interreg6a.net\\\/pl\\\/#website\",\"url\":\"https:\\\/\\\/www.interreg6a.net\\\/pl\\\/\",\"name\":\"Interreg VI A MV\\\/BB\\\/PL\",\"description\":\"\",\"potentialAction\":[{\"@type\":\"SearchAction\",\"target\":{\"@type\":\"EntryPoint\",\"urlTemplate\":\"https:\\\/\\\/www.interreg6a.net\\\/pl\\\/?s={search_term_string}\"},\"query-input\":{\"@type\":\"PropertyValueSpecification\",\"valueRequired\":true,\"valueName\":\"search_term_string\"}}],\"inLanguage\":\"pl-PL\"},{\"@type\":\"Person\",\"@id\":\"https:\\\/\\\/www.interreg6a.net\\\/pl\\\/#\\\/schema\\\/person\\\/75f46c643fbc6cecaede2b77369ad2a0\",\"name\":\"Sophia Raeder\",\"image\":{\"@type\":\"ImageObject\",\"inLanguage\":\"pl-PL\",\"@id\":\"https:\\\/\\\/secure.gravatar.com\\\/avatar\\\/84a6169c53ab6323161e69b931ec741a66e91c281d4255314348b370583ac7c6?s=96&d=mm&r=g\",\"url\":\"https:\\\/\\\/secure.gravatar.com\\\/avatar\\\/84a6169c53ab6323161e69b931ec741a66e91c281d4255314348b370583ac7c6?s=96&d=mm&r=g\",\"contentUrl\":\"https:\\\/\\\/secure.gravatar.com\\\/avatar\\\/84a6169c53ab6323161e69b931ec741a66e91c281d4255314348b370583ac7c6?s=96&d=mm&r=g\",\"caption\":\"Sophia Raeder\"},\"url\":\"https:\\\/\\\/www.interreg6a.net\\\/pl\\\/author\\\/raeder\\\/\"}]}<\/script>\n<!-- \/ Yoast SEO plugin. -->","yoast_head_json":{"title":"Nowo\u015bci dotycz\u0105ce naszych projekt\u00f3w \u2013 cz\u0119\u015b\u0107 4 - Interreg VI A MV\/BB\/PL","robots":{"index":"index","follow":"follow","max-snippet":"max-snippet:-1","max-image-preview":"max-image-preview:large","max-video-preview":"max-video-preview:-1"},"canonical":"https:\/\/www.interreg6a.net\/pl\/nowosci-dotyczace-naszych-projektow-czesc-4\/","og_locale":"pl_PL","og_type":"article","og_title":"Nowo\u015bci dotycz\u0105ce naszych projekt\u00f3w \u2013 cz\u0119\u015b\u0107 4 - Interreg VI A MV\/BB\/PL","og_url":"https:\/\/www.interreg6a.net\/pl\/nowosci-dotyczace-naszych-projektow-czesc-4\/","og_site_name":"Interreg VI A MV\/BB\/PL","article_published_time":"2026-04-28T06:15:25+00:00","article_modified_time":"2026-04-28T06:17:15+00:00","og_image":[{"width":2560,"height":1536,"url":"https:\/\/www.interreg6a.net\/wp-content\/uploads\/2025\/12\/NEWS-scaled.jpg","type":"image\/jpeg"}],"author":"Sophia Raeder","twitter_card":"summary_large_image","twitter_misc":{"Napisane przez":"Sophia Raeder","Szacowany czas czytania":"4 minuty"},"schema":{"@context":"https:\/\/schema.org","@graph":[{"@type":"Article","@id":"https:\/\/www.interreg6a.net\/pl\/nowosci-dotyczace-naszych-projektow-czesc-4\/#article","isPartOf":{"@id":"https:\/\/www.interreg6a.net\/pl\/nowosci-dotyczace-naszych-projektow-czesc-4\/"},"author":{"name":"Sophia Raeder","@id":"https:\/\/www.interreg6a.net\/pl\/#\/schema\/person\/75f46c643fbc6cecaede2b77369ad2a0"},"headline":"Nowo\u015bci dotycz\u0105ce naszych projekt\u00f3w \u2013 cz\u0119\u015b\u0107 4","datePublished":"2026-04-28T06:15:25+00:00","dateModified":"2026-04-28T06:17:15+00:00","mainEntityOfPage":{"@id":"https:\/\/www.interreg6a.net\/pl\/nowosci-dotyczace-naszych-projektow-czesc-4\/"},"wordCount":4294,"image":{"@id":"https:\/\/www.interreg6a.net\/pl\/nowosci-dotyczace-naszych-projektow-czesc-4\/#primaryimage"},"thumbnailUrl":"https:\/\/www.interreg6a.net\/wp-content\/uploads\/2025\/12\/NEWS-scaled.jpg","articleSection":["Aktualno\u015bci","Nowo\u015bci z naszych projekt\u00f3w"],"inLanguage":"pl-PL"},{"@type":"WebPage","@id":"https:\/\/www.interreg6a.net\/pl\/nowosci-dotyczace-naszych-projektow-czesc-4\/","url":"https:\/\/www.interreg6a.net\/pl\/nowosci-dotyczace-naszych-projektow-czesc-4\/","name":"Nowo\u015bci dotycz\u0105ce naszych projekt\u00f3w \u2013 cz\u0119\u015b\u0107 4 - Interreg VI A MV\/BB\/PL","isPartOf":{"@id":"https:\/\/www.interreg6a.net\/pl\/#website"},"primaryImageOfPage":{"@id":"https:\/\/www.interreg6a.net\/pl\/nowosci-dotyczace-naszych-projektow-czesc-4\/#primaryimage"},"image":{"@id":"https:\/\/www.interreg6a.net\/pl\/nowosci-dotyczace-naszych-projektow-czesc-4\/#primaryimage"},"thumbnailUrl":"https:\/\/www.interreg6a.net\/wp-content\/uploads\/2025\/12\/NEWS-scaled.jpg","datePublished":"2026-04-28T06:15:25+00:00","dateModified":"2026-04-28T06:17:15+00:00","author":{"@id":"https:\/\/www.interreg6a.net\/pl\/#\/schema\/person\/75f46c643fbc6cecaede2b77369ad2a0"},"breadcrumb":{"@id":"https:\/\/www.interreg6a.net\/pl\/nowosci-dotyczace-naszych-projektow-czesc-4\/#breadcrumb"},"inLanguage":"pl-PL","potentialAction":[{"@type":"ReadAction","target":["https:\/\/www.interreg6a.net\/pl\/nowosci-dotyczace-naszych-projektow-czesc-4\/"]}]},{"@type":"ImageObject","inLanguage":"pl-PL","@id":"https:\/\/www.interreg6a.net\/pl\/nowosci-dotyczace-naszych-projektow-czesc-4\/#primaryimage","url":"https:\/\/www.interreg6a.net\/wp-content\/uploads\/2025\/12\/NEWS-scaled.jpg","contentUrl":"https:\/\/www.interreg6a.net\/wp-content\/uploads\/2025\/12\/NEWS-scaled.jpg","width":2560,"height":1536},{"@type":"BreadcrumbList","@id":"https:\/\/www.interreg6a.net\/pl\/nowosci-dotyczace-naszych-projektow-czesc-4\/#breadcrumb","itemListElement":[{"@type":"ListItem","position":1,"name":"Strona g\u0142\u00f3wna","item":"https:\/\/www.interreg6a.net\/pl\/"},{"@type":"ListItem","position":2,"name":"Nowo\u015bci dotycz\u0105ce naszych projekt\u00f3w \u2013 cz\u0119\u015b\u0107 4"}]},{"@type":"WebSite","@id":"https:\/\/www.interreg6a.net\/pl\/#website","url":"https:\/\/www.interreg6a.net\/pl\/","name":"Interreg VI A MV\/BB\/PL","description":"","potentialAction":[{"@type":"SearchAction","target":{"@type":"EntryPoint","urlTemplate":"https:\/\/www.interreg6a.net\/pl\/?s={search_term_string}"},"query-input":{"@type":"PropertyValueSpecification","valueRequired":true,"valueName":"search_term_string"}}],"inLanguage":"pl-PL"},{"@type":"Person","@id":"https:\/\/www.interreg6a.net\/pl\/#\/schema\/person\/75f46c643fbc6cecaede2b77369ad2a0","name":"Sophia Raeder","image":{"@type":"ImageObject","inLanguage":"pl-PL","@id":"https:\/\/secure.gravatar.com\/avatar\/84a6169c53ab6323161e69b931ec741a66e91c281d4255314348b370583ac7c6?s=96&d=mm&r=g","url":"https:\/\/secure.gravatar.com\/avatar\/84a6169c53ab6323161e69b931ec741a66e91c281d4255314348b370583ac7c6?s=96&d=mm&r=g","contentUrl":"https:\/\/secure.gravatar.com\/avatar\/84a6169c53ab6323161e69b931ec741a66e91c281d4255314348b370583ac7c6?s=96&d=mm&r=g","caption":"Sophia Raeder"},"url":"https:\/\/www.interreg6a.net\/pl\/author\/raeder\/"}]}},"_links":{"self":[{"href":"https:\/\/www.interreg6a.net\/pl\/wp-json\/wp\/v2\/posts\/23887","targetHints":{"allow":["GET"]}}],"collection":[{"href":"https:\/\/www.interreg6a.net\/pl\/wp-json\/wp\/v2\/posts"}],"about":[{"href":"https:\/\/www.interreg6a.net\/pl\/wp-json\/wp\/v2\/types\/post"}],"author":[{"embeddable":true,"href":"https:\/\/www.interreg6a.net\/pl\/wp-json\/wp\/v2\/users\/32"}],"replies":[{"embeddable":true,"href":"https:\/\/www.interreg6a.net\/pl\/wp-json\/wp\/v2\/comments?post=23887"}],"version-history":[{"count":10,"href":"https:\/\/www.interreg6a.net\/pl\/wp-json\/wp\/v2\/posts\/23887\/revisions"}],"predecessor-version":[{"id":23939,"href":"https:\/\/www.interreg6a.net\/pl\/wp-json\/wp\/v2\/posts\/23887\/revisions\/23939"}],"wp:featuredmedia":[{"embeddable":true,"href":"https:\/\/www.interreg6a.net\/pl\/wp-json\/wp\/v2\/media\/21204"}],"wp:attachment":[{"href":"https:\/\/www.interreg6a.net\/pl\/wp-json\/wp\/v2\/media?parent=23887"}],"wp:term":[{"taxonomy":"category","embeddable":true,"href":"https:\/\/www.interreg6a.net\/pl\/wp-json\/wp\/v2\/categories?post=23887"},{"taxonomy":"post_tag","embeddable":true,"href":"https:\/\/www.interreg6a.net\/pl\/wp-json\/wp\/v2\/tags?post=23887"}],"curies":[{"name":"wp","href":"https:\/\/api.w.org\/{rel}","templated":true}]}}