{"id":569,"date":"2022-03-21T11:19:41","date_gmt":"2022-03-21T10:19:41","guid":{"rendered":"https:\/\/www.interreg6a.net\/konkurs-na-wywiad-lepsze-zycie-dzieki-interregowi-z-okazji-ec-day-2022\/"},"modified":"2022-09-23T08:19:57","modified_gmt":"2022-09-23T06:19:57","slug":"konkurs-na-wywiad-lepsze-zycie-dzieki-interregowi-z-okazji-ec-day-2022","status":"publish","type":"post","link":"https:\/\/www.interreg6a.net\/pl\/konkurs-na-wywiad-lepsze-zycie-dzieki-interregowi-z-okazji-ec-day-2022\/","title":{"rendered":"Konkurs na wywiad \u201eLepsze \u017cycie dzi\u0119ki Interreg\u201d rozpocz\u0119ty"},"content":{"rendered":"<p><div class=\"fusion-fullwidth fullwidth-box fusion-builder-row-1 fusion-flex-container nonhundred-percent-fullwidth non-hundred-percent-height-scrolling\" style=\"--awb-border-radius-top-left:0px;--awb-border-radius-top-right:0px;--awb-border-radius-bottom-right:0px;--awb-border-radius-bottom-left:0px;--awb-flex-wrap:wrap;\" ><div class=\"fusion-builder-row fusion-row fusion-flex-align-items-flex-start fusion-flex-content-wrap\" style=\"max-width:1586px;margin-left: calc(-4% \/ 2 );margin-right: calc(-4% \/ 2 );\"><div class=\"fusion-layout-column fusion_builder_column fusion-builder-column-0 fusion-flex-column\" style=\"--awb-bg-size:cover;--awb-width-large:10%;--awb-margin-top-large:0px;--awb-spacing-right-large:19.2%;--awb-margin-bottom-large:20px;--awb-spacing-left-large:19.2%;--awb-order-medium:0;--awb-spacing-right-medium:0px;--awb-spacing-left-medium:0px;--awb-width-small:100%;--awb-order-small:0;--awb-spacing-right-small:1.92%;--awb-spacing-left-small:1.92%;\"><div class=\"fusion-column-wrapper fusion-column-has-shadow fusion-flex-justify-content-flex-start fusion-content-layout-column\"><\/div><\/div><div class=\"fusion-layout-column fusion_builder_column fusion-builder-column-1 fusion-flex-column\" style=\"--awb-bg-size:cover;--awb-width-large:79%;--awb-margin-top-large:0px;--awb-spacing-right-large:0%;--awb-margin-bottom-large:20px;--awb-spacing-left-large:0%;--awb-width-medium:100%;--awb-order-medium:0;--awb-spacing-right-medium:0%;--awb-spacing-left-medium:0%;--awb-width-small:100%;--awb-order-small:0;--awb-spacing-right-small:1.92%;--awb-spacing-left-small:1.92%;\"><div class=\"fusion-column-wrapper fusion-column-has-shadow fusion-flex-justify-content-flex-start fusion-content-layout-column\"><div class=\"fusion-title title fusion-title-1 fusion-sep-none fusion-title-center fusion-title-text fusion-title-size-one\" style=\"--awb-margin-top-small:10px;--awb-margin-right-small:0px;--awb-margin-bottom-small:10px;--awb-margin-left-small:0px;--awb-sep-color:var(--awb-custom_color_1);\"><h1 class=\"fusion-title-heading title-heading-center\" style=\"margin:0;\">Konkurs na wywiad \u201eLepsze \u017cycie dzi\u0119ki Interreg\u201d rozpocz\u0119ty<\/h1><\/div><\/div><\/div><div class=\"fusion-layout-column fusion_builder_column fusion-builder-column-2 fusion-flex-column\" style=\"--awb-bg-size:cover;--awb-width-large:10%;--awb-margin-top-large:0px;--awb-spacing-right-large:19.2%;--awb-margin-bottom-large:20px;--awb-spacing-left-large:19.2%;--awb-order-medium:0;--awb-spacing-right-medium:0px;--awb-spacing-left-medium:0px;--awb-width-small:100%;--awb-order-small:0;--awb-spacing-right-small:0px;--awb-spacing-left-small:0px;\"><div class=\"fusion-column-wrapper fusion-column-has-shadow fusion-flex-justify-content-flex-start fusion-content-layout-column\"><\/div><\/div><\/div><\/div><div class=\"fusion-fullwidth fullwidth-box fusion-builder-row-2 fusion-flex-container nonhundred-percent-fullwidth non-hundred-percent-height-scrolling\" style=\"--awb-border-radius-top-left:0px;--awb-border-radius-top-right:0px;--awb-border-radius-bottom-right:0px;--awb-border-radius-bottom-left:0px;--awb-flex-wrap:wrap;\" ><div class=\"fusion-builder-row fusion-row fusion-flex-align-items-flex-start fusion-flex-content-wrap\" style=\"max-width:1586px;margin-left: calc(-4% \/ 2 );margin-right: calc(-4% \/ 2 );\"><div class=\"fusion-layout-column fusion_builder_column fusion-builder-column-3 fusion_builder_column_1_1 1_1 fusion-flex-column\" style=\"--awb-bg-size:cover;--awb-width-large:100%;--awb-margin-top-large:0px;--awb-spacing-right-large:1.92%;--awb-margin-bottom-large:0px;--awb-spacing-left-large:1.92%;--awb-width-medium:100%;--awb-spacing-right-medium:1.92%;--awb-spacing-left-medium:1.92%;--awb-width-small:100%;--awb-spacing-right-small:1.92%;--awb-spacing-left-small:1.92%;\"><div class=\"fusion-column-wrapper fusion-flex-justify-content-flex-start fusion-content-layout-column\"><div class=\"fusion-text fusion-text-1\"><p>W ramach tegorocznego <strong>Dnia Wsp\u00f3\u0142pracy Europejskiej<\/strong>, kt\u00f3ry odb\u0119dzie si\u0119 21.09.2022 r., organizujemy konkurs na wywiad wok\u00f3\u0142 tematu &#8222;Lepsze \u017cycie dzi\u0119ki Interreg&#8221;.<\/p>\n<p>Poszukujemy wywiad\u00f3w z osobami z obszaru obj\u0119tego naszym programem, w kt\u00f3rych opowiadaj\u0105, jak konkretnie korzystaj\u0105 z rezultat\u00f3w jednego z naszych licznych projekt\u00f3w.<\/p>\n<p>Na Wasze wypowiedzi tekstowe i wideo czekamy do <strong>5 wrze\u015bnia 2022 r<\/strong>. Ocena b\u0119dzie opiera\u0107 si\u0119 na znaczeniu dla programu, zrozumia\u0142o\u015bci i aktualno\u015bci wk\u0142ad\u00f3w. Wk\u0142ady mo\u017cna przesy\u0142a\u0107 r\u00f3wnie\u017c w j\u0119zyku angielskim!<\/p>\n<p>Wybrane filmy zaprezentujemy Wam pod <strong>koniec wrze\u015bnia<\/strong>!<\/p>\n<\/div><\/div><\/div><\/div><\/div><\/p>\n","protected":false},"excerpt":{"rendered":"","protected":false},"author":3,"featured_media":6115,"comment_status":"closed","ping_status":"closed","sticky":false,"template":"","format":"standard","meta":{"_price":"","_stock":"","_tribe_ticket_header":"","_tribe_default_ticket_provider":"","_tribe_ticket_capacity":"0","_ticket_start_date":"","_ticket_end_date":"","_tribe_ticket_show_description":"","_tribe_ticket_show_not_going":false,"_tribe_ticket_use_global_stock":"","_tribe_ticket_global_stock_level":"","_global_stock_mode":"","_global_stock_cap":"","_tribe_rsvp_for_event":"","_tribe_ticket_going_count":"","_tribe_ticket_not_going_count":"","_tribe_tickets_list":"[]","_tribe_ticket_has_attendee_info_fields":false,"footnotes":""},"categories":[20],"tags":[],"class_list":["post-569","post","type-post","status-publish","format-standard","has-post-thumbnail","hentry","category-aktualnosci"],"yoast_head":"<!-- This site is optimized with the Yoast SEO plugin v27.3 - https:\/\/yoast.com\/product\/yoast-seo-wordpress\/ -->\n<title>Konkurs na wywiad \u201eLepsze \u017cycie dzi\u0119ki Interreg\u201d rozpocz\u0119ty - Interreg VI A MV\/BB\/PL<\/title>\n<meta name=\"robots\" content=\"index, follow, max-snippet:-1, max-image-preview:large, max-video-preview:-1\" \/>\n<link rel=\"canonical\" href=\"https:\/\/www.interreg6a.net\/pl\/konkurs-na-wywiad-lepsze-zycie-dzieki-interregowi-z-okazji-ec-day-2022\/\" \/>\n<meta property=\"og:locale\" content=\"pl_PL\" \/>\n<meta property=\"og:type\" content=\"article\" \/>\n<meta property=\"og:title\" content=\"Konkurs na wywiad \u201eLepsze \u017cycie dzi\u0119ki Interreg\u201d rozpocz\u0119ty - Interreg VI A MV\/BB\/PL\" \/>\n<meta property=\"og:url\" content=\"https:\/\/www.interreg6a.net\/pl\/konkurs-na-wywiad-lepsze-zycie-dzieki-interregowi-z-okazji-ec-day-2022\/\" \/>\n<meta property=\"og:site_name\" content=\"Interreg VI A MV\/BB\/PL\" \/>\n<meta property=\"article:published_time\" content=\"2022-03-21T10:19:41+00:00\" \/>\n<meta property=\"article:modified_time\" content=\"2022-09-23T06:19:57+00:00\" \/>\n<meta property=\"og:image\" content=\"https:\/\/www.interreg6a.net\/wp-content\/uploads\/2022\/03\/EC-Day_2022-e1663838105527.png\" \/>\n\t<meta property=\"og:image:width\" content=\"463\" \/>\n\t<meta property=\"og:image:height\" content=\"250\" \/>\n\t<meta property=\"og:image:type\" content=\"image\/png\" \/>\n<meta name=\"author\" content=\"Annekathrin Schatton\" \/>\n<meta name=\"twitter:card\" content=\"summary_large_image\" \/>\n<meta name=\"twitter:label1\" content=\"Napisane przez\" \/>\n\t<meta name=\"twitter:data1\" content=\"Annekathrin Schatton\" \/>\n\t<meta name=\"twitter:label2\" content=\"Szacowany czas czytania\" \/>\n\t<meta name=\"twitter:data2\" content=\"3 minuty\" \/>\n<script type=\"application\/ld+json\" class=\"yoast-schema-graph\">{\"@context\":\"https:\\\/\\\/schema.org\",\"@graph\":[{\"@type\":\"Article\",\"@id\":\"https:\\\/\\\/www.interreg6a.net\\\/pl\\\/konkurs-na-wywiad-lepsze-zycie-dzieki-interregowi-z-okazji-ec-day-2022\\\/#article\",\"isPartOf\":{\"@id\":\"https:\\\/\\\/www.interreg6a.net\\\/pl\\\/konkurs-na-wywiad-lepsze-zycie-dzieki-interregowi-z-okazji-ec-day-2022\\\/\"},\"author\":{\"name\":\"Annekathrin Schatton\",\"@id\":\"https:\\\/\\\/www.interreg6a.net\\\/pl\\\/#\\\/schema\\\/person\\\/586ba34870d77d8af2e79caac27b2bed\"},\"headline\":\"Konkurs na wywiad \u201eLepsze \u017cycie dzi\u0119ki Interreg\u201d rozpocz\u0119ty\",\"datePublished\":\"2022-03-21T10:19:41+00:00\",\"dateModified\":\"2022-09-23T06:19:57+00:00\",\"mainEntityOfPage\":{\"@id\":\"https:\\\/\\\/www.interreg6a.net\\\/pl\\\/konkurs-na-wywiad-lepsze-zycie-dzieki-interregowi-z-okazji-ec-day-2022\\\/\"},\"wordCount\":1227,\"image\":{\"@id\":\"https:\\\/\\\/www.interreg6a.net\\\/pl\\\/konkurs-na-wywiad-lepsze-zycie-dzieki-interregowi-z-okazji-ec-day-2022\\\/#primaryimage\"},\"thumbnailUrl\":\"https:\\\/\\\/www.interreg6a.net\\\/wp-content\\\/uploads\\\/2022\\\/03\\\/EC-Day_2022-e1663838105527.png\",\"articleSection\":[\"Aktualno\u015bci\"],\"inLanguage\":\"pl-PL\"},{\"@type\":\"WebPage\",\"@id\":\"https:\\\/\\\/www.interreg6a.net\\\/pl\\\/konkurs-na-wywiad-lepsze-zycie-dzieki-interregowi-z-okazji-ec-day-2022\\\/\",\"url\":\"https:\\\/\\\/www.interreg6a.net\\\/pl\\\/konkurs-na-wywiad-lepsze-zycie-dzieki-interregowi-z-okazji-ec-day-2022\\\/\",\"name\":\"Konkurs na wywiad \u201eLepsze \u017cycie dzi\u0119ki Interreg\u201d rozpocz\u0119ty - Interreg VI A MV\\\/BB\\\/PL\",\"isPartOf\":{\"@id\":\"https:\\\/\\\/www.interreg6a.net\\\/pl\\\/#website\"},\"primaryImageOfPage\":{\"@id\":\"https:\\\/\\\/www.interreg6a.net\\\/pl\\\/konkurs-na-wywiad-lepsze-zycie-dzieki-interregowi-z-okazji-ec-day-2022\\\/#primaryimage\"},\"image\":{\"@id\":\"https:\\\/\\\/www.interreg6a.net\\\/pl\\\/konkurs-na-wywiad-lepsze-zycie-dzieki-interregowi-z-okazji-ec-day-2022\\\/#primaryimage\"},\"thumbnailUrl\":\"https:\\\/\\\/www.interreg6a.net\\\/wp-content\\\/uploads\\\/2022\\\/03\\\/EC-Day_2022-e1663838105527.png\",\"datePublished\":\"2022-03-21T10:19:41+00:00\",\"dateModified\":\"2022-09-23T06:19:57+00:00\",\"author\":{\"@id\":\"https:\\\/\\\/www.interreg6a.net\\\/pl\\\/#\\\/schema\\\/person\\\/586ba34870d77d8af2e79caac27b2bed\"},\"breadcrumb\":{\"@id\":\"https:\\\/\\\/www.interreg6a.net\\\/pl\\\/konkurs-na-wywiad-lepsze-zycie-dzieki-interregowi-z-okazji-ec-day-2022\\\/#breadcrumb\"},\"inLanguage\":\"pl-PL\",\"potentialAction\":[{\"@type\":\"ReadAction\",\"target\":[\"https:\\\/\\\/www.interreg6a.net\\\/pl\\\/konkurs-na-wywiad-lepsze-zycie-dzieki-interregowi-z-okazji-ec-day-2022\\\/\"]}]},{\"@type\":\"ImageObject\",\"inLanguage\":\"pl-PL\",\"@id\":\"https:\\\/\\\/www.interreg6a.net\\\/pl\\\/konkurs-na-wywiad-lepsze-zycie-dzieki-interregowi-z-okazji-ec-day-2022\\\/#primaryimage\",\"url\":\"https:\\\/\\\/www.interreg6a.net\\\/wp-content\\\/uploads\\\/2022\\\/03\\\/EC-Day_2022-e1663838105527.png\",\"contentUrl\":\"https:\\\/\\\/www.interreg6a.net\\\/wp-content\\\/uploads\\\/2022\\\/03\\\/EC-Day_2022-e1663838105527.png\",\"width\":463,\"height\":250,\"caption\":\"EC-Day 2022\"},{\"@type\":\"BreadcrumbList\",\"@id\":\"https:\\\/\\\/www.interreg6a.net\\\/pl\\\/konkurs-na-wywiad-lepsze-zycie-dzieki-interregowi-z-okazji-ec-day-2022\\\/#breadcrumb\",\"itemListElement\":[{\"@type\":\"ListItem\",\"position\":1,\"name\":\"Strona g\u0142\u00f3wna\",\"item\":\"https:\\\/\\\/www.interreg6a.net\\\/pl\\\/\"},{\"@type\":\"ListItem\",\"position\":2,\"name\":\"Konkurs na wywiad \u201eLepsze \u017cycie dzi\u0119ki Interreg\u201d rozpocz\u0119ty\"}]},{\"@type\":\"WebSite\",\"@id\":\"https:\\\/\\\/www.interreg6a.net\\\/pl\\\/#website\",\"url\":\"https:\\\/\\\/www.interreg6a.net\\\/pl\\\/\",\"name\":\"Interreg VI A MV\\\/BB\\\/PL\",\"description\":\"\",\"potentialAction\":[{\"@type\":\"SearchAction\",\"target\":{\"@type\":\"EntryPoint\",\"urlTemplate\":\"https:\\\/\\\/www.interreg6a.net\\\/pl\\\/?s={search_term_string}\"},\"query-input\":{\"@type\":\"PropertyValueSpecification\",\"valueRequired\":true,\"valueName\":\"search_term_string\"}}],\"inLanguage\":\"pl-PL\"},{\"@type\":\"Person\",\"@id\":\"https:\\\/\\\/www.interreg6a.net\\\/pl\\\/#\\\/schema\\\/person\\\/586ba34870d77d8af2e79caac27b2bed\",\"name\":\"Annekathrin Schatton\",\"image\":{\"@type\":\"ImageObject\",\"inLanguage\":\"pl-PL\",\"@id\":\"https:\\\/\\\/secure.gravatar.com\\\/avatar\\\/e5061fb74ae43cc23ef3357e967de00922d77e083a62d8c9a178949aa0f39fa4?s=96&d=mm&r=g\",\"url\":\"https:\\\/\\\/secure.gravatar.com\\\/avatar\\\/e5061fb74ae43cc23ef3357e967de00922d77e083a62d8c9a178949aa0f39fa4?s=96&d=mm&r=g\",\"contentUrl\":\"https:\\\/\\\/secure.gravatar.com\\\/avatar\\\/e5061fb74ae43cc23ef3357e967de00922d77e083a62d8c9a178949aa0f39fa4?s=96&d=mm&r=g\",\"caption\":\"Annekathrin Schatton\"},\"url\":\"https:\\\/\\\/www.interreg6a.net\\\/pl\\\/author\\\/schatton\\\/\"}]}<\/script>\n<!-- \/ Yoast SEO plugin. -->","yoast_head_json":{"title":"Konkurs na wywiad \u201eLepsze \u017cycie dzi\u0119ki Interreg\u201d rozpocz\u0119ty - Interreg VI A MV\/BB\/PL","robots":{"index":"index","follow":"follow","max-snippet":"max-snippet:-1","max-image-preview":"max-image-preview:large","max-video-preview":"max-video-preview:-1"},"canonical":"https:\/\/www.interreg6a.net\/pl\/konkurs-na-wywiad-lepsze-zycie-dzieki-interregowi-z-okazji-ec-day-2022\/","og_locale":"pl_PL","og_type":"article","og_title":"Konkurs na wywiad \u201eLepsze \u017cycie dzi\u0119ki Interreg\u201d rozpocz\u0119ty - Interreg VI A MV\/BB\/PL","og_url":"https:\/\/www.interreg6a.net\/pl\/konkurs-na-wywiad-lepsze-zycie-dzieki-interregowi-z-okazji-ec-day-2022\/","og_site_name":"Interreg VI A MV\/BB\/PL","article_published_time":"2022-03-21T10:19:41+00:00","article_modified_time":"2022-09-23T06:19:57+00:00","og_image":[{"width":463,"height":250,"url":"https:\/\/www.interreg6a.net\/wp-content\/uploads\/2022\/03\/EC-Day_2022-e1663838105527.png","type":"image\/png"}],"author":"Annekathrin Schatton","twitter_card":"summary_large_image","twitter_misc":{"Napisane przez":"Annekathrin Schatton","Szacowany czas czytania":"3 minuty"},"schema":{"@context":"https:\/\/schema.org","@graph":[{"@type":"Article","@id":"https:\/\/www.interreg6a.net\/pl\/konkurs-na-wywiad-lepsze-zycie-dzieki-interregowi-z-okazji-ec-day-2022\/#article","isPartOf":{"@id":"https:\/\/www.interreg6a.net\/pl\/konkurs-na-wywiad-lepsze-zycie-dzieki-interregowi-z-okazji-ec-day-2022\/"},"author":{"name":"Annekathrin Schatton","@id":"https:\/\/www.interreg6a.net\/pl\/#\/schema\/person\/586ba34870d77d8af2e79caac27b2bed"},"headline":"Konkurs na wywiad \u201eLepsze \u017cycie dzi\u0119ki Interreg\u201d rozpocz\u0119ty","datePublished":"2022-03-21T10:19:41+00:00","dateModified":"2022-09-23T06:19:57+00:00","mainEntityOfPage":{"@id":"https:\/\/www.interreg6a.net\/pl\/konkurs-na-wywiad-lepsze-zycie-dzieki-interregowi-z-okazji-ec-day-2022\/"},"wordCount":1227,"image":{"@id":"https:\/\/www.interreg6a.net\/pl\/konkurs-na-wywiad-lepsze-zycie-dzieki-interregowi-z-okazji-ec-day-2022\/#primaryimage"},"thumbnailUrl":"https:\/\/www.interreg6a.net\/wp-content\/uploads\/2022\/03\/EC-Day_2022-e1663838105527.png","articleSection":["Aktualno\u015bci"],"inLanguage":"pl-PL"},{"@type":"WebPage","@id":"https:\/\/www.interreg6a.net\/pl\/konkurs-na-wywiad-lepsze-zycie-dzieki-interregowi-z-okazji-ec-day-2022\/","url":"https:\/\/www.interreg6a.net\/pl\/konkurs-na-wywiad-lepsze-zycie-dzieki-interregowi-z-okazji-ec-day-2022\/","name":"Konkurs na wywiad \u201eLepsze \u017cycie dzi\u0119ki Interreg\u201d rozpocz\u0119ty - Interreg VI A MV\/BB\/PL","isPartOf":{"@id":"https:\/\/www.interreg6a.net\/pl\/#website"},"primaryImageOfPage":{"@id":"https:\/\/www.interreg6a.net\/pl\/konkurs-na-wywiad-lepsze-zycie-dzieki-interregowi-z-okazji-ec-day-2022\/#primaryimage"},"image":{"@id":"https:\/\/www.interreg6a.net\/pl\/konkurs-na-wywiad-lepsze-zycie-dzieki-interregowi-z-okazji-ec-day-2022\/#primaryimage"},"thumbnailUrl":"https:\/\/www.interreg6a.net\/wp-content\/uploads\/2022\/03\/EC-Day_2022-e1663838105527.png","datePublished":"2022-03-21T10:19:41+00:00","dateModified":"2022-09-23T06:19:57+00:00","author":{"@id":"https:\/\/www.interreg6a.net\/pl\/#\/schema\/person\/586ba34870d77d8af2e79caac27b2bed"},"breadcrumb":{"@id":"https:\/\/www.interreg6a.net\/pl\/konkurs-na-wywiad-lepsze-zycie-dzieki-interregowi-z-okazji-ec-day-2022\/#breadcrumb"},"inLanguage":"pl-PL","potentialAction":[{"@type":"ReadAction","target":["https:\/\/www.interreg6a.net\/pl\/konkurs-na-wywiad-lepsze-zycie-dzieki-interregowi-z-okazji-ec-day-2022\/"]}]},{"@type":"ImageObject","inLanguage":"pl-PL","@id":"https:\/\/www.interreg6a.net\/pl\/konkurs-na-wywiad-lepsze-zycie-dzieki-interregowi-z-okazji-ec-day-2022\/#primaryimage","url":"https:\/\/www.interreg6a.net\/wp-content\/uploads\/2022\/03\/EC-Day_2022-e1663838105527.png","contentUrl":"https:\/\/www.interreg6a.net\/wp-content\/uploads\/2022\/03\/EC-Day_2022-e1663838105527.png","width":463,"height":250,"caption":"EC-Day 2022"},{"@type":"BreadcrumbList","@id":"https:\/\/www.interreg6a.net\/pl\/konkurs-na-wywiad-lepsze-zycie-dzieki-interregowi-z-okazji-ec-day-2022\/#breadcrumb","itemListElement":[{"@type":"ListItem","position":1,"name":"Strona g\u0142\u00f3wna","item":"https:\/\/www.interreg6a.net\/pl\/"},{"@type":"ListItem","position":2,"name":"Konkurs na wywiad \u201eLepsze \u017cycie dzi\u0119ki Interreg\u201d rozpocz\u0119ty"}]},{"@type":"WebSite","@id":"https:\/\/www.interreg6a.net\/pl\/#website","url":"https:\/\/www.interreg6a.net\/pl\/","name":"Interreg VI A MV\/BB\/PL","description":"","potentialAction":[{"@type":"SearchAction","target":{"@type":"EntryPoint","urlTemplate":"https:\/\/www.interreg6a.net\/pl\/?s={search_term_string}"},"query-input":{"@type":"PropertyValueSpecification","valueRequired":true,"valueName":"search_term_string"}}],"inLanguage":"pl-PL"},{"@type":"Person","@id":"https:\/\/www.interreg6a.net\/pl\/#\/schema\/person\/586ba34870d77d8af2e79caac27b2bed","name":"Annekathrin Schatton","image":{"@type":"ImageObject","inLanguage":"pl-PL","@id":"https:\/\/secure.gravatar.com\/avatar\/e5061fb74ae43cc23ef3357e967de00922d77e083a62d8c9a178949aa0f39fa4?s=96&d=mm&r=g","url":"https:\/\/secure.gravatar.com\/avatar\/e5061fb74ae43cc23ef3357e967de00922d77e083a62d8c9a178949aa0f39fa4?s=96&d=mm&r=g","contentUrl":"https:\/\/secure.gravatar.com\/avatar\/e5061fb74ae43cc23ef3357e967de00922d77e083a62d8c9a178949aa0f39fa4?s=96&d=mm&r=g","caption":"Annekathrin Schatton"},"url":"https:\/\/www.interreg6a.net\/pl\/author\/schatton\/"}]}},"_links":{"self":[{"href":"https:\/\/www.interreg6a.net\/pl\/wp-json\/wp\/v2\/posts\/569","targetHints":{"allow":["GET"]}}],"collection":[{"href":"https:\/\/www.interreg6a.net\/pl\/wp-json\/wp\/v2\/posts"}],"about":[{"href":"https:\/\/www.interreg6a.net\/pl\/wp-json\/wp\/v2\/types\/post"}],"author":[{"embeddable":true,"href":"https:\/\/www.interreg6a.net\/pl\/wp-json\/wp\/v2\/users\/3"}],"replies":[{"embeddable":true,"href":"https:\/\/www.interreg6a.net\/pl\/wp-json\/wp\/v2\/comments?post=569"}],"version-history":[{"count":10,"href":"https:\/\/www.interreg6a.net\/pl\/wp-json\/wp\/v2\/posts\/569\/revisions"}],"predecessor-version":[{"id":6261,"href":"https:\/\/www.interreg6a.net\/pl\/wp-json\/wp\/v2\/posts\/569\/revisions\/6261"}],"wp:featuredmedia":[{"embeddable":true,"href":"https:\/\/www.interreg6a.net\/pl\/wp-json\/wp\/v2\/media\/6115"}],"wp:attachment":[{"href":"https:\/\/www.interreg6a.net\/pl\/wp-json\/wp\/v2\/media?parent=569"}],"wp:term":[{"taxonomy":"category","embeddable":true,"href":"https:\/\/www.interreg6a.net\/pl\/wp-json\/wp\/v2\/categories?post=569"},{"taxonomy":"post_tag","embeddable":true,"href":"https:\/\/www.interreg6a.net\/pl\/wp-json\/wp\/v2\/tags?post=569"}],"curies":[{"name":"wp","href":"https:\/\/api.w.org\/{rel}","templated":true}]}}