{"id":5990,"date":"2022-09-13T16:50:27","date_gmt":"2022-09-13T14:50:27","guid":{"rendered":"https:\/\/www.interreg6a.net\/konferencja-informujaca-o-rozpoczeciu-programu-wspolpracy-interreg-vi-a-mecklenburg-vorpommern-brandenburg-polska\/"},"modified":"2022-09-23T09:10:43","modified_gmt":"2022-09-23T07:10:43","slug":"konferencja-informujaca-o-rozpoczeciu-programu-wspolpracy-interreg-vi-a-mecklenburg-vorpommern-brandenburg-polska","status":"publish","type":"post","link":"https:\/\/www.interreg6a.net\/pl\/konferencja-informujaca-o-rozpoczeciu-programu-wspolpracy-interreg-vi-a-mecklenburg-vorpommern-brandenburg-polska\/","title":{"rendered":"Wydarzenie informacyjne dotycz\u0105ce rozpocz\u0119cia Programu 28.09.2022 r."},"content":{"rendered":"<p><div class=\"fusion-fullwidth fullwidth-box fusion-builder-row-1 fusion-flex-container nonhundred-percent-fullwidth non-hundred-percent-height-scrolling\" style=\"--awb-border-radius-top-left:0px;--awb-border-radius-top-right:0px;--awb-border-radius-bottom-right:0px;--awb-border-radius-bottom-left:0px;--awb-flex-wrap:wrap;\" ><div class=\"fusion-builder-row fusion-row fusion-flex-align-items-flex-start fusion-flex-content-wrap\" style=\"max-width:1586px;margin-left: calc(-4% \/ 2 );margin-right: calc(-4% \/ 2 );\"><div class=\"fusion-layout-column fusion_builder_column fusion-builder-column-0 fusion-flex-column\" style=\"--awb-bg-size:cover;--awb-width-large:10%;--awb-margin-top-large:0px;--awb-spacing-right-large:19.2%;--awb-margin-bottom-large:20px;--awb-spacing-left-large:19.2%;--awb-order-medium:0;--awb-spacing-right-medium:0px;--awb-spacing-left-medium:0px;--awb-width-small:100%;--awb-order-small:0;--awb-spacing-right-small:1.92%;--awb-spacing-left-small:1.92%;\"><div class=\"fusion-column-wrapper fusion-column-has-shadow fusion-flex-justify-content-flex-start fusion-content-layout-column\"><\/div><\/div><div class=\"fusion-layout-column fusion_builder_column fusion-builder-column-1 fusion-flex-column\" style=\"--awb-bg-size:cover;--awb-width-large:79%;--awb-margin-top-large:0px;--awb-spacing-right-large:0%;--awb-margin-bottom-large:20px;--awb-spacing-left-large:0%;--awb-width-medium:100%;--awb-order-medium:0;--awb-spacing-right-medium:0%;--awb-spacing-left-medium:0%;--awb-width-small:100%;--awb-order-small:0;--awb-spacing-right-small:1.92%;--awb-spacing-left-small:1.92%;\"><div class=\"fusion-column-wrapper fusion-column-has-shadow fusion-flex-justify-content-flex-start fusion-content-layout-column\"><div class=\"fusion-title title fusion-title-1 fusion-sep-none fusion-title-center fusion-title-text fusion-title-size-one\" style=\"--awb-margin-top-small:10px;--awb-margin-right-small:0px;--awb-margin-bottom-small:10px;--awb-margin-left-small:0px;--awb-sep-color:var(--awb-custom_color_1);\"><h1 class=\"fusion-title-heading title-heading-center\" style=\"margin:0;\">Wydarzenie informacyjne dotycz\u0105ce rozpocz\u0119cia Programu 28.09.2022 r.<\/h1><\/div><\/div><\/div><div class=\"fusion-layout-column fusion_builder_column fusion-builder-column-2 fusion-flex-column\" style=\"--awb-bg-size:cover;--awb-width-large:10%;--awb-margin-top-large:0px;--awb-spacing-right-large:19.2%;--awb-margin-bottom-large:20px;--awb-spacing-left-large:19.2%;--awb-order-medium:0;--awb-spacing-right-medium:0px;--awb-spacing-left-medium:0px;--awb-width-small:100%;--awb-order-small:0;--awb-spacing-right-small:0px;--awb-spacing-left-small:0px;\"><div class=\"fusion-column-wrapper fusion-column-has-shadow fusion-flex-justify-content-flex-start fusion-content-layout-column\"><\/div><\/div><\/div><\/div><div class=\"fusion-fullwidth fullwidth-box fusion-builder-row-2 fusion-flex-container nonhundred-percent-fullwidth non-hundred-percent-height-scrolling\" style=\"--awb-border-radius-top-left:0px;--awb-border-radius-top-right:0px;--awb-border-radius-bottom-right:0px;--awb-border-radius-bottom-left:0px;--awb-flex-wrap:wrap;\" ><div class=\"fusion-builder-row fusion-row fusion-flex-align-items-flex-start fusion-flex-content-wrap\" style=\"max-width:1586px;margin-left: calc(-4% \/ 2 );margin-right: calc(-4% \/ 2 );\"><div class=\"fusion-layout-column fusion_builder_column fusion-builder-column-3 fusion_builder_column_1_1 1_1 fusion-flex-column\" style=\"--awb-bg-size:cover;--awb-width-large:100%;--awb-margin-top-large:0px;--awb-spacing-right-large:1.92%;--awb-margin-bottom-large:0px;--awb-spacing-left-large:1.92%;--awb-width-medium:100%;--awb-spacing-right-medium:1.92%;--awb-spacing-left-medium:1.92%;--awb-width-small:100%;--awb-spacing-right-small:1.92%;--awb-spacing-left-small:1.92%;\"><div class=\"fusion-column-wrapper fusion-flex-justify-content-flex-start fusion-content-layout-column\"><div class=\"fusion-text fusion-text-1\"><p>Z rado\u015bci\u0105 chcemy poinformowa\u0107 Pa\u0144stwa o naszym <strong>wydarzeniu informacyjnym dotycz\u0105cym zbli\u017caj\u0105cego si\u0119 rozpocz\u0119cia Programu Wsp\u00f3\u0142pracy Interreg VI A Meklemburgia-Pomorze Przednie \/ Brandenburgia \/ Polska 2021 &#8211; 2027<\/strong>, kt\u00f3re odb\u0119dzie si\u0119 28.09.2022 r. w Pasewalku w Lokomotywowni (Lokschuppen).<\/p>\n<p><strong><em>\u201ePorozmawiajmy o nowym Programie\u201c<br \/>\n<\/em><\/strong><\/p>\n<p>Pod tym has\u0142em chcemy zabra\u0107 Pa\u0144stwa w interaktywn\u0105 podr\u00f3\u017c, podczas kt\u00f3rej podzielimy si\u0119 z Pa\u0144stwem cennymi do\u015bwiadczeniami z ko\u0144cz\u0105cego si\u0119 Programu Interreg V A oraz wsp\u00f3lnie spojrzymy na przysz\u0142o\u015b\u0107 nowego Programu VI A. Dzi\u0119ki wydarzeniu chcemy r\u00f3wnie\u017c zapewni\u0107 Pa\u0144stwu sposobno\u015b\u0107 do dyskusji i wymiany do\u015bwiadcze\u0144 oraz pomys\u0142\u00f3w na nowe projekty i przysz\u0142e dzia\u0142ania.<\/p>\n<p>Osoby zainteresowane udzia\u0142em w wydarzeniu proszone s\u0105 o kontakt ze Wsp\u00f3lnym Sekretariatem.<\/p>\n<div class='w3eden'>\n<!-- WPDM Link Template: Default Template -->\n\n<div class=\"link-template-default card mb-2\">\n    <div class=\"card-body\">\n        <div class=\"media\">\n            <div class=\"media-pic-icon\">\n                <a class='wpdm-download-link download-on-click btn btn-primary ' rel='nofollow' href='#' data-downloadurl=\"https:\/\/www.interreg6a.net\/download\/agenda-der-informationsveranstaltung-zum-anstehenden-programmstart-von-interreg-via-mv-bb-pl\/?wpdmdl=5631&refresh=69f70a265a6971777797670\">Pobierz<\/a>\n            <\/div>\n            <div class=\"media-body\">\n                <h3 class=\"package-title\">Agenda: Informationsveranstaltung zum Programmstart (28.09.2022, Pasewalk)<\/h3>\n                <div class=\"text-muted text-small\">\n                    <span class=\"wpdm_file_ext\">pdf<\/span> | <span class=\"wpdm_file_size\">698.84 KB<\/span> | <span class=\"wpdm_update_date\">13. wrze\u015bnia 2022<\/span> <!-- 22. wrze\u015bnia 2022 -->\n                <\/div>\n            <\/div>\n\n        <\/div>\n    <\/div>\n<\/div>\n\n<\/div>\n<\/div><div class=\"md-text-align-right sm-text-align-right\" style=\"text-align:center;\"><a class=\"fusion-button button-flat button-large button-custom fusion-button-default button-1 fusion-button-default-span fusion-button-default-type fusion-has-button-gradient button\" style=\"--button_accent_color:var(--awb-color1);--button_accent_hover_color:var(--awb-color1);--button_border_hover_color:var(--awb-color1);--button_gradient_angle:69deg;--button_gradient_top_color:var(--awb-color2);--button_gradient_bottom_color:var(--awb-custom_color_7);--button_gradient_top_color_hover:hsla(var(--awb-custom_color_4-h),calc(var(--awb-custom_color_4-s) - 5%),calc(var(--awb-custom_color_4-l) - 10%),var(--awb-custom_color_4-a));--button_gradient_bottom_color_hover:hsla(var(--awb-color2-h),calc(var(--awb-color2-s) - 5%),calc(var(--awb-color2-l) - 10%),var(--awb-color2-a));\" target=\"_self\" href=\"https:\/\/www.interreg6a.net\/pl\/veranstaltungen2\/konferencja-informujaca-o-rozpoczeciu-programu-wspolpracy\/\"><i class=\"icon-link-pfeil awb-button__icon awb-button__icon--default button-icon-left\" aria-hidden=\"true\"><\/i><span class=\"fusion-button-text awb-button__text awb-button__text--default\">do wydarzeniu<\/span><\/a><\/div><\/div><\/div><\/div><\/div><\/p>\n","protected":false},"excerpt":{"rendered":"","protected":false},"author":16,"featured_media":5225,"comment_status":"closed","ping_status":"closed","sticky":false,"template":"","format":"standard","meta":{"_price":"","_stock":"","_tribe_ticket_header":"","_tribe_default_ticket_provider":"","_tribe_ticket_capacity":"0","_ticket_start_date":"","_ticket_end_date":"","_tribe_ticket_show_description":"","_tribe_ticket_show_not_going":false,"_tribe_ticket_use_global_stock":"","_tribe_ticket_global_stock_level":"","_global_stock_mode":"","_global_stock_cap":"","_tribe_rsvp_for_event":"","_tribe_ticket_going_count":"","_tribe_ticket_not_going_count":"","_tribe_tickets_list":"[]","_tribe_ticket_has_attendee_info_fields":false,"footnotes":""},"categories":[20],"tags":[],"class_list":["post-5990","post","type-post","status-publish","format-standard","has-post-thumbnail","hentry","category-aktualnosci"],"yoast_head":"<!-- This site is optimized with the Yoast SEO plugin v27.3 - https:\/\/yoast.com\/product\/yoast-seo-wordpress\/ -->\n<title>Wydarzenie informacyjne dotycz\u0105ce rozpocz\u0119cia Programu 28.09.2022 r. - Interreg VI A MV\/BB\/PL<\/title>\n<meta name=\"robots\" content=\"index, follow, max-snippet:-1, max-image-preview:large, max-video-preview:-1\" \/>\n<link rel=\"canonical\" href=\"https:\/\/www.interreg6a.net\/pl\/konferencja-informujaca-o-rozpoczeciu-programu-wspolpracy-interreg-vi-a-mecklenburg-vorpommern-brandenburg-polska\/\" \/>\n<meta property=\"og:locale\" content=\"pl_PL\" \/>\n<meta property=\"og:type\" content=\"article\" \/>\n<meta property=\"og:title\" content=\"Wydarzenie informacyjne dotycz\u0105ce rozpocz\u0119cia Programu 28.09.2022 r. - Interreg VI A MV\/BB\/PL\" \/>\n<meta property=\"og:url\" content=\"https:\/\/www.interreg6a.net\/pl\/konferencja-informujaca-o-rozpoczeciu-programu-wspolpracy-interreg-vi-a-mecklenburg-vorpommern-brandenburg-polska\/\" \/>\n<meta property=\"og:site_name\" content=\"Interreg VI A MV\/BB\/PL\" \/>\n<meta property=\"article:published_time\" content=\"2022-09-13T14:50:27+00:00\" \/>\n<meta property=\"article:modified_time\" content=\"2022-09-23T07:10:43+00:00\" \/>\n<meta property=\"og:image\" content=\"https:\/\/www.interreg6a.net\/wp-content\/uploads\/2022\/09\/foerderperiode-pl.jpg\" \/>\n\t<meta property=\"og:image:width\" content=\"1200\" \/>\n\t<meta property=\"og:image:height\" content=\"873\" \/>\n\t<meta property=\"og:image:type\" content=\"image\/jpeg\" \/>\n<meta name=\"author\" content=\"Olaf Wulf\" \/>\n<meta name=\"twitter:card\" content=\"summary_large_image\" \/>\n<meta name=\"twitter:label1\" content=\"Napisane przez\" \/>\n\t<meta name=\"twitter:data1\" content=\"Olaf Wulf\" \/>\n\t<meta name=\"twitter:label2\" content=\"Szacowany czas czytania\" \/>\n\t<meta name=\"twitter:data2\" content=\"4 minuty\" \/>\n<script type=\"application\/ld+json\" class=\"yoast-schema-graph\">{\"@context\":\"https:\\\/\\\/schema.org\",\"@graph\":[{\"@type\":\"Article\",\"@id\":\"https:\\\/\\\/www.interreg6a.net\\\/pl\\\/konferencja-informujaca-o-rozpoczeciu-programu-wspolpracy-interreg-vi-a-mecklenburg-vorpommern-brandenburg-polska\\\/#article\",\"isPartOf\":{\"@id\":\"https:\\\/\\\/www.interreg6a.net\\\/pl\\\/konferencja-informujaca-o-rozpoczeciu-programu-wspolpracy-interreg-vi-a-mecklenburg-vorpommern-brandenburg-polska\\\/\"},\"author\":{\"name\":\"Olaf Wulf\",\"@id\":\"https:\\\/\\\/www.interreg6a.net\\\/pl\\\/#\\\/schema\\\/person\\\/937099e8bb407e772dac8308a0f3312a\"},\"headline\":\"Wydarzenie informacyjne dotycz\u0105ce rozpocz\u0119cia Programu 28.09.2022 r.\",\"datePublished\":\"2022-09-13T14:50:27+00:00\",\"dateModified\":\"2022-09-23T07:10:43+00:00\",\"mainEntityOfPage\":{\"@id\":\"https:\\\/\\\/www.interreg6a.net\\\/pl\\\/konferencja-informujaca-o-rozpoczeciu-programu-wspolpracy-interreg-vi-a-mecklenburg-vorpommern-brandenburg-polska\\\/\"},\"wordCount\":1428,\"image\":{\"@id\":\"https:\\\/\\\/www.interreg6a.net\\\/pl\\\/konferencja-informujaca-o-rozpoczeciu-programu-wspolpracy-interreg-vi-a-mecklenburg-vorpommern-brandenburg-polska\\\/#primaryimage\"},\"thumbnailUrl\":\"https:\\\/\\\/www.interreg6a.net\\\/wp-content\\\/uploads\\\/2022\\\/09\\\/foerderperiode-pl.jpg\",\"articleSection\":[\"Aktualno\u015bci\"],\"inLanguage\":\"pl-PL\"},{\"@type\":\"WebPage\",\"@id\":\"https:\\\/\\\/www.interreg6a.net\\\/pl\\\/konferencja-informujaca-o-rozpoczeciu-programu-wspolpracy-interreg-vi-a-mecklenburg-vorpommern-brandenburg-polska\\\/\",\"url\":\"https:\\\/\\\/www.interreg6a.net\\\/pl\\\/konferencja-informujaca-o-rozpoczeciu-programu-wspolpracy-interreg-vi-a-mecklenburg-vorpommern-brandenburg-polska\\\/\",\"name\":\"Wydarzenie informacyjne dotycz\u0105ce rozpocz\u0119cia Programu 28.09.2022 r. - Interreg VI A MV\\\/BB\\\/PL\",\"isPartOf\":{\"@id\":\"https:\\\/\\\/www.interreg6a.net\\\/pl\\\/#website\"},\"primaryImageOfPage\":{\"@id\":\"https:\\\/\\\/www.interreg6a.net\\\/pl\\\/konferencja-informujaca-o-rozpoczeciu-programu-wspolpracy-interreg-vi-a-mecklenburg-vorpommern-brandenburg-polska\\\/#primaryimage\"},\"image\":{\"@id\":\"https:\\\/\\\/www.interreg6a.net\\\/pl\\\/konferencja-informujaca-o-rozpoczeciu-programu-wspolpracy-interreg-vi-a-mecklenburg-vorpommern-brandenburg-polska\\\/#primaryimage\"},\"thumbnailUrl\":\"https:\\\/\\\/www.interreg6a.net\\\/wp-content\\\/uploads\\\/2022\\\/09\\\/foerderperiode-pl.jpg\",\"datePublished\":\"2022-09-13T14:50:27+00:00\",\"dateModified\":\"2022-09-23T07:10:43+00:00\",\"author\":{\"@id\":\"https:\\\/\\\/www.interreg6a.net\\\/pl\\\/#\\\/schema\\\/person\\\/937099e8bb407e772dac8308a0f3312a\"},\"breadcrumb\":{\"@id\":\"https:\\\/\\\/www.interreg6a.net\\\/pl\\\/konferencja-informujaca-o-rozpoczeciu-programu-wspolpracy-interreg-vi-a-mecklenburg-vorpommern-brandenburg-polska\\\/#breadcrumb\"},\"inLanguage\":\"pl-PL\",\"potentialAction\":[{\"@type\":\"ReadAction\",\"target\":[\"https:\\\/\\\/www.interreg6a.net\\\/pl\\\/konferencja-informujaca-o-rozpoczeciu-programu-wspolpracy-interreg-vi-a-mecklenburg-vorpommern-brandenburg-polska\\\/\"]}]},{\"@type\":\"ImageObject\",\"inLanguage\":\"pl-PL\",\"@id\":\"https:\\\/\\\/www.interreg6a.net\\\/pl\\\/konferencja-informujaca-o-rozpoczeciu-programu-wspolpracy-interreg-vi-a-mecklenburg-vorpommern-brandenburg-polska\\\/#primaryimage\",\"url\":\"https:\\\/\\\/www.interreg6a.net\\\/wp-content\\\/uploads\\\/2022\\\/09\\\/foerderperiode-pl.jpg\",\"contentUrl\":\"https:\\\/\\\/www.interreg6a.net\\\/wp-content\\\/uploads\\\/2022\\\/09\\\/foerderperiode-pl.jpg\",\"width\":1200,\"height\":873,\"caption\":\"Okres finansowania\"},{\"@type\":\"BreadcrumbList\",\"@id\":\"https:\\\/\\\/www.interreg6a.net\\\/pl\\\/konferencja-informujaca-o-rozpoczeciu-programu-wspolpracy-interreg-vi-a-mecklenburg-vorpommern-brandenburg-polska\\\/#breadcrumb\",\"itemListElement\":[{\"@type\":\"ListItem\",\"position\":1,\"name\":\"Strona g\u0142\u00f3wna\",\"item\":\"https:\\\/\\\/www.interreg6a.net\\\/pl\\\/\"},{\"@type\":\"ListItem\",\"position\":2,\"name\":\"Wydarzenie informacyjne dotycz\u0105ce rozpocz\u0119cia Programu 28.09.2022 r.\"}]},{\"@type\":\"WebSite\",\"@id\":\"https:\\\/\\\/www.interreg6a.net\\\/pl\\\/#website\",\"url\":\"https:\\\/\\\/www.interreg6a.net\\\/pl\\\/\",\"name\":\"Interreg VI A MV\\\/BB\\\/PL\",\"description\":\"\",\"potentialAction\":[{\"@type\":\"SearchAction\",\"target\":{\"@type\":\"EntryPoint\",\"urlTemplate\":\"https:\\\/\\\/www.interreg6a.net\\\/pl\\\/?s={search_term_string}\"},\"query-input\":{\"@type\":\"PropertyValueSpecification\",\"valueRequired\":true,\"valueName\":\"search_term_string\"}}],\"inLanguage\":\"pl-PL\"},{\"@type\":\"Person\",\"@id\":\"https:\\\/\\\/www.interreg6a.net\\\/pl\\\/#\\\/schema\\\/person\\\/937099e8bb407e772dac8308a0f3312a\",\"name\":\"Olaf Wulf\",\"image\":{\"@type\":\"ImageObject\",\"inLanguage\":\"pl-PL\",\"@id\":\"https:\\\/\\\/secure.gravatar.com\\\/avatar\\\/40a0e88f07ad24fff50113fc5e69b3fa1cfd5a58ab8a8103506a3957b1dab631?s=96&d=mm&r=g\",\"url\":\"https:\\\/\\\/secure.gravatar.com\\\/avatar\\\/40a0e88f07ad24fff50113fc5e69b3fa1cfd5a58ab8a8103506a3957b1dab631?s=96&d=mm&r=g\",\"contentUrl\":\"https:\\\/\\\/secure.gravatar.com\\\/avatar\\\/40a0e88f07ad24fff50113fc5e69b3fa1cfd5a58ab8a8103506a3957b1dab631?s=96&d=mm&r=g\",\"caption\":\"Olaf Wulf\"},\"url\":\"https:\\\/\\\/www.interreg6a.net\\\/pl\\\/author\\\/wulf\\\/\"}]}<\/script>\n<!-- \/ Yoast SEO plugin. -->","yoast_head_json":{"title":"Wydarzenie informacyjne dotycz\u0105ce rozpocz\u0119cia Programu 28.09.2022 r. - Interreg VI A MV\/BB\/PL","robots":{"index":"index","follow":"follow","max-snippet":"max-snippet:-1","max-image-preview":"max-image-preview:large","max-video-preview":"max-video-preview:-1"},"canonical":"https:\/\/www.interreg6a.net\/pl\/konferencja-informujaca-o-rozpoczeciu-programu-wspolpracy-interreg-vi-a-mecklenburg-vorpommern-brandenburg-polska\/","og_locale":"pl_PL","og_type":"article","og_title":"Wydarzenie informacyjne dotycz\u0105ce rozpocz\u0119cia Programu 28.09.2022 r. - Interreg VI A MV\/BB\/PL","og_url":"https:\/\/www.interreg6a.net\/pl\/konferencja-informujaca-o-rozpoczeciu-programu-wspolpracy-interreg-vi-a-mecklenburg-vorpommern-brandenburg-polska\/","og_site_name":"Interreg VI A MV\/BB\/PL","article_published_time":"2022-09-13T14:50:27+00:00","article_modified_time":"2022-09-23T07:10:43+00:00","og_image":[{"width":1200,"height":873,"url":"https:\/\/www.interreg6a.net\/wp-content\/uploads\/2022\/09\/foerderperiode-pl.jpg","type":"image\/jpeg"}],"author":"Olaf Wulf","twitter_card":"summary_large_image","twitter_misc":{"Napisane przez":"Olaf Wulf","Szacowany czas czytania":"4 minuty"},"schema":{"@context":"https:\/\/schema.org","@graph":[{"@type":"Article","@id":"https:\/\/www.interreg6a.net\/pl\/konferencja-informujaca-o-rozpoczeciu-programu-wspolpracy-interreg-vi-a-mecklenburg-vorpommern-brandenburg-polska\/#article","isPartOf":{"@id":"https:\/\/www.interreg6a.net\/pl\/konferencja-informujaca-o-rozpoczeciu-programu-wspolpracy-interreg-vi-a-mecklenburg-vorpommern-brandenburg-polska\/"},"author":{"name":"Olaf Wulf","@id":"https:\/\/www.interreg6a.net\/pl\/#\/schema\/person\/937099e8bb407e772dac8308a0f3312a"},"headline":"Wydarzenie informacyjne dotycz\u0105ce rozpocz\u0119cia Programu 28.09.2022 r.","datePublished":"2022-09-13T14:50:27+00:00","dateModified":"2022-09-23T07:10:43+00:00","mainEntityOfPage":{"@id":"https:\/\/www.interreg6a.net\/pl\/konferencja-informujaca-o-rozpoczeciu-programu-wspolpracy-interreg-vi-a-mecklenburg-vorpommern-brandenburg-polska\/"},"wordCount":1428,"image":{"@id":"https:\/\/www.interreg6a.net\/pl\/konferencja-informujaca-o-rozpoczeciu-programu-wspolpracy-interreg-vi-a-mecklenburg-vorpommern-brandenburg-polska\/#primaryimage"},"thumbnailUrl":"https:\/\/www.interreg6a.net\/wp-content\/uploads\/2022\/09\/foerderperiode-pl.jpg","articleSection":["Aktualno\u015bci"],"inLanguage":"pl-PL"},{"@type":"WebPage","@id":"https:\/\/www.interreg6a.net\/pl\/konferencja-informujaca-o-rozpoczeciu-programu-wspolpracy-interreg-vi-a-mecklenburg-vorpommern-brandenburg-polska\/","url":"https:\/\/www.interreg6a.net\/pl\/konferencja-informujaca-o-rozpoczeciu-programu-wspolpracy-interreg-vi-a-mecklenburg-vorpommern-brandenburg-polska\/","name":"Wydarzenie informacyjne dotycz\u0105ce rozpocz\u0119cia Programu 28.09.2022 r. - Interreg VI A MV\/BB\/PL","isPartOf":{"@id":"https:\/\/www.interreg6a.net\/pl\/#website"},"primaryImageOfPage":{"@id":"https:\/\/www.interreg6a.net\/pl\/konferencja-informujaca-o-rozpoczeciu-programu-wspolpracy-interreg-vi-a-mecklenburg-vorpommern-brandenburg-polska\/#primaryimage"},"image":{"@id":"https:\/\/www.interreg6a.net\/pl\/konferencja-informujaca-o-rozpoczeciu-programu-wspolpracy-interreg-vi-a-mecklenburg-vorpommern-brandenburg-polska\/#primaryimage"},"thumbnailUrl":"https:\/\/www.interreg6a.net\/wp-content\/uploads\/2022\/09\/foerderperiode-pl.jpg","datePublished":"2022-09-13T14:50:27+00:00","dateModified":"2022-09-23T07:10:43+00:00","author":{"@id":"https:\/\/www.interreg6a.net\/pl\/#\/schema\/person\/937099e8bb407e772dac8308a0f3312a"},"breadcrumb":{"@id":"https:\/\/www.interreg6a.net\/pl\/konferencja-informujaca-o-rozpoczeciu-programu-wspolpracy-interreg-vi-a-mecklenburg-vorpommern-brandenburg-polska\/#breadcrumb"},"inLanguage":"pl-PL","potentialAction":[{"@type":"ReadAction","target":["https:\/\/www.interreg6a.net\/pl\/konferencja-informujaca-o-rozpoczeciu-programu-wspolpracy-interreg-vi-a-mecklenburg-vorpommern-brandenburg-polska\/"]}]},{"@type":"ImageObject","inLanguage":"pl-PL","@id":"https:\/\/www.interreg6a.net\/pl\/konferencja-informujaca-o-rozpoczeciu-programu-wspolpracy-interreg-vi-a-mecklenburg-vorpommern-brandenburg-polska\/#primaryimage","url":"https:\/\/www.interreg6a.net\/wp-content\/uploads\/2022\/09\/foerderperiode-pl.jpg","contentUrl":"https:\/\/www.interreg6a.net\/wp-content\/uploads\/2022\/09\/foerderperiode-pl.jpg","width":1200,"height":873,"caption":"Okres finansowania"},{"@type":"BreadcrumbList","@id":"https:\/\/www.interreg6a.net\/pl\/konferencja-informujaca-o-rozpoczeciu-programu-wspolpracy-interreg-vi-a-mecklenburg-vorpommern-brandenburg-polska\/#breadcrumb","itemListElement":[{"@type":"ListItem","position":1,"name":"Strona g\u0142\u00f3wna","item":"https:\/\/www.interreg6a.net\/pl\/"},{"@type":"ListItem","position":2,"name":"Wydarzenie informacyjne dotycz\u0105ce rozpocz\u0119cia Programu 28.09.2022 r."}]},{"@type":"WebSite","@id":"https:\/\/www.interreg6a.net\/pl\/#website","url":"https:\/\/www.interreg6a.net\/pl\/","name":"Interreg VI A MV\/BB\/PL","description":"","potentialAction":[{"@type":"SearchAction","target":{"@type":"EntryPoint","urlTemplate":"https:\/\/www.interreg6a.net\/pl\/?s={search_term_string}"},"query-input":{"@type":"PropertyValueSpecification","valueRequired":true,"valueName":"search_term_string"}}],"inLanguage":"pl-PL"},{"@type":"Person","@id":"https:\/\/www.interreg6a.net\/pl\/#\/schema\/person\/937099e8bb407e772dac8308a0f3312a","name":"Olaf Wulf","image":{"@type":"ImageObject","inLanguage":"pl-PL","@id":"https:\/\/secure.gravatar.com\/avatar\/40a0e88f07ad24fff50113fc5e69b3fa1cfd5a58ab8a8103506a3957b1dab631?s=96&d=mm&r=g","url":"https:\/\/secure.gravatar.com\/avatar\/40a0e88f07ad24fff50113fc5e69b3fa1cfd5a58ab8a8103506a3957b1dab631?s=96&d=mm&r=g","contentUrl":"https:\/\/secure.gravatar.com\/avatar\/40a0e88f07ad24fff50113fc5e69b3fa1cfd5a58ab8a8103506a3957b1dab631?s=96&d=mm&r=g","caption":"Olaf Wulf"},"url":"https:\/\/www.interreg6a.net\/pl\/author\/wulf\/"}]}},"_links":{"self":[{"href":"https:\/\/www.interreg6a.net\/pl\/wp-json\/wp\/v2\/posts\/5990","targetHints":{"allow":["GET"]}}],"collection":[{"href":"https:\/\/www.interreg6a.net\/pl\/wp-json\/wp\/v2\/posts"}],"about":[{"href":"https:\/\/www.interreg6a.net\/pl\/wp-json\/wp\/v2\/types\/post"}],"author":[{"embeddable":true,"href":"https:\/\/www.interreg6a.net\/pl\/wp-json\/wp\/v2\/users\/16"}],"replies":[{"embeddable":true,"href":"https:\/\/www.interreg6a.net\/pl\/wp-json\/wp\/v2\/comments?post=5990"}],"version-history":[{"count":11,"href":"https:\/\/www.interreg6a.net\/pl\/wp-json\/wp\/v2\/posts\/5990\/revisions"}],"predecessor-version":[{"id":6281,"href":"https:\/\/www.interreg6a.net\/pl\/wp-json\/wp\/v2\/posts\/5990\/revisions\/6281"}],"wp:featuredmedia":[{"embeddable":true,"href":"https:\/\/www.interreg6a.net\/pl\/wp-json\/wp\/v2\/media\/5225"}],"wp:attachment":[{"href":"https:\/\/www.interreg6a.net\/pl\/wp-json\/wp\/v2\/media?parent=5990"}],"wp:term":[{"taxonomy":"category","embeddable":true,"href":"https:\/\/www.interreg6a.net\/pl\/wp-json\/wp\/v2\/categories?post=5990"},{"taxonomy":"post_tag","embeddable":true,"href":"https:\/\/www.interreg6a.net\/pl\/wp-json\/wp\/v2\/tags?post=5990"}],"curies":[{"name":"wp","href":"https:\/\/api.w.org\/{rel}","templated":true}]}}