{"id":6451,"date":"2022-09-30T14:32:02","date_gmt":"2022-09-30T12:32:02","guid":{"rendered":"https:\/\/www.interreg6a.net\/28-09-2022-wystartowal-polsko-niemiecki-pociag-pod-nazwa-interreg-vi-a\/"},"modified":"2022-10-09T16:20:17","modified_gmt":"2022-10-09T14:20:17","slug":"28-09-2022-wystartowal-polsko-niemiecki-pociag-pod-nazwa-interreg-vi-a","status":"publish","type":"post","link":"https:\/\/www.interreg6a.net\/pl\/28-09-2022-wystartowal-polsko-niemiecki-pociag-pod-nazwa-interreg-vi-a\/","title":{"rendered":"28.09.2022 wystartowa\u0142 polsko niemiecki poci\u0105g pod nazw\u0105 Interreg VI A!"},"content":{"rendered":"<p><div class=\"fusion-fullwidth fullwidth-box fusion-builder-row-1 fusion-flex-container nonhundred-percent-fullwidth non-hundred-percent-height-scrolling\" style=\"--awb-border-radius-top-left:0px;--awb-border-radius-top-right:0px;--awb-border-radius-bottom-right:0px;--awb-border-radius-bottom-left:0px;--awb-flex-wrap:wrap;\" ><div class=\"fusion-builder-row fusion-row fusion-flex-align-items-flex-start fusion-flex-content-wrap\" style=\"max-width:1586px;margin-left: calc(-4% \/ 2 );margin-right: calc(-4% \/ 2 );\"><div class=\"fusion-layout-column fusion_builder_column fusion-builder-column-0 fusion-flex-column\" style=\"--awb-bg-size:cover;--awb-width-large:10%;--awb-margin-top-large:0px;--awb-spacing-right-large:19.2%;--awb-margin-bottom-large:20px;--awb-spacing-left-large:19.2%;--awb-order-medium:0;--awb-spacing-right-medium:0px;--awb-spacing-left-medium:0px;--awb-width-small:100%;--awb-order-small:0;--awb-spacing-right-small:1.92%;--awb-spacing-left-small:1.92%;\"><div class=\"fusion-column-wrapper fusion-column-has-shadow fusion-flex-justify-content-flex-start fusion-content-layout-column\"><\/div><\/div><div class=\"fusion-layout-column fusion_builder_column fusion-builder-column-1 fusion-flex-column\" style=\"--awb-bg-size:cover;--awb-width-large:79%;--awb-margin-top-large:0px;--awb-spacing-right-large:0%;--awb-margin-bottom-large:20px;--awb-spacing-left-large:0%;--awb-width-medium:100%;--awb-order-medium:0;--awb-spacing-right-medium:0%;--awb-spacing-left-medium:0%;--awb-width-small:100%;--awb-order-small:0;--awb-spacing-right-small:1.92%;--awb-spacing-left-small:1.92%;\"><div class=\"fusion-column-wrapper fusion-column-has-shadow fusion-flex-justify-content-flex-start fusion-content-layout-column\"><div class=\"fusion-title title fusion-title-1 fusion-sep-none fusion-title-center fusion-title-text fusion-title-size-one\" style=\"--awb-margin-top-small:10px;--awb-margin-right-small:0px;--awb-margin-bottom-small:10px;--awb-margin-left-small:0px;--awb-sep-color:var(--awb-custom_color_1);\"><h1 class=\"fusion-title-heading title-heading-center\" style=\"margin:0;\">28.09.2022 wystartowa\u0142 polsko niemiecki poci\u0105g pod nazw\u0105 Interreg VI A!<\/h1><\/div><\/div><\/div><div class=\"fusion-layout-column fusion_builder_column fusion-builder-column-2 fusion-flex-column\" style=\"--awb-bg-size:cover;--awb-width-large:10%;--awb-margin-top-large:0px;--awb-spacing-right-large:19.2%;--awb-margin-bottom-large:20px;--awb-spacing-left-large:19.2%;--awb-order-medium:0;--awb-spacing-right-medium:0px;--awb-spacing-left-medium:0px;--awb-width-small:100%;--awb-order-small:0;--awb-spacing-right-small:0px;--awb-spacing-left-small:0px;\"><div class=\"fusion-column-wrapper fusion-column-has-shadow fusion-flex-justify-content-flex-start fusion-content-layout-column\"><\/div><\/div><\/div><\/div><div class=\"fusion-fullwidth fullwidth-box fusion-builder-row-2 fusion-flex-container nonhundred-percent-fullwidth non-hundred-percent-height-scrolling\" style=\"--awb-border-radius-top-left:0px;--awb-border-radius-top-right:0px;--awb-border-radius-bottom-right:0px;--awb-border-radius-bottom-left:0px;--awb-flex-wrap:wrap;\" ><div class=\"fusion-builder-row fusion-row fusion-flex-align-items-flex-start fusion-flex-content-wrap\" style=\"max-width:1586px;margin-left: calc(-4% \/ 2 );margin-right: calc(-4% \/ 2 );\"><div class=\"fusion-layout-column fusion_builder_column fusion-builder-column-3 fusion_builder_column_2_3 2_3 fusion-flex-column\" style=\"--awb-bg-size:cover;--awb-width-large:66.666666666667%;--awb-margin-top-large:0px;--awb-spacing-right-large:2.88%;--awb-margin-bottom-large:20px;--awb-spacing-left-large:2.88%;--awb-width-medium:66.666666666667%;--awb-order-medium:0;--awb-spacing-right-medium:2.88%;--awb-spacing-left-medium:2.88%;--awb-width-small:100%;--awb-order-small:0;--awb-spacing-right-small:1.92%;--awb-spacing-left-small:1.92%;\"><div class=\"fusion-column-wrapper fusion-column-has-shadow fusion-flex-justify-content-flex-start fusion-content-layout-column\"><div class=\"fusion-text fusion-text-1\"><p>W pomieszczeniach starej lokomotywowni w Pasewalk odby\u0142a si\u0119 konferencja inauguruj\u0105ca polsko-niemieck\u0105 wsp\u00f3\u0142prac\u0119 w ramach nowego Programu Wsp\u00f3\u0142pracy Interreg VI A Meklemburgia-Pomorze Przednie\/ Brandenburgia\/Polska 2021 -2027. Jednym z najwa\u017cniejszych punkt\u00f3w tej konferencji by\u0142o wyst\u0105pienie przedstawicielki Komisji Europejskiej, pani Dr. Egle Spudulyte, w kt\u00f3rej poinformowa\u0142a o zatwierdzeniu nowego Programu Interreg VI A. Nasz Program zosta\u0142 zatwierdzony 21 wrze\u015bnia 2022 r. w tym samym czasie, kiedy w ca\u0142ej Unii Europejskiej obchodzony jest Dzie\u0144 Wsp\u00f3\u0142pracy Europejskiej. Ta symbolika bardzo trafnie odzwierciedla nasze podej\u015bcie do wsp\u00f3\u0142pracy transgranicznej.<\/p>\n<div class='w3eden'>\n<!-- WPDM Link Template: Default Template -->\n\n<div class=\"link-template-default card mb-2\">\n    <div class=\"card-body\">\n        <div class=\"media\">\n            <div class=\"media-pic-icon\">\n                <a class='wpdm-download-link download-on-click btn btn-primary ' rel='nofollow' href='#' data-downloadurl=\"https:\/\/www.interreg6a.net\/pl\/download\/ostateczna-wersja-programu-wspolpracy-interreg-vi-a-mv-bb-pl-14-09-2022\/?wpdmdl=6494&refresh=69f709ea9366b1777797610\">Pobierz<\/a>\n            <\/div>\n            <div class=\"media-body\">\n                <h3 class=\"package-title\">Program Wsp\u00f3\u0142pracy Interreg VI A MV\/BB\/PL (V 1.2) zatwierdzony przez Komisj\u0119 UE w dniu 21.09.2022 r.<\/h3>\n                <div class=\"text-muted text-small\">\n                    <span class=\"wpdm_file_ext\">pdf<\/span> | <span class=\"wpdm_file_size\">1.38 MB<\/span> | <span class=\"wpdm_update_date\">9. pa\u017adziernika 2022<\/span> <!-- 15. grudnia 2022 -->\n                <\/div>\n            <\/div>\n\n        <\/div>\n    <\/div>\n<\/div>\n\n<\/div>\n<p>Zainteresowanie konferencj\u0105 przesz\u0142o nasze oczekiwania. Blisko 230 os\u00f3b uczestniczy\u0142o w tym wydarzeniu , podczas kt\u00f3rego m\u00f3wiono o nowych rozwi\u0105zaniach w najbli\u017cszej perspektywie, takich jak wprowadzenie rycza\u0142t\u00f3w czy kwot zrycza\u0142towanych, podkre\u015blenie dzia\u0142a\u0144 na rzecz innowacji i bior\u00f3\u017cnorodno\u015bci oraz ochrony klimatu, czy decyzji o mo\u017cliwo\u015bci realizacji projekt\u00f3w z Funduszu Ma\u0142ych Projekt\u00f3w w dw\u00f3ch ro\u017cnych priorytetach (w za\u0142\u0105czonej prezentacji wi\u0119cej szczeg\u00f3\u0142\u00f3w).<\/p>\n<\/div><\/div><\/div><div class=\"fusion-layout-column fusion_builder_column fusion-builder-column-4 fusion_builder_column_1_3 1_3 fusion-flex-column\" style=\"--awb-bg-size:cover;--awb-width-large:33.333333333333%;--awb-margin-top-large:0px;--awb-spacing-right-large:5.76%;--awb-margin-bottom-large:20px;--awb-spacing-left-large:5.76%;--awb-order-medium:0;--awb-spacing-right-medium:0px;--awb-spacing-left-medium:0px;--awb-width-small:100%;--awb-order-small:0;--awb-spacing-right-small:1.92%;--awb-spacing-left-small:1.92%;\"><div class=\"fusion-column-wrapper fusion-column-has-shadow fusion-flex-justify-content-flex-start fusion-content-layout-column\"><div class=\"fusion-video fusion-selfhosted-video\" style=\"max-width:100%;\"><div class=\"video-wrapper\"><video playsinline=\"true\" width=\"100%\" style=\"object-fit: cover;\" autoplay=\"true\" muted=\"true\" loop=\"true\" preload=\"auto\" controls=\"1\"><source src=\"https:\/\/www.interreg6a.net\/wp-content\/uploads\/2022\/09\/Interreg6a-Konferenz-Pasewalk-280922.mp4\" type=\"video\/mp4\">Sorry, your browser doesn&#039;t support embedded videos.<\/video><\/div><\/div><\/div><\/div><\/div><\/div><div class=\"fusion-fullwidth fullwidth-box fusion-builder-row-3 fusion-flex-container has-pattern-background has-mask-background nonhundred-percent-fullwidth non-hundred-percent-height-scrolling\" style=\"--awb-border-radius-top-left:0px;--awb-border-radius-top-right:0px;--awb-border-radius-bottom-right:0px;--awb-border-radius-bottom-left:0px;--awb-flex-wrap:wrap;\" ><div class=\"fusion-builder-row fusion-row fusion-flex-align-items-flex-start fusion-flex-content-wrap\" style=\"max-width:1586px;margin-left: calc(-4% \/ 2 );margin-right: calc(-4% \/ 2 );\"><div class=\"fusion-layout-column fusion_builder_column fusion-builder-column-5 fusion_builder_column_1_1 1_1 fusion-flex-column\" style=\"--awb-bg-size:cover;--awb-width-large:100%;--awb-margin-top-large:0px;--awb-spacing-right-large:1.92%;--awb-margin-bottom-large:20px;--awb-spacing-left-large:1.92%;--awb-width-medium:100%;--awb-order-medium:0;--awb-spacing-right-medium:1.92%;--awb-spacing-left-medium:1.92%;--awb-width-small:100%;--awb-order-small:0;--awb-spacing-right-small:1.92%;--awb-spacing-left-small:1.92%;\"><div class=\"fusion-column-wrapper fusion-column-has-shadow fusion-flex-justify-content-flex-start fusion-content-layout-column\"><div class=\"fusion-text fusion-text-2\"><p>Podczas konferencji dzielono si\u0119 do\u015bwiadczeniem ze zrealizowanych projekt\u00f3w w obszarze kultury i edukacji, co z pewno\u015bci\u0105 po okresie zamkni\u0119cia spowodowanego pandemi\u0105 COVID 19 o\u017cywi\u0142o dyskusj\u0119 i wymian\u0119 pomys\u0142\u00f3w na realizacj\u0119 przysz\u0142ych projekt\u00f3w. Pomimo nieco ch\u0142odniejszych warunk\u00f3w spowodowanych wyj\u0105tkowo\u015bci\u0105 miejsca, mo\u017cna by\u0142o wyczu\u0107 ch\u0119\u0107 do wsp\u00f3lnego dzia\u0142ania i kontynuacji rozpocz\u0119tych dzia\u0142a\u0144.<\/p>\n<p>W kontek\u015bcie zaakceptowanego Programu, z zadowoleniem odnotowujemy, \u017ce na ostatniej prostej znajduj\u0105 si\u0119 ko\u0144cowe uzgodnienia dotycz\u0105ce przyj\u0119cia dokument\u00f3w technicznych (Podr\u0119cznik Programu). Mamy nadziej\u0119, \u017ce pierwsze nabory projekt\u00f3w rusz\u0105 ju\u017c w najbli\u017cszych miesi\u0105cach.<\/p>\n<p>Niemniej w celu przygotowania si\u0119 do sk\u0142adania aplikacji zach\u0119camy ponownie do zapoznania si\u0119 z prezentacjami oraz przyj\u0119tym dokumentem Programu Wsp\u00f3\u0142pracy. Zach\u0119camy r\u00f3wnie\u017c do kontaktu z pracownikami Wsp\u00f3lnego Sekretariatu. Dobrze przygotowane wnioski zwi\u0119ksz\u0105 Pa\u0144stwa szanse na uzyskanie dofinansowania.<\/p>\n<p>Informacje o pierwszych szkoleniach przeka\u017cemy, jak tylko zostanie przyj\u0119ty Podr\u0119cznik. Zapraszamy do regularnego odwiedzania naszej nowej strony internetowej.<\/p>\n<p>Tutaj znajdziesz prezentacje z dnia 28.09.2022 r:<\/p>\n<\/div><div class='w3eden'>\n    <div class=''>\n\n        \n        <div id=\"content_wpdm_package_1\">\n            <div class='row'><div class='col-lg-12 col-md-12 col-12'>\n<!-- WPDM Link Template: Default Template -->\n\n<div class=\"link-template-default card mb-2\">\n    <div class=\"card-body\">\n        <div class=\"media\">\n            <div class=\"media-pic-icon\">\n                <a class='wpdm-download-link download-on-click btn btn-primary ' rel='nofollow' href='#' data-downloadurl=\"https:\/\/www.interreg6a.net\/download\/praesentation-der-verwaltungsbehoerde\/?wpdmdl=6441&refresh=69f709eaa4a091777797610\">Pobierz<\/a>\n            <\/div>\n            <div class=\"media-body\">\n                <h3 class=\"package-title\">Pr\u00e4sentation der Verwaltungsbeh\u00f6rde<\/h3>\n                <div class=\"text-muted text-small\">\n                    <span class=\"wpdm_file_ext\">pdf<\/span> | <span class=\"wpdm_file_size\">1.20 MB<\/span> | <span class=\"wpdm_update_date\">30. wrze\u015bnia 2022<\/span> <!-- 30. wrze\u015bnia 2022 -->\n                <\/div>\n            <\/div>\n\n        <\/div>\n    <\/div>\n<\/div>\n\n<\/div><div class='col-lg-12 col-md-12 col-12'>\n<!-- WPDM Link Template: Default Template -->\n\n<div class=\"link-template-default card mb-2\">\n    <div class=\"card-body\">\n        <div class=\"media\">\n            <div class=\"media-pic-icon\">\n                <a class='wpdm-download-link download-on-click btn btn-primary ' rel='nofollow' href='#' data-downloadurl=\"https:\/\/www.interreg6a.net\/download\/praesentation-waehrend-der-podiumsdiskussion-innovation\/?wpdmdl=6444&refresh=69f709eaab8481777797610\">Pobierz<\/a>\n            <\/div>\n            <div class=\"media-body\">\n                <h3 class=\"package-title\">Pr\u00e4sentation w\u00e4hrend der Podiumsdiskussion \"Innovation\"<\/h3>\n                <div class=\"text-muted text-small\">\n                    <span class=\"wpdm_file_ext\">pdf<\/span> | <span class=\"wpdm_file_size\">453.28 KB<\/span> | <span class=\"wpdm_update_date\">30. wrze\u015bnia 2022<\/span> <!-- 30. wrze\u015bnia 2022 -->\n                <\/div>\n            <\/div>\n\n        <\/div>\n    <\/div>\n<\/div>\n\n<\/div><div class='col-lg-12 col-md-12 col-12'>\n<!-- WPDM Link Template: Default Template -->\n\n<div class=\"link-template-default card mb-2\">\n    <div class=\"card-body\">\n        <div class=\"media\">\n            <div class=\"media-pic-icon\">\n                <a class='wpdm-download-link download-on-click btn btn-primary ' rel='nofollow' href='#' data-downloadurl=\"https:\/\/www.interreg6a.net\/download\/praesentation-des-gemeinsamen-sekretariats\/?wpdmdl=6445&refresh=69f709eab24431777797610\">Pobierz<\/a>\n            <\/div>\n            <div class=\"media-body\">\n                <h3 class=\"package-title\">Pr\u00e4sentation des Gemeinsamen Sekretariats<\/h3>\n                <div class=\"text-muted text-small\">\n                    <span class=\"wpdm_file_ext\">pdf<\/span> | <span class=\"wpdm_file_size\">1.39 MB<\/span> | <span class=\"wpdm_update_date\">30. wrze\u015bnia 2022<\/span> <!-- 30. wrze\u015bnia 2022 -->\n                <\/div>\n            <\/div>\n\n        <\/div>\n    <\/div>\n<\/div>\n\n<\/div><div class='col-lg-12 col-md-12 col-12'>\n<!-- WPDM Link Template: Default Template -->\n\n<div class=\"link-template-default card mb-2\">\n    <div class=\"card-body\">\n        <div class=\"media\">\n            <div class=\"media-pic-icon\">\n                <a class='wpdm-download-link download-on-click btn btn-primary ' rel='nofollow' href='#' data-downloadurl=\"https:\/\/www.interreg6a.net\/download\/praesentation-waehrend-der-podiumsdiskussion-klimaschutz-und-biodiversitaet\/?wpdmdl=6446&refresh=69f709eab73f31777797610\">Pobierz<\/a>\n            <\/div>\n            <div class=\"media-body\">\n                <h3 class=\"package-title\">Pr\u00e4sentation w\u00e4hrend der Podiumsdiskussion \"Klimaschutz und Biodiversit\u00e4t\"<\/h3>\n                <div class=\"text-muted text-small\">\n                    <span class=\"wpdm_file_ext\">pdf<\/span> | <span class=\"wpdm_file_size\">631.06 KB<\/span> | <span class=\"wpdm_update_date\">30. wrze\u015bnia 2022<\/span> <!-- 30. wrze\u015bnia 2022 -->\n                <\/div>\n            <\/div>\n\n        <\/div>\n    <\/div>\n<\/div>\n\n<\/div><div class='col-lg-12 col-md-12 col-12'>\n<!-- WPDM Link Template: Default Template -->\n\n<div class=\"link-template-default card mb-2\">\n    <div class=\"card-body\">\n        <div class=\"media\">\n            <div class=\"media-pic-icon\">\n                <a class='wpdm-download-link download-on-click btn btn-primary ' rel='nofollow' href='#' data-downloadurl=\"https:\/\/www.interreg6a.net\/download\/praesentation-zum-thema-kultur-regioaktive\/?wpdmdl=6447&refresh=69f709eabc1201777797610\">Pobierz<\/a>\n            <\/div>\n            <div class=\"media-body\">\n                <h3 class=\"package-title\">Pr\u00e4sentation zum Thema Kultur (RegioAktive)<\/h3>\n                <div class=\"text-muted text-small\">\n                    <span class=\"wpdm_file_ext\">pdf<\/span> | <span class=\"wpdm_file_size\">1.33 MB<\/span> | <span class=\"wpdm_update_date\">30. wrze\u015bnia 2022<\/span> <!-- 30. wrze\u015bnia 2022 -->\n                <\/div>\n            <\/div>\n\n        <\/div>\n    <\/div>\n<\/div>\n\n<\/div><div class='col-lg-12 col-md-12 col-12'>\n<!-- WPDM Link Template: Default Template -->\n\n<div class=\"link-template-default card mb-2\">\n    <div class=\"card-body\">\n        <div class=\"media\">\n            <div class=\"media-pic-icon\">\n                <a class='wpdm-download-link download-on-click btn btn-primary ' rel='nofollow' href='#' data-downloadurl=\"https:\/\/www.interreg6a.net\/download\/praesentation-zum-thema-bildung\/?wpdmdl=6448&refresh=69f709eac0d241777797610\">Pobierz<\/a>\n            <\/div>\n            <div class=\"media-body\">\n                <h3 class=\"package-title\">Pr\u00e4sentation zum Thema Bildung<\/h3>\n                <div class=\"text-muted text-small\">\n                    <span class=\"wpdm_file_ext\">pdf<\/span> | <span class=\"wpdm_file_size\">6.33 MB<\/span> | <span class=\"wpdm_update_date\">30. wrze\u015bnia 2022<\/span> <!-- 30. wrze\u015bnia 2022 -->\n                <\/div>\n            <\/div>\n\n        <\/div>\n    <\/div>\n<\/div>\n\n<\/div><div class='col-lg-12 col-md-12 col-12'>\n<!-- WPDM Link Template: Default Template -->\n\n<div class=\"link-template-default card mb-2\">\n    <div class=\"card-body\">\n        <div class=\"media\">\n            <div class=\"media-pic-icon\">\n                <a class='wpdm-download-link download-on-click btn btn-primary ' rel='nofollow' href='#' data-downloadurl=\"https:\/\/www.interreg6a.net\/download\/praesentation-zum-kleinprojektefonds\/?wpdmdl=6449&refresh=69f709eac5b2f1777797610\">Pobierz<\/a>\n            <\/div>\n            <div class=\"media-body\">\n                <h3 class=\"package-title\">Pr\u00e4sentation zum Kleinprojektefonds<\/h3>\n                <div class=\"text-muted text-small\">\n                    <span class=\"wpdm_file_ext\">pdf<\/span> | <span class=\"wpdm_file_size\">612.60 KB<\/span> | <span class=\"wpdm_update_date\">30. wrze\u015bnia 2022<\/span> <!-- 30. wrze\u015bnia 2022 -->\n                <\/div>\n            <\/div>\n\n        <\/div>\n    <\/div>\n<\/div>\n\n<\/div><\/div>            <div style='clear:both'><\/div><div class='text-center'><ul class='pagination wpdm-pagination pagination-centered text-center'><\/ul><\/div><div style='clear:both'><\/div>        <\/div>\n\n        <div style='clear:both'><\/div>\n    <\/div>\n<\/div>\n<\/div><\/div><\/div><\/div><\/p>\n","protected":false},"excerpt":{"rendered":"","protected":false},"author":16,"featured_media":6433,"comment_status":"closed","ping_status":"closed","sticky":false,"template":"","format":"standard","meta":{"_price":"","_stock":"","_tribe_ticket_header":"","_tribe_default_ticket_provider":"","_tribe_ticket_capacity":"0","_ticket_start_date":"","_ticket_end_date":"","_tribe_ticket_show_description":"","_tribe_ticket_show_not_going":false,"_tribe_ticket_use_global_stock":"","_tribe_ticket_global_stock_level":"","_global_stock_mode":"","_global_stock_cap":"","_tribe_rsvp_for_event":"","_tribe_ticket_going_count":"","_tribe_ticket_not_going_count":"","_tribe_tickets_list":"[]","_tribe_ticket_has_attendee_info_fields":false,"footnotes":""},"categories":[20],"tags":[],"class_list":["post-6451","post","type-post","status-publish","format-standard","has-post-thumbnail","hentry","category-aktualnosci"],"yoast_head":"<!-- This site is optimized with the Yoast SEO plugin v27.3 - https:\/\/yoast.com\/product\/yoast-seo-wordpress\/ -->\n<title>28.09.2022 wystartowa\u0142 polsko niemiecki poci\u0105g pod nazw\u0105 Interreg VI A! - Interreg VI A MV\/BB\/PL<\/title>\n<meta name=\"robots\" content=\"index, follow, max-snippet:-1, max-image-preview:large, max-video-preview:-1\" \/>\n<link rel=\"canonical\" href=\"https:\/\/www.interreg6a.net\/pl\/28-09-2022-wystartowal-polsko-niemiecki-pociag-pod-nazwa-interreg-vi-a\/\" \/>\n<meta property=\"og:locale\" content=\"pl_PL\" \/>\n<meta property=\"og:type\" content=\"article\" \/>\n<meta property=\"og:title\" content=\"28.09.2022 wystartowa\u0142 polsko niemiecki poci\u0105g pod nazw\u0105 Interreg VI A! - Interreg VI A MV\/BB\/PL\" \/>\n<meta property=\"og:url\" content=\"https:\/\/www.interreg6a.net\/pl\/28-09-2022-wystartowal-polsko-niemiecki-pociag-pod-nazwa-interreg-vi-a\/\" \/>\n<meta property=\"og:site_name\" content=\"Interreg VI A MV\/BB\/PL\" \/>\n<meta property=\"article:published_time\" content=\"2022-09-30T12:32:02+00:00\" \/>\n<meta property=\"article:modified_time\" content=\"2022-10-09T14:20:17+00:00\" \/>\n<meta property=\"og:image\" content=\"https:\/\/www.interreg6a.net\/wp-content\/uploads\/2022\/09\/2022-09-28_Programmpartner-e1664878610338.jpg\" \/>\n\t<meta property=\"og:image:width\" content=\"1024\" \/>\n\t<meta property=\"og:image:height\" content=\"683\" \/>\n\t<meta property=\"og:image:type\" content=\"image\/jpeg\" \/>\n<meta name=\"author\" content=\"Olaf Wulf\" \/>\n<meta name=\"twitter:card\" content=\"summary_large_image\" \/>\n<meta name=\"twitter:label1\" content=\"Napisane przez\" \/>\n\t<meta name=\"twitter:data1\" content=\"Olaf Wulf\" \/>\n\t<meta name=\"twitter:label2\" content=\"Szacowany czas czytania\" \/>\n\t<meta name=\"twitter:data2\" content=\"8 minut\" \/>\n<script type=\"application\/ld+json\" class=\"yoast-schema-graph\">{\"@context\":\"https:\\\/\\\/schema.org\",\"@graph\":[{\"@type\":\"Article\",\"@id\":\"https:\\\/\\\/www.interreg6a.net\\\/pl\\\/28-09-2022-wystartowal-polsko-niemiecki-pociag-pod-nazwa-interreg-vi-a\\\/#article\",\"isPartOf\":{\"@id\":\"https:\\\/\\\/www.interreg6a.net\\\/pl\\\/28-09-2022-wystartowal-polsko-niemiecki-pociag-pod-nazwa-interreg-vi-a\\\/\"},\"author\":{\"name\":\"Olaf Wulf\",\"@id\":\"https:\\\/\\\/www.interreg6a.net\\\/pl\\\/#\\\/schema\\\/person\\\/937099e8bb407e772dac8308a0f3312a\"},\"headline\":\"28.09.2022 wystartowa\u0142 polsko niemiecki poci\u0105g pod nazw\u0105 Interreg VI A!\",\"datePublished\":\"2022-09-30T12:32:02+00:00\",\"dateModified\":\"2022-10-09T14:20:17+00:00\",\"mainEntityOfPage\":{\"@id\":\"https:\\\/\\\/www.interreg6a.net\\\/pl\\\/28-09-2022-wystartowal-polsko-niemiecki-pociag-pod-nazwa-interreg-vi-a\\\/\"},\"wordCount\":3091,\"image\":{\"@id\":\"https:\\\/\\\/www.interreg6a.net\\\/pl\\\/28-09-2022-wystartowal-polsko-niemiecki-pociag-pod-nazwa-interreg-vi-a\\\/#primaryimage\"},\"thumbnailUrl\":\"https:\\\/\\\/www.interreg6a.net\\\/wp-content\\\/uploads\\\/2022\\\/09\\\/2022-09-28_Programmpartner-e1664878610338.jpg\",\"articleSection\":[\"Aktualno\u015bci\"],\"inLanguage\":\"pl-PL\"},{\"@type\":\"WebPage\",\"@id\":\"https:\\\/\\\/www.interreg6a.net\\\/pl\\\/28-09-2022-wystartowal-polsko-niemiecki-pociag-pod-nazwa-interreg-vi-a\\\/\",\"url\":\"https:\\\/\\\/www.interreg6a.net\\\/pl\\\/28-09-2022-wystartowal-polsko-niemiecki-pociag-pod-nazwa-interreg-vi-a\\\/\",\"name\":\"28.09.2022 wystartowa\u0142 polsko niemiecki poci\u0105g pod nazw\u0105 Interreg VI A! - Interreg VI A MV\\\/BB\\\/PL\",\"isPartOf\":{\"@id\":\"https:\\\/\\\/www.interreg6a.net\\\/pl\\\/#website\"},\"primaryImageOfPage\":{\"@id\":\"https:\\\/\\\/www.interreg6a.net\\\/pl\\\/28-09-2022-wystartowal-polsko-niemiecki-pociag-pod-nazwa-interreg-vi-a\\\/#primaryimage\"},\"image\":{\"@id\":\"https:\\\/\\\/www.interreg6a.net\\\/pl\\\/28-09-2022-wystartowal-polsko-niemiecki-pociag-pod-nazwa-interreg-vi-a\\\/#primaryimage\"},\"thumbnailUrl\":\"https:\\\/\\\/www.interreg6a.net\\\/wp-content\\\/uploads\\\/2022\\\/09\\\/2022-09-28_Programmpartner-e1664878610338.jpg\",\"datePublished\":\"2022-09-30T12:32:02+00:00\",\"dateModified\":\"2022-10-09T14:20:17+00:00\",\"author\":{\"@id\":\"https:\\\/\\\/www.interreg6a.net\\\/pl\\\/#\\\/schema\\\/person\\\/937099e8bb407e772dac8308a0f3312a\"},\"breadcrumb\":{\"@id\":\"https:\\\/\\\/www.interreg6a.net\\\/pl\\\/28-09-2022-wystartowal-polsko-niemiecki-pociag-pod-nazwa-interreg-vi-a\\\/#breadcrumb\"},\"inLanguage\":\"pl-PL\",\"potentialAction\":[{\"@type\":\"ReadAction\",\"target\":[\"https:\\\/\\\/www.interreg6a.net\\\/pl\\\/28-09-2022-wystartowal-polsko-niemiecki-pociag-pod-nazwa-interreg-vi-a\\\/\"]}]},{\"@type\":\"ImageObject\",\"inLanguage\":\"pl-PL\",\"@id\":\"https:\\\/\\\/www.interreg6a.net\\\/pl\\\/28-09-2022-wystartowal-polsko-niemiecki-pociag-pod-nazwa-interreg-vi-a\\\/#primaryimage\",\"url\":\"https:\\\/\\\/www.interreg6a.net\\\/wp-content\\\/uploads\\\/2022\\\/09\\\/2022-09-28_Programmpartner-e1664878610338.jpg\",\"contentUrl\":\"https:\\\/\\\/www.interreg6a.net\\\/wp-content\\\/uploads\\\/2022\\\/09\\\/2022-09-28_Programmpartner-e1664878610338.jpg\",\"width\":1024,\"height\":683,\"caption\":\"Pasewalk, 28.09.2022 - Programmpartner\"},{\"@type\":\"BreadcrumbList\",\"@id\":\"https:\\\/\\\/www.interreg6a.net\\\/pl\\\/28-09-2022-wystartowal-polsko-niemiecki-pociag-pod-nazwa-interreg-vi-a\\\/#breadcrumb\",\"itemListElement\":[{\"@type\":\"ListItem\",\"position\":1,\"name\":\"Strona g\u0142\u00f3wna\",\"item\":\"https:\\\/\\\/www.interreg6a.net\\\/pl\\\/\"},{\"@type\":\"ListItem\",\"position\":2,\"name\":\"28.09.2022 wystartowa\u0142 polsko niemiecki poci\u0105g pod nazw\u0105 Interreg VI A!\"}]},{\"@type\":\"WebSite\",\"@id\":\"https:\\\/\\\/www.interreg6a.net\\\/pl\\\/#website\",\"url\":\"https:\\\/\\\/www.interreg6a.net\\\/pl\\\/\",\"name\":\"Interreg VI A MV\\\/BB\\\/PL\",\"description\":\"\",\"potentialAction\":[{\"@type\":\"SearchAction\",\"target\":{\"@type\":\"EntryPoint\",\"urlTemplate\":\"https:\\\/\\\/www.interreg6a.net\\\/pl\\\/?s={search_term_string}\"},\"query-input\":{\"@type\":\"PropertyValueSpecification\",\"valueRequired\":true,\"valueName\":\"search_term_string\"}}],\"inLanguage\":\"pl-PL\"},{\"@type\":\"Person\",\"@id\":\"https:\\\/\\\/www.interreg6a.net\\\/pl\\\/#\\\/schema\\\/person\\\/937099e8bb407e772dac8308a0f3312a\",\"name\":\"Olaf Wulf\",\"image\":{\"@type\":\"ImageObject\",\"inLanguage\":\"pl-PL\",\"@id\":\"https:\\\/\\\/secure.gravatar.com\\\/avatar\\\/40a0e88f07ad24fff50113fc5e69b3fa1cfd5a58ab8a8103506a3957b1dab631?s=96&d=mm&r=g\",\"url\":\"https:\\\/\\\/secure.gravatar.com\\\/avatar\\\/40a0e88f07ad24fff50113fc5e69b3fa1cfd5a58ab8a8103506a3957b1dab631?s=96&d=mm&r=g\",\"contentUrl\":\"https:\\\/\\\/secure.gravatar.com\\\/avatar\\\/40a0e88f07ad24fff50113fc5e69b3fa1cfd5a58ab8a8103506a3957b1dab631?s=96&d=mm&r=g\",\"caption\":\"Olaf Wulf\"},\"url\":\"https:\\\/\\\/www.interreg6a.net\\\/pl\\\/author\\\/wulf\\\/\"}]}<\/script>\n<!-- \/ Yoast SEO plugin. -->","yoast_head_json":{"title":"28.09.2022 wystartowa\u0142 polsko niemiecki poci\u0105g pod nazw\u0105 Interreg VI A! - Interreg VI A MV\/BB\/PL","robots":{"index":"index","follow":"follow","max-snippet":"max-snippet:-1","max-image-preview":"max-image-preview:large","max-video-preview":"max-video-preview:-1"},"canonical":"https:\/\/www.interreg6a.net\/pl\/28-09-2022-wystartowal-polsko-niemiecki-pociag-pod-nazwa-interreg-vi-a\/","og_locale":"pl_PL","og_type":"article","og_title":"28.09.2022 wystartowa\u0142 polsko niemiecki poci\u0105g pod nazw\u0105 Interreg VI A! - Interreg VI A MV\/BB\/PL","og_url":"https:\/\/www.interreg6a.net\/pl\/28-09-2022-wystartowal-polsko-niemiecki-pociag-pod-nazwa-interreg-vi-a\/","og_site_name":"Interreg VI A MV\/BB\/PL","article_published_time":"2022-09-30T12:32:02+00:00","article_modified_time":"2022-10-09T14:20:17+00:00","og_image":[{"width":1024,"height":683,"url":"https:\/\/www.interreg6a.net\/wp-content\/uploads\/2022\/09\/2022-09-28_Programmpartner-e1664878610338.jpg","type":"image\/jpeg"}],"author":"Olaf Wulf","twitter_card":"summary_large_image","twitter_misc":{"Napisane przez":"Olaf Wulf","Szacowany czas czytania":"8 minut"},"schema":{"@context":"https:\/\/schema.org","@graph":[{"@type":"Article","@id":"https:\/\/www.interreg6a.net\/pl\/28-09-2022-wystartowal-polsko-niemiecki-pociag-pod-nazwa-interreg-vi-a\/#article","isPartOf":{"@id":"https:\/\/www.interreg6a.net\/pl\/28-09-2022-wystartowal-polsko-niemiecki-pociag-pod-nazwa-interreg-vi-a\/"},"author":{"name":"Olaf Wulf","@id":"https:\/\/www.interreg6a.net\/pl\/#\/schema\/person\/937099e8bb407e772dac8308a0f3312a"},"headline":"28.09.2022 wystartowa\u0142 polsko niemiecki poci\u0105g pod nazw\u0105 Interreg VI A!","datePublished":"2022-09-30T12:32:02+00:00","dateModified":"2022-10-09T14:20:17+00:00","mainEntityOfPage":{"@id":"https:\/\/www.interreg6a.net\/pl\/28-09-2022-wystartowal-polsko-niemiecki-pociag-pod-nazwa-interreg-vi-a\/"},"wordCount":3091,"image":{"@id":"https:\/\/www.interreg6a.net\/pl\/28-09-2022-wystartowal-polsko-niemiecki-pociag-pod-nazwa-interreg-vi-a\/#primaryimage"},"thumbnailUrl":"https:\/\/www.interreg6a.net\/wp-content\/uploads\/2022\/09\/2022-09-28_Programmpartner-e1664878610338.jpg","articleSection":["Aktualno\u015bci"],"inLanguage":"pl-PL"},{"@type":"WebPage","@id":"https:\/\/www.interreg6a.net\/pl\/28-09-2022-wystartowal-polsko-niemiecki-pociag-pod-nazwa-interreg-vi-a\/","url":"https:\/\/www.interreg6a.net\/pl\/28-09-2022-wystartowal-polsko-niemiecki-pociag-pod-nazwa-interreg-vi-a\/","name":"28.09.2022 wystartowa\u0142 polsko niemiecki poci\u0105g pod nazw\u0105 Interreg VI A! - Interreg VI A MV\/BB\/PL","isPartOf":{"@id":"https:\/\/www.interreg6a.net\/pl\/#website"},"primaryImageOfPage":{"@id":"https:\/\/www.interreg6a.net\/pl\/28-09-2022-wystartowal-polsko-niemiecki-pociag-pod-nazwa-interreg-vi-a\/#primaryimage"},"image":{"@id":"https:\/\/www.interreg6a.net\/pl\/28-09-2022-wystartowal-polsko-niemiecki-pociag-pod-nazwa-interreg-vi-a\/#primaryimage"},"thumbnailUrl":"https:\/\/www.interreg6a.net\/wp-content\/uploads\/2022\/09\/2022-09-28_Programmpartner-e1664878610338.jpg","datePublished":"2022-09-30T12:32:02+00:00","dateModified":"2022-10-09T14:20:17+00:00","author":{"@id":"https:\/\/www.interreg6a.net\/pl\/#\/schema\/person\/937099e8bb407e772dac8308a0f3312a"},"breadcrumb":{"@id":"https:\/\/www.interreg6a.net\/pl\/28-09-2022-wystartowal-polsko-niemiecki-pociag-pod-nazwa-interreg-vi-a\/#breadcrumb"},"inLanguage":"pl-PL","potentialAction":[{"@type":"ReadAction","target":["https:\/\/www.interreg6a.net\/pl\/28-09-2022-wystartowal-polsko-niemiecki-pociag-pod-nazwa-interreg-vi-a\/"]}]},{"@type":"ImageObject","inLanguage":"pl-PL","@id":"https:\/\/www.interreg6a.net\/pl\/28-09-2022-wystartowal-polsko-niemiecki-pociag-pod-nazwa-interreg-vi-a\/#primaryimage","url":"https:\/\/www.interreg6a.net\/wp-content\/uploads\/2022\/09\/2022-09-28_Programmpartner-e1664878610338.jpg","contentUrl":"https:\/\/www.interreg6a.net\/wp-content\/uploads\/2022\/09\/2022-09-28_Programmpartner-e1664878610338.jpg","width":1024,"height":683,"caption":"Pasewalk, 28.09.2022 - Programmpartner"},{"@type":"BreadcrumbList","@id":"https:\/\/www.interreg6a.net\/pl\/28-09-2022-wystartowal-polsko-niemiecki-pociag-pod-nazwa-interreg-vi-a\/#breadcrumb","itemListElement":[{"@type":"ListItem","position":1,"name":"Strona g\u0142\u00f3wna","item":"https:\/\/www.interreg6a.net\/pl\/"},{"@type":"ListItem","position":2,"name":"28.09.2022 wystartowa\u0142 polsko niemiecki poci\u0105g pod nazw\u0105 Interreg VI A!"}]},{"@type":"WebSite","@id":"https:\/\/www.interreg6a.net\/pl\/#website","url":"https:\/\/www.interreg6a.net\/pl\/","name":"Interreg VI A MV\/BB\/PL","description":"","potentialAction":[{"@type":"SearchAction","target":{"@type":"EntryPoint","urlTemplate":"https:\/\/www.interreg6a.net\/pl\/?s={search_term_string}"},"query-input":{"@type":"PropertyValueSpecification","valueRequired":true,"valueName":"search_term_string"}}],"inLanguage":"pl-PL"},{"@type":"Person","@id":"https:\/\/www.interreg6a.net\/pl\/#\/schema\/person\/937099e8bb407e772dac8308a0f3312a","name":"Olaf Wulf","image":{"@type":"ImageObject","inLanguage":"pl-PL","@id":"https:\/\/secure.gravatar.com\/avatar\/40a0e88f07ad24fff50113fc5e69b3fa1cfd5a58ab8a8103506a3957b1dab631?s=96&d=mm&r=g","url":"https:\/\/secure.gravatar.com\/avatar\/40a0e88f07ad24fff50113fc5e69b3fa1cfd5a58ab8a8103506a3957b1dab631?s=96&d=mm&r=g","contentUrl":"https:\/\/secure.gravatar.com\/avatar\/40a0e88f07ad24fff50113fc5e69b3fa1cfd5a58ab8a8103506a3957b1dab631?s=96&d=mm&r=g","caption":"Olaf Wulf"},"url":"https:\/\/www.interreg6a.net\/pl\/author\/wulf\/"}]}},"_links":{"self":[{"href":"https:\/\/www.interreg6a.net\/pl\/wp-json\/wp\/v2\/posts\/6451","targetHints":{"allow":["GET"]}}],"collection":[{"href":"https:\/\/www.interreg6a.net\/pl\/wp-json\/wp\/v2\/posts"}],"about":[{"href":"https:\/\/www.interreg6a.net\/pl\/wp-json\/wp\/v2\/types\/post"}],"author":[{"embeddable":true,"href":"https:\/\/www.interreg6a.net\/pl\/wp-json\/wp\/v2\/users\/16"}],"replies":[{"embeddable":true,"href":"https:\/\/www.interreg6a.net\/pl\/wp-json\/wp\/v2\/comments?post=6451"}],"version-history":[{"count":12,"href":"https:\/\/www.interreg6a.net\/pl\/wp-json\/wp\/v2\/posts\/6451\/revisions"}],"predecessor-version":[{"id":6495,"href":"https:\/\/www.interreg6a.net\/pl\/wp-json\/wp\/v2\/posts\/6451\/revisions\/6495"}],"wp:featuredmedia":[{"embeddable":true,"href":"https:\/\/www.interreg6a.net\/pl\/wp-json\/wp\/v2\/media\/6433"}],"wp:attachment":[{"href":"https:\/\/www.interreg6a.net\/pl\/wp-json\/wp\/v2\/media?parent=6451"}],"wp:term":[{"taxonomy":"category","embeddable":true,"href":"https:\/\/www.interreg6a.net\/pl\/wp-json\/wp\/v2\/categories?post=6451"},{"taxonomy":"post_tag","embeddable":true,"href":"https:\/\/www.interreg6a.net\/pl\/wp-json\/wp\/v2\/tags?post=6451"}],"curies":[{"name":"wp","href":"https:\/\/api.w.org\/{rel}","templated":true}]}}