{"id":6487,"date":"2022-10-04T11:46:26","date_gmt":"2022-10-04T09:46:26","guid":{"rendered":"https:\/\/www.interreg6a.net\/ec-day-2022-wyniki-konkursu-na-wywiad-lepsze-zycie-dzieki-interreg\/"},"modified":"2022-10-04T12:24:26","modified_gmt":"2022-10-04T10:24:26","slug":"ec-day-2022-wyniki-konkursu-na-wywiad-lepsze-zycie-dzieki-interreg","status":"publish","type":"post","link":"https:\/\/www.interreg6a.net\/pl\/ec-day-2022-wyniki-konkursu-na-wywiad-lepsze-zycie-dzieki-interreg\/","title":{"rendered":"EC-Day 2022: Wyniki konkursu na wywiad \u201eLepsze \u017cycie dzi\u0119ki Interreg\u201d"},"content":{"rendered":"<div class=\"fusion-fullwidth fullwidth-box fusion-builder-row-1 fusion-flex-container nonhundred-percent-fullwidth non-hundred-percent-height-scrolling\" style=\"--awb-border-radius-top-left:0px;--awb-border-radius-top-right:0px;--awb-border-radius-bottom-right:0px;--awb-border-radius-bottom-left:0px;--awb-flex-wrap:wrap;\" ><div class=\"fusion-builder-row fusion-row fusion-flex-align-items-flex-start fusion-flex-content-wrap\" style=\"max-width:1586px;margin-left: calc(-4% \/ 2 );margin-right: calc(-4% \/ 2 );\"><div class=\"fusion-layout-column fusion_builder_column fusion-builder-column-0 fusion-flex-column\" style=\"--awb-bg-size:cover;--awb-width-large:10%;--awb-margin-top-large:0px;--awb-spacing-right-large:19.2%;--awb-margin-bottom-large:20px;--awb-spacing-left-large:19.2%;--awb-order-medium:0;--awb-spacing-right-medium:0px;--awb-spacing-left-medium:0px;--awb-width-small:100%;--awb-order-small:0;--awb-spacing-right-small:1.92%;--awb-spacing-left-small:1.92%;\"><div class=\"fusion-column-wrapper fusion-column-has-shadow fusion-flex-justify-content-flex-start fusion-content-layout-column\"><\/div><\/div><div class=\"fusion-layout-column fusion_builder_column fusion-builder-column-1 fusion-flex-column\" style=\"--awb-bg-size:cover;--awb-width-large:79%;--awb-margin-top-large:0px;--awb-spacing-right-large:0%;--awb-margin-bottom-large:20px;--awb-spacing-left-large:0%;--awb-width-medium:100%;--awb-order-medium:0;--awb-spacing-right-medium:0%;--awb-spacing-left-medium:0%;--awb-width-small:100%;--awb-order-small:0;--awb-spacing-right-small:1.92%;--awb-spacing-left-small:1.92%;\"><div class=\"fusion-column-wrapper fusion-column-has-shadow fusion-flex-justify-content-flex-start fusion-content-layout-column\"><div class=\"fusion-title title fusion-title-1 fusion-sep-none fusion-title-center fusion-title-text fusion-title-size-one\" style=\"--awb-margin-top-small:10px;--awb-margin-right-small:0px;--awb-margin-bottom-small:10px;--awb-margin-left-small:0px;--awb-sep-color:var(--awb-custom_color_1);\"><h1 class=\"fusion-title-heading title-heading-center\" style=\"margin:0;\">EC-Day 2022: Wyniki konkursu na wywiad \u201eLepsze \u017cycie dzi\u0119ki Interreg\u201d<\/h1><\/div><div class=\"fusion-text fusion-text-1\"><p>Dzie\u0144 Wsp\u00f3\u0142pracy Europejskiej jest \u015bwi\u0119tem program\u00f3w transgranicznych i transnarodowych w ca\u0142ej Europie.<\/p>\n<p>W ramach obchod\u00f3w EC-Day 2022, Wsp\u00f3lny Sekretariat zorganizowa\u0142 konkurs na wywiad, kt\u00f3ry trwa\u0142 od 4 kwietnia do 5 wrze\u015bnia 2022 r.<\/p>\n<p>Ka\u017cdego dnia otrzymujemy pozytywne przyk\u0142ady zaanga\u017cowania partner\u00f3w projekt\u00f3w. Chcieliby\u015bmy pokaza\u0107 sukcesy i zakres dzia\u0142ania Programu Interreg. Dzi\u0119ki zg\u0142oszonym wywiadom wspaniale si\u0119 to uda\u0142o. Komisja polsko-niemiecka wybra\u0142a 2 najbardziej kreatywne zg\u0142oszenia.<\/p>\n<p>Dzi\u0119kujemy wszystkim uczestnikom konkursu.<\/p>\n<p>Zwyci\u0119zcom gratulujemy!<\/p>\n<\/div><div class=\"fusion-separator fusion-no-medium-visibility fusion-full-width-sep\" style=\"align-self: center;margin-left: auto;margin-right: auto;margin-top:20px;margin-bottom:40px;width:100%;\"><div class=\"fusion-separator-border sep-single\" style=\"--awb-height:20px;--awb-amount:20px;border-color:var(--awb-color5);border-top-width:3px;\"><\/div><\/div><div class=\"fusion-text fusion-text-2\"><p><strong>INT177<\/strong> <strong>&#8222;RegioActive&#8221; &#8211; Aktywizacja spo\u0142eczno-kulturalna Regionu<br \/>\n<\/strong> <em>Zwyci\u0119zca w kategorii forma video<\/em><\/p>\n<\/div><div class=\"fusion-video fusion-youtube\" style=\"--awb-max-width:600px;--awb-max-height:360px;\"><div class=\"video-shortcode\"><div class=\"fluid-width-video-wrapper\" style=\"padding-top:60%;\" ><iframe title=\"YouTube video player 1\" src=\"https:\/\/www.youtube.com\/embed\/koud0TdIOHM?wmode=transparent&autoplay=0\" width=\"600\" height=\"360\" allowfullscreen allow=\"autoplay; clipboard-write; encrypted-media; gyroscope; picture-in-picture;\"><\/iframe><\/div><\/div><\/div><div class=\"fusion-separator fusion-no-medium-visibility fusion-full-width-sep\" style=\"align-self: center;margin-left: auto;margin-right: auto;margin-top:20px;margin-bottom:40px;width:100%;\"><div class=\"fusion-separator-border sep-single\" style=\"--awb-height:20px;--awb-amount:20px;border-color:var(--awb-color5);border-top-width:3px;\"><\/div><\/div><div class=\"fusion-text fusion-text-3\"><p><strong>INT6 Transgraniczna Sie\u0107 Centr\u00f3w Us\u0142ugowo-Doradczych w Euroregionie POMERANIA wraz z Powiatem M\u00e4rkisch-Oderland w ramach Interregu V A<br \/>\n<\/strong> <em>Zwyci\u0119zca w kategorii forma tekstowa<\/em><\/p>\n<div class='w3eden'>\n<!-- WPDM Link Template: Default Template -->\n\n<div class=\"link-template-default card mb-2\">\n    <div class=\"card-body\">\n        <div class=\"media\">\n            <div class=\"media-pic-icon\">\n                <a class='wpdm-download-link download-on-click btn btn-primary ' rel='nofollow' href='#' data-downloadurl=\"https:\/\/www.interreg6a.net\/pl\/download\/wywiad-z-przedsiebiorca-po-polsku\/?wpdmdl=6483&refresh=69f37c26e56181777564710\">Pobierz<\/a>\n            <\/div>\n            <div class=\"media-body\">\n                <h3 class=\"package-title\">Wywiad z przedsi\u0119biorc\u0105 (po polsku)<\/h3>\n                <div class=\"text-muted text-small\">\n                    <span class=\"wpdm_file_ext\">pdf<\/span> | <span class=\"wpdm_file_size\">648.40 KB<\/span> | <span class=\"wpdm_update_date\">4. pa\u017adziernika 2022<\/span> <!-- 4. pa\u017adziernika 2022 -->\n                <\/div>\n            <\/div>\n\n        <\/div>\n    <\/div>\n<\/div>\n\n<\/div>\n<\/div><\/div><\/div><div class=\"fusion-layout-column fusion_builder_column fusion-builder-column-2 fusion-flex-column\" style=\"--awb-bg-size:cover;--awb-width-large:10%;--awb-margin-top-large:0px;--awb-spacing-right-large:19.2%;--awb-margin-bottom-large:20px;--awb-spacing-left-large:19.2%;--awb-order-medium:0;--awb-spacing-right-medium:0px;--awb-spacing-left-medium:0px;--awb-width-small:100%;--awb-order-small:0;--awb-spacing-right-small:0px;--awb-spacing-left-small:0px;\"><div class=\"fusion-column-wrapper fusion-column-has-shadow fusion-flex-justify-content-flex-start fusion-content-layout-column\"><\/div><\/div><\/div><\/div>\n","protected":false},"excerpt":{"rendered":"","protected":false},"author":16,"featured_media":6115,"comment_status":"closed","ping_status":"closed","sticky":false,"template":"","format":"standard","meta":{"_price":"","_stock":"","_tribe_ticket_header":"","_tribe_default_ticket_provider":"","_tribe_ticket_capacity":"0","_ticket_start_date":"","_ticket_end_date":"","_tribe_ticket_show_description":"","_tribe_ticket_show_not_going":false,"_tribe_ticket_use_global_stock":"","_tribe_ticket_global_stock_level":"","_global_stock_mode":"","_global_stock_cap":"","_tribe_rsvp_for_event":"","_tribe_ticket_going_count":"","_tribe_ticket_not_going_count":"","_tribe_tickets_list":"[]","_tribe_ticket_has_attendee_info_fields":false,"footnotes":""},"categories":[20,70],"tags":[],"class_list":["post-6487","post","type-post","status-publish","format-standard","has-post-thumbnail","hentry","category-aktualnosci","category-ec-day_pl"],"yoast_head":"<!-- This site is optimized with the Yoast SEO plugin v27.3 - https:\/\/yoast.com\/product\/yoast-seo-wordpress\/ -->\n<title>EC-Day 2022: Wyniki konkursu na wywiad \u201eLepsze \u017cycie dzi\u0119ki Interreg\u201d - Interreg VI A MV\/BB\/PL<\/title>\n<meta name=\"robots\" content=\"index, follow, max-snippet:-1, max-image-preview:large, max-video-preview:-1\" \/>\n<link rel=\"canonical\" href=\"https:\/\/www.interreg6a.net\/pl\/ec-day-2022-wyniki-konkursu-na-wywiad-lepsze-zycie-dzieki-interreg\/\" \/>\n<meta property=\"og:locale\" content=\"pl_PL\" \/>\n<meta property=\"og:type\" content=\"article\" \/>\n<meta property=\"og:title\" content=\"EC-Day 2022: Wyniki konkursu na wywiad \u201eLepsze \u017cycie dzi\u0119ki Interreg\u201d - Interreg VI A MV\/BB\/PL\" \/>\n<meta property=\"og:url\" content=\"https:\/\/www.interreg6a.net\/pl\/ec-day-2022-wyniki-konkursu-na-wywiad-lepsze-zycie-dzieki-interreg\/\" \/>\n<meta property=\"og:site_name\" content=\"Interreg VI A MV\/BB\/PL\" \/>\n<meta property=\"article:published_time\" content=\"2022-10-04T09:46:26+00:00\" \/>\n<meta property=\"article:modified_time\" content=\"2022-10-04T10:24:26+00:00\" \/>\n<meta property=\"og:image\" content=\"https:\/\/www.interreg6a.net\/wp-content\/uploads\/2022\/03\/EC-Day_2022-e1663838105527.png\" \/>\n\t<meta property=\"og:image:width\" content=\"463\" \/>\n\t<meta property=\"og:image:height\" content=\"250\" \/>\n\t<meta property=\"og:image:type\" content=\"image\/png\" \/>\n<meta name=\"author\" content=\"Olaf Wulf\" \/>\n<meta name=\"twitter:card\" content=\"summary_large_image\" \/>\n<meta name=\"twitter:label1\" content=\"Napisane przez\" \/>\n\t<meta name=\"twitter:data1\" content=\"Olaf Wulf\" \/>\n\t<meta name=\"twitter:label2\" content=\"Szacowany czas czytania\" \/>\n\t<meta name=\"twitter:data2\" content=\"4 minuty\" \/>\n<script type=\"application\/ld+json\" class=\"yoast-schema-graph\">{\"@context\":\"https:\\\/\\\/schema.org\",\"@graph\":[{\"@type\":\"Article\",\"@id\":\"https:\\\/\\\/www.interreg6a.net\\\/pl\\\/ec-day-2022-wyniki-konkursu-na-wywiad-lepsze-zycie-dzieki-interreg\\\/#article\",\"isPartOf\":{\"@id\":\"https:\\\/\\\/www.interreg6a.net\\\/pl\\\/ec-day-2022-wyniki-konkursu-na-wywiad-lepsze-zycie-dzieki-interreg\\\/\"},\"author\":{\"name\":\"Olaf Wulf\",\"@id\":\"https:\\\/\\\/www.interreg6a.net\\\/pl\\\/#\\\/schema\\\/person\\\/937099e8bb407e772dac8308a0f3312a\"},\"headline\":\"EC-Day 2022: Wyniki konkursu na wywiad \u201eLepsze \u017cycie dzi\u0119ki Interreg\u201d\",\"datePublished\":\"2022-10-04T09:46:26+00:00\",\"dateModified\":\"2022-10-04T10:24:26+00:00\",\"mainEntityOfPage\":{\"@id\":\"https:\\\/\\\/www.interreg6a.net\\\/pl\\\/ec-day-2022-wyniki-konkursu-na-wywiad-lepsze-zycie-dzieki-interreg\\\/\"},\"wordCount\":1377,\"image\":{\"@id\":\"https:\\\/\\\/www.interreg6a.net\\\/pl\\\/ec-day-2022-wyniki-konkursu-na-wywiad-lepsze-zycie-dzieki-interreg\\\/#primaryimage\"},\"thumbnailUrl\":\"https:\\\/\\\/www.interreg6a.net\\\/wp-content\\\/uploads\\\/2022\\\/03\\\/EC-Day_2022-e1663838105527.png\",\"articleSection\":[\"Aktualno\u015bci\",\"EC Day_pl\"],\"inLanguage\":\"pl-PL\"},{\"@type\":\"WebPage\",\"@id\":\"https:\\\/\\\/www.interreg6a.net\\\/pl\\\/ec-day-2022-wyniki-konkursu-na-wywiad-lepsze-zycie-dzieki-interreg\\\/\",\"url\":\"https:\\\/\\\/www.interreg6a.net\\\/pl\\\/ec-day-2022-wyniki-konkursu-na-wywiad-lepsze-zycie-dzieki-interreg\\\/\",\"name\":\"EC-Day 2022: Wyniki konkursu na wywiad \u201eLepsze \u017cycie dzi\u0119ki Interreg\u201d - Interreg VI A MV\\\/BB\\\/PL\",\"isPartOf\":{\"@id\":\"https:\\\/\\\/www.interreg6a.net\\\/pl\\\/#website\"},\"primaryImageOfPage\":{\"@id\":\"https:\\\/\\\/www.interreg6a.net\\\/pl\\\/ec-day-2022-wyniki-konkursu-na-wywiad-lepsze-zycie-dzieki-interreg\\\/#primaryimage\"},\"image\":{\"@id\":\"https:\\\/\\\/www.interreg6a.net\\\/pl\\\/ec-day-2022-wyniki-konkursu-na-wywiad-lepsze-zycie-dzieki-interreg\\\/#primaryimage\"},\"thumbnailUrl\":\"https:\\\/\\\/www.interreg6a.net\\\/wp-content\\\/uploads\\\/2022\\\/03\\\/EC-Day_2022-e1663838105527.png\",\"datePublished\":\"2022-10-04T09:46:26+00:00\",\"dateModified\":\"2022-10-04T10:24:26+00:00\",\"author\":{\"@id\":\"https:\\\/\\\/www.interreg6a.net\\\/pl\\\/#\\\/schema\\\/person\\\/937099e8bb407e772dac8308a0f3312a\"},\"breadcrumb\":{\"@id\":\"https:\\\/\\\/www.interreg6a.net\\\/pl\\\/ec-day-2022-wyniki-konkursu-na-wywiad-lepsze-zycie-dzieki-interreg\\\/#breadcrumb\"},\"inLanguage\":\"pl-PL\",\"potentialAction\":[{\"@type\":\"ReadAction\",\"target\":[\"https:\\\/\\\/www.interreg6a.net\\\/pl\\\/ec-day-2022-wyniki-konkursu-na-wywiad-lepsze-zycie-dzieki-interreg\\\/\"]}]},{\"@type\":\"ImageObject\",\"inLanguage\":\"pl-PL\",\"@id\":\"https:\\\/\\\/www.interreg6a.net\\\/pl\\\/ec-day-2022-wyniki-konkursu-na-wywiad-lepsze-zycie-dzieki-interreg\\\/#primaryimage\",\"url\":\"https:\\\/\\\/www.interreg6a.net\\\/wp-content\\\/uploads\\\/2022\\\/03\\\/EC-Day_2022-e1663838105527.png\",\"contentUrl\":\"https:\\\/\\\/www.interreg6a.net\\\/wp-content\\\/uploads\\\/2022\\\/03\\\/EC-Day_2022-e1663838105527.png\",\"width\":463,\"height\":250,\"caption\":\"EC-Day 2022\"},{\"@type\":\"BreadcrumbList\",\"@id\":\"https:\\\/\\\/www.interreg6a.net\\\/pl\\\/ec-day-2022-wyniki-konkursu-na-wywiad-lepsze-zycie-dzieki-interreg\\\/#breadcrumb\",\"itemListElement\":[{\"@type\":\"ListItem\",\"position\":1,\"name\":\"Strona g\u0142\u00f3wna\",\"item\":\"https:\\\/\\\/www.interreg6a.net\\\/pl\\\/\"},{\"@type\":\"ListItem\",\"position\":2,\"name\":\"EC-Day 2022: Wyniki konkursu na wywiad \u201eLepsze \u017cycie dzi\u0119ki Interreg\u201d\"}]},{\"@type\":\"WebSite\",\"@id\":\"https:\\\/\\\/www.interreg6a.net\\\/pl\\\/#website\",\"url\":\"https:\\\/\\\/www.interreg6a.net\\\/pl\\\/\",\"name\":\"Interreg VI A MV\\\/BB\\\/PL\",\"description\":\"\",\"potentialAction\":[{\"@type\":\"SearchAction\",\"target\":{\"@type\":\"EntryPoint\",\"urlTemplate\":\"https:\\\/\\\/www.interreg6a.net\\\/pl\\\/?s={search_term_string}\"},\"query-input\":{\"@type\":\"PropertyValueSpecification\",\"valueRequired\":true,\"valueName\":\"search_term_string\"}}],\"inLanguage\":\"pl-PL\"},{\"@type\":\"Person\",\"@id\":\"https:\\\/\\\/www.interreg6a.net\\\/pl\\\/#\\\/schema\\\/person\\\/937099e8bb407e772dac8308a0f3312a\",\"name\":\"Olaf Wulf\",\"image\":{\"@type\":\"ImageObject\",\"inLanguage\":\"pl-PL\",\"@id\":\"https:\\\/\\\/secure.gravatar.com\\\/avatar\\\/40a0e88f07ad24fff50113fc5e69b3fa1cfd5a58ab8a8103506a3957b1dab631?s=96&d=mm&r=g\",\"url\":\"https:\\\/\\\/secure.gravatar.com\\\/avatar\\\/40a0e88f07ad24fff50113fc5e69b3fa1cfd5a58ab8a8103506a3957b1dab631?s=96&d=mm&r=g\",\"contentUrl\":\"https:\\\/\\\/secure.gravatar.com\\\/avatar\\\/40a0e88f07ad24fff50113fc5e69b3fa1cfd5a58ab8a8103506a3957b1dab631?s=96&d=mm&r=g\",\"caption\":\"Olaf Wulf\"},\"url\":\"https:\\\/\\\/www.interreg6a.net\\\/pl\\\/author\\\/wulf\\\/\"}]}<\/script>\n<!-- \/ Yoast SEO plugin. -->","yoast_head_json":{"title":"EC-Day 2022: Wyniki konkursu na wywiad \u201eLepsze \u017cycie dzi\u0119ki Interreg\u201d - Interreg VI A MV\/BB\/PL","robots":{"index":"index","follow":"follow","max-snippet":"max-snippet:-1","max-image-preview":"max-image-preview:large","max-video-preview":"max-video-preview:-1"},"canonical":"https:\/\/www.interreg6a.net\/pl\/ec-day-2022-wyniki-konkursu-na-wywiad-lepsze-zycie-dzieki-interreg\/","og_locale":"pl_PL","og_type":"article","og_title":"EC-Day 2022: Wyniki konkursu na wywiad \u201eLepsze \u017cycie dzi\u0119ki Interreg\u201d - Interreg VI A MV\/BB\/PL","og_url":"https:\/\/www.interreg6a.net\/pl\/ec-day-2022-wyniki-konkursu-na-wywiad-lepsze-zycie-dzieki-interreg\/","og_site_name":"Interreg VI A MV\/BB\/PL","article_published_time":"2022-10-04T09:46:26+00:00","article_modified_time":"2022-10-04T10:24:26+00:00","og_image":[{"width":463,"height":250,"url":"https:\/\/www.interreg6a.net\/wp-content\/uploads\/2022\/03\/EC-Day_2022-e1663838105527.png","type":"image\/png"}],"author":"Olaf Wulf","twitter_card":"summary_large_image","twitter_misc":{"Napisane przez":"Olaf Wulf","Szacowany czas czytania":"4 minuty"},"schema":{"@context":"https:\/\/schema.org","@graph":[{"@type":"Article","@id":"https:\/\/www.interreg6a.net\/pl\/ec-day-2022-wyniki-konkursu-na-wywiad-lepsze-zycie-dzieki-interreg\/#article","isPartOf":{"@id":"https:\/\/www.interreg6a.net\/pl\/ec-day-2022-wyniki-konkursu-na-wywiad-lepsze-zycie-dzieki-interreg\/"},"author":{"name":"Olaf Wulf","@id":"https:\/\/www.interreg6a.net\/pl\/#\/schema\/person\/937099e8bb407e772dac8308a0f3312a"},"headline":"EC-Day 2022: Wyniki konkursu na wywiad \u201eLepsze \u017cycie dzi\u0119ki Interreg\u201d","datePublished":"2022-10-04T09:46:26+00:00","dateModified":"2022-10-04T10:24:26+00:00","mainEntityOfPage":{"@id":"https:\/\/www.interreg6a.net\/pl\/ec-day-2022-wyniki-konkursu-na-wywiad-lepsze-zycie-dzieki-interreg\/"},"wordCount":1377,"image":{"@id":"https:\/\/www.interreg6a.net\/pl\/ec-day-2022-wyniki-konkursu-na-wywiad-lepsze-zycie-dzieki-interreg\/#primaryimage"},"thumbnailUrl":"https:\/\/www.interreg6a.net\/wp-content\/uploads\/2022\/03\/EC-Day_2022-e1663838105527.png","articleSection":["Aktualno\u015bci","EC Day_pl"],"inLanguage":"pl-PL"},{"@type":"WebPage","@id":"https:\/\/www.interreg6a.net\/pl\/ec-day-2022-wyniki-konkursu-na-wywiad-lepsze-zycie-dzieki-interreg\/","url":"https:\/\/www.interreg6a.net\/pl\/ec-day-2022-wyniki-konkursu-na-wywiad-lepsze-zycie-dzieki-interreg\/","name":"EC-Day 2022: Wyniki konkursu na wywiad \u201eLepsze \u017cycie dzi\u0119ki Interreg\u201d - Interreg VI A MV\/BB\/PL","isPartOf":{"@id":"https:\/\/www.interreg6a.net\/pl\/#website"},"primaryImageOfPage":{"@id":"https:\/\/www.interreg6a.net\/pl\/ec-day-2022-wyniki-konkursu-na-wywiad-lepsze-zycie-dzieki-interreg\/#primaryimage"},"image":{"@id":"https:\/\/www.interreg6a.net\/pl\/ec-day-2022-wyniki-konkursu-na-wywiad-lepsze-zycie-dzieki-interreg\/#primaryimage"},"thumbnailUrl":"https:\/\/www.interreg6a.net\/wp-content\/uploads\/2022\/03\/EC-Day_2022-e1663838105527.png","datePublished":"2022-10-04T09:46:26+00:00","dateModified":"2022-10-04T10:24:26+00:00","author":{"@id":"https:\/\/www.interreg6a.net\/pl\/#\/schema\/person\/937099e8bb407e772dac8308a0f3312a"},"breadcrumb":{"@id":"https:\/\/www.interreg6a.net\/pl\/ec-day-2022-wyniki-konkursu-na-wywiad-lepsze-zycie-dzieki-interreg\/#breadcrumb"},"inLanguage":"pl-PL","potentialAction":[{"@type":"ReadAction","target":["https:\/\/www.interreg6a.net\/pl\/ec-day-2022-wyniki-konkursu-na-wywiad-lepsze-zycie-dzieki-interreg\/"]}]},{"@type":"ImageObject","inLanguage":"pl-PL","@id":"https:\/\/www.interreg6a.net\/pl\/ec-day-2022-wyniki-konkursu-na-wywiad-lepsze-zycie-dzieki-interreg\/#primaryimage","url":"https:\/\/www.interreg6a.net\/wp-content\/uploads\/2022\/03\/EC-Day_2022-e1663838105527.png","contentUrl":"https:\/\/www.interreg6a.net\/wp-content\/uploads\/2022\/03\/EC-Day_2022-e1663838105527.png","width":463,"height":250,"caption":"EC-Day 2022"},{"@type":"BreadcrumbList","@id":"https:\/\/www.interreg6a.net\/pl\/ec-day-2022-wyniki-konkursu-na-wywiad-lepsze-zycie-dzieki-interreg\/#breadcrumb","itemListElement":[{"@type":"ListItem","position":1,"name":"Strona g\u0142\u00f3wna","item":"https:\/\/www.interreg6a.net\/pl\/"},{"@type":"ListItem","position":2,"name":"EC-Day 2022: Wyniki konkursu na wywiad \u201eLepsze \u017cycie dzi\u0119ki Interreg\u201d"}]},{"@type":"WebSite","@id":"https:\/\/www.interreg6a.net\/pl\/#website","url":"https:\/\/www.interreg6a.net\/pl\/","name":"Interreg VI A MV\/BB\/PL","description":"","potentialAction":[{"@type":"SearchAction","target":{"@type":"EntryPoint","urlTemplate":"https:\/\/www.interreg6a.net\/pl\/?s={search_term_string}"},"query-input":{"@type":"PropertyValueSpecification","valueRequired":true,"valueName":"search_term_string"}}],"inLanguage":"pl-PL"},{"@type":"Person","@id":"https:\/\/www.interreg6a.net\/pl\/#\/schema\/person\/937099e8bb407e772dac8308a0f3312a","name":"Olaf Wulf","image":{"@type":"ImageObject","inLanguage":"pl-PL","@id":"https:\/\/secure.gravatar.com\/avatar\/40a0e88f07ad24fff50113fc5e69b3fa1cfd5a58ab8a8103506a3957b1dab631?s=96&d=mm&r=g","url":"https:\/\/secure.gravatar.com\/avatar\/40a0e88f07ad24fff50113fc5e69b3fa1cfd5a58ab8a8103506a3957b1dab631?s=96&d=mm&r=g","contentUrl":"https:\/\/secure.gravatar.com\/avatar\/40a0e88f07ad24fff50113fc5e69b3fa1cfd5a58ab8a8103506a3957b1dab631?s=96&d=mm&r=g","caption":"Olaf Wulf"},"url":"https:\/\/www.interreg6a.net\/pl\/author\/wulf\/"}]}},"_links":{"self":[{"href":"https:\/\/www.interreg6a.net\/pl\/wp-json\/wp\/v2\/posts\/6487","targetHints":{"allow":["GET"]}}],"collection":[{"href":"https:\/\/www.interreg6a.net\/pl\/wp-json\/wp\/v2\/posts"}],"about":[{"href":"https:\/\/www.interreg6a.net\/pl\/wp-json\/wp\/v2\/types\/post"}],"author":[{"embeddable":true,"href":"https:\/\/www.interreg6a.net\/pl\/wp-json\/wp\/v2\/users\/16"}],"replies":[{"embeddable":true,"href":"https:\/\/www.interreg6a.net\/pl\/wp-json\/wp\/v2\/comments?post=6487"}],"version-history":[{"count":4,"href":"https:\/\/www.interreg6a.net\/pl\/wp-json\/wp\/v2\/posts\/6487\/revisions"}],"predecessor-version":[{"id":6491,"href":"https:\/\/www.interreg6a.net\/pl\/wp-json\/wp\/v2\/posts\/6487\/revisions\/6491"}],"wp:featuredmedia":[{"embeddable":true,"href":"https:\/\/www.interreg6a.net\/pl\/wp-json\/wp\/v2\/media\/6115"}],"wp:attachment":[{"href":"https:\/\/www.interreg6a.net\/pl\/wp-json\/wp\/v2\/media?parent=6487"}],"wp:term":[{"taxonomy":"category","embeddable":true,"href":"https:\/\/www.interreg6a.net\/pl\/wp-json\/wp\/v2\/categories?post=6487"},{"taxonomy":"post_tag","embeddable":true,"href":"https:\/\/www.interreg6a.net\/pl\/wp-json\/wp\/v2\/tags?post=6487"}],"curies":[{"name":"wp","href":"https:\/\/api.w.org\/{rel}","templated":true}]}}