{"id":6713,"date":"2022-12-21T08:26:19","date_gmt":"2022-12-21T07:26:19","guid":{"rendered":"https:\/\/www.interreg6a.net\/nowy-komitet-monitorujacy-zaczyna-prace\/"},"modified":"2022-12-21T08:52:23","modified_gmt":"2022-12-21T07:52:23","slug":"nowy-komitet-monitorujacy-zaczyna-prace","status":"publish","type":"post","link":"https:\/\/www.interreg6a.net\/pl\/nowy-komitet-monitorujacy-zaczyna-prace\/","title":{"rendered":"Nowy Komitet Monitoruj\u0105cy zaczyna prac\u0119"},"content":{"rendered":"<div class=\"fusion-fullwidth fullwidth-box fusion-builder-row-1 fusion-flex-container has-pattern-background has-mask-background nonhundred-percent-fullwidth non-hundred-percent-height-scrolling\" style=\"--awb-border-radius-top-left:0px;--awb-border-radius-top-right:0px;--awb-border-radius-bottom-right:0px;--awb-border-radius-bottom-left:0px;--awb-flex-wrap:wrap;\" ><div class=\"fusion-builder-row fusion-row fusion-flex-align-items-flex-start fusion-flex-content-wrap\" style=\"max-width:1586px;margin-left: calc(-4% \/ 2 );margin-right: calc(-4% \/ 2 );\"><div class=\"fusion-layout-column fusion_builder_column fusion-builder-column-0 fusion_builder_column_1_1 1_1 fusion-flex-column\" style=\"--awb-bg-size:cover;--awb-width-large:100%;--awb-margin-top-large:0px;--awb-spacing-right-large:1.92%;--awb-margin-bottom-large:20px;--awb-spacing-left-large:1.92%;--awb-width-medium:100%;--awb-order-medium:0;--awb-spacing-right-medium:1.92%;--awb-spacing-left-medium:1.92%;--awb-width-small:100%;--awb-order-small:0;--awb-spacing-right-small:1.92%;--awb-spacing-left-small:1.92%;\"><div class=\"fusion-column-wrapper fusion-column-has-shadow fusion-flex-justify-content-flex-start fusion-content-layout-column\"><div class=\"fusion-title title fusion-title-1 fusion-sep-none fusion-title-text fusion-title-size-one\" style=\"--awb-margin-top-small:10px;--awb-margin-right-small:0px;--awb-margin-bottom-small:10px;--awb-margin-left-small:0px;\"><h1 class=\"fusion-title-heading title-heading-left\" style=\"margin:0;\">Nowy Komitet Monitoruj\u0105cy zaczyna prac\u0119<\/h1><\/div><div class=\"fusion-text fusion-text-1\"><p>W dniu 12 grudnia 2022 r. cz\u0142onkowie nowego Komitetu Monitoruj\u0105cego spotkali si\u0119 po raz pierwszy na spotkaniu online i ukonstytuowali Komitet Monitoruj\u0105cy dla programu Interreg VI A.<\/p>\n<p>Spotkanie obfitowa\u0142o w prezentacje i dyskusje. Cz\u0142onkowie Komitetu Monitoruj\u0105cego przyj\u0119li regulamin nowego Komitetu Monitoruj\u0105cego, a tak\u017ce procedur\u0119 wyboru projekt\u00f3w i zasady kwalifikowalno\u015bci wydatk\u00f3w. Podj\u0119li r\u00f3wnie\u017c uchwa\u0142\u0119 dotycz\u0105c\u0105 realizacji specjalnego naboru dla Funduszy Ma\u0142ych Projekt\u00f3w.<\/p>\n<p>Uchwa\u0142ami zatwierdzono r\u00f3wnie\u017c wa\u017cne tre\u015bci nowego Podr\u0119cznika Programu, kt\u00f3ry jest na uko\u0144czeniu i zostanie opublikowany w ca\u0142o\u015bci w pierwszym kwartale 2023 roku.<\/p>\n<\/div><div class=\"fusion-title title fusion-title-2 fusion-sep-none fusion-title-text fusion-title-size-two\" style=\"--awb-margin-top-small:10px;--awb-margin-right-small:0px;--awb-margin-bottom-small:10px;--awb-margin-left-small:0px;\"><h2 class=\"fusion-title-heading title-heading-left\" style=\"margin:0;\">Regulamin i cz\u0142onkowie Komitetu Monitoruj\u0105cego<\/h2><\/div><div class='w3eden'>\n<!-- WPDM Link Template: Default Template -->\n\n<div class=\"link-template-default card mb-2\">\n    <div class=\"card-body\">\n        <div class=\"media\">\n            <div class=\"media-pic-icon\">\n                <a class='wpdm-download-link download-on-click btn btn-primary ' rel='nofollow' href='#' data-downloadurl=\"https:\/\/www.interreg6a.net\/pl\/download\/regulamin-komitetu-monitorujacego\/?wpdmdl=6706&refresh=69f379054ead01777563909\">Pobierz<\/a>\n            <\/div>\n            <div class=\"media-body\">\n                <h3 class=\"package-title\">Regulamin Komitetu Monitoruj\u0105cego<\/h3>\n                <div class=\"text-muted text-small\">\n                    <span class=\"wpdm_file_ext\">pdf<\/span> | <span class=\"wpdm_file_size\">615.05 KB<\/span> | <span class=\"wpdm_update_date\">21. grudnia 2022<\/span> <!-- 19. grudnia 2025 -->\n                <\/div>\n            <\/div>\n\n        <\/div>\n    <\/div>\n<\/div>\n\n<\/div>\n<div class='w3eden'>\n<!-- WPDM Link Template: Default Template -->\n\n<div class=\"link-template-default card mb-2\">\n    <div class=\"card-body\">\n        <div class=\"media\">\n            <div class=\"media-pic-icon\">\n                <a class='wpdm-download-link download-on-click btn btn-primary ' rel='nofollow' href='#' data-downloadurl=\"https:\/\/www.interreg6a.net\/pl\/download\/czlonkowie-komitetu-monitorujacego-z-prawem-glosu\/?wpdmdl=6707&refresh=69f37905548f31777563909\">Pobierz<\/a>\n            <\/div>\n            <div class=\"media-body\">\n                <h3 class=\"package-title\">Cz\u0142onkowie Komitetu Monitoruj\u0105cego z prawem g\u0142osu<\/h3>\n                <div class=\"text-muted text-small\">\n                    <span class=\"wpdm_file_ext\">pdf<\/span> | <span class=\"wpdm_file_size\">228.48 KB<\/span> | <span class=\"wpdm_update_date\">21. grudnia 2022<\/span> <!-- 6. pa\u017adziernika 2023 -->\n                <\/div>\n            <\/div>\n\n        <\/div>\n    <\/div>\n<\/div>\n\n<\/div><div class=\"fusion-title title fusion-title-3 fusion-sep-none fusion-title-text fusion-title-size-two\" style=\"--awb-margin-top-small:10px;--awb-margin-right-small:0px;--awb-margin-bottom-small:10px;--awb-margin-left-small:0px;\"><h2 class=\"fusion-title-heading title-heading-left\" style=\"margin:0;\">Informacja o kwalifikowalno\u015bci wydatk\u00f3w w ramach Interreg VI A<\/h2><\/div><div class='w3eden'>\n<!-- WPDM Link Template: Default Template -->\n\n<div class=\"link-template-default card mb-2\">\n    <div class=\"card-body\">\n        <div class=\"media\">\n            <div class=\"media-pic-icon\">\n                <a class='wpdm-download-link download-on-click btn btn-primary ' rel='nofollow' href='#' data-downloadurl=\"https:\/\/www.interreg6a.net\/pl\/download\/zasady-kwalifikowalnosci\/?wpdmdl=6711&refresh=69f3790559b941777563909\">Pobierz<\/a>\n            <\/div>\n            <div class=\"media-body\">\n                <h3 class=\"package-title\">Zasady kwalifikowalno\u015bci<\/h3>\n                <div class=\"text-muted text-small\">\n                    <span class=\"wpdm_file_ext\">pdf<\/span> | <span class=\"wpdm_file_size\">2.05 MB<\/span> | <span class=\"wpdm_update_date\">21. grudnia 2022<\/span> <!-- 21. grudnia 2022 -->\n                <\/div>\n            <\/div>\n\n        <\/div>\n    <\/div>\n<\/div>\n\n<\/div><\/div><\/div><\/div><\/div>\n","protected":false},"excerpt":{"rendered":"","protected":false},"author":16,"featured_media":6702,"comment_status":"closed","ping_status":"closed","sticky":false,"template":"","format":"standard","meta":{"_price":"","_stock":"","_tribe_ticket_header":"","_tribe_default_ticket_provider":"","_tribe_ticket_capacity":"0","_ticket_start_date":"","_ticket_end_date":"","_tribe_ticket_show_description":"","_tribe_ticket_show_not_going":false,"_tribe_ticket_use_global_stock":"","_tribe_ticket_global_stock_level":"","_global_stock_mode":"","_global_stock_cap":"","_tribe_rsvp_for_event":"","_tribe_ticket_going_count":"","_tribe_ticket_not_going_count":"","_tribe_tickets_list":"[]","_tribe_ticket_has_attendee_info_fields":false,"footnotes":""},"categories":[20,74],"tags":[],"class_list":["post-6713","post","type-post","status-publish","format-standard","has-post-thumbnail","hentry","category-aktualnosci","category-komitet-monitorujacy"],"yoast_head":"<!-- This site is optimized with the Yoast SEO plugin v27.3 - https:\/\/yoast.com\/product\/yoast-seo-wordpress\/ -->\n<title>Nowy Komitet Monitoruj\u0105cy zaczyna prac\u0119 - Interreg VI A MV\/BB\/PL<\/title>\n<meta name=\"robots\" content=\"index, follow, max-snippet:-1, max-image-preview:large, max-video-preview:-1\" \/>\n<link rel=\"canonical\" href=\"https:\/\/www.interreg6a.net\/pl\/nowy-komitet-monitorujacy-zaczyna-prace\/\" \/>\n<meta property=\"og:locale\" content=\"pl_PL\" \/>\n<meta property=\"og:type\" content=\"article\" \/>\n<meta property=\"og:title\" content=\"Nowy Komitet Monitoruj\u0105cy zaczyna prac\u0119 - Interreg VI A MV\/BB\/PL\" \/>\n<meta property=\"og:url\" content=\"https:\/\/www.interreg6a.net\/pl\/nowy-komitet-monitorujacy-zaczyna-prace\/\" \/>\n<meta property=\"og:site_name\" content=\"Interreg VI A MV\/BB\/PL\" \/>\n<meta property=\"article:published_time\" content=\"2022-12-21T07:26:19+00:00\" \/>\n<meta property=\"article:modified_time\" content=\"2022-12-21T07:52:23+00:00\" \/>\n<meta property=\"og:image\" content=\"https:\/\/www.interreg6a.net\/wp-content\/uploads\/2022\/12\/Int6a-MVBBPL-BA-2022-12-12.jpg\" \/>\n\t<meta property=\"og:image:width\" content=\"1920\" \/>\n\t<meta property=\"og:image:height\" content=\"1080\" \/>\n\t<meta property=\"og:image:type\" content=\"image\/jpeg\" \/>\n<meta name=\"author\" content=\"Olaf Wulf\" \/>\n<meta name=\"twitter:card\" content=\"summary_large_image\" \/>\n<meta name=\"twitter:label1\" content=\"Napisane przez\" \/>\n\t<meta name=\"twitter:data1\" content=\"Olaf Wulf\" \/>\n\t<meta name=\"twitter:label2\" content=\"Szacowany czas czytania\" \/>\n\t<meta name=\"twitter:data2\" content=\"4 minuty\" \/>\n<script type=\"application\/ld+json\" class=\"yoast-schema-graph\">{\"@context\":\"https:\\\/\\\/schema.org\",\"@graph\":[{\"@type\":\"Article\",\"@id\":\"https:\\\/\\\/www.interreg6a.net\\\/pl\\\/nowy-komitet-monitorujacy-zaczyna-prace\\\/#article\",\"isPartOf\":{\"@id\":\"https:\\\/\\\/www.interreg6a.net\\\/pl\\\/nowy-komitet-monitorujacy-zaczyna-prace\\\/\"},\"author\":{\"name\":\"Olaf Wulf\",\"@id\":\"https:\\\/\\\/www.interreg6a.net\\\/pl\\\/#\\\/schema\\\/person\\\/937099e8bb407e772dac8308a0f3312a\"},\"headline\":\"Nowy Komitet Monitoruj\u0105cy zaczyna prac\u0119\",\"datePublished\":\"2022-12-21T07:26:19+00:00\",\"dateModified\":\"2022-12-21T07:52:23+00:00\",\"mainEntityOfPage\":{\"@id\":\"https:\\\/\\\/www.interreg6a.net\\\/pl\\\/nowy-komitet-monitorujacy-zaczyna-prace\\\/\"},\"wordCount\":1481,\"image\":{\"@id\":\"https:\\\/\\\/www.interreg6a.net\\\/pl\\\/nowy-komitet-monitorujacy-zaczyna-prace\\\/#primaryimage\"},\"thumbnailUrl\":\"https:\\\/\\\/www.interreg6a.net\\\/wp-content\\\/uploads\\\/2022\\\/12\\\/Int6a-MVBBPL-BA-2022-12-12.jpg\",\"articleSection\":[\"Aktualno\u015bci\",\"Komitet monitoruj\u0105cy\"],\"inLanguage\":\"pl-PL\"},{\"@type\":\"WebPage\",\"@id\":\"https:\\\/\\\/www.interreg6a.net\\\/pl\\\/nowy-komitet-monitorujacy-zaczyna-prace\\\/\",\"url\":\"https:\\\/\\\/www.interreg6a.net\\\/pl\\\/nowy-komitet-monitorujacy-zaczyna-prace\\\/\",\"name\":\"Nowy Komitet Monitoruj\u0105cy zaczyna prac\u0119 - Interreg VI A MV\\\/BB\\\/PL\",\"isPartOf\":{\"@id\":\"https:\\\/\\\/www.interreg6a.net\\\/pl\\\/#website\"},\"primaryImageOfPage\":{\"@id\":\"https:\\\/\\\/www.interreg6a.net\\\/pl\\\/nowy-komitet-monitorujacy-zaczyna-prace\\\/#primaryimage\"},\"image\":{\"@id\":\"https:\\\/\\\/www.interreg6a.net\\\/pl\\\/nowy-komitet-monitorujacy-zaczyna-prace\\\/#primaryimage\"},\"thumbnailUrl\":\"https:\\\/\\\/www.interreg6a.net\\\/wp-content\\\/uploads\\\/2022\\\/12\\\/Int6a-MVBBPL-BA-2022-12-12.jpg\",\"datePublished\":\"2022-12-21T07:26:19+00:00\",\"dateModified\":\"2022-12-21T07:52:23+00:00\",\"author\":{\"@id\":\"https:\\\/\\\/www.interreg6a.net\\\/pl\\\/#\\\/schema\\\/person\\\/937099e8bb407e772dac8308a0f3312a\"},\"breadcrumb\":{\"@id\":\"https:\\\/\\\/www.interreg6a.net\\\/pl\\\/nowy-komitet-monitorujacy-zaczyna-prace\\\/#breadcrumb\"},\"inLanguage\":\"pl-PL\",\"potentialAction\":[{\"@type\":\"ReadAction\",\"target\":[\"https:\\\/\\\/www.interreg6a.net\\\/pl\\\/nowy-komitet-monitorujacy-zaczyna-prace\\\/\"]}]},{\"@type\":\"ImageObject\",\"inLanguage\":\"pl-PL\",\"@id\":\"https:\\\/\\\/www.interreg6a.net\\\/pl\\\/nowy-komitet-monitorujacy-zaczyna-prace\\\/#primaryimage\",\"url\":\"https:\\\/\\\/www.interreg6a.net\\\/wp-content\\\/uploads\\\/2022\\\/12\\\/Int6a-MVBBPL-BA-2022-12-12.jpg\",\"contentUrl\":\"https:\\\/\\\/www.interreg6a.net\\\/wp-content\\\/uploads\\\/2022\\\/12\\\/Int6a-MVBBPL-BA-2022-12-12.jpg\",\"width\":1920,\"height\":1080},{\"@type\":\"BreadcrumbList\",\"@id\":\"https:\\\/\\\/www.interreg6a.net\\\/pl\\\/nowy-komitet-monitorujacy-zaczyna-prace\\\/#breadcrumb\",\"itemListElement\":[{\"@type\":\"ListItem\",\"position\":1,\"name\":\"Strona g\u0142\u00f3wna\",\"item\":\"https:\\\/\\\/www.interreg6a.net\\\/pl\\\/\"},{\"@type\":\"ListItem\",\"position\":2,\"name\":\"Nowy Komitet Monitoruj\u0105cy zaczyna prac\u0119\"}]},{\"@type\":\"WebSite\",\"@id\":\"https:\\\/\\\/www.interreg6a.net\\\/pl\\\/#website\",\"url\":\"https:\\\/\\\/www.interreg6a.net\\\/pl\\\/\",\"name\":\"Interreg VI A MV\\\/BB\\\/PL\",\"description\":\"\",\"potentialAction\":[{\"@type\":\"SearchAction\",\"target\":{\"@type\":\"EntryPoint\",\"urlTemplate\":\"https:\\\/\\\/www.interreg6a.net\\\/pl\\\/?s={search_term_string}\"},\"query-input\":{\"@type\":\"PropertyValueSpecification\",\"valueRequired\":true,\"valueName\":\"search_term_string\"}}],\"inLanguage\":\"pl-PL\"},{\"@type\":\"Person\",\"@id\":\"https:\\\/\\\/www.interreg6a.net\\\/pl\\\/#\\\/schema\\\/person\\\/937099e8bb407e772dac8308a0f3312a\",\"name\":\"Olaf Wulf\",\"image\":{\"@type\":\"ImageObject\",\"inLanguage\":\"pl-PL\",\"@id\":\"https:\\\/\\\/secure.gravatar.com\\\/avatar\\\/40a0e88f07ad24fff50113fc5e69b3fa1cfd5a58ab8a8103506a3957b1dab631?s=96&d=mm&r=g\",\"url\":\"https:\\\/\\\/secure.gravatar.com\\\/avatar\\\/40a0e88f07ad24fff50113fc5e69b3fa1cfd5a58ab8a8103506a3957b1dab631?s=96&d=mm&r=g\",\"contentUrl\":\"https:\\\/\\\/secure.gravatar.com\\\/avatar\\\/40a0e88f07ad24fff50113fc5e69b3fa1cfd5a58ab8a8103506a3957b1dab631?s=96&d=mm&r=g\",\"caption\":\"Olaf Wulf\"},\"url\":\"https:\\\/\\\/www.interreg6a.net\\\/pl\\\/author\\\/wulf\\\/\"}]}<\/script>\n<!-- \/ Yoast SEO plugin. -->","yoast_head_json":{"title":"Nowy Komitet Monitoruj\u0105cy zaczyna prac\u0119 - Interreg VI A MV\/BB\/PL","robots":{"index":"index","follow":"follow","max-snippet":"max-snippet:-1","max-image-preview":"max-image-preview:large","max-video-preview":"max-video-preview:-1"},"canonical":"https:\/\/www.interreg6a.net\/pl\/nowy-komitet-monitorujacy-zaczyna-prace\/","og_locale":"pl_PL","og_type":"article","og_title":"Nowy Komitet Monitoruj\u0105cy zaczyna prac\u0119 - Interreg VI A MV\/BB\/PL","og_url":"https:\/\/www.interreg6a.net\/pl\/nowy-komitet-monitorujacy-zaczyna-prace\/","og_site_name":"Interreg VI A MV\/BB\/PL","article_published_time":"2022-12-21T07:26:19+00:00","article_modified_time":"2022-12-21T07:52:23+00:00","og_image":[{"width":1920,"height":1080,"url":"https:\/\/www.interreg6a.net\/wp-content\/uploads\/2022\/12\/Int6a-MVBBPL-BA-2022-12-12.jpg","type":"image\/jpeg"}],"author":"Olaf Wulf","twitter_card":"summary_large_image","twitter_misc":{"Napisane przez":"Olaf Wulf","Szacowany czas czytania":"4 minuty"},"schema":{"@context":"https:\/\/schema.org","@graph":[{"@type":"Article","@id":"https:\/\/www.interreg6a.net\/pl\/nowy-komitet-monitorujacy-zaczyna-prace\/#article","isPartOf":{"@id":"https:\/\/www.interreg6a.net\/pl\/nowy-komitet-monitorujacy-zaczyna-prace\/"},"author":{"name":"Olaf Wulf","@id":"https:\/\/www.interreg6a.net\/pl\/#\/schema\/person\/937099e8bb407e772dac8308a0f3312a"},"headline":"Nowy Komitet Monitoruj\u0105cy zaczyna prac\u0119","datePublished":"2022-12-21T07:26:19+00:00","dateModified":"2022-12-21T07:52:23+00:00","mainEntityOfPage":{"@id":"https:\/\/www.interreg6a.net\/pl\/nowy-komitet-monitorujacy-zaczyna-prace\/"},"wordCount":1481,"image":{"@id":"https:\/\/www.interreg6a.net\/pl\/nowy-komitet-monitorujacy-zaczyna-prace\/#primaryimage"},"thumbnailUrl":"https:\/\/www.interreg6a.net\/wp-content\/uploads\/2022\/12\/Int6a-MVBBPL-BA-2022-12-12.jpg","articleSection":["Aktualno\u015bci","Komitet monitoruj\u0105cy"],"inLanguage":"pl-PL"},{"@type":"WebPage","@id":"https:\/\/www.interreg6a.net\/pl\/nowy-komitet-monitorujacy-zaczyna-prace\/","url":"https:\/\/www.interreg6a.net\/pl\/nowy-komitet-monitorujacy-zaczyna-prace\/","name":"Nowy Komitet Monitoruj\u0105cy zaczyna prac\u0119 - Interreg VI A MV\/BB\/PL","isPartOf":{"@id":"https:\/\/www.interreg6a.net\/pl\/#website"},"primaryImageOfPage":{"@id":"https:\/\/www.interreg6a.net\/pl\/nowy-komitet-monitorujacy-zaczyna-prace\/#primaryimage"},"image":{"@id":"https:\/\/www.interreg6a.net\/pl\/nowy-komitet-monitorujacy-zaczyna-prace\/#primaryimage"},"thumbnailUrl":"https:\/\/www.interreg6a.net\/wp-content\/uploads\/2022\/12\/Int6a-MVBBPL-BA-2022-12-12.jpg","datePublished":"2022-12-21T07:26:19+00:00","dateModified":"2022-12-21T07:52:23+00:00","author":{"@id":"https:\/\/www.interreg6a.net\/pl\/#\/schema\/person\/937099e8bb407e772dac8308a0f3312a"},"breadcrumb":{"@id":"https:\/\/www.interreg6a.net\/pl\/nowy-komitet-monitorujacy-zaczyna-prace\/#breadcrumb"},"inLanguage":"pl-PL","potentialAction":[{"@type":"ReadAction","target":["https:\/\/www.interreg6a.net\/pl\/nowy-komitet-monitorujacy-zaczyna-prace\/"]}]},{"@type":"ImageObject","inLanguage":"pl-PL","@id":"https:\/\/www.interreg6a.net\/pl\/nowy-komitet-monitorujacy-zaczyna-prace\/#primaryimage","url":"https:\/\/www.interreg6a.net\/wp-content\/uploads\/2022\/12\/Int6a-MVBBPL-BA-2022-12-12.jpg","contentUrl":"https:\/\/www.interreg6a.net\/wp-content\/uploads\/2022\/12\/Int6a-MVBBPL-BA-2022-12-12.jpg","width":1920,"height":1080},{"@type":"BreadcrumbList","@id":"https:\/\/www.interreg6a.net\/pl\/nowy-komitet-monitorujacy-zaczyna-prace\/#breadcrumb","itemListElement":[{"@type":"ListItem","position":1,"name":"Strona g\u0142\u00f3wna","item":"https:\/\/www.interreg6a.net\/pl\/"},{"@type":"ListItem","position":2,"name":"Nowy Komitet Monitoruj\u0105cy zaczyna prac\u0119"}]},{"@type":"WebSite","@id":"https:\/\/www.interreg6a.net\/pl\/#website","url":"https:\/\/www.interreg6a.net\/pl\/","name":"Interreg VI A MV\/BB\/PL","description":"","potentialAction":[{"@type":"SearchAction","target":{"@type":"EntryPoint","urlTemplate":"https:\/\/www.interreg6a.net\/pl\/?s={search_term_string}"},"query-input":{"@type":"PropertyValueSpecification","valueRequired":true,"valueName":"search_term_string"}}],"inLanguage":"pl-PL"},{"@type":"Person","@id":"https:\/\/www.interreg6a.net\/pl\/#\/schema\/person\/937099e8bb407e772dac8308a0f3312a","name":"Olaf Wulf","image":{"@type":"ImageObject","inLanguage":"pl-PL","@id":"https:\/\/secure.gravatar.com\/avatar\/40a0e88f07ad24fff50113fc5e69b3fa1cfd5a58ab8a8103506a3957b1dab631?s=96&d=mm&r=g","url":"https:\/\/secure.gravatar.com\/avatar\/40a0e88f07ad24fff50113fc5e69b3fa1cfd5a58ab8a8103506a3957b1dab631?s=96&d=mm&r=g","contentUrl":"https:\/\/secure.gravatar.com\/avatar\/40a0e88f07ad24fff50113fc5e69b3fa1cfd5a58ab8a8103506a3957b1dab631?s=96&d=mm&r=g","caption":"Olaf Wulf"},"url":"https:\/\/www.interreg6a.net\/pl\/author\/wulf\/"}]}},"_links":{"self":[{"href":"https:\/\/www.interreg6a.net\/pl\/wp-json\/wp\/v2\/posts\/6713","targetHints":{"allow":["GET"]}}],"collection":[{"href":"https:\/\/www.interreg6a.net\/pl\/wp-json\/wp\/v2\/posts"}],"about":[{"href":"https:\/\/www.interreg6a.net\/pl\/wp-json\/wp\/v2\/types\/post"}],"author":[{"embeddable":true,"href":"https:\/\/www.interreg6a.net\/pl\/wp-json\/wp\/v2\/users\/16"}],"replies":[{"embeddable":true,"href":"https:\/\/www.interreg6a.net\/pl\/wp-json\/wp\/v2\/comments?post=6713"}],"version-history":[{"count":7,"href":"https:\/\/www.interreg6a.net\/pl\/wp-json\/wp\/v2\/posts\/6713\/revisions"}],"predecessor-version":[{"id":6720,"href":"https:\/\/www.interreg6a.net\/pl\/wp-json\/wp\/v2\/posts\/6713\/revisions\/6720"}],"wp:featuredmedia":[{"embeddable":true,"href":"https:\/\/www.interreg6a.net\/pl\/wp-json\/wp\/v2\/media\/6702"}],"wp:attachment":[{"href":"https:\/\/www.interreg6a.net\/pl\/wp-json\/wp\/v2\/media?parent=6713"}],"wp:term":[{"taxonomy":"category","embeddable":true,"href":"https:\/\/www.interreg6a.net\/pl\/wp-json\/wp\/v2\/categories?post=6713"},{"taxonomy":"post_tag","embeddable":true,"href":"https:\/\/www.interreg6a.net\/pl\/wp-json\/wp\/v2\/tags?post=6713"}],"curies":[{"name":"wp","href":"https:\/\/api.w.org\/{rel}","templated":true}]}}