{"id":7963,"date":"2023-03-29T12:00:48","date_gmt":"2023-03-29T10:00:48","guid":{"rendered":"https:\/\/www.interreg6a.net\/?p=7963"},"modified":"2023-03-29T13:44:39","modified_gmt":"2023-03-29T11:44:39","slug":"21-03-2023-szczecin-szkolenie-dla-wnioskodawcow","status":"publish","type":"post","link":"https:\/\/www.interreg6a.net\/pl\/21-03-2023-szczecin-szkolenie-dla-wnioskodawcow\/","title":{"rendered":"21.03.2023, Szczecin &#8211; Szkolenie dla wnioskodawc\u00f3w &#8211; Materia\u0142y ze szkolenia"},"content":{"rendered":"<p><div class=\"fusion-fullwidth fullwidth-box fusion-builder-row-1 fusion-flex-container has-pattern-background has-mask-background nonhundred-percent-fullwidth non-hundred-percent-height-scrolling\" style=\"--awb-border-radius-top-left:0px;--awb-border-radius-top-right:0px;--awb-border-radius-bottom-right:0px;--awb-border-radius-bottom-left:0px;--awb-flex-wrap:wrap;\" ><div class=\"fusion-builder-row fusion-row fusion-flex-align-items-flex-start fusion-flex-content-wrap\" style=\"max-width:1586px;margin-left: calc(-4% \/ 2 );margin-right: calc(-4% \/ 2 );\"><div class=\"fusion-layout-column fusion_builder_column fusion-builder-column-0 fusion_builder_column_1_1 1_1 fusion-flex-column\" style=\"--awb-bg-size:cover;--awb-width-large:100%;--awb-margin-top-large:0px;--awb-spacing-right-large:1.92%;--awb-margin-bottom-large:20px;--awb-spacing-left-large:1.92%;--awb-width-medium:100%;--awb-order-medium:0;--awb-spacing-right-medium:1.92%;--awb-spacing-left-medium:1.92%;--awb-width-small:100%;--awb-order-small:0;--awb-spacing-right-small:1.92%;--awb-spacing-left-small:1.92%;\"><div class=\"fusion-column-wrapper fusion-column-has-shadow fusion-flex-justify-content-flex-start fusion-content-layout-column\"><div class=\"fusion-title title fusion-title-1 fusion-sep-none fusion-title-text fusion-title-size-one\" style=\"--awb-margin-top-small:10px;--awb-margin-right-small:0px;--awb-margin-bottom-small:10px;--awb-margin-left-small:0px;\"><h1 class=\"fusion-title-heading title-heading-left\" style=\"margin:0;\"><p>21.03.2023, Szczecin<\/p>\n<p>Szkolenie dla wnioskodawc\u00f3w<\/p><\/h1><\/div><div class=\"fusion-text fusion-text-1\"><p>Wsp\u00f3lny Sekretariat Programu Interreg VI A we wsp\u00f3\u0142pracy z Regionalnymi Punktami Kontaktowymi zorganizowa\u0142 szkolenie w Szczecinie w dniu 21.03.2023 r.<strong><br \/>\n<\/strong><\/p>\n<\/div><div class=\"fusion-text fusion-text-2\"><p>Zagadnienia, kt\u00f3re by\u0142y omawiane na szkoleniu:<\/p>\n<ol>\n<li>Program Wsp\u00f3\u0142pracy Interreg VI A Meklemburgia-Pomorze Przednie \/ Brandenburgia \u2013 priorytety i cele<\/li>\n<li>Opracowywanie projektu i sk\u0142adanie wniosku<\/li>\n<li>Wskaz\u00f3wki merytoryczne i techniczne, dotycz\u0105ce z\u0142o\u017cenia wniosku projektowego poprzez nowy elektroniczny system monitoringu (JEMS)<\/li>\n<li>Procedura wyboru projekt\u00f3w<\/li>\n<li>Wytyczne kwalifikowalno\u015bci wydatk\u00f3w<\/li>\n<li>Informacja i promocja<\/li>\n<\/ol>\n<\/div><\/div><\/div><\/div><\/div><div class=\"fusion-fullwidth fullwidth-box fusion-builder-row-2 fusion-flex-container has-pattern-background has-mask-background nonhundred-percent-fullwidth non-hundred-percent-height-scrolling\" style=\"--awb-border-radius-top-left:0px;--awb-border-radius-top-right:0px;--awb-border-radius-bottom-right:0px;--awb-border-radius-bottom-left:0px;--awb-flex-wrap:wrap;\" ><div class=\"fusion-builder-row fusion-row fusion-flex-align-items-flex-start fusion-flex-content-wrap\" style=\"max-width:1586px;margin-left: calc(-4% \/ 2 );margin-right: calc(-4% \/ 2 );\"><div class=\"fusion-layout-column fusion_builder_column fusion-builder-column-1 fusion_builder_column_1_1 1_1 fusion-flex-column\" style=\"--awb-bg-size:cover;--awb-width-large:100%;--awb-margin-top-large:0px;--awb-spacing-right-large:1.92%;--awb-margin-bottom-large:20px;--awb-spacing-left-large:1.92%;--awb-width-medium:100%;--awb-order-medium:0;--awb-spacing-right-medium:1.92%;--awb-spacing-left-medium:1.92%;--awb-width-small:100%;--awb-order-small:0;--awb-spacing-right-small:1.92%;--awb-spacing-left-small:1.92%;\"><div class=\"fusion-column-wrapper fusion-column-has-shadow fusion-flex-justify-content-flex-start fusion-content-layout-column\"><div class=\"fusion-text fusion-text-3\"><h4>Materia\u0142y ze szkolenia:<\/h4>\n<\/div><div class='w3eden'>\n<!-- WPDM Link Template: Default Template -->\n\n<div class=\"link-template-default card mb-2\">\n    <div class=\"card-body\">\n        <div class=\"media\">\n            <div class=\"media-pic-icon\">\n                <a class='wpdm-download-link download-on-click btn btn-primary ' rel='nofollow' href='#' data-downloadurl=\"https:\/\/www.interreg6a.net\/pl\/download\/1-programowe-fakty_programmfakten\/?wpdmdl=8235&refresh=69f362c4b439a1777558212\">Pobierz<\/a>\n            <\/div>\n            <div class=\"media-body\">\n                <h3 class=\"package-title\">1. Programowe fakty_Programmfakten<\/h3>\n                <div class=\"text-muted text-small\">\n                    <span class=\"wpdm_file_ext\">pdf<\/span> | <span class=\"wpdm_file_size\">1.14 MB<\/span> | <span class=\"wpdm_update_date\">22. marca 2023<\/span> <!-- 22. marca 2023 -->\n                <\/div>\n            <\/div>\n\n        <\/div>\n    <\/div>\n<\/div>\n\n<\/div><div class='w3eden'>\n<!-- WPDM Link Template: Default Template -->\n\n<div class=\"link-template-default card mb-2\">\n    <div class=\"card-body\">\n        <div class=\"media\">\n            <div class=\"media-pic-icon\">\n                <a class='wpdm-download-link download-on-click btn btn-primary ' rel='nofollow' href='#' data-downloadurl=\"https:\/\/www.interreg6a.net\/pl\/download\/2-przygotowanie-projektu_projektvorbereitung\/?wpdmdl=8236&refresh=69f362c4be1631777558212\">Pobierz<\/a>\n            <\/div>\n            <div class=\"media-body\">\n                <h3 class=\"package-title\">2. Przygotowanie projektu_Projektvorbereitung<\/h3>\n                <div class=\"text-muted text-small\">\n                    <span class=\"wpdm_file_ext\">pdf<\/span> | <span class=\"wpdm_file_size\">661.04 KB<\/span> | <span class=\"wpdm_update_date\">22. marca 2023<\/span> <!-- 22. marca 2023 -->\n                <\/div>\n            <\/div>\n\n        <\/div>\n    <\/div>\n<\/div>\n\n<\/div><div class='w3eden'>\n<!-- WPDM Link Template: Default Template -->\n\n<div class=\"link-template-default card mb-2\">\n    <div class=\"card-body\">\n        <div class=\"media\">\n            <div class=\"media-pic-icon\">\n                <a class='wpdm-download-link download-on-click btn btn-primary ' rel='nofollow' href='#' data-downloadurl=\"https:\/\/www.interreg6a.net\/pl\/download\/3-ocena-projektu_projektbebewertung\/?wpdmdl=8237&refresh=69f362c4c6a671777558212\">Pobierz<\/a>\n            <\/div>\n            <div class=\"media-body\">\n                <h3 class=\"package-title\">3. Ocena projektu_Projektbebewertung<\/h3>\n                <div class=\"text-muted text-small\">\n                    <span class=\"wpdm_file_ext\">pdf<\/span> | <span class=\"wpdm_file_size\">1.24 MB<\/span> | <span class=\"wpdm_update_date\">22. marca 2023<\/span> <!-- 22. marca 2023 -->\n                <\/div>\n            <\/div>\n\n        <\/div>\n    <\/div>\n<\/div>\n\n<\/div><div class='w3eden'>\n<!-- WPDM Link Template: Default Template -->\n\n<div class=\"link-template-default card mb-2\">\n    <div class=\"card-body\">\n        <div class=\"media\">\n            <div class=\"media-pic-icon\">\n                <a class='wpdm-download-link download-on-click btn btn-primary ' rel='nofollow' href='#' data-downloadurl=\"https:\/\/www.interreg6a.net\/pl\/download\/4-kwalifikowalnosc-wydatkow_foerderfaehigkeit-der-ausgaben\/?wpdmdl=8238&refresh=69f362c4cf0861777558212\">Pobierz<\/a>\n            <\/div>\n            <div class=\"media-body\">\n                <h3 class=\"package-title\">4. Kwalifikowalno\u015b\u0107 wydatk\u00f3w_F\u00f6rderf\u00e4higkeit der Ausgaben<\/h3>\n                <div class=\"text-muted text-small\">\n                    <span class=\"wpdm_file_ext\">pdf<\/span> | <span class=\"wpdm_file_size\">1.77 MB<\/span> | <span class=\"wpdm_update_date\">22. marca 2023<\/span> <!-- 20. czerwca 2023 -->\n                <\/div>\n            <\/div>\n\n        <\/div>\n    <\/div>\n<\/div>\n\n<\/div><div class='w3eden'>\n<!-- WPDM Link Template: Default Template -->\n\n<div class=\"link-template-default card mb-2\">\n    <div class=\"card-body\">\n        <div class=\"media\">\n            <div class=\"media-pic-icon\">\n                <a class='wpdm-download-link download-on-click btn btn-primary ' rel='nofollow' href='#' data-downloadurl=\"https:\/\/www.interreg6a.net\/pl\/download\/5-komunikacja_kommunikation\/?wpdmdl=8239&refresh=69f362c4d76291777558212\">Pobierz<\/a>\n            <\/div>\n            <div class=\"media-body\">\n                <h3 class=\"package-title\">5. Komunikacja_Kommunikation<\/h3>\n                <div class=\"text-muted text-small\">\n                    <span class=\"wpdm_file_ext\">pdf<\/span> | <span class=\"wpdm_file_size\">1.48 MB<\/span> | <span class=\"wpdm_update_date\">22. marca 2023<\/span> <!-- 22. marca 2023 -->\n                <\/div>\n            <\/div>\n\n        <\/div>\n    <\/div>\n<\/div>\n\n<\/div><div class='w3eden'>\n<!-- WPDM Link Template: Default Template -->\n\n<div class=\"link-template-default card mb-2\">\n    <div class=\"card-body\">\n        <div class=\"media\">\n            <div class=\"media-pic-icon\">\n                <a class='wpdm-download-link download-on-click btn btn-primary ' rel='nofollow' href='#' data-downloadurl=\"https:\/\/www.interreg6a.net\/pl\/download\/6-pomoc-publiczna_beihilfe\/?wpdmdl=8240&refresh=69f362c4dfa141777558212\">Pobierz<\/a>\n            <\/div>\n            <div class=\"media-body\">\n                <h3 class=\"package-title\">6. Pomoc publiczna_Beihilfe<\/h3>\n                <div class=\"text-muted text-small\">\n                    <span class=\"wpdm_file_ext\">pdf<\/span> | <span class=\"wpdm_file_size\">956.51 KB<\/span> | <span class=\"wpdm_update_date\">22. marca 2023<\/span> <!-- 22. marca 2023 -->\n                <\/div>\n            <\/div>\n\n        <\/div>\n    <\/div>\n<\/div>\n\n<\/div><\/div><\/div><\/div><\/div><\/p>\n","protected":false},"excerpt":{"rendered":"","protected":false},"author":25,"featured_media":7978,"comment_status":"closed","ping_status":"closed","sticky":false,"template":"","format":"standard","meta":{"_price":"","_stock":"","_tribe_ticket_header":"","_tribe_default_ticket_provider":"","_tribe_ticket_capacity":"0","_ticket_start_date":"","_ticket_end_date":"","_tribe_ticket_show_description":"","_tribe_ticket_show_not_going":false,"_tribe_ticket_use_global_stock":"","_tribe_ticket_global_stock_level":"","_global_stock_mode":"","_global_stock_cap":"","_tribe_rsvp_for_event":"","_tribe_ticket_going_count":"","_tribe_ticket_not_going_count":"","_tribe_tickets_list":"[]","_tribe_ticket_has_attendee_info_fields":false,"footnotes":""},"categories":[20],"tags":[],"class_list":["post-7963","post","type-post","status-publish","format-standard","has-post-thumbnail","hentry","category-aktualnosci"],"yoast_head":"<!-- This site is optimized with the Yoast SEO plugin v27.3 - https:\/\/yoast.com\/product\/yoast-seo-wordpress\/ -->\n<title>21.03.2023, Szczecin - Szkolenie dla wnioskodawc\u00f3w - Materia\u0142y ze szkolenia - Interreg VI A MV\/BB\/PL<\/title>\n<meta name=\"robots\" content=\"index, follow, max-snippet:-1, max-image-preview:large, max-video-preview:-1\" \/>\n<link rel=\"canonical\" href=\"https:\/\/www.interreg6a.net\/pl\/21-03-2023-szczecin-szkolenie-dla-wnioskodawcow\/\" \/>\n<meta property=\"og:locale\" content=\"pl_PL\" \/>\n<meta property=\"og:type\" content=\"article\" \/>\n<meta property=\"og:title\" content=\"21.03.2023, Szczecin - Szkolenie dla wnioskodawc\u00f3w - Materia\u0142y ze szkolenia - Interreg VI A MV\/BB\/PL\" \/>\n<meta property=\"og:url\" content=\"https:\/\/www.interreg6a.net\/pl\/21-03-2023-szczecin-szkolenie-dla-wnioskodawcow\/\" \/>\n<meta property=\"og:site_name\" content=\"Interreg VI A MV\/BB\/PL\" \/>\n<meta property=\"article:published_time\" content=\"2023-03-29T10:00:48+00:00\" \/>\n<meta property=\"article:modified_time\" content=\"2023-03-29T11:44:39+00:00\" \/>\n<meta property=\"og:image\" content=\"https:\/\/www.interreg6a.net\/wp-content\/uploads\/2023\/03\/21.03.2023-Szczecin.jpg\" \/>\n\t<meta property=\"og:image:width\" content=\"1600\" \/>\n\t<meta property=\"og:image:height\" content=\"896\" \/>\n\t<meta property=\"og:image:type\" content=\"image\/jpeg\" \/>\n<meta name=\"author\" content=\"semeniuk\" \/>\n<meta name=\"twitter:card\" content=\"summary_large_image\" \/>\n<meta name=\"twitter:label1\" content=\"Napisane przez\" \/>\n\t<meta name=\"twitter:data1\" content=\"semeniuk\" \/>\n\t<meta name=\"twitter:label2\" content=\"Szacowany czas czytania\" \/>\n\t<meta name=\"twitter:data2\" content=\"5 minut\" \/>\n<script type=\"application\/ld+json\" class=\"yoast-schema-graph\">{\"@context\":\"https:\\\/\\\/schema.org\",\"@graph\":[{\"@type\":\"Article\",\"@id\":\"https:\\\/\\\/www.interreg6a.net\\\/pl\\\/21-03-2023-szczecin-szkolenie-dla-wnioskodawcow\\\/#article\",\"isPartOf\":{\"@id\":\"https:\\\/\\\/www.interreg6a.net\\\/pl\\\/21-03-2023-szczecin-szkolenie-dla-wnioskodawcow\\\/\"},\"author\":{\"name\":\"semeniuk\",\"@id\":\"https:\\\/\\\/www.interreg6a.net\\\/pl\\\/#\\\/schema\\\/person\\\/4c87761287b75456c2ed5cfbf95e4e8b\"},\"headline\":\"21.03.2023, Szczecin &#8211; Szkolenie dla wnioskodawc\u00f3w &#8211; Materia\u0142y ze szkolenia\",\"datePublished\":\"2023-03-29T10:00:48+00:00\",\"dateModified\":\"2023-03-29T11:44:39+00:00\",\"mainEntityOfPage\":{\"@id\":\"https:\\\/\\\/www.interreg6a.net\\\/pl\\\/21-03-2023-szczecin-szkolenie-dla-wnioskodawcow\\\/\"},\"wordCount\":1926,\"image\":{\"@id\":\"https:\\\/\\\/www.interreg6a.net\\\/pl\\\/21-03-2023-szczecin-szkolenie-dla-wnioskodawcow\\\/#primaryimage\"},\"thumbnailUrl\":\"https:\\\/\\\/www.interreg6a.net\\\/wp-content\\\/uploads\\\/2023\\\/03\\\/21.03.2023-Szczecin.jpg\",\"articleSection\":[\"Aktualno\u015bci\"],\"inLanguage\":\"pl-PL\"},{\"@type\":\"WebPage\",\"@id\":\"https:\\\/\\\/www.interreg6a.net\\\/pl\\\/21-03-2023-szczecin-szkolenie-dla-wnioskodawcow\\\/\",\"url\":\"https:\\\/\\\/www.interreg6a.net\\\/pl\\\/21-03-2023-szczecin-szkolenie-dla-wnioskodawcow\\\/\",\"name\":\"21.03.2023, Szczecin - Szkolenie dla wnioskodawc\u00f3w - Materia\u0142y ze szkolenia - Interreg VI A MV\\\/BB\\\/PL\",\"isPartOf\":{\"@id\":\"https:\\\/\\\/www.interreg6a.net\\\/pl\\\/#website\"},\"primaryImageOfPage\":{\"@id\":\"https:\\\/\\\/www.interreg6a.net\\\/pl\\\/21-03-2023-szczecin-szkolenie-dla-wnioskodawcow\\\/#primaryimage\"},\"image\":{\"@id\":\"https:\\\/\\\/www.interreg6a.net\\\/pl\\\/21-03-2023-szczecin-szkolenie-dla-wnioskodawcow\\\/#primaryimage\"},\"thumbnailUrl\":\"https:\\\/\\\/www.interreg6a.net\\\/wp-content\\\/uploads\\\/2023\\\/03\\\/21.03.2023-Szczecin.jpg\",\"datePublished\":\"2023-03-29T10:00:48+00:00\",\"dateModified\":\"2023-03-29T11:44:39+00:00\",\"author\":{\"@id\":\"https:\\\/\\\/www.interreg6a.net\\\/pl\\\/#\\\/schema\\\/person\\\/4c87761287b75456c2ed5cfbf95e4e8b\"},\"breadcrumb\":{\"@id\":\"https:\\\/\\\/www.interreg6a.net\\\/pl\\\/21-03-2023-szczecin-szkolenie-dla-wnioskodawcow\\\/#breadcrumb\"},\"inLanguage\":\"pl-PL\",\"potentialAction\":[{\"@type\":\"ReadAction\",\"target\":[\"https:\\\/\\\/www.interreg6a.net\\\/pl\\\/21-03-2023-szczecin-szkolenie-dla-wnioskodawcow\\\/\"]}]},{\"@type\":\"ImageObject\",\"inLanguage\":\"pl-PL\",\"@id\":\"https:\\\/\\\/www.interreg6a.net\\\/pl\\\/21-03-2023-szczecin-szkolenie-dla-wnioskodawcow\\\/#primaryimage\",\"url\":\"https:\\\/\\\/www.interreg6a.net\\\/wp-content\\\/uploads\\\/2023\\\/03\\\/21.03.2023-Szczecin.jpg\",\"contentUrl\":\"https:\\\/\\\/www.interreg6a.net\\\/wp-content\\\/uploads\\\/2023\\\/03\\\/21.03.2023-Szczecin.jpg\",\"width\":1600,\"height\":896},{\"@type\":\"BreadcrumbList\",\"@id\":\"https:\\\/\\\/www.interreg6a.net\\\/pl\\\/21-03-2023-szczecin-szkolenie-dla-wnioskodawcow\\\/#breadcrumb\",\"itemListElement\":[{\"@type\":\"ListItem\",\"position\":1,\"name\":\"Strona g\u0142\u00f3wna\",\"item\":\"https:\\\/\\\/www.interreg6a.net\\\/pl\\\/\"},{\"@type\":\"ListItem\",\"position\":2,\"name\":\"21.03.2023, Szczecin &#8211; Szkolenie dla wnioskodawc\u00f3w &#8211; Materia\u0142y ze szkolenia\"}]},{\"@type\":\"WebSite\",\"@id\":\"https:\\\/\\\/www.interreg6a.net\\\/pl\\\/#website\",\"url\":\"https:\\\/\\\/www.interreg6a.net\\\/pl\\\/\",\"name\":\"Interreg VI A MV\\\/BB\\\/PL\",\"description\":\"\",\"potentialAction\":[{\"@type\":\"SearchAction\",\"target\":{\"@type\":\"EntryPoint\",\"urlTemplate\":\"https:\\\/\\\/www.interreg6a.net\\\/pl\\\/?s={search_term_string}\"},\"query-input\":{\"@type\":\"PropertyValueSpecification\",\"valueRequired\":true,\"valueName\":\"search_term_string\"}}],\"inLanguage\":\"pl-PL\"},{\"@type\":\"Person\",\"@id\":\"https:\\\/\\\/www.interreg6a.net\\\/pl\\\/#\\\/schema\\\/person\\\/4c87761287b75456c2ed5cfbf95e4e8b\",\"name\":\"semeniuk\",\"image\":{\"@type\":\"ImageObject\",\"inLanguage\":\"pl-PL\",\"@id\":\"https:\\\/\\\/secure.gravatar.com\\\/avatar\\\/2aab4d2ca365cd79a4eb712e81052078a3fa7ddccf6c3d13d25230ebeeea8344?s=96&d=mm&r=g\",\"url\":\"https:\\\/\\\/secure.gravatar.com\\\/avatar\\\/2aab4d2ca365cd79a4eb712e81052078a3fa7ddccf6c3d13d25230ebeeea8344?s=96&d=mm&r=g\",\"contentUrl\":\"https:\\\/\\\/secure.gravatar.com\\\/avatar\\\/2aab4d2ca365cd79a4eb712e81052078a3fa7ddccf6c3d13d25230ebeeea8344?s=96&d=mm&r=g\",\"caption\":\"semeniuk\"},\"url\":\"https:\\\/\\\/www.interreg6a.net\\\/pl\\\/author\\\/semeniuk\\\/\"}]}<\/script>\n<!-- \/ Yoast SEO plugin. -->","yoast_head_json":{"title":"21.03.2023, Szczecin - Szkolenie dla wnioskodawc\u00f3w - Materia\u0142y ze szkolenia - Interreg VI A MV\/BB\/PL","robots":{"index":"index","follow":"follow","max-snippet":"max-snippet:-1","max-image-preview":"max-image-preview:large","max-video-preview":"max-video-preview:-1"},"canonical":"https:\/\/www.interreg6a.net\/pl\/21-03-2023-szczecin-szkolenie-dla-wnioskodawcow\/","og_locale":"pl_PL","og_type":"article","og_title":"21.03.2023, Szczecin - Szkolenie dla wnioskodawc\u00f3w - Materia\u0142y ze szkolenia - Interreg VI A MV\/BB\/PL","og_url":"https:\/\/www.interreg6a.net\/pl\/21-03-2023-szczecin-szkolenie-dla-wnioskodawcow\/","og_site_name":"Interreg VI A MV\/BB\/PL","article_published_time":"2023-03-29T10:00:48+00:00","article_modified_time":"2023-03-29T11:44:39+00:00","og_image":[{"width":1600,"height":896,"url":"https:\/\/www.interreg6a.net\/wp-content\/uploads\/2023\/03\/21.03.2023-Szczecin.jpg","type":"image\/jpeg"}],"author":"semeniuk","twitter_card":"summary_large_image","twitter_misc":{"Napisane przez":"semeniuk","Szacowany czas czytania":"5 minut"},"schema":{"@context":"https:\/\/schema.org","@graph":[{"@type":"Article","@id":"https:\/\/www.interreg6a.net\/pl\/21-03-2023-szczecin-szkolenie-dla-wnioskodawcow\/#article","isPartOf":{"@id":"https:\/\/www.interreg6a.net\/pl\/21-03-2023-szczecin-szkolenie-dla-wnioskodawcow\/"},"author":{"name":"semeniuk","@id":"https:\/\/www.interreg6a.net\/pl\/#\/schema\/person\/4c87761287b75456c2ed5cfbf95e4e8b"},"headline":"21.03.2023, Szczecin &#8211; Szkolenie dla wnioskodawc\u00f3w &#8211; Materia\u0142y ze szkolenia","datePublished":"2023-03-29T10:00:48+00:00","dateModified":"2023-03-29T11:44:39+00:00","mainEntityOfPage":{"@id":"https:\/\/www.interreg6a.net\/pl\/21-03-2023-szczecin-szkolenie-dla-wnioskodawcow\/"},"wordCount":1926,"image":{"@id":"https:\/\/www.interreg6a.net\/pl\/21-03-2023-szczecin-szkolenie-dla-wnioskodawcow\/#primaryimage"},"thumbnailUrl":"https:\/\/www.interreg6a.net\/wp-content\/uploads\/2023\/03\/21.03.2023-Szczecin.jpg","articleSection":["Aktualno\u015bci"],"inLanguage":"pl-PL"},{"@type":"WebPage","@id":"https:\/\/www.interreg6a.net\/pl\/21-03-2023-szczecin-szkolenie-dla-wnioskodawcow\/","url":"https:\/\/www.interreg6a.net\/pl\/21-03-2023-szczecin-szkolenie-dla-wnioskodawcow\/","name":"21.03.2023, Szczecin - Szkolenie dla wnioskodawc\u00f3w - Materia\u0142y ze szkolenia - Interreg VI A MV\/BB\/PL","isPartOf":{"@id":"https:\/\/www.interreg6a.net\/pl\/#website"},"primaryImageOfPage":{"@id":"https:\/\/www.interreg6a.net\/pl\/21-03-2023-szczecin-szkolenie-dla-wnioskodawcow\/#primaryimage"},"image":{"@id":"https:\/\/www.interreg6a.net\/pl\/21-03-2023-szczecin-szkolenie-dla-wnioskodawcow\/#primaryimage"},"thumbnailUrl":"https:\/\/www.interreg6a.net\/wp-content\/uploads\/2023\/03\/21.03.2023-Szczecin.jpg","datePublished":"2023-03-29T10:00:48+00:00","dateModified":"2023-03-29T11:44:39+00:00","author":{"@id":"https:\/\/www.interreg6a.net\/pl\/#\/schema\/person\/4c87761287b75456c2ed5cfbf95e4e8b"},"breadcrumb":{"@id":"https:\/\/www.interreg6a.net\/pl\/21-03-2023-szczecin-szkolenie-dla-wnioskodawcow\/#breadcrumb"},"inLanguage":"pl-PL","potentialAction":[{"@type":"ReadAction","target":["https:\/\/www.interreg6a.net\/pl\/21-03-2023-szczecin-szkolenie-dla-wnioskodawcow\/"]}]},{"@type":"ImageObject","inLanguage":"pl-PL","@id":"https:\/\/www.interreg6a.net\/pl\/21-03-2023-szczecin-szkolenie-dla-wnioskodawcow\/#primaryimage","url":"https:\/\/www.interreg6a.net\/wp-content\/uploads\/2023\/03\/21.03.2023-Szczecin.jpg","contentUrl":"https:\/\/www.interreg6a.net\/wp-content\/uploads\/2023\/03\/21.03.2023-Szczecin.jpg","width":1600,"height":896},{"@type":"BreadcrumbList","@id":"https:\/\/www.interreg6a.net\/pl\/21-03-2023-szczecin-szkolenie-dla-wnioskodawcow\/#breadcrumb","itemListElement":[{"@type":"ListItem","position":1,"name":"Strona g\u0142\u00f3wna","item":"https:\/\/www.interreg6a.net\/pl\/"},{"@type":"ListItem","position":2,"name":"21.03.2023, Szczecin &#8211; Szkolenie dla wnioskodawc\u00f3w &#8211; Materia\u0142y ze szkolenia"}]},{"@type":"WebSite","@id":"https:\/\/www.interreg6a.net\/pl\/#website","url":"https:\/\/www.interreg6a.net\/pl\/","name":"Interreg VI A MV\/BB\/PL","description":"","potentialAction":[{"@type":"SearchAction","target":{"@type":"EntryPoint","urlTemplate":"https:\/\/www.interreg6a.net\/pl\/?s={search_term_string}"},"query-input":{"@type":"PropertyValueSpecification","valueRequired":true,"valueName":"search_term_string"}}],"inLanguage":"pl-PL"},{"@type":"Person","@id":"https:\/\/www.interreg6a.net\/pl\/#\/schema\/person\/4c87761287b75456c2ed5cfbf95e4e8b","name":"semeniuk","image":{"@type":"ImageObject","inLanguage":"pl-PL","@id":"https:\/\/secure.gravatar.com\/avatar\/2aab4d2ca365cd79a4eb712e81052078a3fa7ddccf6c3d13d25230ebeeea8344?s=96&d=mm&r=g","url":"https:\/\/secure.gravatar.com\/avatar\/2aab4d2ca365cd79a4eb712e81052078a3fa7ddccf6c3d13d25230ebeeea8344?s=96&d=mm&r=g","contentUrl":"https:\/\/secure.gravatar.com\/avatar\/2aab4d2ca365cd79a4eb712e81052078a3fa7ddccf6c3d13d25230ebeeea8344?s=96&d=mm&r=g","caption":"semeniuk"},"url":"https:\/\/www.interreg6a.net\/pl\/author\/semeniuk\/"}]}},"_links":{"self":[{"href":"https:\/\/www.interreg6a.net\/pl\/wp-json\/wp\/v2\/posts\/7963","targetHints":{"allow":["GET"]}}],"collection":[{"href":"https:\/\/www.interreg6a.net\/pl\/wp-json\/wp\/v2\/posts"}],"about":[{"href":"https:\/\/www.interreg6a.net\/pl\/wp-json\/wp\/v2\/types\/post"}],"author":[{"embeddable":true,"href":"https:\/\/www.interreg6a.net\/pl\/wp-json\/wp\/v2\/users\/25"}],"replies":[{"embeddable":true,"href":"https:\/\/www.interreg6a.net\/pl\/wp-json\/wp\/v2\/comments?post=7963"}],"version-history":[{"count":21,"href":"https:\/\/www.interreg6a.net\/pl\/wp-json\/wp\/v2\/posts\/7963\/revisions"}],"predecessor-version":[{"id":8480,"href":"https:\/\/www.interreg6a.net\/pl\/wp-json\/wp\/v2\/posts\/7963\/revisions\/8480"}],"wp:featuredmedia":[{"embeddable":true,"href":"https:\/\/www.interreg6a.net\/pl\/wp-json\/wp\/v2\/media\/7978"}],"wp:attachment":[{"href":"https:\/\/www.interreg6a.net\/pl\/wp-json\/wp\/v2\/media?parent=7963"}],"wp:term":[{"taxonomy":"category","embeddable":true,"href":"https:\/\/www.interreg6a.net\/pl\/wp-json\/wp\/v2\/categories?post=7963"},{"taxonomy":"post_tag","embeddable":true,"href":"https:\/\/www.interreg6a.net\/pl\/wp-json\/wp\/v2\/tags?post=7963"}],"curies":[{"name":"wp","href":"https:\/\/api.w.org\/{rel}","templated":true}]}}