{"id":9444,"date":"2023-05-08T12:21:04","date_gmt":"2023-05-08T10:21:04","guid":{"rendered":"https:\/\/www.interreg6a.net\/?p=9444"},"modified":"2023-05-08T15:26:47","modified_gmt":"2023-05-08T13:26:47","slug":"konkurs-fotograficzny","status":"publish","type":"post","link":"https:\/\/www.interreg6a.net\/pl\/konkurs-fotograficzny\/","title":{"rendered":"Konkurs fotograficzny &#8211; Interreg Coopertion Day 2023"},"content":{"rendered":"<div class=\"fusion-fullwidth fullwidth-box fusion-builder-row-1 fusion-flex-container has-pattern-background has-mask-background nonhundred-percent-fullwidth non-hundred-percent-height-scrolling\" style=\"--awb-border-radius-top-left:0px;--awb-border-radius-top-right:0px;--awb-border-radius-bottom-right:0px;--awb-border-radius-bottom-left:0px;--awb-flex-wrap:wrap;\" ><div class=\"fusion-builder-row fusion-row fusion-flex-align-items-flex-start fusion-flex-content-wrap\" style=\"max-width:1586px;margin-left: calc(-4% \/ 2 );margin-right: calc(-4% \/ 2 );\"><div class=\"fusion-layout-column fusion_builder_column fusion-builder-column-0 fusion_builder_column_1_1 1_1 fusion-flex-column\" style=\"--awb-bg-size:cover;--awb-width-large:100%;--awb-margin-top-large:0px;--awb-spacing-right-large:1.92%;--awb-margin-bottom-large:20px;--awb-spacing-left-large:1.92%;--awb-width-medium:100%;--awb-order-medium:0;--awb-spacing-right-medium:1.92%;--awb-spacing-left-medium:1.92%;--awb-width-small:100%;--awb-order-small:0;--awb-spacing-right-small:1.92%;--awb-spacing-left-small:1.92%;\"><div class=\"fusion-column-wrapper fusion-column-has-shadow fusion-flex-justify-content-flex-start fusion-content-layout-column\"><div class=\"fusion-title title fusion-title-1 fusion-sep-none fusion-title-text fusion-title-size-one\" style=\"--awb-margin-top-small:10px;--awb-margin-right-small:0px;--awb-margin-bottom-small:10px;--awb-margin-left-small:0px;\"><h1 class=\"fusion-title-heading title-heading-left\" style=\"margin:0;\"><p style=\"text-align: center;\"><strong>Konkurs fotograficzny<\/strong><\/p>\n<p style=\"text-align: center;\"><strong>\u00a0Interreg Cooperation Day 2023<\/strong><\/p><\/h1><\/div><div class=\"fusion-image-element \" style=\"--awb-caption-title-font-family:var(--h2_typography-font-family);--awb-caption-title-font-weight:var(--h2_typography-font-weight);--awb-caption-title-font-style:var(--h2_typography-font-style);--awb-caption-title-size:var(--h2_typography-font-size);--awb-caption-title-transform:var(--h2_typography-text-transform);--awb-caption-title-line-height:var(--h2_typography-line-height);--awb-caption-title-letter-spacing:var(--h2_typography-letter-spacing);\"><span class=\" fusion-imageframe imageframe-none imageframe-1 hover-type-none\"><img decoding=\"async\" width=\"1024\" height=\"341\" title=\"ICDay\" src=\"https:\/\/www.interreg6a.net\/wp-content\/uploads\/2023\/05\/ICDay-1024x341.jpg\" alt class=\"img-responsive wp-image-9473\" srcset=\"https:\/\/www.interreg6a.net\/wp-content\/uploads\/2023\/05\/ICDay-200x67.jpg 200w, https:\/\/www.interreg6a.net\/wp-content\/uploads\/2023\/05\/ICDay-400x133.jpg 400w, https:\/\/www.interreg6a.net\/wp-content\/uploads\/2023\/05\/ICDay-600x200.jpg 600w, https:\/\/www.interreg6a.net\/wp-content\/uploads\/2023\/05\/ICDay-800x267.jpg 800w, https:\/\/www.interreg6a.net\/wp-content\/uploads\/2023\/05\/ICDay-1200x400.jpg 1200w, https:\/\/www.interreg6a.net\/wp-content\/uploads\/2023\/05\/ICDay.jpg 1500w\" sizes=\"(max-width: 575px) 100vw, 1024px\" \/><\/span><\/div><div class=\"fusion-text fusion-text-1\"><p>Z okazji zbli\u017cajacego si\u0119 <a href=\"http:\/\/ecday.eu\" target=\"_blank\" rel=\"noopener\">Interreg Cooperation Day 2023<\/a> Wsp\u00f3lny Sekretariat organizuje konkurs fotograficzny \u201eZaprezentujcie nam swoje umiej\u0119tno\u015bci fotograficzne\u201d.<\/p>\n<p>Celem konkursu jest wy\u0142onienie najlepszych zdj\u0119\u0107 pokazuj\u0105cych polsko-niemieck\u0105 wsp\u00f3\u0142prac\u0119 transgraniczn\u0105 na obszarze Programu Wsp\u00f3\u0142pracy Interreg VI A Mecklenburg-Vorpommern \/ Brandenburg \/ Polska 2021-2027. Zg\u0142oszenia mo\u017cna nadsy\u0142a\u0107 od 9 maja do 21 wrze\u015bnia 2023 r.<\/p>\n<p>Konkurs organizowany jest w ramach kampanii UE <a href=\"https:\/\/year-of-skills.europa.eu\/index_en\">European Year of Skills<\/a>.<\/p>\n<p>Najlepsze zdj\u0119cia zostan\u0105 umieszczone w kalendarzu Interreg 2024, kt\u00f3ry zostanie przygotowany w ramach Programu Wsp\u00f3\u0142pracy.<\/p>\n<\/div><div class='w3eden'>\n<!-- WPDM Link Template: Default Template -->\n\n<div class=\"link-template-default card mb-2\">\n    <div class=\"card-body\">\n        <div class=\"media\">\n            <div class=\"media-pic-icon\">\n                <a class='wpdm-download-link download-on-click btn btn-primary ' rel='nofollow' href='#' data-downloadurl=\"https:\/\/www.interreg6a.net\/pl\/download\/ic-day-2023-konkurs-fotograficzny-regulamin\/?wpdmdl=9512&refresh=69f2fcf7a2f5a1777532151\">Pobierz<\/a>\n            <\/div>\n            <div class=\"media-body\">\n                <h3 class=\"package-title\">IC-Day 2023 Konkurs fotograficzny - Regulamin<\/h3>\n                <div class=\"text-muted text-small\">\n                    <span class=\"wpdm_file_ext\">PDF<\/span> | <span class=\"wpdm_file_size\">451.23 KB<\/span> | <span class=\"wpdm_update_date\">8. maja 2023<\/span> <!-- 8. maja 2023 -->\n                <\/div>\n            <\/div>\n\n        <\/div>\n    <\/div>\n<\/div>\n\n<\/div><div class='w3eden'>\n<!-- WPDM Link Template: Default Template -->\n\n<div class=\"link-template-default card mb-2\">\n    <div class=\"card-body\">\n        <div class=\"media\">\n            <div class=\"media-pic-icon\">\n                <a class='wpdm-download-link download-on-click btn btn-primary ' rel='nofollow' href='#' data-downloadurl=\"https:\/\/www.interreg6a.net\/pl\/download\/ic-day-2023-konkurs-fotograficzny-formularz-zgloszeniowyz\/?wpdmdl=9513&refresh=69f2fcf7a889b1777532151\">Pobierz<\/a>\n            <\/div>\n            <div class=\"media-body\">\n                <h3 class=\"package-title\">IC-Day 2023 Konkurs fotograficzny - Formularz zg\u0142oszeniowy<\/h3>\n                <div class=\"text-muted text-small\">\n                    <span class=\"wpdm_file_ext\">DOCX<\/span> | <span class=\"wpdm_file_size\">164.44 KB<\/span> | <span class=\"wpdm_update_date\">8. maja 2023<\/span> <!-- 8. maja 2023 -->\n                <\/div>\n            <\/div>\n\n        <\/div>\n    <\/div>\n<\/div>\n\n<\/div><\/div><\/div><\/div><\/div>\n","protected":false},"excerpt":{"rendered":"","protected":false},"author":25,"featured_media":9493,"comment_status":"closed","ping_status":"closed","sticky":false,"template":"","format":"standard","meta":{"_price":"","_stock":"","_tribe_ticket_header":"","_tribe_default_ticket_provider":"","_tribe_ticket_capacity":"0","_ticket_start_date":"","_ticket_end_date":"","_tribe_ticket_show_description":"","_tribe_ticket_show_not_going":false,"_tribe_ticket_use_global_stock":"","_tribe_ticket_global_stock_level":"","_global_stock_mode":"","_global_stock_cap":"","_tribe_rsvp_for_event":"","_tribe_ticket_going_count":"","_tribe_ticket_not_going_count":"","_tribe_tickets_list":"[]","_tribe_ticket_has_attendee_info_fields":false,"footnotes":""},"categories":[20,70],"tags":[],"class_list":["post-9444","post","type-post","status-publish","format-standard","has-post-thumbnail","hentry","category-aktualnosci","category-ec-day_pl"],"yoast_head":"<!-- This site is optimized with the Yoast SEO plugin v27.3 - https:\/\/yoast.com\/product\/yoast-seo-wordpress\/ -->\n<title>Konkurs fotograficzny - Interreg Coopertion Day 2023 - Interreg VI A MV\/BB\/PL<\/title>\n<meta name=\"robots\" content=\"index, follow, max-snippet:-1, max-image-preview:large, max-video-preview:-1\" \/>\n<link rel=\"canonical\" href=\"https:\/\/www.interreg6a.net\/pl\/konkurs-fotograficzny\/\" \/>\n<meta property=\"og:locale\" content=\"pl_PL\" \/>\n<meta property=\"og:type\" content=\"article\" \/>\n<meta property=\"og:title\" content=\"Konkurs fotograficzny - Interreg Coopertion Day 2023 - Interreg VI A MV\/BB\/PL\" \/>\n<meta property=\"og:url\" content=\"https:\/\/www.interreg6a.net\/pl\/konkurs-fotograficzny\/\" \/>\n<meta property=\"og:site_name\" content=\"Interreg VI A MV\/BB\/PL\" \/>\n<meta property=\"article:published_time\" content=\"2023-05-08T10:21:04+00:00\" \/>\n<meta property=\"article:modified_time\" content=\"2023-05-08T13:26:47+00:00\" \/>\n<meta property=\"og:image\" content=\"https:\/\/www.interreg6a.net\/wp-content\/uploads\/2023\/05\/Fotowettbewerb-1.jpg\" \/>\n\t<meta property=\"og:image:width\" content=\"941\" \/>\n\t<meta property=\"og:image:height\" content=\"697\" \/>\n\t<meta property=\"og:image:type\" content=\"image\/jpeg\" \/>\n<meta name=\"author\" content=\"semeniuk\" \/>\n<meta name=\"twitter:card\" content=\"summary_large_image\" \/>\n<meta name=\"twitter:label1\" content=\"Napisane przez\" \/>\n\t<meta name=\"twitter:data1\" content=\"semeniuk\" \/>\n\t<meta name=\"twitter:label2\" content=\"Szacowany czas czytania\" \/>\n\t<meta name=\"twitter:data2\" content=\"2 minuty\" \/>\n<script type=\"application\/ld+json\" class=\"yoast-schema-graph\">{\"@context\":\"https:\\\/\\\/schema.org\",\"@graph\":[{\"@type\":\"Article\",\"@id\":\"https:\\\/\\\/www.interreg6a.net\\\/pl\\\/konkurs-fotograficzny\\\/#article\",\"isPartOf\":{\"@id\":\"https:\\\/\\\/www.interreg6a.net\\\/pl\\\/konkurs-fotograficzny\\\/\"},\"author\":{\"name\":\"semeniuk\",\"@id\":\"https:\\\/\\\/www.interreg6a.net\\\/pl\\\/#\\\/schema\\\/person\\\/4c87761287b75456c2ed5cfbf95e4e8b\"},\"headline\":\"Konkurs fotograficzny &#8211; Interreg Coopertion Day 2023\",\"datePublished\":\"2023-05-08T10:21:04+00:00\",\"dateModified\":\"2023-05-08T13:26:47+00:00\",\"mainEntityOfPage\":{\"@id\":\"https:\\\/\\\/www.interreg6a.net\\\/pl\\\/konkurs-fotograficzny\\\/\"},\"wordCount\":1335,\"image\":{\"@id\":\"https:\\\/\\\/www.interreg6a.net\\\/pl\\\/konkurs-fotograficzny\\\/#primaryimage\"},\"thumbnailUrl\":\"https:\\\/\\\/www.interreg6a.net\\\/wp-content\\\/uploads\\\/2023\\\/05\\\/Fotowettbewerb-1.jpg\",\"articleSection\":[\"Aktualno\u015bci\",\"EC Day_pl\"],\"inLanguage\":\"pl-PL\"},{\"@type\":\"WebPage\",\"@id\":\"https:\\\/\\\/www.interreg6a.net\\\/pl\\\/konkurs-fotograficzny\\\/\",\"url\":\"https:\\\/\\\/www.interreg6a.net\\\/pl\\\/konkurs-fotograficzny\\\/\",\"name\":\"Konkurs fotograficzny - Interreg Coopertion Day 2023 - Interreg VI A MV\\\/BB\\\/PL\",\"isPartOf\":{\"@id\":\"https:\\\/\\\/www.interreg6a.net\\\/pl\\\/#website\"},\"primaryImageOfPage\":{\"@id\":\"https:\\\/\\\/www.interreg6a.net\\\/pl\\\/konkurs-fotograficzny\\\/#primaryimage\"},\"image\":{\"@id\":\"https:\\\/\\\/www.interreg6a.net\\\/pl\\\/konkurs-fotograficzny\\\/#primaryimage\"},\"thumbnailUrl\":\"https:\\\/\\\/www.interreg6a.net\\\/wp-content\\\/uploads\\\/2023\\\/05\\\/Fotowettbewerb-1.jpg\",\"datePublished\":\"2023-05-08T10:21:04+00:00\",\"dateModified\":\"2023-05-08T13:26:47+00:00\",\"author\":{\"@id\":\"https:\\\/\\\/www.interreg6a.net\\\/pl\\\/#\\\/schema\\\/person\\\/4c87761287b75456c2ed5cfbf95e4e8b\"},\"breadcrumb\":{\"@id\":\"https:\\\/\\\/www.interreg6a.net\\\/pl\\\/konkurs-fotograficzny\\\/#breadcrumb\"},\"inLanguage\":\"pl-PL\",\"potentialAction\":[{\"@type\":\"ReadAction\",\"target\":[\"https:\\\/\\\/www.interreg6a.net\\\/pl\\\/konkurs-fotograficzny\\\/\"]}]},{\"@type\":\"ImageObject\",\"inLanguage\":\"pl-PL\",\"@id\":\"https:\\\/\\\/www.interreg6a.net\\\/pl\\\/konkurs-fotograficzny\\\/#primaryimage\",\"url\":\"https:\\\/\\\/www.interreg6a.net\\\/wp-content\\\/uploads\\\/2023\\\/05\\\/Fotowettbewerb-1.jpg\",\"contentUrl\":\"https:\\\/\\\/www.interreg6a.net\\\/wp-content\\\/uploads\\\/2023\\\/05\\\/Fotowettbewerb-1.jpg\",\"width\":941,\"height\":697},{\"@type\":\"BreadcrumbList\",\"@id\":\"https:\\\/\\\/www.interreg6a.net\\\/pl\\\/konkurs-fotograficzny\\\/#breadcrumb\",\"itemListElement\":[{\"@type\":\"ListItem\",\"position\":1,\"name\":\"Strona g\u0142\u00f3wna\",\"item\":\"https:\\\/\\\/www.interreg6a.net\\\/pl\\\/\"},{\"@type\":\"ListItem\",\"position\":2,\"name\":\"Konkurs fotograficzny &#8211; Interreg Coopertion Day 2023\"}]},{\"@type\":\"WebSite\",\"@id\":\"https:\\\/\\\/www.interreg6a.net\\\/pl\\\/#website\",\"url\":\"https:\\\/\\\/www.interreg6a.net\\\/pl\\\/\",\"name\":\"Interreg VI A MV\\\/BB\\\/PL\",\"description\":\"\",\"potentialAction\":[{\"@type\":\"SearchAction\",\"target\":{\"@type\":\"EntryPoint\",\"urlTemplate\":\"https:\\\/\\\/www.interreg6a.net\\\/pl\\\/?s={search_term_string}\"},\"query-input\":{\"@type\":\"PropertyValueSpecification\",\"valueRequired\":true,\"valueName\":\"search_term_string\"}}],\"inLanguage\":\"pl-PL\"},{\"@type\":\"Person\",\"@id\":\"https:\\\/\\\/www.interreg6a.net\\\/pl\\\/#\\\/schema\\\/person\\\/4c87761287b75456c2ed5cfbf95e4e8b\",\"name\":\"semeniuk\",\"image\":{\"@type\":\"ImageObject\",\"inLanguage\":\"pl-PL\",\"@id\":\"https:\\\/\\\/secure.gravatar.com\\\/avatar\\\/2aab4d2ca365cd79a4eb712e81052078a3fa7ddccf6c3d13d25230ebeeea8344?s=96&d=mm&r=g\",\"url\":\"https:\\\/\\\/secure.gravatar.com\\\/avatar\\\/2aab4d2ca365cd79a4eb712e81052078a3fa7ddccf6c3d13d25230ebeeea8344?s=96&d=mm&r=g\",\"contentUrl\":\"https:\\\/\\\/secure.gravatar.com\\\/avatar\\\/2aab4d2ca365cd79a4eb712e81052078a3fa7ddccf6c3d13d25230ebeeea8344?s=96&d=mm&r=g\",\"caption\":\"semeniuk\"},\"url\":\"https:\\\/\\\/www.interreg6a.net\\\/pl\\\/author\\\/semeniuk\\\/\"}]}<\/script>\n<!-- \/ Yoast SEO plugin. -->","yoast_head_json":{"title":"Konkurs fotograficzny - Interreg Coopertion Day 2023 - Interreg VI A MV\/BB\/PL","robots":{"index":"index","follow":"follow","max-snippet":"max-snippet:-1","max-image-preview":"max-image-preview:large","max-video-preview":"max-video-preview:-1"},"canonical":"https:\/\/www.interreg6a.net\/pl\/konkurs-fotograficzny\/","og_locale":"pl_PL","og_type":"article","og_title":"Konkurs fotograficzny - Interreg Coopertion Day 2023 - Interreg VI A MV\/BB\/PL","og_url":"https:\/\/www.interreg6a.net\/pl\/konkurs-fotograficzny\/","og_site_name":"Interreg VI A MV\/BB\/PL","article_published_time":"2023-05-08T10:21:04+00:00","article_modified_time":"2023-05-08T13:26:47+00:00","og_image":[{"width":941,"height":697,"url":"https:\/\/www.interreg6a.net\/wp-content\/uploads\/2023\/05\/Fotowettbewerb-1.jpg","type":"image\/jpeg"}],"author":"semeniuk","twitter_card":"summary_large_image","twitter_misc":{"Napisane przez":"semeniuk","Szacowany czas czytania":"2 minuty"},"schema":{"@context":"https:\/\/schema.org","@graph":[{"@type":"Article","@id":"https:\/\/www.interreg6a.net\/pl\/konkurs-fotograficzny\/#article","isPartOf":{"@id":"https:\/\/www.interreg6a.net\/pl\/konkurs-fotograficzny\/"},"author":{"name":"semeniuk","@id":"https:\/\/www.interreg6a.net\/pl\/#\/schema\/person\/4c87761287b75456c2ed5cfbf95e4e8b"},"headline":"Konkurs fotograficzny &#8211; Interreg Coopertion Day 2023","datePublished":"2023-05-08T10:21:04+00:00","dateModified":"2023-05-08T13:26:47+00:00","mainEntityOfPage":{"@id":"https:\/\/www.interreg6a.net\/pl\/konkurs-fotograficzny\/"},"wordCount":1335,"image":{"@id":"https:\/\/www.interreg6a.net\/pl\/konkurs-fotograficzny\/#primaryimage"},"thumbnailUrl":"https:\/\/www.interreg6a.net\/wp-content\/uploads\/2023\/05\/Fotowettbewerb-1.jpg","articleSection":["Aktualno\u015bci","EC Day_pl"],"inLanguage":"pl-PL"},{"@type":"WebPage","@id":"https:\/\/www.interreg6a.net\/pl\/konkurs-fotograficzny\/","url":"https:\/\/www.interreg6a.net\/pl\/konkurs-fotograficzny\/","name":"Konkurs fotograficzny - Interreg Coopertion Day 2023 - Interreg VI A MV\/BB\/PL","isPartOf":{"@id":"https:\/\/www.interreg6a.net\/pl\/#website"},"primaryImageOfPage":{"@id":"https:\/\/www.interreg6a.net\/pl\/konkurs-fotograficzny\/#primaryimage"},"image":{"@id":"https:\/\/www.interreg6a.net\/pl\/konkurs-fotograficzny\/#primaryimage"},"thumbnailUrl":"https:\/\/www.interreg6a.net\/wp-content\/uploads\/2023\/05\/Fotowettbewerb-1.jpg","datePublished":"2023-05-08T10:21:04+00:00","dateModified":"2023-05-08T13:26:47+00:00","author":{"@id":"https:\/\/www.interreg6a.net\/pl\/#\/schema\/person\/4c87761287b75456c2ed5cfbf95e4e8b"},"breadcrumb":{"@id":"https:\/\/www.interreg6a.net\/pl\/konkurs-fotograficzny\/#breadcrumb"},"inLanguage":"pl-PL","potentialAction":[{"@type":"ReadAction","target":["https:\/\/www.interreg6a.net\/pl\/konkurs-fotograficzny\/"]}]},{"@type":"ImageObject","inLanguage":"pl-PL","@id":"https:\/\/www.interreg6a.net\/pl\/konkurs-fotograficzny\/#primaryimage","url":"https:\/\/www.interreg6a.net\/wp-content\/uploads\/2023\/05\/Fotowettbewerb-1.jpg","contentUrl":"https:\/\/www.interreg6a.net\/wp-content\/uploads\/2023\/05\/Fotowettbewerb-1.jpg","width":941,"height":697},{"@type":"BreadcrumbList","@id":"https:\/\/www.interreg6a.net\/pl\/konkurs-fotograficzny\/#breadcrumb","itemListElement":[{"@type":"ListItem","position":1,"name":"Strona g\u0142\u00f3wna","item":"https:\/\/www.interreg6a.net\/pl\/"},{"@type":"ListItem","position":2,"name":"Konkurs fotograficzny &#8211; Interreg Coopertion Day 2023"}]},{"@type":"WebSite","@id":"https:\/\/www.interreg6a.net\/pl\/#website","url":"https:\/\/www.interreg6a.net\/pl\/","name":"Interreg VI A MV\/BB\/PL","description":"","potentialAction":[{"@type":"SearchAction","target":{"@type":"EntryPoint","urlTemplate":"https:\/\/www.interreg6a.net\/pl\/?s={search_term_string}"},"query-input":{"@type":"PropertyValueSpecification","valueRequired":true,"valueName":"search_term_string"}}],"inLanguage":"pl-PL"},{"@type":"Person","@id":"https:\/\/www.interreg6a.net\/pl\/#\/schema\/person\/4c87761287b75456c2ed5cfbf95e4e8b","name":"semeniuk","image":{"@type":"ImageObject","inLanguage":"pl-PL","@id":"https:\/\/secure.gravatar.com\/avatar\/2aab4d2ca365cd79a4eb712e81052078a3fa7ddccf6c3d13d25230ebeeea8344?s=96&d=mm&r=g","url":"https:\/\/secure.gravatar.com\/avatar\/2aab4d2ca365cd79a4eb712e81052078a3fa7ddccf6c3d13d25230ebeeea8344?s=96&d=mm&r=g","contentUrl":"https:\/\/secure.gravatar.com\/avatar\/2aab4d2ca365cd79a4eb712e81052078a3fa7ddccf6c3d13d25230ebeeea8344?s=96&d=mm&r=g","caption":"semeniuk"},"url":"https:\/\/www.interreg6a.net\/pl\/author\/semeniuk\/"}]}},"_links":{"self":[{"href":"https:\/\/www.interreg6a.net\/pl\/wp-json\/wp\/v2\/posts\/9444","targetHints":{"allow":["GET"]}}],"collection":[{"href":"https:\/\/www.interreg6a.net\/pl\/wp-json\/wp\/v2\/posts"}],"about":[{"href":"https:\/\/www.interreg6a.net\/pl\/wp-json\/wp\/v2\/types\/post"}],"author":[{"embeddable":true,"href":"https:\/\/www.interreg6a.net\/pl\/wp-json\/wp\/v2\/users\/25"}],"replies":[{"embeddable":true,"href":"https:\/\/www.interreg6a.net\/pl\/wp-json\/wp\/v2\/comments?post=9444"}],"version-history":[{"count":17,"href":"https:\/\/www.interreg6a.net\/pl\/wp-json\/wp\/v2\/posts\/9444\/revisions"}],"predecessor-version":[{"id":13700,"href":"https:\/\/www.interreg6a.net\/pl\/wp-json\/wp\/v2\/posts\/9444\/revisions\/13700"}],"wp:featuredmedia":[{"embeddable":true,"href":"https:\/\/www.interreg6a.net\/pl\/wp-json\/wp\/v2\/media\/9493"}],"wp:attachment":[{"href":"https:\/\/www.interreg6a.net\/pl\/wp-json\/wp\/v2\/media?parent=9444"}],"wp:term":[{"taxonomy":"category","embeddable":true,"href":"https:\/\/www.interreg6a.net\/pl\/wp-json\/wp\/v2\/categories?post=9444"},{"taxonomy":"post_tag","embeddable":true,"href":"https:\/\/www.interreg6a.net\/pl\/wp-json\/wp\/v2\/tags?post=9444"}],"curies":[{"name":"wp","href":"https:\/\/api.w.org\/{rel}","templated":true}]}}