{"id":9672,"date":"2023-06-01T15:42:51","date_gmt":"2023-06-01T13:42:51","guid":{"rendered":"https:\/\/www.interreg6a.net\/?p=9672"},"modified":"2023-06-07T14:40:15","modified_gmt":"2023-06-07T12:40:15","slug":"komunikat-dla-polskich-beneficjentow","status":"publish","type":"post","link":"https:\/\/www.interreg6a.net\/pl\/komunikat-dla-polskich-beneficjentow\/","title":{"rendered":"KOMUNIKAT DLA POLSKICH BENEFICJENT\u00d3W"},"content":{"rendered":"<div class=\"fusion-fullwidth fullwidth-box fusion-builder-row-1 fusion-flex-container has-pattern-background has-mask-background nonhundred-percent-fullwidth non-hundred-percent-height-scrolling\" style=\"--awb-border-radius-top-left:0px;--awb-border-radius-top-right:0px;--awb-border-radius-bottom-right:0px;--awb-border-radius-bottom-left:0px;--awb-flex-wrap:wrap;\" ><div class=\"fusion-builder-row fusion-row fusion-flex-align-items-flex-start fusion-flex-content-wrap\" style=\"max-width:1586px;margin-left: calc(-4% \/ 2 );margin-right: calc(-4% \/ 2 );\"><div class=\"fusion-layout-column fusion_builder_column fusion-builder-column-0 fusion_builder_column_1_1 1_1 fusion-flex-column\" style=\"--awb-bg-size:cover;--awb-width-large:100%;--awb-margin-top-large:0px;--awb-spacing-right-large:1.92%;--awb-margin-bottom-large:20px;--awb-spacing-left-large:1.92%;--awb-width-medium:100%;--awb-order-medium:0;--awb-spacing-right-medium:1.92%;--awb-spacing-left-medium:1.92%;--awb-width-small:100%;--awb-order-small:0;--awb-spacing-right-small:1.92%;--awb-spacing-left-small:1.92%;\"><div class=\"fusion-column-wrapper fusion-column-has-shadow fusion-flex-justify-content-flex-start fusion-content-layout-column\"><div class=\"fusion-title title fusion-title-1 fusion-sep-none fusion-title-text fusion-title-size-one\" style=\"--awb-margin-top-small:10px;--awb-margin-right-small:0px;--awb-margin-bottom-small:10px;--awb-margin-left-small:0px;\"><h1 class=\"fusion-title-heading title-heading-left\" style=\"margin:0;\"><p style=\"text-align: center;\"><strong>KOMUNIKAT DLA POLSKICH BENEFICJENT\u00d3W<\/strong><\/p>\n<p style=\"text-align: center;\"><strong>dotycz\u0105cy komunikacji przez Baz\u0119 Konkurencyjno\u015bci<\/strong><\/p><\/h1><\/div><div class=\"fusion-text fusion-text-1\"><p><strong>Komunikacja (sk\u0142adanie ofert, zadawanie pyta\u0144 i udzielanie odpowiedzi) przez Baz\u0119 Konkurencyjno\u015bci (BK2021) w perspektywie finansowej 2021-2027<\/strong><\/p>\n<p>Beneficjencie pami\u0119taj, \u017ce <strong>komunikacja dotycz\u0105ca zam\u00f3wie\u0144 w ramach zasady konkurencyjno\u015bci<\/strong>, w tym:<\/p>\n<ul>\n<li>og\u0142oszenie zapytania ofertowego,<\/li>\n<li>sk\u0142adanie ofert,<\/li>\n<li>wymiana informacji mi\u0119dzy zamawiaj\u0105cym a wykonawc\u0105 (pytania i odpowiedzi),<\/li>\n<li>przekazywanie dokument\u00f3w i o\u015bwiadcze\u0144<\/li>\n<\/ul>\n<p><strong>odbywa si\u0119 pisemnie <u>za pomoc\u0105 BK2021<\/u><\/strong>. Dopuszczalne odst\u0119pstwa od komunikacji<br \/>\nw BK2021 okre\u015blaj\u0105 \u201eSzczeg\u00f3\u0142owe zasady udzielania zam\u00f3wie\u0144 w ramach zasady konkurencyjno\u015bci dla polskich beneficjent\u00f3w\u201d.<\/p>\n<p><strong>Korzystaj z modu\u0142u (zak\u0142adki):<\/strong><\/p>\n<ul>\n<li>Oferty \u2013 przy sk\u0142adaniu ofert,<\/li>\n<li>Pytania \u2013 przy zadawaniu pyta\u0144 oraz udzielaniu odpowiedzi wykonawcy.<\/li>\n<\/ul>\n<p>W razie pyta\u0144 b\u0105d\u017a w\u0105tpliwo\u015bci dotycz\u0105cych technicznych aspekt\u00f3w funkcjonowania BK2021 skorzystaj ze strony: <a href=\"https:\/\/bazakonkurencyjnosci.funduszeeuropejskie.gov.pl\/pomoc\">https:\/\/bazakonkurencyjnosci.funduszeeuropejskie.gov.pl\/pomoc<\/a>.<\/p>\n<\/div><div class='w3eden'>\n<!-- WPDM Link Template: Default Template -->\n\n<div class=\"link-template-default card mb-2\">\n    <div class=\"card-body\">\n        <div class=\"media\">\n            <div class=\"media-pic-icon\">\n                <a class='wpdm-download-link download-on-click btn btn-primary ' rel='nofollow' href='#' data-downloadurl=\"https:\/\/www.interreg6a.net\/pl\/download\/komunikat-dla-polskich-beneficjentow-dotyczacy-komunikacji-przez-baze-konkurencyjnosci\/?wpdmdl=9685&refresh=69f44f663cc8b1777618790\">Pobierz<\/a>\n            <\/div>\n            <div class=\"media-body\">\n                <h3 class=\"package-title\">KOMUNIKAT DLA POLSKICH BENEFICJENT\u00d3W dotycz\u0105cy komunikacji przez Baz\u0119 Konkurencyjno\u015bci<\/h3>\n                <div class=\"text-muted text-small\">\n                    <span class=\"wpdm_file_ext\">pdf<\/span> | <span class=\"wpdm_file_size\">435.16 KB<\/span> | <span class=\"wpdm_update_date\">1. czerwca 2023<\/span> <!-- 1. czerwca 2023 -->\n                <\/div>\n            <\/div>\n\n        <\/div>\n    <\/div>\n<\/div>\n\n<\/div><\/div><\/div><\/div><\/div>\n","protected":false},"excerpt":{"rendered":"","protected":false},"author":24,"featured_media":9913,"comment_status":"closed","ping_status":"closed","sticky":false,"template":"","format":"standard","meta":{"_price":"","_stock":"","_tribe_ticket_header":"","_tribe_default_ticket_provider":"","_tribe_ticket_capacity":"0","_ticket_start_date":"","_ticket_end_date":"","_tribe_ticket_show_description":"","_tribe_ticket_show_not_going":false,"_tribe_ticket_use_global_stock":"","_tribe_ticket_global_stock_level":"","_global_stock_mode":"","_global_stock_cap":"","_tribe_rsvp_for_event":"","_tribe_ticket_going_count":"","_tribe_ticket_not_going_count":"","_tribe_tickets_list":"[]","_tribe_ticket_has_attendee_info_fields":false,"footnotes":""},"categories":[20],"tags":[],"class_list":["post-9672","post","type-post","status-publish","format-standard","has-post-thumbnail","hentry","category-aktualnosci"],"yoast_head":"<!-- This site is optimized with the Yoast SEO plugin v27.3 - https:\/\/yoast.com\/product\/yoast-seo-wordpress\/ -->\n<title>KOMUNIKAT DLA POLSKICH BENEFICJENT\u00d3W - Interreg VI A MV\/BB\/PL<\/title>\n<meta name=\"robots\" content=\"index, follow, max-snippet:-1, max-image-preview:large, max-video-preview:-1\" \/>\n<link rel=\"canonical\" href=\"https:\/\/www.interreg6a.net\/pl\/komunikat-dla-polskich-beneficjentow\/\" \/>\n<meta property=\"og:locale\" content=\"pl_PL\" \/>\n<meta property=\"og:type\" content=\"article\" \/>\n<meta property=\"og:title\" content=\"KOMUNIKAT DLA POLSKICH BENEFICJENT\u00d3W - Interreg VI A MV\/BB\/PL\" \/>\n<meta property=\"og:url\" content=\"https:\/\/www.interreg6a.net\/pl\/komunikat-dla-polskich-beneficjentow\/\" \/>\n<meta property=\"og:site_name\" content=\"Interreg VI A MV\/BB\/PL\" \/>\n<meta property=\"article:published_time\" content=\"2023-06-01T13:42:51+00:00\" \/>\n<meta property=\"article:modified_time\" content=\"2023-06-07T12:40:15+00:00\" \/>\n<meta property=\"og:image\" content=\"https:\/\/www.interreg6a.net\/wp-content\/uploads\/2023\/06\/Vorlage-interreg-Breitbild_-_Vorlage-1.png\" \/>\n\t<meta property=\"og:image:width\" content=\"1280\" \/>\n\t<meta property=\"og:image:height\" content=\"720\" \/>\n\t<meta property=\"og:image:type\" content=\"image\/png\" \/>\n<meta name=\"author\" content=\"hanf\" \/>\n<meta name=\"twitter:card\" content=\"summary_large_image\" \/>\n<meta name=\"twitter:label1\" content=\"Napisane przez\" \/>\n\t<meta name=\"twitter:data1\" content=\"hanf\" \/>\n\t<meta name=\"twitter:label2\" content=\"Szacowany czas czytania\" \/>\n\t<meta name=\"twitter:data2\" content=\"3 minuty\" \/>\n<script type=\"application\/ld+json\" class=\"yoast-schema-graph\">{\"@context\":\"https:\\\/\\\/schema.org\",\"@graph\":[{\"@type\":\"Article\",\"@id\":\"https:\\\/\\\/www.interreg6a.net\\\/pl\\\/komunikat-dla-polskich-beneficjentow\\\/#article\",\"isPartOf\":{\"@id\":\"https:\\\/\\\/www.interreg6a.net\\\/pl\\\/komunikat-dla-polskich-beneficjentow\\\/\"},\"author\":{\"name\":\"hanf\",\"@id\":\"https:\\\/\\\/www.interreg6a.net\\\/pl\\\/#\\\/schema\\\/person\\\/bf54e97bef8fe206155b3b870f285092\"},\"headline\":\"KOMUNIKAT DLA POLSKICH BENEFICJENT\u00d3W\",\"datePublished\":\"2023-06-01T13:42:51+00:00\",\"dateModified\":\"2023-06-07T12:40:15+00:00\",\"mainEntityOfPage\":{\"@id\":\"https:\\\/\\\/www.interreg6a.net\\\/pl\\\/komunikat-dla-polskich-beneficjentow\\\/\"},\"wordCount\":1101,\"image\":{\"@id\":\"https:\\\/\\\/www.interreg6a.net\\\/pl\\\/komunikat-dla-polskich-beneficjentow\\\/#primaryimage\"},\"thumbnailUrl\":\"https:\\\/\\\/www.interreg6a.net\\\/wp-content\\\/uploads\\\/2023\\\/06\\\/Vorlage-interreg-Breitbild_-_Vorlage-1.png\",\"articleSection\":[\"Aktualno\u015bci\"],\"inLanguage\":\"pl-PL\"},{\"@type\":\"WebPage\",\"@id\":\"https:\\\/\\\/www.interreg6a.net\\\/pl\\\/komunikat-dla-polskich-beneficjentow\\\/\",\"url\":\"https:\\\/\\\/www.interreg6a.net\\\/pl\\\/komunikat-dla-polskich-beneficjentow\\\/\",\"name\":\"KOMUNIKAT DLA POLSKICH BENEFICJENT\u00d3W - Interreg VI A MV\\\/BB\\\/PL\",\"isPartOf\":{\"@id\":\"https:\\\/\\\/www.interreg6a.net\\\/pl\\\/#website\"},\"primaryImageOfPage\":{\"@id\":\"https:\\\/\\\/www.interreg6a.net\\\/pl\\\/komunikat-dla-polskich-beneficjentow\\\/#primaryimage\"},\"image\":{\"@id\":\"https:\\\/\\\/www.interreg6a.net\\\/pl\\\/komunikat-dla-polskich-beneficjentow\\\/#primaryimage\"},\"thumbnailUrl\":\"https:\\\/\\\/www.interreg6a.net\\\/wp-content\\\/uploads\\\/2023\\\/06\\\/Vorlage-interreg-Breitbild_-_Vorlage-1.png\",\"datePublished\":\"2023-06-01T13:42:51+00:00\",\"dateModified\":\"2023-06-07T12:40:15+00:00\",\"author\":{\"@id\":\"https:\\\/\\\/www.interreg6a.net\\\/pl\\\/#\\\/schema\\\/person\\\/bf54e97bef8fe206155b3b870f285092\"},\"breadcrumb\":{\"@id\":\"https:\\\/\\\/www.interreg6a.net\\\/pl\\\/komunikat-dla-polskich-beneficjentow\\\/#breadcrumb\"},\"inLanguage\":\"pl-PL\",\"potentialAction\":[{\"@type\":\"ReadAction\",\"target\":[\"https:\\\/\\\/www.interreg6a.net\\\/pl\\\/komunikat-dla-polskich-beneficjentow\\\/\"]}]},{\"@type\":\"ImageObject\",\"inLanguage\":\"pl-PL\",\"@id\":\"https:\\\/\\\/www.interreg6a.net\\\/pl\\\/komunikat-dla-polskich-beneficjentow\\\/#primaryimage\",\"url\":\"https:\\\/\\\/www.interreg6a.net\\\/wp-content\\\/uploads\\\/2023\\\/06\\\/Vorlage-interreg-Breitbild_-_Vorlage-1.png\",\"contentUrl\":\"https:\\\/\\\/www.interreg6a.net\\\/wp-content\\\/uploads\\\/2023\\\/06\\\/Vorlage-interreg-Breitbild_-_Vorlage-1.png\",\"width\":1280,\"height\":720},{\"@type\":\"BreadcrumbList\",\"@id\":\"https:\\\/\\\/www.interreg6a.net\\\/pl\\\/komunikat-dla-polskich-beneficjentow\\\/#breadcrumb\",\"itemListElement\":[{\"@type\":\"ListItem\",\"position\":1,\"name\":\"Strona g\u0142\u00f3wna\",\"item\":\"https:\\\/\\\/www.interreg6a.net\\\/pl\\\/\"},{\"@type\":\"ListItem\",\"position\":2,\"name\":\"KOMUNIKAT DLA POLSKICH BENEFICJENT\u00d3W\"}]},{\"@type\":\"WebSite\",\"@id\":\"https:\\\/\\\/www.interreg6a.net\\\/pl\\\/#website\",\"url\":\"https:\\\/\\\/www.interreg6a.net\\\/pl\\\/\",\"name\":\"Interreg VI A MV\\\/BB\\\/PL\",\"description\":\"\",\"potentialAction\":[{\"@type\":\"SearchAction\",\"target\":{\"@type\":\"EntryPoint\",\"urlTemplate\":\"https:\\\/\\\/www.interreg6a.net\\\/pl\\\/?s={search_term_string}\"},\"query-input\":{\"@type\":\"PropertyValueSpecification\",\"valueRequired\":true,\"valueName\":\"search_term_string\"}}],\"inLanguage\":\"pl-PL\"},{\"@type\":\"Person\",\"@id\":\"https:\\\/\\\/www.interreg6a.net\\\/pl\\\/#\\\/schema\\\/person\\\/bf54e97bef8fe206155b3b870f285092\",\"name\":\"hanf\",\"image\":{\"@type\":\"ImageObject\",\"inLanguage\":\"pl-PL\",\"@id\":\"https:\\\/\\\/secure.gravatar.com\\\/avatar\\\/8a25d3707e534eca298416780e87c8d6bd2fc4451515bdc7cc4242b4d274168c?s=96&d=mm&r=g\",\"url\":\"https:\\\/\\\/secure.gravatar.com\\\/avatar\\\/8a25d3707e534eca298416780e87c8d6bd2fc4451515bdc7cc4242b4d274168c?s=96&d=mm&r=g\",\"contentUrl\":\"https:\\\/\\\/secure.gravatar.com\\\/avatar\\\/8a25d3707e534eca298416780e87c8d6bd2fc4451515bdc7cc4242b4d274168c?s=96&d=mm&r=g\",\"caption\":\"hanf\"},\"url\":\"https:\\\/\\\/www.interreg6a.net\\\/pl\\\/author\\\/hanf\\\/\"}]}<\/script>\n<!-- \/ Yoast SEO plugin. -->","yoast_head_json":{"title":"KOMUNIKAT DLA POLSKICH BENEFICJENT\u00d3W - Interreg VI A MV\/BB\/PL","robots":{"index":"index","follow":"follow","max-snippet":"max-snippet:-1","max-image-preview":"max-image-preview:large","max-video-preview":"max-video-preview:-1"},"canonical":"https:\/\/www.interreg6a.net\/pl\/komunikat-dla-polskich-beneficjentow\/","og_locale":"pl_PL","og_type":"article","og_title":"KOMUNIKAT DLA POLSKICH BENEFICJENT\u00d3W - Interreg VI A MV\/BB\/PL","og_url":"https:\/\/www.interreg6a.net\/pl\/komunikat-dla-polskich-beneficjentow\/","og_site_name":"Interreg VI A MV\/BB\/PL","article_published_time":"2023-06-01T13:42:51+00:00","article_modified_time":"2023-06-07T12:40:15+00:00","og_image":[{"width":1280,"height":720,"url":"https:\/\/www.interreg6a.net\/wp-content\/uploads\/2023\/06\/Vorlage-interreg-Breitbild_-_Vorlage-1.png","type":"image\/png"}],"author":"hanf","twitter_card":"summary_large_image","twitter_misc":{"Napisane przez":"hanf","Szacowany czas czytania":"3 minuty"},"schema":{"@context":"https:\/\/schema.org","@graph":[{"@type":"Article","@id":"https:\/\/www.interreg6a.net\/pl\/komunikat-dla-polskich-beneficjentow\/#article","isPartOf":{"@id":"https:\/\/www.interreg6a.net\/pl\/komunikat-dla-polskich-beneficjentow\/"},"author":{"name":"hanf","@id":"https:\/\/www.interreg6a.net\/pl\/#\/schema\/person\/bf54e97bef8fe206155b3b870f285092"},"headline":"KOMUNIKAT DLA POLSKICH BENEFICJENT\u00d3W","datePublished":"2023-06-01T13:42:51+00:00","dateModified":"2023-06-07T12:40:15+00:00","mainEntityOfPage":{"@id":"https:\/\/www.interreg6a.net\/pl\/komunikat-dla-polskich-beneficjentow\/"},"wordCount":1101,"image":{"@id":"https:\/\/www.interreg6a.net\/pl\/komunikat-dla-polskich-beneficjentow\/#primaryimage"},"thumbnailUrl":"https:\/\/www.interreg6a.net\/wp-content\/uploads\/2023\/06\/Vorlage-interreg-Breitbild_-_Vorlage-1.png","articleSection":["Aktualno\u015bci"],"inLanguage":"pl-PL"},{"@type":"WebPage","@id":"https:\/\/www.interreg6a.net\/pl\/komunikat-dla-polskich-beneficjentow\/","url":"https:\/\/www.interreg6a.net\/pl\/komunikat-dla-polskich-beneficjentow\/","name":"KOMUNIKAT DLA POLSKICH BENEFICJENT\u00d3W - Interreg VI A MV\/BB\/PL","isPartOf":{"@id":"https:\/\/www.interreg6a.net\/pl\/#website"},"primaryImageOfPage":{"@id":"https:\/\/www.interreg6a.net\/pl\/komunikat-dla-polskich-beneficjentow\/#primaryimage"},"image":{"@id":"https:\/\/www.interreg6a.net\/pl\/komunikat-dla-polskich-beneficjentow\/#primaryimage"},"thumbnailUrl":"https:\/\/www.interreg6a.net\/wp-content\/uploads\/2023\/06\/Vorlage-interreg-Breitbild_-_Vorlage-1.png","datePublished":"2023-06-01T13:42:51+00:00","dateModified":"2023-06-07T12:40:15+00:00","author":{"@id":"https:\/\/www.interreg6a.net\/pl\/#\/schema\/person\/bf54e97bef8fe206155b3b870f285092"},"breadcrumb":{"@id":"https:\/\/www.interreg6a.net\/pl\/komunikat-dla-polskich-beneficjentow\/#breadcrumb"},"inLanguage":"pl-PL","potentialAction":[{"@type":"ReadAction","target":["https:\/\/www.interreg6a.net\/pl\/komunikat-dla-polskich-beneficjentow\/"]}]},{"@type":"ImageObject","inLanguage":"pl-PL","@id":"https:\/\/www.interreg6a.net\/pl\/komunikat-dla-polskich-beneficjentow\/#primaryimage","url":"https:\/\/www.interreg6a.net\/wp-content\/uploads\/2023\/06\/Vorlage-interreg-Breitbild_-_Vorlage-1.png","contentUrl":"https:\/\/www.interreg6a.net\/wp-content\/uploads\/2023\/06\/Vorlage-interreg-Breitbild_-_Vorlage-1.png","width":1280,"height":720},{"@type":"BreadcrumbList","@id":"https:\/\/www.interreg6a.net\/pl\/komunikat-dla-polskich-beneficjentow\/#breadcrumb","itemListElement":[{"@type":"ListItem","position":1,"name":"Strona g\u0142\u00f3wna","item":"https:\/\/www.interreg6a.net\/pl\/"},{"@type":"ListItem","position":2,"name":"KOMUNIKAT DLA POLSKICH BENEFICJENT\u00d3W"}]},{"@type":"WebSite","@id":"https:\/\/www.interreg6a.net\/pl\/#website","url":"https:\/\/www.interreg6a.net\/pl\/","name":"Interreg VI A MV\/BB\/PL","description":"","potentialAction":[{"@type":"SearchAction","target":{"@type":"EntryPoint","urlTemplate":"https:\/\/www.interreg6a.net\/pl\/?s={search_term_string}"},"query-input":{"@type":"PropertyValueSpecification","valueRequired":true,"valueName":"search_term_string"}}],"inLanguage":"pl-PL"},{"@type":"Person","@id":"https:\/\/www.interreg6a.net\/pl\/#\/schema\/person\/bf54e97bef8fe206155b3b870f285092","name":"hanf","image":{"@type":"ImageObject","inLanguage":"pl-PL","@id":"https:\/\/secure.gravatar.com\/avatar\/8a25d3707e534eca298416780e87c8d6bd2fc4451515bdc7cc4242b4d274168c?s=96&d=mm&r=g","url":"https:\/\/secure.gravatar.com\/avatar\/8a25d3707e534eca298416780e87c8d6bd2fc4451515bdc7cc4242b4d274168c?s=96&d=mm&r=g","contentUrl":"https:\/\/secure.gravatar.com\/avatar\/8a25d3707e534eca298416780e87c8d6bd2fc4451515bdc7cc4242b4d274168c?s=96&d=mm&r=g","caption":"hanf"},"url":"https:\/\/www.interreg6a.net\/pl\/author\/hanf\/"}]}},"_links":{"self":[{"href":"https:\/\/www.interreg6a.net\/pl\/wp-json\/wp\/v2\/posts\/9672","targetHints":{"allow":["GET"]}}],"collection":[{"href":"https:\/\/www.interreg6a.net\/pl\/wp-json\/wp\/v2\/posts"}],"about":[{"href":"https:\/\/www.interreg6a.net\/pl\/wp-json\/wp\/v2\/types\/post"}],"author":[{"embeddable":true,"href":"https:\/\/www.interreg6a.net\/pl\/wp-json\/wp\/v2\/users\/24"}],"replies":[{"embeddable":true,"href":"https:\/\/www.interreg6a.net\/pl\/wp-json\/wp\/v2\/comments?post=9672"}],"version-history":[{"count":11,"href":"https:\/\/www.interreg6a.net\/pl\/wp-json\/wp\/v2\/posts\/9672\/revisions"}],"predecessor-version":[{"id":9915,"href":"https:\/\/www.interreg6a.net\/pl\/wp-json\/wp\/v2\/posts\/9672\/revisions\/9915"}],"wp:featuredmedia":[{"embeddable":true,"href":"https:\/\/www.interreg6a.net\/pl\/wp-json\/wp\/v2\/media\/9913"}],"wp:attachment":[{"href":"https:\/\/www.interreg6a.net\/pl\/wp-json\/wp\/v2\/media?parent=9672"}],"wp:term":[{"taxonomy":"category","embeddable":true,"href":"https:\/\/www.interreg6a.net\/pl\/wp-json\/wp\/v2\/categories?post=9672"},{"taxonomy":"post_tag","embeddable":true,"href":"https:\/\/www.interreg6a.net\/pl\/wp-json\/wp\/v2\/tags?post=9672"}],"curies":[{"name":"wp","href":"https:\/\/api.w.org\/{rel}","templated":true}]}}